{"id":86369,"date":"2020-11-05T09:56:30","date_gmt":"2020-11-05T12:56:30","guid":{"rendered":"https:\/\/www.jornalja.com.br\/geral\/?p=86369"},"modified":"2020-11-05T09:56:30","modified_gmt":"2020-11-05T12:56:30","slug":"funcionalismo-quer-ter-opcao-de-trabalho-remoto-mesmo-depois-da-pandemia","status":"publish","type":"post","link":"https:\/\/www.jornalja.com.br\/geral\/funcionalismo-quer-ter-opcao-de-trabalho-remoto-mesmo-depois-da-pandemia\/","title":{"rendered":"Funcionalismo quer ter op\u00e7\u00e3o de trabalho remoto mesmo depois da pandemia"},"content":{"rendered":"<p>Mesmo depois da pandemia, os funcion\u00e1rios p\u00fablicos no Brasil querem ter a op\u00e7\u00e3o de trabalho remoto em tempo integral.<\/p>\n<p>Esta \u00e9 a principal conclus\u00e3o da pesquisa \u201cRetorno seguro ao trabalho presencial\u201d, feita pela Escola Nacional de Administra\u00e7\u00e3o P\u00fablica (Enap), com apoio do Banco Mundial e Minist\u00e9rio da Economia.<\/p>\n<p>Quase metade (45%) dos servidores p\u00fablicos federais gostaria de ter essa op\u00e7\u00e3o, segundo a pesquisa.<\/p>\n<p>Foram consultados 42.793 servidores de 19 \u00f3rg\u00e3os p\u00fablicos da Uni\u00e3o, estados e munic\u00edpios, entre agosto e setembro de 2020.<\/p>\n<p>A maioria das respostas foi dada por servidores federais (99%).<\/p>\n<p>O levantamento tamb\u00e9m mostrou que apenas 12% dos servidores se sentiriam confort\u00e1veis em retornar ao trabalho em regime de tempo integral, embora 35% estejam dispostos a voltar em escala rotativa ou alternativa.<\/p>\n<p>Um n\u00famero significativo de 38% dos servidores seriam totalmente contra o retorno ao trabalho presencial, segundo a pesquisa.<\/p>\n<p>Para cerca de 34% dos servidores, suas organiza\u00e7\u00f5es t\u00eam um plano claro; 32,6% dizem que suas organiza\u00e7\u00f5es n\u00e3o t\u00eam planos e outros 33,5% dizem que n\u00e3o sabem.<\/p>\n<p><strong>Turnos alternados<\/strong><\/p>\n<p>Quando o trabalho presencial for retomado, a maioria dos servidores (57%) gostaria de voltar \u00e0s atividades em turnos ou dias alternados.<\/p>\n<p>Apenas 4,8% espera que todos os profissionais voltem ao mesmo tempo. Em rela\u00e7\u00e3o \u00e0 sa\u00fade e seguran\u00e7a no local de trabalho, o protocolo que os servidores esperam que seja adotado deve contemplar, prioritariamente: desinfec\u00e7\u00e3o di\u00e1ria das \u00e1reas de trabalho e \u00e1reas comuns; distanciamento social; hor\u00e1rio flex\u00edvel; e verifica\u00e7\u00e3o de temperatura.<\/p>\n<p>Na opini\u00e3o da maior parte dos funcion\u00e1rios p\u00fablicos (66%), o retorno deve acontecer, no m\u00ednimo, a partir de janeiro de 2021.<\/p>\n<p><strong>Transporte e filhos<\/strong><\/p>\n<p>Entre as preocupa\u00e7\u00f5es apontadas pelos servidores, a maior \u00e9 a de contrair a covid-19 no trabalho e infectar familiares (90%). Locais adequados para deixar as crian\u00e7as (43%) e poucas op\u00e7\u00f5es de transporte para o trabalho (61%) tamb\u00e9m est\u00e3o entre os receios destacados.<\/p>\n<p>A utiliza\u00e7\u00e3o de m\u00e1scaras \u00e9 um item que deve ser obrigat\u00f3rio, na opini\u00e3o de 42% dos entrevistados.<\/p>\n<p>Nesta semana, o Minist\u00e9rio da Economia publicou uma Instru\u00e7\u00e3o Normativa com orienta\u00e7\u00f5es sobre retorno gradual e seguro ao trabalho presencial.<\/p>\n<p>Entre outras medidas, a instru\u00e7\u00e3o normativa prev\u00ea que a presen\u00e7a de servidores e empregados p\u00fablicos em cada ambiente de trabalho, neste primeiro momento, n\u00e3o dever\u00e1 ultrapassar 50% do limite de sua capacidade f\u00edsica.<\/p>\n<p>Al\u00e9m disso, deve ser mantido o distanciamento m\u00ednimo de um metro.<\/p>\n<p><strong>Respostas<\/strong><\/p>\n<p>O \u00f3rg\u00e3o que registrou o maior percentual de respostas em rela\u00e7\u00e3o ao n\u00famero de servidores foi o Minist\u00e9rio da Educa\u00e7\u00e3o (34,9%), seguido pelo Minist\u00e9rio da Economia (19,9%).<\/p>\n<p>No quesito relacionado ao trabalho remoto em tempo integral, as institui\u00e7\u00f5es com maior percentual de servidores nessa modalidade entre os meses de abril e julho foram Controladoria-Geral da Uni\u00e3o, Minist\u00e9rio do Turismo, Advocacia-Geral da Uni\u00e3o e Minist\u00e9rio da Economia.<\/p>\n<p><strong>Edi\u00e7\u00e3o: Val\u00e9ria Aguiar, da Ag\u00eancia Brasil\u00a0<\/strong><\/p>\n","protected":false},"excerpt":{"rendered":"<p>Mesmo depois da pandemia, os funcion\u00e1rios p\u00fablicos no Brasil querem ter a op\u00e7\u00e3o de trabalho remoto em tempo integral. Esta \u00e9 a principal conclus\u00e3o da pesquisa \u201cRetorno seguro ao trabalho presencial\u201d, feita pela Escola Nacional de Administra\u00e7\u00e3o P\u00fablica (Enap), com apoio do Banco Mundial e Minist\u00e9rio da Economia. Quase metade (45%) dos servidores p\u00fablicos federais [&hellip;]<\/p>\n","protected":false},"author":4,"featured_media":86370,"comment_status":"open","ping_status":"open","sticky":false,"template":"","format":"standard","meta":{"jetpack_post_was_ever_published":false,"_jetpack_newsletter_access":"","_jetpack_dont_email_post_to_subs":false,"_jetpack_newsletter_tier_id":0,"_jetpack_memberships_contains_paywalled_content":false,"_jetpack_memberships_contains_paid_content":false,"footnotes":"","jetpack_publicize_message":"","jetpack_publicize_feature_enabled":true,"jetpack_social_post_already_shared":true,"jetpack_social_options":{"image_generator_settings":{"template":"highway","default_image_id":0,"font":"","enabled":false},"version":2}},"categories":[2],"tags":[],"class_list":["post-86369","post","type-post","status-publish","format-standard","has-post-thumbnail","hentry","category-geral"],"aioseo_notices":[],"jetpack_publicize_connections":[],"jetpack_featured_media_url":"https:\/\/www.jornalja.com.br\/geral\/wp-content\/uploads\/sites\/4\/2020\/11\/trabalho-remoto.jpg","jetpack_shortlink":"https:\/\/wp.me\/pbKhrD-mt3","jetpack-related-posts":[{"id":83346,"url":"https:\/\/www.jornalja.com.br\/geral\/sindicato-dos-municiparios-diz-que-e-irresponsavel-retomar-todas-as-atividades-agora\/","url_meta":{"origin":86369,"position":0},"title":"Sindicato dos municip\u00e1rios diz que \u00e9 &#8220;irrespons\u00e1vel&#8221; retomar todas as atividades agora em Porto Alegre","author":"Cleber Dioni Tentardini","date":"7 de maio de 2020","format":false,"excerpt":"O diretor-geral do Sindicato dos Municip\u00e1rios de Porto Alegre - Simpa, Jonas Reis, classifica como \"irrespons\u00e1vel\" a decis\u00e3o do prefeito Nelson Marchezan de determinar o retorno ao trabalho de todos os servidores p\u00fablicos municipais, com exce\u00e7\u00e3o da Educa\u00e7\u00e3o. Alguns j\u00e1 retornaram na ter\u00e7a-feira, dia 5,\u00a0 outros voltam ao trabalho a\u2026","rel":"","context":"Em &quot;Geral-MAT\u00c9RIA&quot;","block_context":{"text":"Geral-MAT\u00c9RIA","link":"https:\/\/www.jornalja.com.br\/geral\/category\/geral\/"},"img":{"alt_text":"","src":"https:\/\/i0.wp.com\/www.jornalja.com.br\/geral\/wp-content\/uploads\/sites\/4\/2020\/05\/49842113026_b1ef5c548e_o-scaled.jpg?resize=350%2C200&ssl=1","width":350,"height":200,"srcset":"https:\/\/i0.wp.com\/www.jornalja.com.br\/geral\/wp-content\/uploads\/sites\/4\/2020\/05\/49842113026_b1ef5c548e_o-scaled.jpg?resize=350%2C200&ssl=1 1x, https:\/\/i0.wp.com\/www.jornalja.com.br\/geral\/wp-content\/uploads\/sites\/4\/2020\/05\/49842113026_b1ef5c548e_o-scaled.jpg?resize=525%2C300&ssl=1 1.5x, https:\/\/i0.wp.com\/www.jornalja.com.br\/geral\/wp-content\/uploads\/sites\/4\/2020\/05\/49842113026_b1ef5c548e_o-scaled.jpg?resize=700%2C400&ssl=1 2x"},"classes":[]},{"id":86818,"url":"https:\/\/www.jornalja.com.br\/geral\/servidores-protestam-contra-reforma-administrativa-e-o-teto-de-gastos\/","url_meta":{"origin":86369,"position":1},"title":"Servidores protestam contra Reforma Administrativa e o Teto de Gastos","author":"da Reda\u00e7\u00e3o","date":"11 de dezembro de 2020","format":false,"excerpt":"No Dia Nacional de Luta contra a Reforma Administrativa do governo Bolsonaro, representantes da Frente dos Servidores P\u00fablicos (FSP\/RS),\u00a0 realizaram manifesta\u00e7\u00e3o em frente ao Pal\u00e1cio Piratini. O ato p\u00fablico tamb\u00e9m repudiou a PEC do Teto de Gastos (289\/2020), proposta pelo governo Eduardo Leite (PSDB), que congela os investimentos p\u00fablicos por\u2026","rel":"","context":"Em &quot;Geral-MAT\u00c9RIA&quot;","block_context":{"text":"Geral-MAT\u00c9RIA","link":"https:\/\/www.jornalja.com.br\/geral\/category\/geral\/"},"img":{"alt_text":"","src":"https:\/\/i0.wp.com\/www.jornalja.com.br\/geral\/wp-content\/uploads\/sites\/4\/2020\/12\/servidores-protestam.jpg?resize=350%2C200&ssl=1","width":350,"height":200,"srcset":"https:\/\/i0.wp.com\/www.jornalja.com.br\/geral\/wp-content\/uploads\/sites\/4\/2020\/12\/servidores-protestam.jpg?resize=350%2C200&ssl=1 1x, https:\/\/i0.wp.com\/www.jornalja.com.br\/geral\/wp-content\/uploads\/sites\/4\/2020\/12\/servidores-protestam.jpg?resize=525%2C300&ssl=1 1.5x, https:\/\/i0.wp.com\/www.jornalja.com.br\/geral\/wp-content\/uploads\/sites\/4\/2020\/12\/servidores-protestam.jpg?resize=700%2C400&ssl=1 2x"},"classes":[]},{"id":89382,"url":"https:\/\/www.jornalja.com.br\/geral\/greve-nacional-de-servidores-publicos-contra-a-reforma-administrativa\/","url_meta":{"origin":86369,"position":2},"title":"Greve nacional de servidores p\u00fablicos contra a reforma administrativa","author":"da Reda\u00e7\u00e3o","date":"17 de agosto de 2021","format":false,"excerpt":"Servidores p\u00fablicos municipais, estaduais e federais anunciaram greve para esta quarta-feira (18). A paralisa\u00e7\u00e3o, convocada pelos principais sindicatos,\u00a0 \u00e9 contra a reforma administrativa contida na Proposta de Emenda \u00e0 Constitui\u00e7\u00e3o 32, do governo Bolsonaro. A proposta ainda est\u00e1 em discuss\u00e3o na C\u00e2mara dos Deputados e deve ser votada at\u00e9 o\u2026","rel":"","context":"Em &quot;Geral-MAT\u00c9RIA&quot;","block_context":{"text":"Geral-MAT\u00c9RIA","link":"https:\/\/www.jornalja.com.br\/geral\/category\/geral\/"},"img":{"alt_text":"","src":"https:\/\/i0.wp.com\/www.jornalja.com.br\/geral\/wp-content\/uploads\/sites\/4\/2021\/08\/greve-nacional-de-servidores-rua.jpg?resize=350%2C200&ssl=1","width":350,"height":200,"srcset":"https:\/\/i0.wp.com\/www.jornalja.com.br\/geral\/wp-content\/uploads\/sites\/4\/2021\/08\/greve-nacional-de-servidores-rua.jpg?resize=350%2C200&ssl=1 1x, https:\/\/i0.wp.com\/www.jornalja.com.br\/geral\/wp-content\/uploads\/sites\/4\/2021\/08\/greve-nacional-de-servidores-rua.jpg?resize=525%2C300&ssl=1 1.5x, https:\/\/i0.wp.com\/www.jornalja.com.br\/geral\/wp-content\/uploads\/sites\/4\/2021\/08\/greve-nacional-de-servidores-rua.jpg?resize=700%2C400&ssl=1 2x"},"classes":[]},{"id":93388,"url":"https:\/\/www.jornalja.com.br\/geral\/governo-comemora-menor-gasto-com-pessoal-funcionarios-denunciam-arrocho-e-precarizacao-dos-servicos\/","url_meta":{"origin":86369,"position":3},"title":"Governo comemora menor gasto com pessoal; funcion\u00e1rios denunciam arrocho e precariza\u00e7\u00e3o de servi\u00e7os","author":"da Reda\u00e7\u00e3o","date":"14 de agosto de 2022","format":false,"excerpt":"Sal\u00e1rios congelados h\u00e1 quase seis anos, zero contrata\u00e7\u00e3o ou reposi\u00e7\u00e3o de funcion\u00e1rios que saem por aposentadoria, morte ou demiss\u00e3o. S\u00e3o as causas principais da redu\u00e7\u00e3o dos gastos com o funcionalismo p\u00fablico federal, que no primeiro semestre de 2022 chegou ao seu n\u00edvel mais baixo em 14 anos. Os dados foram\u2026","rel":"","context":"Em &quot;Geral-MAT\u00c9RIA&quot;","block_context":{"text":"Geral-MAT\u00c9RIA","link":"https:\/\/www.jornalja.com.br\/geral\/category\/geral\/"},"img":{"alt_text":"","src":"https:\/\/i0.wp.com\/www.jornalja.com.br\/geral\/wp-content\/uploads\/sites\/4\/2022\/08\/servicos-publicos.jpg?resize=350%2C200&ssl=1","width":350,"height":200,"srcset":"https:\/\/i0.wp.com\/www.jornalja.com.br\/geral\/wp-content\/uploads\/sites\/4\/2022\/08\/servicos-publicos.jpg?resize=350%2C200&ssl=1 1x, https:\/\/i0.wp.com\/www.jornalja.com.br\/geral\/wp-content\/uploads\/sites\/4\/2022\/08\/servicos-publicos.jpg?resize=525%2C300&ssl=1 1.5x, https:\/\/i0.wp.com\/www.jornalja.com.br\/geral\/wp-content\/uploads\/sites\/4\/2022\/08\/servicos-publicos.jpg?resize=700%2C400&ssl=1 2x"},"classes":[]},{"id":88343,"url":"https:\/\/www.jornalja.com.br\/geral\/comissao-lista-200-nomes-para-ouvir-sobre-a-reforma-administrativa\/","url_meta":{"origin":86369,"position":4},"title":"Comiss\u00e3o lista 200 nomes para ouvir sobre a Reforma Administrativa","author":"da Reda\u00e7\u00e3o","date":"17 de junho de 2021","format":false,"excerpt":"A reforma administrativa que tramita no Congresso vai passar por 12 audi\u00eancias p\u00fablicas, segundo decidiu a Comiss\u00e3o Especial instalada\u00a0 na quarta-feira, 16,\u00a0 para analisar a PEC 32\/20, que promove profundas transforma\u00e7\u00f5es no servi\u00e7o p\u00fablico federal. Entre os temas de destaque est\u00e1 a amplia\u00e7\u00e3o dos cargos de comiss\u00e3o, os chamados CCs.\u2026","rel":"","context":"Em &quot;Geral-MAT\u00c9RIA&quot;","block_context":{"text":"Geral-MAT\u00c9RIA","link":"https:\/\/www.jornalja.com.br\/geral\/category\/geral\/"},"img":{"alt_text":"","src":"https:\/\/i0.wp.com\/www.jornalja.com.br\/geral\/wp-content\/uploads\/sites\/4\/2021\/06\/senado-reforma-administrtativa.jpg?resize=350%2C200&ssl=1","width":350,"height":200,"srcset":"https:\/\/i0.wp.com\/www.jornalja.com.br\/geral\/wp-content\/uploads\/sites\/4\/2021\/06\/senado-reforma-administrtativa.jpg?resize=350%2C200&ssl=1 1x, https:\/\/i0.wp.com\/www.jornalja.com.br\/geral\/wp-content\/uploads\/sites\/4\/2021\/06\/senado-reforma-administrtativa.jpg?resize=525%2C300&ssl=1 1.5x, https:\/\/i0.wp.com\/www.jornalja.com.br\/geral\/wp-content\/uploads\/sites\/4\/2021\/06\/senado-reforma-administrtativa.jpg?resize=700%2C400&ssl=1 2x"},"classes":[]},{"id":77708,"url":"https:\/\/www.jornalja.com.br\/geral\/prefeito-nelson-marchezan-sera-convidado-a-prestar-informacoes-na-camara-sobre-o-fechamento-do-imesf\/","url_meta":{"origin":86369,"position":5},"title":"C\u00e2mara quer que Marchezan explique fechamento do Imesf","author":"da Reda\u00e7\u00e3o","date":"24 de setembro de 2019","format":false,"excerpt":"A C\u00e2mara Municipal de Porto Alegre convidar\u00e1 o prefeito Nelson Marchezan J\u00fanior a prestar informa\u00e7\u00f5es sobre o fechamento do Instituto Municipal de Estrat\u00e9gia de Sa\u00fade da Fam\u00edlia (Imesf) e a demiss\u00e3o de seus 1.840 funcion\u00e1rios. A decis\u00e3o foi tomada durante reuni\u00e3o entre a presidente do Legislativo, vereadora M\u00f4nica Leal (PP),\u2026","rel":"","context":"Em &quot;Geral-MAT\u00c9RIA&quot;","block_context":{"text":"Geral-MAT\u00c9RIA","link":"https:\/\/www.jornalja.com.br\/geral\/category\/geral\/"},"img":{"alt_text":"","src":"","width":0,"height":0},"classes":[]}],"jetpack_sharing_enabled":true,"_links":{"self":[{"href":"https:\/\/www.jornalja.com.br\/geral\/wp-json\/wp\/v2\/posts\/86369","targetHints":{"allow":["GET"]}}],"collection":[{"href":"https:\/\/www.jornalja.com.br\/geral\/wp-json\/wp\/v2\/posts"}],"about":[{"href":"https:\/\/www.jornalja.com.br\/geral\/wp-json\/wp\/v2\/types\/post"}],"author":[{"embeddable":true,"href":"https:\/\/www.jornalja.com.br\/geral\/wp-json\/wp\/v2\/users\/4"}],"replies":[{"embeddable":true,"href":"https:\/\/www.jornalja.com.br\/geral\/wp-json\/wp\/v2\/comments?post=86369"}],"version-history":[{"count":1,"href":"https:\/\/www.jornalja.com.br\/geral\/wp-json\/wp\/v2\/posts\/86369\/revisions"}],"predecessor-version":[{"id":86371,"href":"https:\/\/www.jornalja.com.br\/geral\/wp-json\/wp\/v2\/posts\/86369\/revisions\/86371"}],"wp:featuredmedia":[{"embeddable":true,"href":"https:\/\/www.jornalja.com.br\/geral\/wp-json\/wp\/v2\/media\/86370"}],"wp:attachment":[{"href":"https:\/\/www.jornalja.com.br\/geral\/wp-json\/wp\/v2\/media?parent=86369"}],"wp:term":[{"taxonomy":"category","embeddable":true,"href":"https:\/\/www.jornalja.com.br\/geral\/wp-json\/wp\/v2\/categories?post=86369"},{"taxonomy":"post_tag","embeddable":true,"href":"https:\/\/www.jornalja.com.br\/geral\/wp-json\/wp\/v2\/tags?post=86369"}],"curies":[{"name":"wp","href":"https:\/\/api.w.org\/{rel}","templated":true}]}}