{"id":87618,"date":"2021-04-12T08:22:41","date_gmt":"2021-04-12T11:22:41","guid":{"rendered":"https:\/\/www.jornalja.com.br\/geral\/?p=87618"},"modified":"2021-04-12T11:41:45","modified_gmt":"2021-04-12T14:41:45","slug":"novas-regras-de-transito-entram-em-rigor-carteira-agora-vale-por-dez-anos","status":"publish","type":"post","link":"https:\/\/www.jornalja.com.br\/geral\/novas-regras-de-transito-entram-em-rigor-carteira-agora-vale-por-dez-anos\/","title":{"rendered":"Novas regras de tr\u00e2nsito entram em rigor: carteira agora vale por dez anos"},"content":{"rendered":"<p>Entram em vigor hoje (12) as altera\u00e7\u00f5es no C\u00f3digo Brasileiro de Tr\u00e2nsito. A principal novidade \u00e9 amplia\u00e7\u00e3o do prazo de validade da Carteira Nacional de Habilita\u00e7\u00e3o (CNH) para dez anos no caso de condutores de at\u00e9 50 anos.<\/p>\n<p>As mudan\u00e7as foram sancionadas pelo presidente Jair Bolsonaro em outubro do ano passado, quando ficou definido que a vig\u00eancia passaria a ocorrer 180 dias ap\u00f3s a san\u00e7\u00e3o.<\/p>\n<p>Os exames de aptid\u00e3o f\u00edsica e mental para renova\u00e7\u00e3o da CNH n\u00e3o ser\u00e3o mais realizados a cada cinco anos. A partir de agora, a validade ser\u00e1 de dez anos para motoristas com idade inferior a 50 anos; cinco anos para motoristas com idade igual ou superior a 50 anos e inferior a 70 e tr\u00eas anos para motoristas com idade igual ou superior a 70 anos.<\/p>\n<p>Haver\u00e1 mudan\u00e7as tamb\u00e9m na quantidade de pontos que podem levar \u00e0 suspens\u00e3o da carteira. Atualmente, o motorista que atinge 20 pontos durante o per\u00edodo de 12 meses pode\u00a0ter\u00a0a carteira suspensa. Agora, a suspens\u00e3o ocorrer\u00e1 de forma escalonada.<\/p>\n<p>O condutor\u00a0ter\u00e1 a habilita\u00e7\u00e3o suspensa com 20 pontos (se tiver duas ou mais infra\u00e7\u00f5es grav\u00edssimas na carteira); 30 pontos (uma infra\u00e7\u00e3o grav\u00edssima na pontua\u00e7\u00e3o); 40 pontos (nenhuma infra\u00e7\u00e3o grav\u00edssima na pontua\u00e7\u00e3o).<\/p>\n<p>As novas regras pro\u00edbem que condutores condenados por\u00a0 homic\u00eddio culposo ou les\u00e3o corporal sob efeito de \u00e1lcool ou outro psicoativo tenham pena de pris\u00e3o convertida em\u00a0 alternativa.<\/p>\n<p>O uso de cadeirinhas no banco traseiro passa a ser obrigat\u00f3rio para\u00a0crian\u00e7as com idade inferior a 10 anos que n\u00e3o tenham atingido 1,45 metro de altura. Pela regra antiga, somente a idade da crian\u00e7a era levada em conta.<\/p>\n<p>Nos casos de chamamentos pelas montadoras para corre\u00e7\u00e3o de defeitos em ve\u00edculos (recall), o autom\u00f3vel somente ser\u00e1 licenciado ap\u00f3s a comprova\u00e7\u00e3o de que houve atendimento da campanhas de reparos.<\/p>\n<p>(<em>Com informa\u00e7\u00f5es da Ag\u00eancia Brasil)<\/em><\/p>\n","protected":false},"excerpt":{"rendered":"<p>Entram em vigor hoje (12) as altera\u00e7\u00f5es no C\u00f3digo Brasileiro de Tr\u00e2nsito. A principal novidade \u00e9 amplia\u00e7\u00e3o do prazo de validade da Carteira Nacional de Habilita\u00e7\u00e3o (CNH) para dez anos no caso de condutores de at\u00e9 50 anos. As mudan\u00e7as foram sancionadas pelo presidente Jair Bolsonaro em outubro do ano passado, quando ficou definido que [&hellip;]<\/p>\n","protected":false},"author":4,"featured_media":87619,"comment_status":"open","ping_status":"open","sticky":false,"template":"","format":"standard","meta":{"jetpack_post_was_ever_published":false,"_jetpack_newsletter_access":"","_jetpack_dont_email_post_to_subs":false,"_jetpack_newsletter_tier_id":0,"_jetpack_memberships_contains_paywalled_content":false,"_jetpack_memberships_contains_paid_content":false,"footnotes":"","jetpack_publicize_message":"","jetpack_publicize_feature_enabled":true,"jetpack_social_post_already_shared":true,"jetpack_social_options":{"image_generator_settings":{"template":"highway","default_image_id":0,"font":"","enabled":false},"version":2}},"categories":[2],"tags":[],"class_list":["post-87618","post","type-post","status-publish","format-standard","has-post-thumbnail","hentry","category-geral"],"aioseo_notices":[],"jetpack_publicize_connections":[],"jetpack_featured_media_url":"https:\/\/www.jornalja.com.br\/geral\/wp-content\/uploads\/sites\/4\/2021\/04\/codigo-de-transito.jpg","jetpack_shortlink":"https:\/\/wp.me\/pbKhrD-mNc","jetpack-related-posts":[{"id":100595,"url":"https:\/\/www.jornalja.com.br\/geral\/banco-master-maior-fraude-da-historia-comeca-com-uma-pequena-corretora-ha-50-anos\/","url_meta":{"origin":87618,"position":0},"title":"Banco Master: &#8220;Maior fraude da hist\u00f3ria&#8221; come\u00e7a com uma pequena corretora h\u00e1 50 anos&#8230;","author":"da Reda\u00e7\u00e3o","date":"14 de janeiro de 2026","format":false,"excerpt":"A hist\u00f3ria do Banco Master come\u00e7a discretamente com a funda\u00e7\u00e3o da M\u00e1xima Corretora de Valores e T\u00edtulos Imobili\u00e1rios, em 1974. Quinze anos depois, em 1990 a corretora foi transformada em banco m\u00faltiplo, tornou-se o Banco M\u00e1xima..Quase 30 anos se passaram at\u00e9 2017, quando Daniel Vorcaro, ent\u00e3o, empres\u00e1rio do ramo imobili\u00e1rio,\u2026","rel":"","context":"Em &quot;Geral-MAT\u00c9RIA&quot;","block_context":{"text":"Geral-MAT\u00c9RIA","link":"https:\/\/www.jornalja.com.br\/geral\/category\/geral\/"},"img":{"alt_text":"","src":"https:\/\/i0.wp.com\/www.jornalja.com.br\/geral\/wp-content\/uploads\/sites\/4\/2026\/01\/master-daniel-volcaro-foto-divulgacao.png?resize=350%2C200&ssl=1","width":350,"height":200,"srcset":"https:\/\/i0.wp.com\/www.jornalja.com.br\/geral\/wp-content\/uploads\/sites\/4\/2026\/01\/master-daniel-volcaro-foto-divulgacao.png?resize=350%2C200&ssl=1 1x, https:\/\/i0.wp.com\/www.jornalja.com.br\/geral\/wp-content\/uploads\/sites\/4\/2026\/01\/master-daniel-volcaro-foto-divulgacao.png?resize=525%2C300&ssl=1 1.5x"},"classes":[]},{"id":91812,"url":"https:\/\/www.jornalja.com.br\/geral\/carteira-nacional-de-identidade-tera-mesmo-numero-do-cpf\/","url_meta":{"origin":87618,"position":1},"title":"Carteira Nacional de Identidade ter\u00e1 mesmo n\u00famero do CPF","author":"da Reda\u00e7\u00e3o","date":"23 de fevereiro de 2022","format":false,"excerpt":"O governo federal anunciou a cria\u00e7\u00e3o da carteira nacional de identidade unificada em todo o pa\u00eds. Decreto\u00a0 foi assinado na tarde desta quarta-feira (23) pelo presidente Jair Bolsonaro, em cerim\u00f4nia no Pal\u00e1cio do Planalto. O novo RG usar\u00e1 o n\u00famero do Cadastro Nacional de Pessoa F\u00edsica (CPF) como identifica\u00e7\u00e3o \u00fanica\u2026","rel":"","context":"Em &quot;Geral-MAT\u00c9RIA&quot;","block_context":{"text":"Geral-MAT\u00c9RIA","link":"https:\/\/www.jornalja.com.br\/geral\/category\/geral\/"},"img":{"alt_text":"","src":"https:\/\/i0.wp.com\/www.jornalja.com.br\/geral\/wp-content\/uploads\/sites\/4\/2022\/02\/carteira-de-identidade.jpg?resize=350%2C200&ssl=1","width":350,"height":200,"srcset":"https:\/\/i0.wp.com\/www.jornalja.com.br\/geral\/wp-content\/uploads\/sites\/4\/2022\/02\/carteira-de-identidade.jpg?resize=350%2C200&ssl=1 1x, https:\/\/i0.wp.com\/www.jornalja.com.br\/geral\/wp-content\/uploads\/sites\/4\/2022\/02\/carteira-de-identidade.jpg?resize=525%2C300&ssl=1 1.5x, https:\/\/i0.wp.com\/www.jornalja.com.br\/geral\/wp-content\/uploads\/sites\/4\/2022\/02\/carteira-de-identidade.jpg?resize=700%2C400&ssl=1 2x, https:\/\/i0.wp.com\/www.jornalja.com.br\/geral\/wp-content\/uploads\/sites\/4\/2022\/02\/carteira-de-identidade.jpg?resize=1050%2C600&ssl=1 3x"},"classes":[]},{"id":100358,"url":"https:\/\/www.jornalja.com.br\/geral\/concursos-no-rio-grande-do-sul\/","url_meta":{"origin":87618,"position":2},"title":"Mais de 300 vagas em concursos abertos no Rio Grande do Sul","author":"da Reda\u00e7\u00e3o","date":"7 de dezembro de 2025","format":false,"excerpt":"Est\u00e3o abertas as inscri\u00e7\u00f5es para 25 concursos p\u00fablicos, no Rio Grande do Sul. Os concursos visam preencher 339 vagas em prefeituras e outros \u00f3rg\u00e3os p\u00fablicos do Estado. Em diversas \u00e1reas e exigindo n\u00edveis variados de\u00a0 escolaridade, os sal\u00e1rios podem chegar a R$ 20,4 mil. A Caixa Econ\u00f4mica Federal, por exemplo,\u00a0\u2026","rel":"","context":"Em &quot;Geral-MAT\u00c9RIA&quot;","block_context":{"text":"Geral-MAT\u00c9RIA","link":"https:\/\/www.jornalja.com.br\/geral\/category\/geral\/"},"img":{"alt_text":"","src":"https:\/\/i0.wp.com\/www.jornalja.com.br\/geral\/wp-content\/uploads\/sites\/4\/2025\/12\/concursos-no-governo-federal.jpeg?resize=350%2C200&ssl=1","width":350,"height":200,"srcset":"https:\/\/i0.wp.com\/www.jornalja.com.br\/geral\/wp-content\/uploads\/sites\/4\/2025\/12\/concursos-no-governo-federal.jpeg?resize=350%2C200&ssl=1 1x, https:\/\/i0.wp.com\/www.jornalja.com.br\/geral\/wp-content\/uploads\/sites\/4\/2025\/12\/concursos-no-governo-federal.jpeg?resize=525%2C300&ssl=1 1.5x, https:\/\/i0.wp.com\/www.jornalja.com.br\/geral\/wp-content\/uploads\/sites\/4\/2025\/12\/concursos-no-governo-federal.jpeg?resize=700%2C400&ssl=1 2x, https:\/\/i0.wp.com\/www.jornalja.com.br\/geral\/wp-content\/uploads\/sites\/4\/2025\/12\/concursos-no-governo-federal.jpeg?resize=1050%2C600&ssl=1 3x"},"classes":[]},{"id":73045,"url":"https:\/\/www.jornalja.com.br\/geral\/reforma-da-previdencia-maioria-nao-conseguira-cumprir-as-regras-para-se-aposentar\/","url_meta":{"origin":87618,"position":3},"title":"&quot;Maioria n\u00e3o conseguir\u00e1 cumprir as regras para se aposentar&quot;","author":"da Reda\u00e7\u00e3o","date":"27 de fevereiro de 2019","format":false,"excerpt":"Eduardo Fagnani \u00e9 professor do Instituto de Economia da Universidade Estadual de Campinas, pesquisador do Centro de Estudos Sindicais e do Trabalho e coordenador da rede Plataforma Pol\u00edtica Social - Agenda para o Desenvolvimento. Nesta entrevista ao IHU Online, ele analisa o projeto de reforma da Previd\u00eancia que o governo\u2026","rel":"","context":"Em &quot;Geral-MAT\u00c9RIA&quot;","block_context":{"text":"Geral-MAT\u00c9RIA","link":"https:\/\/www.jornalja.com.br\/geral\/category\/geral\/"},"img":{"alt_text":"","src":"","width":0,"height":0},"classes":[]},{"id":100257,"url":"https:\/\/www.jornalja.com.br\/geral\/reforma-interminavel-100-de-atraso-e-40-de-aumento-no-custo-das-obras-do-viaduto\/","url_meta":{"origin":87618,"position":4},"title":"Reforma intermin\u00e1vel: 100% de atraso e 40% de aumento no custo nas obras do Viaduto","author":"da Reda\u00e7\u00e3o","date":"24 de novembro de 2025","format":false,"excerpt":"Dados divulgados pelo vereador Pedro Ruas na semana passada e n\u00e3o contestados questionam o andamento da reforma do Viaduto Ot\u00e1vio Rocha, em Porto Alegre. L\u00edder do PSOL e decano da C\u00e2mara Municipal, Ruas diz que \"houve cinco termos aditivos sucessivos para a obra do Viaduto Ot\u00e1vio Rocha, na avenida Borges\u2026","rel":"","context":"Em &quot;Geral-MAT\u00c9RIA&quot;","block_context":{"text":"Geral-MAT\u00c9RIA","link":"https:\/\/www.jornalja.com.br\/geral\/category\/geral\/"},"img":{"alt_text":"","src":"https:\/\/i0.wp.com\/www.jornalja.com.br\/geral\/wp-content\/uploads\/sites\/4\/2025\/11\/viaduto-homens-do-sirex-scaled.jpg?resize=350%2C200&ssl=1","width":350,"height":200,"srcset":"https:\/\/i0.wp.com\/www.jornalja.com.br\/geral\/wp-content\/uploads\/sites\/4\/2025\/11\/viaduto-homens-do-sirex-scaled.jpg?resize=350%2C200&ssl=1 1x, https:\/\/i0.wp.com\/www.jornalja.com.br\/geral\/wp-content\/uploads\/sites\/4\/2025\/11\/viaduto-homens-do-sirex-scaled.jpg?resize=525%2C300&ssl=1 1.5x, https:\/\/i0.wp.com\/www.jornalja.com.br\/geral\/wp-content\/uploads\/sites\/4\/2025\/11\/viaduto-homens-do-sirex-scaled.jpg?resize=700%2C400&ssl=1 2x, https:\/\/i0.wp.com\/www.jornalja.com.br\/geral\/wp-content\/uploads\/sites\/4\/2025\/11\/viaduto-homens-do-sirex-scaled.jpg?resize=1050%2C600&ssl=1 3x, https:\/\/i0.wp.com\/www.jornalja.com.br\/geral\/wp-content\/uploads\/sites\/4\/2025\/11\/viaduto-homens-do-sirex-scaled.jpg?resize=1400%2C800&ssl=1 4x"},"classes":[]},{"id":100094,"url":"https:\/\/www.jornalja.com.br\/geral\/evento-na-ari-marca-os-50-anos-da-morte-de-vladimir-herzog\/","url_meta":{"origin":87618,"position":5},"title":"Evento na ARI marca os 50 anos da morte de Vladimir Herzog","author":"da Reda\u00e7\u00e3o","date":"26 de outubro de 2025","format":false,"excerpt":"Na manh\u00e3 deste s\u00e1bado (25), data que marca os 50 anos da morte do jornalista Vladimir Herzog, o Sal\u00e3o Nobre da Associa\u00e7\u00e3o Riograndense de Imprensa (ARI) esteve praticamente lotado para o painel \u201c50 Anos por Vlado\u201d, iniciativa do Movimento de Justi\u00e7a e Direitos Humanos, com apoio da ARI, do Sindicato\u2026","rel":"","context":"Em &quot;Geral-MAT\u00c9RIA&quot;","block_context":{"text":"Geral-MAT\u00c9RIA","link":"https:\/\/www.jornalja.com.br\/geral\/category\/geral\/"},"img":{"alt_text":"","src":"https:\/\/i0.wp.com\/www.jornalja.com.br\/geral\/wp-content\/uploads\/sites\/4\/2025\/10\/herzog.jpg?resize=350%2C200&ssl=1","width":350,"height":200,"srcset":"https:\/\/i0.wp.com\/www.jornalja.com.br\/geral\/wp-content\/uploads\/sites\/4\/2025\/10\/herzog.jpg?resize=350%2C200&ssl=1 1x, https:\/\/i0.wp.com\/www.jornalja.com.br\/geral\/wp-content\/uploads\/sites\/4\/2025\/10\/herzog.jpg?resize=525%2C300&ssl=1 1.5x, https:\/\/i0.wp.com\/www.jornalja.com.br\/geral\/wp-content\/uploads\/sites\/4\/2025\/10\/herzog.jpg?resize=700%2C400&ssl=1 2x, https:\/\/i0.wp.com\/www.jornalja.com.br\/geral\/wp-content\/uploads\/sites\/4\/2025\/10\/herzog.jpg?resize=1050%2C600&ssl=1 3x, https:\/\/i0.wp.com\/www.jornalja.com.br\/geral\/wp-content\/uploads\/sites\/4\/2025\/10\/herzog.jpg?resize=1400%2C800&ssl=1 4x"},"classes":[]}],"jetpack_sharing_enabled":true,"_links":{"self":[{"href":"https:\/\/www.jornalja.com.br\/geral\/wp-json\/wp\/v2\/posts\/87618","targetHints":{"allow":["GET"]}}],"collection":[{"href":"https:\/\/www.jornalja.com.br\/geral\/wp-json\/wp\/v2\/posts"}],"about":[{"href":"https:\/\/www.jornalja.com.br\/geral\/wp-json\/wp\/v2\/types\/post"}],"author":[{"embeddable":true,"href":"https:\/\/www.jornalja.com.br\/geral\/wp-json\/wp\/v2\/users\/4"}],"replies":[{"embeddable":true,"href":"https:\/\/www.jornalja.com.br\/geral\/wp-json\/wp\/v2\/comments?post=87618"}],"version-history":[{"count":3,"href":"https:\/\/www.jornalja.com.br\/geral\/wp-json\/wp\/v2\/posts\/87618\/revisions"}],"predecessor-version":[{"id":87622,"href":"https:\/\/www.jornalja.com.br\/geral\/wp-json\/wp\/v2\/posts\/87618\/revisions\/87622"}],"wp:featuredmedia":[{"embeddable":true,"href":"https:\/\/www.jornalja.com.br\/geral\/wp-json\/wp\/v2\/media\/87619"}],"wp:attachment":[{"href":"https:\/\/www.jornalja.com.br\/geral\/wp-json\/wp\/v2\/media?parent=87618"}],"wp:term":[{"taxonomy":"category","embeddable":true,"href":"https:\/\/www.jornalja.com.br\/geral\/wp-json\/wp\/v2\/categories?post=87618"},{"taxonomy":"post_tag","embeddable":true,"href":"https:\/\/www.jornalja.com.br\/geral\/wp-json\/wp\/v2\/tags?post=87618"}],"curies":[{"name":"wp","href":"https:\/\/api.w.org\/{rel}","templated":true}]}}