{"id":87626,"date":"2021-04-13T18:30:08","date_gmt":"2021-04-13T21:30:08","guid":{"rendered":"https:\/\/www.jornalja.com.br\/geral\/?p=87626"},"modified":"2021-04-13T18:40:01","modified_gmt":"2021-04-13T21:40:01","slug":"caixa-paga-parcelas-do-auxilio-emergencial-2021-a-aniversariantes-de-abril","status":"publish","type":"post","link":"https:\/\/www.jornalja.com.br\/geral\/caixa-paga-parcelas-do-auxilio-emergencial-2021-a-aniversariantes-de-abril\/","title":{"rendered":"Caixa paga parcelas do Aux\u00edlio Emergencial 2021 a aniversariantes de abril"},"content":{"rendered":"<p>&nbsp;<\/p>\n<p>As parcelas ser\u00e3o de R$150 para benefici\u00e1rios individuais e de R$250 no caso de\u00a0 mais de uma pessoa. \u00b4Para fam\u00edlia chefiada por uma mulher sem c\u00f4njuge ou companheiro o benef\u00edcio pode chegar at\u00e9 R$375.<\/p>\n<p>Ser\u00e3o disponibilizadas quatro parcelas desde que a fam\u00edlia continue atendendo aos requisitos.<\/p>\n<figure id=\"attachment_87629\" aria-describedby=\"caption-attachment-87629\" style=\"width: 299px\" class=\"wp-caption aligncenter\"><img decoding=\"async\" data-attachment-id=\"87629\" data-permalink=\"https:\/\/www.jornalja.com.br\/geral\/caixa-paga-parcelas-do-auxilio-emergencial-2021-a-aniversariantes-de-abril\/cats2\/\" data-orig-file=\"https:\/\/www.jornalja.com.br\/geral\/wp-content\/uploads\/sites\/4\/2021\/04\/cats2.jpg\" data-orig-size=\"299,536\" data-comments-opened=\"1\" data-image-meta=\"{&quot;aperture&quot;:&quot;0&quot;,&quot;credit&quot;:&quot;&quot;,&quot;camera&quot;:&quot;&quot;,&quot;caption&quot;:&quot;&quot;,&quot;created_timestamp&quot;:&quot;0&quot;,&quot;copyright&quot;:&quot;&quot;,&quot;focal_length&quot;:&quot;0&quot;,&quot;iso&quot;:&quot;0&quot;,&quot;shutter_speed&quot;:&quot;0&quot;,&quot;title&quot;:&quot;&quot;,&quot;orientation&quot;:&quot;0&quot;}\" data-image-title=\"cats2\" data-image-description=\"\" data-image-caption=\"&lt;p&gt;reprodu\u00e7\u00e3o Caixa &lt;\/p&gt;\n\" data-large-file=\"https:\/\/www.jornalja.com.br\/geral\/wp-content\/uploads\/sites\/4\/2021\/04\/cats2.jpg\" class=\"size-full wp-image-87629\" src=\"https:\/\/www.jornalja.com.br\/geral\/wp-content\/uploads\/sites\/4\/2021\/04\/cats2.jpg\" alt=\"\" width=\"299\" height=\"536\" srcset=\"https:\/\/www.jornalja.com.br\/geral\/wp-content\/uploads\/sites\/4\/2021\/04\/cats2.jpg 299w, https:\/\/www.jornalja.com.br\/geral\/wp-content\/uploads\/sites\/4\/2021\/04\/cats2-251x450.jpg 251w\" sizes=\"(max-width: 299px) 100vw, 299px\" \/><figcaption id=\"caption-attachment-87629\" class=\"wp-caption-text\">reprodu\u00e7\u00e3o Caixa<\/figcaption><\/figure>\n<p>O dinheiro ser\u00e1 disponibilizado nas contas poupan\u00e7as e poder\u00e1 ser movimentado atrav\u00e9s do aplicativo CaixaTem, j\u00e1 o saque s\u00f3 poder\u00e1 ser efetuado a partir do dia 12\/05.<\/p>\n<figure id=\"attachment_87630\" aria-describedby=\"caption-attachment-87630\" style=\"width: 321px\" class=\"wp-caption aligncenter\"><img decoding=\"async\" data-attachment-id=\"87630\" data-permalink=\"https:\/\/www.jornalja.com.br\/geral\/caixa-paga-parcelas-do-auxilio-emergencial-2021-a-aniversariantes-de-abril\/cats\/\" data-orig-file=\"https:\/\/www.jornalja.com.br\/geral\/wp-content\/uploads\/sites\/4\/2021\/04\/cats.jpg\" data-orig-size=\"321,611\" data-comments-opened=\"1\" data-image-meta=\"{&quot;aperture&quot;:&quot;0&quot;,&quot;credit&quot;:&quot;&quot;,&quot;camera&quot;:&quot;&quot;,&quot;caption&quot;:&quot;&quot;,&quot;created_timestamp&quot;:&quot;0&quot;,&quot;copyright&quot;:&quot;&quot;,&quot;focal_length&quot;:&quot;0&quot;,&quot;iso&quot;:&quot;0&quot;,&quot;shutter_speed&quot;:&quot;0&quot;,&quot;title&quot;:&quot;&quot;,&quot;orientation&quot;:&quot;0&quot;}\" data-image-title=\"cats\" data-image-description=\"\" data-image-caption=\"&lt;p&gt;Reprodu\u00e7\u00e3o Caixa &lt;\/p&gt;\n\" data-large-file=\"https:\/\/www.jornalja.com.br\/geral\/wp-content\/uploads\/sites\/4\/2021\/04\/cats.jpg\" class=\"size-full wp-image-87630\" src=\"https:\/\/www.jornalja.com.br\/geral\/wp-content\/uploads\/sites\/4\/2021\/04\/cats.jpg\" alt=\"\" width=\"321\" height=\"611\" srcset=\"https:\/\/www.jornalja.com.br\/geral\/wp-content\/uploads\/sites\/4\/2021\/04\/cats.jpg 321w, https:\/\/www.jornalja.com.br\/geral\/wp-content\/uploads\/sites\/4\/2021\/04\/cats-236x450.jpg 236w\" sizes=\"(max-width: 321px) 100vw, 321px\" \/><figcaption id=\"caption-attachment-87630\" class=\"wp-caption-text\">Reprodu\u00e7\u00e3o Caixa<\/figcaption><\/figure>\n<p>O aux\u00edlio s\u00f3 ser\u00e1 pago \u00e0queles que o recebiam ao final de 2020, tamb\u00e9m \u00e9 necess\u00e1rio atender outros requisitos, acesse o <a href=\"https:\/\/www.caixa.gov.br\/auxilio\/auxilio2021\/Paginas\/default.aspx\">link<\/a> para ter mais informa\u00e7\u00f5es<\/p>\n<p>O calend\u00e1rio de pagamentos\u00a0 foi divulgado pelo Governo Federal, cerca de 45,6 Milh\u00f5es de Brasileiros ser\u00e3o beneficiados, aproximadamente \u00bc da popula\u00e7\u00e3o, o Brasil tem um \u00edndice de 14.1% de desempregados e atinge o n\u00famero de 27 milh\u00f5es de brasileiros abaixo da linha da pobreza.<\/p>\n","protected":false},"excerpt":{"rendered":"<p>&nbsp; As parcelas ser\u00e3o de R$150 para benefici\u00e1rios individuais e de R$250 no caso de\u00a0 mais de uma pessoa. \u00b4Para fam\u00edlia chefiada por uma mulher sem c\u00f4njuge ou companheiro o benef\u00edcio pode chegar at\u00e9 R$375. Ser\u00e3o disponibilizadas quatro parcelas desde que a fam\u00edlia continue atendendo aos requisitos. O dinheiro ser\u00e1 disponibilizado nas contas poupan\u00e7as e [&hellip;]<\/p>\n","protected":false},"author":15,"featured_media":0,"comment_status":"open","ping_status":"open","sticky":false,"template":"","format":"standard","meta":{"jetpack_post_was_ever_published":false,"_jetpack_newsletter_access":"","_jetpack_dont_email_post_to_subs":false,"_jetpack_newsletter_tier_id":0,"_jetpack_memberships_contains_paywalled_content":false,"_jetpack_memberships_contains_paid_content":false,"footnotes":"","jetpack_publicize_message":"","jetpack_publicize_feature_enabled":true,"jetpack_social_post_already_shared":true,"jetpack_social_options":{"image_generator_settings":{"template":"highway","default_image_id":0,"font":"","enabled":false},"version":2}},"categories":[28],"tags":[],"class_list":["post-87626","post","type-post","status-publish","format-standard","hentry","category-geral-notas"],"aioseo_notices":[],"jetpack_publicize_connections":[],"jetpack_featured_media_url":"","jetpack_shortlink":"https:\/\/wp.me\/pbKhrD-mNk","jetpack-related-posts":[{"id":85720,"url":"https:\/\/www.jornalja.com.br\/geral\/cadastrados-no-bolsa-familia-serao-os-primeiros-a-receber-novo-auxilio-de-r-300\/","url_meta":{"origin":87626,"position":0},"title":"Cadastrados no Bolsa Fam\u00edlia ser\u00e3o os primeiros a receber novo auxilio de R$ 300","author":"da Reda\u00e7\u00e3o","date":"19 de setembro de 2020","format":false,"excerpt":"As regras para a concess\u00e3o do aux\u00edlio emergencial residual de R$ 300 foram publicadas em edi\u00e7\u00e3o extra do Di\u00e1rio Oficial da Uni\u00e3o (DOU) na quarta-feira (16). O\u00a0Decreto\u00a0n\u00ba 10.488 regulamenta a Medida Provis\u00f3ria n\u00ba 1.000, de 2 de setembro de 2020, que concede o aux\u00edlio emergencial residual de R$ 300 ou\u2026","rel":"","context":"Em &quot;Geral-MAT\u00c9RIA&quot;","block_context":{"text":"Geral-MAT\u00c9RIA","link":"https:\/\/www.jornalja.com.br\/geral\/category\/geral\/"},"img":{"alt_text":"","src":"https:\/\/i0.wp.com\/www.jornalja.com.br\/geral\/wp-content\/uploads\/sites\/4\/2020\/09\/previdencia-inss-reabre-atendimento.jpg?resize=350%2C200&ssl=1","width":350,"height":200,"srcset":"https:\/\/i0.wp.com\/www.jornalja.com.br\/geral\/wp-content\/uploads\/sites\/4\/2020\/09\/previdencia-inss-reabre-atendimento.jpg?resize=350%2C200&ssl=1 1x, https:\/\/i0.wp.com\/www.jornalja.com.br\/geral\/wp-content\/uploads\/sites\/4\/2020\/09\/previdencia-inss-reabre-atendimento.jpg?resize=525%2C300&ssl=1 1.5x, https:\/\/i0.wp.com\/www.jornalja.com.br\/geral\/wp-content\/uploads\/sites\/4\/2020\/09\/previdencia-inss-reabre-atendimento.jpg?resize=700%2C400&ssl=1 2x, https:\/\/i0.wp.com\/www.jornalja.com.br\/geral\/wp-content\/uploads\/sites\/4\/2020\/09\/previdencia-inss-reabre-atendimento.jpg?resize=1050%2C600&ssl=1 3x"},"classes":[]},{"id":87585,"url":"https:\/\/www.jornalja.com.br\/geral\/auxilio-emergencial-novos-valores-comecam-a-ser-depositados-nesta-terca\/","url_meta":{"origin":87626,"position":1},"title":"Aux\u00edlio emergencial: novos valores come\u00e7am a ser depositados nesta ter\u00e7a","author":"da Reda\u00e7\u00e3o","date":"5 de abril de 2021","format":false,"excerpt":"Com quatro parcelas de R$ 150 a R$ 375, dependendo da fam\u00edlia, o aux\u00edlio emergencial come\u00e7ar\u00e1 a ser pago nesta ter\u00e7a-feira (6) a quem recebia o benef\u00edcio em dezembro de 2020. Tamb\u00e9m \u00e9 necess\u00e1rio cumprir outros requisitos para ter direito \u00e0 nova rodada. Como no ano passado, o benef\u00edcio ser\u00e1\u2026","rel":"","context":"Em &quot;Geral-MAT\u00c9RIA&quot;","block_context":{"text":"Geral-MAT\u00c9RIA","link":"https:\/\/www.jornalja.com.br\/geral\/category\/geral\/"},"img":{"alt_text":"","src":"https:\/\/i0.wp.com\/www.jornalja.com.br\/geral\/wp-content\/uploads\/sites\/4\/2021\/04\/auxilio-emergencial-caixa-1510202277.jpg?resize=350%2C200&ssl=1","width":350,"height":200},"classes":[]},{"id":83758,"url":"https:\/\/www.jornalja.com.br\/geral\/76-milhoes-recebem-a-segunda-parcela-do-auxilio-emergencial\/","url_meta":{"origin":87626,"position":2},"title":"7,6 milh\u00f5es recebem a segunda parcela do aux\u00edlio emergencial","author":"da Reda\u00e7\u00e3o","date":"26 de maio de 2020","format":false,"excerpt":"Nesta ter\u00e7a, 26, a Caixa Econ\u00f4mica Federal (CEF) credita novos lotes do Aux\u00edlio Emergencial, tanto da primeira parcela, para novos aprovados, quanto da segunda, para quem recebeu a anterior at\u00e9 30 de abril. Ao todo, o benef\u00edcio ser\u00e1 pago a 7,6 milh\u00f5es de trabalhadores, segundo o banco. Com os pagamentos\u2026","rel":"","context":"Em &quot;Geral-MAT\u00c9RIA&quot;","block_context":{"text":"Geral-MAT\u00c9RIA","link":"https:\/\/www.jornalja.com.br\/geral\/category\/geral\/"},"img":{"alt_text":"","src":"","width":0,"height":0},"classes":[]},{"id":90873,"url":"https:\/\/www.jornalja.com.br\/geral\/decreto-que-regulamenta-auxilio-brasil-entrou-em-vigor-antes-da-aprovacao-dos-recursos\/","url_meta":{"origin":87626,"position":3},"title":"Decreto que regulamenta Aux\u00edlio Brasil entrou em vigor antes da aprova\u00e7\u00e3o dos recursos","author":"da Reda\u00e7\u00e3o","date":"10 de novembro de 2021","format":false,"excerpt":"O decreto que regulamenta o Aux\u00edlio Brasil entrou em vigor antes que a C\u00e2mara Federal aprovasse a PEC dos Precat\u00f3rios, que garante os R$ 81,9 bilh\u00f5es para custear o programa e ainda ter\u00e1 que passar pelo Senado. Publicado em edi\u00e7\u00e3o extra do Di\u00e1rio Oficial,\u00a0 noite de segunda feira (8),o\u00a0 decreto\u2026","rel":"","context":"Em &quot;Geral-MAT\u00c9RIA&quot;","block_context":{"text":"Geral-MAT\u00c9RIA","link":"https:\/\/www.jornalja.com.br\/geral\/category\/geral\/"},"img":{"alt_text":"","src":"https:\/\/i0.wp.com\/www.jornalja.com.br\/geral\/wp-content\/uploads\/sites\/4\/2021\/11\/camara-aprova-pec-dos-precatorios.jpg?resize=350%2C200&ssl=1","width":350,"height":200,"srcset":"https:\/\/i0.wp.com\/www.jornalja.com.br\/geral\/wp-content\/uploads\/sites\/4\/2021\/11\/camara-aprova-pec-dos-precatorios.jpg?resize=350%2C200&ssl=1 1x, https:\/\/i0.wp.com\/www.jornalja.com.br\/geral\/wp-content\/uploads\/sites\/4\/2021\/11\/camara-aprova-pec-dos-precatorios.jpg?resize=525%2C300&ssl=1 1.5x, https:\/\/i0.wp.com\/www.jornalja.com.br\/geral\/wp-content\/uploads\/sites\/4\/2021\/11\/camara-aprova-pec-dos-precatorios.jpg?resize=700%2C400&ssl=1 2x"},"classes":[]},{"id":91074,"url":"https:\/\/www.jornalja.com.br\/geral\/familias-de-baixa-renda-terao-auxilio-para-compra-de-gas-de-cozinha\/","url_meta":{"origin":87626,"position":4},"title":"Familias de baixa renda ter\u00e3o auxilio para compra de g\u00e1s de cozinha","author":"da Reda\u00e7\u00e3o","date":"22 de novembro de 2021","format":false,"excerpt":"O presidente sancionou\u00a0 nesta segunda-feira, 22,\u00a0 a lei que cria o chamado \u201cVale G\u00e1s\u201d, para fam\u00edlias de baixa renda. O pre\u00e7o m\u00e9dio do botij\u00e3o de g\u00e1s de cozinha \u00e9 de R$ 102,52, de acordo com \u00faltima pesquisa semanal divulgada pela Ag\u00eancia Nacional do Petr\u00f3leo(ANP). Os benefici\u00e1rios receber\u00e3o, a cada dois\u2026","rel":"","context":"Em &quot;Geral-NOTAS&quot;","block_context":{"text":"Geral-NOTAS","link":"https:\/\/www.jornalja.com.br\/geral\/category\/geral-notas\/"},"img":{"alt_text":"","src":"","width":0,"height":0},"classes":[]},{"id":100106,"url":"https:\/\/www.jornalja.com.br\/geral\/dmae-renegocia-dividas-em-mais-tres-mutiroes-descontos-podem-chegar-a-90\/","url_meta":{"origin":87626,"position":5},"title":"DMAE renegocia d\u00edvidas em mais tr\u00eas mutir\u00f5es: descontos podem chegar \u00e0 90%","author":"da Reda\u00e7\u00e3o","date":"27 de outubro de 2025","format":false,"excerpt":"Prosseguem os mutir\u00f5es de renegocia\u00e7\u00e3o de dividas promovidos pelo Departamento Municipal de \u00c1gua e Esgotos (Dmae), \u00e0s v\u00e9speras da privatiza\u00e7ao j\u00e1 autorizada pela C\u00e2mara Municipal. Nesta semana ser\u00e3o tr\u00eas mutir\u00f5es na Zona Norte. A iniciativa, realizada em parceria com as subprefeituras, oferece \u00e0 popula\u00e7\u00e3o a oportunidade de regularizar contas de\u2026","rel":"","context":"Em &quot;Geral-MAT\u00c9RIA&quot;","block_context":{"text":"Geral-MAT\u00c9RIA","link":"https:\/\/www.jornalja.com.br\/geral\/category\/geral\/"},"img":{"alt_text":"","src":"https:\/\/i0.wp.com\/www.jornalja.com.br\/geral\/wp-content\/uploads\/sites\/4\/2025\/10\/dmae-renegocia-dividas.jpeg?resize=350%2C200&ssl=1","width":350,"height":200,"srcset":"https:\/\/i0.wp.com\/www.jornalja.com.br\/geral\/wp-content\/uploads\/sites\/4\/2025\/10\/dmae-renegocia-dividas.jpeg?resize=350%2C200&ssl=1 1x, https:\/\/i0.wp.com\/www.jornalja.com.br\/geral\/wp-content\/uploads\/sites\/4\/2025\/10\/dmae-renegocia-dividas.jpeg?resize=525%2C300&ssl=1 1.5x, https:\/\/i0.wp.com\/www.jornalja.com.br\/geral\/wp-content\/uploads\/sites\/4\/2025\/10\/dmae-renegocia-dividas.jpeg?resize=700%2C400&ssl=1 2x"},"classes":[]}],"jetpack_sharing_enabled":true,"_links":{"self":[{"href":"https:\/\/www.jornalja.com.br\/geral\/wp-json\/wp\/v2\/posts\/87626","targetHints":{"allow":["GET"]}}],"collection":[{"href":"https:\/\/www.jornalja.com.br\/geral\/wp-json\/wp\/v2\/posts"}],"about":[{"href":"https:\/\/www.jornalja.com.br\/geral\/wp-json\/wp\/v2\/types\/post"}],"author":[{"embeddable":true,"href":"https:\/\/www.jornalja.com.br\/geral\/wp-json\/wp\/v2\/users\/15"}],"replies":[{"embeddable":true,"href":"https:\/\/www.jornalja.com.br\/geral\/wp-json\/wp\/v2\/comments?post=87626"}],"version-history":[{"count":5,"href":"https:\/\/www.jornalja.com.br\/geral\/wp-json\/wp\/v2\/posts\/87626\/revisions"}],"predecessor-version":[{"id":87637,"href":"https:\/\/www.jornalja.com.br\/geral\/wp-json\/wp\/v2\/posts\/87626\/revisions\/87637"}],"wp:attachment":[{"href":"https:\/\/www.jornalja.com.br\/geral\/wp-json\/wp\/v2\/media?parent=87626"}],"wp:term":[{"taxonomy":"category","embeddable":true,"href":"https:\/\/www.jornalja.com.br\/geral\/wp-json\/wp\/v2\/categories?post=87626"},{"taxonomy":"post_tag","embeddable":true,"href":"https:\/\/www.jornalja.com.br\/geral\/wp-json\/wp\/v2\/tags?post=87626"}],"curies":[{"name":"wp","href":"https:\/\/api.w.org\/{rel}","templated":true}]}}