{"id":87718,"date":"2021-04-22T14:51:44","date_gmt":"2021-04-22T17:51:44","guid":{"rendered":"https:\/\/www.jornalja.com.br\/geral\/?p=87718"},"modified":"2021-04-22T14:51:44","modified_gmt":"2021-04-22T17:51:44","slug":"conjuntura-politica-em-debate-na-estacao-democracia-o-que-podem-os-prefeitos","status":"publish","type":"post","link":"https:\/\/www.jornalja.com.br\/geral\/conjuntura-politica-em-debate-na-estacao-democracia-o-que-podem-os-prefeitos\/","title":{"rendered":"Conjuntura pol\u00edtica em debate na Esta\u00e7\u00e3o Democracia. O que podem os prefeitos?"},"content":{"rendered":"<figure id=\"attachment_87719\" aria-describedby=\"caption-attachment-87719\" style=\"width: 840px\" class=\"wp-caption aligncenter\"><img decoding=\"async\" data-attachment-id=\"87719\" data-permalink=\"https:\/\/www.jornalja.com.br\/geral\/conjuntura-politica-em-debate-na-estacao-democracia-o-que-podem-os-prefeitos\/52e71598-2c68-4d3a-82f6-b084701e9d33\/\" data-orig-file=\"https:\/\/www.jornalja.com.br\/geral\/wp-content\/uploads\/sites\/4\/2021\/04\/52e71598-2c68-4d3a-82f6-b084701e9d33.jpg\" data-orig-size=\"1215,1215\" data-comments-opened=\"1\" data-image-meta=\"{&quot;aperture&quot;:&quot;0&quot;,&quot;credit&quot;:&quot;&quot;,&quot;camera&quot;:&quot;&quot;,&quot;caption&quot;:&quot;&quot;,&quot;created_timestamp&quot;:&quot;0&quot;,&quot;copyright&quot;:&quot;&quot;,&quot;focal_length&quot;:&quot;0&quot;,&quot;iso&quot;:&quot;0&quot;,&quot;shutter_speed&quot;:&quot;0&quot;,&quot;title&quot;:&quot;&quot;,&quot;orientation&quot;:&quot;0&quot;}\" data-image-title=\"52e71598-2c68-4d3a-82f6-b084701e9d33\" data-image-description=\"\" data-image-caption=\"&lt;p&gt;Reprodu\u00e7\u00e3o &lt;\/p&gt;\n\" data-large-file=\"https:\/\/www.jornalja.com.br\/geral\/wp-content\/uploads\/sites\/4\/2021\/04\/52e71598-2c68-4d3a-82f6-b084701e9d33-900x900.jpg\" class=\"size-large wp-image-87719\" src=\"https:\/\/www.jornalja.com.br\/geral\/wp-content\/uploads\/sites\/4\/2021\/04\/52e71598-2c68-4d3a-82f6-b084701e9d33-900x900.jpg\" alt=\"\" width=\"840\" height=\"840\" srcset=\"https:\/\/www.jornalja.com.br\/geral\/wp-content\/uploads\/sites\/4\/2021\/04\/52e71598-2c68-4d3a-82f6-b084701e9d33-900x900.jpg 900w, https:\/\/www.jornalja.com.br\/geral\/wp-content\/uploads\/sites\/4\/2021\/04\/52e71598-2c68-4d3a-82f6-b084701e9d33-450x450.jpg 450w, https:\/\/www.jornalja.com.br\/geral\/wp-content\/uploads\/sites\/4\/2021\/04\/52e71598-2c68-4d3a-82f6-b084701e9d33-250x250.jpg 250w, https:\/\/www.jornalja.com.br\/geral\/wp-content\/uploads\/sites\/4\/2021\/04\/52e71598-2c68-4d3a-82f6-b084701e9d33-768x768.jpg 768w, https:\/\/www.jornalja.com.br\/geral\/wp-content\/uploads\/sites\/4\/2021\/04\/52e71598-2c68-4d3a-82f6-b084701e9d33-1200x1200.jpg 1200w, https:\/\/www.jornalja.com.br\/geral\/wp-content\/uploads\/sites\/4\/2021\/04\/52e71598-2c68-4d3a-82f6-b084701e9d33.jpg 1215w\" sizes=\"(max-width: 840px) 100vw, 840px\" \/><figcaption id=\"caption-attachment-87719\" class=\"wp-caption-text\">Reprodu\u00e7\u00e3o<\/figcaption><\/figure>\n<p>O debate conta com a participa\u00e7\u00e3o de Ary Vanazzi (PT) prefeito de S\u00e3o Leopoldo e presidente da Associa\u00e7\u00e3o Brasileira de Munic\u00edpios, Jairo Jorge (PSD) prefeito de Canoas e vice-presidente de Rela\u00e7\u00f5es Internacionais da Frente Nacional de Prefeitos, e Miki Breier (PSB), prefeito de Cachoeirinha.<\/p>\n<p>A apresenta\u00e7\u00e3o ser\u00e1 feita por Marlise Fernandes e Benedito Tadeu C\u00e9sar, com transmiss\u00e3o de diversos ve\u00edculos de comunica\u00e7\u00e3o, como a Rede Soberania, Jornal Brasil de Fato RS, Jornal J\u00e1 Porto Alegre e Jornal O Coletivo.<\/p>\n<p>Al\u00e9m da conjuntura pol\u00edtica, e iniciativas e limites dos munic\u00edpios para enfrentar a pandemia.<\/p>\n<p>A transmiss\u00e3o ocorre \u00e0s 18h, o link de acesso \u00e9: <a href=\"https:\/\/estacaodemocracia.com\/\">https:\/\/estacaodemocracia.com\/<\/a><\/p>\n","protected":false},"excerpt":{"rendered":"<p>O debate conta com a participa\u00e7\u00e3o de Ary Vanazzi (PT) prefeito de S\u00e3o Leopoldo e presidente da Associa\u00e7\u00e3o Brasileira de Munic\u00edpios, Jairo Jorge (PSD) prefeito de Canoas e vice-presidente de Rela\u00e7\u00f5es Internacionais da Frente Nacional de Prefeitos, e Miki Breier (PSB), prefeito de Cachoeirinha. A apresenta\u00e7\u00e3o ser\u00e1 feita por Marlise Fernandes e Benedito Tadeu C\u00e9sar, [&hellip;]<\/p>\n","protected":false},"author":15,"featured_media":0,"comment_status":"open","ping_status":"open","sticky":false,"template":"","format":"standard","meta":{"jetpack_post_was_ever_published":false,"_jetpack_newsletter_access":"","_jetpack_dont_email_post_to_subs":false,"_jetpack_newsletter_tier_id":0,"_jetpack_memberships_contains_paywalled_content":false,"_jetpack_memberships_contains_paid_content":false,"footnotes":"","jetpack_publicize_message":"","jetpack_publicize_feature_enabled":true,"jetpack_social_post_already_shared":true,"jetpack_social_options":{"image_generator_settings":{"template":"highway","default_image_id":0,"font":"","enabled":false},"version":2}},"categories":[28],"tags":[],"class_list":["post-87718","post","type-post","status-publish","format-standard","hentry","category-geral-notas"],"aioseo_notices":[],"jetpack_publicize_connections":[],"jetpack_featured_media_url":"","jetpack_shortlink":"https:\/\/wp.me\/pbKhrD-mOO","jetpack-related-posts":[{"id":101113,"url":"https:\/\/www.jornalja.com.br\/geral\/chefe-do-mp-rs-plano-diretor-de-porto-alegre-e-mais-voltado-para-construcao-que-para-prevenir-enchentes\/","url_meta":{"origin":87718,"position":0},"title":"Chefe do MP-RS: \u201cPlano Diretor de Porto Alegre \u00e9 mais voltado para constru\u00e7\u00e3o que para prevenir enchentes&#8221;","author":"da Reda\u00e7\u00e3o","date":"21 de abril de 2026","format":false,"excerpt":"O projeto do novo Plano Diretor de Porto Alegre, que tramita h\u00e1 mais de ano e est\u00e1 em fase final de vota\u00e7\u00e3o na C\u00e2mara Municipal, tem indicativos de aprova\u00e7\u00e3o, pela for\u00e7a da maioria que o prefeito Sebasti\u00e3o Melo tem no legislativo. J\u00e1, estudos do Minist\u00e9rio P\u00fablico apontam \"falhas jur\u00eddicas\" no\u2026","rel":"","context":"Em &quot;Geral-MAT\u00c9RIA&quot;","block_context":{"text":"Geral-MAT\u00c9RIA","link":"https:\/\/www.jornalja.com.br\/geral\/category\/geral\/"},"img":{"alt_text":"","src":"https:\/\/i0.wp.com\/www.jornalja.com.br\/geral\/wp-content\/uploads\/sites\/4\/2026\/04\/whatsapp-image-2026-04-01-at-164602-1536x1023-1.jpeg?resize=350%2C200&ssl=1","width":350,"height":200,"srcset":"https:\/\/i0.wp.com\/www.jornalja.com.br\/geral\/wp-content\/uploads\/sites\/4\/2026\/04\/whatsapp-image-2026-04-01-at-164602-1536x1023-1.jpeg?resize=350%2C200&ssl=1 1x, https:\/\/i0.wp.com\/www.jornalja.com.br\/geral\/wp-content\/uploads\/sites\/4\/2026\/04\/whatsapp-image-2026-04-01-at-164602-1536x1023-1.jpeg?resize=525%2C300&ssl=1 1.5x, https:\/\/i0.wp.com\/www.jornalja.com.br\/geral\/wp-content\/uploads\/sites\/4\/2026\/04\/whatsapp-image-2026-04-01-at-164602-1536x1023-1.jpeg?resize=700%2C400&ssl=1 2x, https:\/\/i0.wp.com\/www.jornalja.com.br\/geral\/wp-content\/uploads\/sites\/4\/2026\/04\/whatsapp-image-2026-04-01-at-164602-1536x1023-1.jpeg?resize=1050%2C600&ssl=1 3x, https:\/\/i0.wp.com\/www.jornalja.com.br\/geral\/wp-content\/uploads\/sites\/4\/2026\/04\/whatsapp-image-2026-04-01-at-164602-1536x1023-1.jpeg?resize=1400%2C800&ssl=1 4x"},"classes":[]},{"id":100670,"url":"https:\/\/www.jornalja.com.br\/geral\/chega-a-300-cidades-o-movimento-iniciado-em-minneapolis-jornal-fala-em-colapso-de-trump\/","url_meta":{"origin":87718,"position":1},"title":"Chega a 300 cidades o movimento iniciado em Minneapolis; jornal fala em &#8220;Colapso de Trump&#8221;","author":"da Reda\u00e7\u00e3o","date":"3 de fevereiro de 2026","format":false,"excerpt":"Pelo terceiro dia consecutivo manifestantes foram \u00e0s ruas nos Estados Unidos em protesto contra a pol\u00edcia de Donald Trump para a imigra\u00e7\u00e3o. Mais de 300 atos e manifesta\u00e7\u00f5es foram registrados em todos os 50 estados e no Distrito de Columbia,\u00a0 neste domingo, 1\u00ba de fevereiro de 2026. \u201cICE Out\" \u00e9\u00a0\u2026","rel":"","context":"Em &quot;Geral-MAT\u00c9RIA&quot;","block_context":{"text":"Geral-MAT\u00c9RIA","link":"https:\/\/www.jornalja.com.br\/geral\/category\/geral\/"},"img":{"alt_text":"","src":"https:\/\/i0.wp.com\/www.jornalja.com.br\/geral\/wp-content\/uploads\/sites\/4\/2026\/02\/nyt-eua-em-colapso-450x301.png?resize=350%2C200&ssl=1","width":350,"height":200,"srcset":"https:\/\/i0.wp.com\/www.jornalja.com.br\/geral\/wp-content\/uploads\/sites\/4\/2026\/02\/nyt-eua-em-colapso-450x301.png?resize=350%2C200&ssl=1 1x, https:\/\/i0.wp.com\/www.jornalja.com.br\/geral\/wp-content\/uploads\/sites\/4\/2026\/02\/nyt-eua-em-colapso-450x301.png?resize=525%2C300&ssl=1 1.5x, https:\/\/i0.wp.com\/www.jornalja.com.br\/geral\/wp-content\/uploads\/sites\/4\/2026\/02\/nyt-eua-em-colapso-450x301.png?resize=700%2C400&ssl=1 2x"},"classes":[]},{"id":85216,"url":"https:\/\/www.jornalja.com.br\/geral\/confira-a-transmissao-do-debate-governo-bolsonaro-crise-permanente-e-ameaca-de-autogolpe\/","url_meta":{"origin":87718,"position":2},"title":"Confira a transmiss\u00e3o do debate &#8220;Governo Bolsonaro: crise permanente e amea\u00e7a de autogolpe&#8221;","author":"da Reda\u00e7\u00e3o","date":"6 de maio de 2020","format":false,"excerpt":"Confira a transmiss\u00e3o clicando aqui. A edi\u00e7\u00e3o de maio dos \u201cDebates Mensais Sobre Conjuntura Econ\u00f4mica\u201d, que ocorre a partir das 18 horas de sexta-feira, dia 8 de maio e ter\u00e1 transmiss\u00e3o pelos canais do Comit\u00ea em Defesa da Democracia e do Estado Democr\u00e1tico de Direito (Facebook e Youtube) e tamb\u00e9m\u2026","rel":"","context":"Em &quot;Geral-NOTAS&quot;","block_context":{"text":"Geral-NOTAS","link":"https:\/\/www.jornalja.com.br\/geral\/category\/geral-notas\/"},"img":{"alt_text":"Cartaz_comite_debate","src":"https:\/\/i0.wp.com\/www.jornalja.com.br\/wp-content\/uploads\/2020\/05\/comite_cartaz_maio-350x350.jpg?resize=350%2C200&ssl=1","width":350,"height":200},"classes":[]},{"id":101014,"url":"https:\/\/www.jornalja.com.br\/geral\/porto-alegre-avanca-na-votacao-do-plano-diretor-sob-criticas-de-fatiamento-e-riscos-climaticos\/","url_meta":{"origin":87718,"position":3},"title":"Porto Alegre avan\u00e7a na vota\u00e7\u00e3o do Plano Diretor sob cr\u00edticas de \u201cfatiamento\u201d e riscos clim\u00e1ticos","author":"da Reda\u00e7\u00e3o","date":"5 de abril de 2026","format":false,"excerpt":"A C\u00e2mara Municipal de Porto Alegre entrou na fase final da revis\u00e3o do Plano Diretor. Ap\u00f3s meses de impasse, um acordo entre a base do prefeito Sebasti\u00e3o Melo (MDB) e a oposi\u00e7\u00e3o acelerou a vota\u00e7\u00e3o de mais de 200 emendas. A expectativa \u00e9 que o texto final seja apreciado ainda\u2026","rel":"","context":"Em &quot;Geral-MAT\u00c9RIA&quot;","block_context":{"text":"Geral-MAT\u00c9RIA","link":"https:\/\/www.jornalja.com.br\/geral\/category\/geral\/"},"img":{"alt_text":"","src":"https:\/\/i0.wp.com\/www.jornalja.com.br\/geral\/wp-content\/uploads\/sites\/4\/2026\/04\/ede-5907-foto-ederson-nunescmpa.jpg?resize=350%2C200&ssl=1","width":350,"height":200,"srcset":"https:\/\/i0.wp.com\/www.jornalja.com.br\/geral\/wp-content\/uploads\/sites\/4\/2026\/04\/ede-5907-foto-ederson-nunescmpa.jpg?resize=350%2C200&ssl=1 1x, https:\/\/i0.wp.com\/www.jornalja.com.br\/geral\/wp-content\/uploads\/sites\/4\/2026\/04\/ede-5907-foto-ederson-nunescmpa.jpg?resize=525%2C300&ssl=1 1.5x, https:\/\/i0.wp.com\/www.jornalja.com.br\/geral\/wp-content\/uploads\/sites\/4\/2026\/04\/ede-5907-foto-ederson-nunescmpa.jpg?resize=700%2C400&ssl=1 2x, https:\/\/i0.wp.com\/www.jornalja.com.br\/geral\/wp-content\/uploads\/sites\/4\/2026\/04\/ede-5907-foto-ederson-nunescmpa.jpg?resize=1050%2C600&ssl=1 3x, https:\/\/i0.wp.com\/www.jornalja.com.br\/geral\/wp-content\/uploads\/sites\/4\/2026\/04\/ede-5907-foto-ederson-nunescmpa.jpg?resize=1400%2C800&ssl=1 4x"},"classes":[]},{"id":85218,"url":"https:\/\/www.jornalja.com.br\/geral\/celso-amorim-e-aldo-rebelo-participam-do-debate-sobre-a-questao-militar-no-brasil\/","url_meta":{"origin":87718,"position":4},"title":"Celso Amorim e  Aldo Rebelo participam do debate sobre a quest\u00e3o militar no Brasil","author":"da Reda\u00e7\u00e3o","date":"21 de maio de 2020","format":false,"excerpt":"Confira como foi a transmiss\u00e3o do debate clicando aqui. \"A Quest\u00e3o Militar no Brasil Hoje\" ser\u00e1 o tema de mais uma edi\u00e7\u00e3o dos Debates Mensais sobre Conjuntura Pol\u00edtica do Comit\u00ea em Defesa da Democracia e do Estado Democr\u00e1tico de Direito, evento que ser\u00e1 realizado na pr\u00f3xima sexta-feira, dia 22 de\u2026","rel":"","context":"Em &quot;Geral-NOTAS&quot;","block_context":{"text":"Geral-NOTAS","link":"https:\/\/www.jornalja.com.br\/geral\/category\/geral-notas\/"},"img":{"alt_text":"","src":"https:\/\/i0.wp.com\/www.jornalja.com.br\/wp-content\/uploads\/2020\/05\/comite_22052020-350x350.jpg?resize=350%2C200&ssl=1","width":350,"height":200},"classes":[]},{"id":101078,"url":"https:\/\/www.jornalja.com.br\/geral\/como-foi-costurado-o-acordo-que-fez-o-pt-apoiar-juliana-brizola\/","url_meta":{"origin":87718,"position":5},"title":"Como foi costurado o acordo que fez o PT apoiar Juliana Brizola","author":"da Reda\u00e7\u00e3o","date":"17 de abril de 2026","format":false,"excerpt":"O PDT foi o partido que mais perdeu representantes na \u201cjanela partid\u00e1ria\u201d que fechou em 3 de abril. Tinha tr\u00eas senadores, ficou com dois. Tinha 17 deputados federais, caiu para 11. Perdeu tamb\u00e9m 9 dos 43 deputados estaduais que elegeu em 2022. No \u00e2mbito municipal, o PDT tem prefeitos em\u2026","rel":"","context":"Em &quot;Geral-MAT\u00c9RIA&quot;","block_context":{"text":"Geral-MAT\u00c9RIA","link":"https:\/\/www.jornalja.com.br\/geral\/category\/geral\/"},"img":{"alt_text":"","src":"https:\/\/www.jornalja.com.br\/geral\/wp-content\/uploads\/sites\/4\/2026\/04\/pdt-lupi-juliana-e-lula.avif","width":350,"height":200,"srcset":"https:\/\/www.jornalja.com.br\/geral\/wp-content\/uploads\/sites\/4\/2026\/04\/pdt-lupi-juliana-e-lula.avif 1x, https:\/\/www.jornalja.com.br\/geral\/wp-content\/uploads\/sites\/4\/2026\/04\/pdt-lupi-juliana-e-lula.avif 1.5x, https:\/\/www.jornalja.com.br\/geral\/wp-content\/uploads\/sites\/4\/2026\/04\/pdt-lupi-juliana-e-lula.avif 2x"},"classes":[]}],"jetpack_sharing_enabled":true,"_links":{"self":[{"href":"https:\/\/www.jornalja.com.br\/geral\/wp-json\/wp\/v2\/posts\/87718","targetHints":{"allow":["GET"]}}],"collection":[{"href":"https:\/\/www.jornalja.com.br\/geral\/wp-json\/wp\/v2\/posts"}],"about":[{"href":"https:\/\/www.jornalja.com.br\/geral\/wp-json\/wp\/v2\/types\/post"}],"author":[{"embeddable":true,"href":"https:\/\/www.jornalja.com.br\/geral\/wp-json\/wp\/v2\/users\/15"}],"replies":[{"embeddable":true,"href":"https:\/\/www.jornalja.com.br\/geral\/wp-json\/wp\/v2\/comments?post=87718"}],"version-history":[{"count":3,"href":"https:\/\/www.jornalja.com.br\/geral\/wp-json\/wp\/v2\/posts\/87718\/revisions"}],"predecessor-version":[{"id":87722,"href":"https:\/\/www.jornalja.com.br\/geral\/wp-json\/wp\/v2\/posts\/87718\/revisions\/87722"}],"wp:attachment":[{"href":"https:\/\/www.jornalja.com.br\/geral\/wp-json\/wp\/v2\/media?parent=87718"}],"wp:term":[{"taxonomy":"category","embeddable":true,"href":"https:\/\/www.jornalja.com.br\/geral\/wp-json\/wp\/v2\/categories?post=87718"},{"taxonomy":"post_tag","embeddable":true,"href":"https:\/\/www.jornalja.com.br\/geral\/wp-json\/wp\/v2\/tags?post=87718"}],"curies":[{"name":"wp","href":"https:\/\/api.w.org\/{rel}","templated":true}]}}