{"id":87793,"date":"2021-05-05T13:54:47","date_gmt":"2021-05-05T16:54:47","guid":{"rendered":"https:\/\/www.jornalja.com.br\/geral\/?p=87793"},"modified":"2021-05-10T07:53:58","modified_gmt":"2021-05-10T10:53:58","slug":"pacote-de-ajuda-americana-incluiu-cloroquina-a-pedido-do-governo-brasileiro","status":"publish","type":"post","link":"https:\/\/www.jornalja.com.br\/geral\/pacote-de-ajuda-americana-incluiu-cloroquina-a-pedido-do-governo-brasileiro\/","title":{"rendered":"A pedido do governo brasileiro, metade da ajuda americana para combate \u00e0 covid veio em cloroquina"},"content":{"rendered":"<p>No dia 4 de julho de 202O, o embaixador dos Estados Unidos,\u00a0 Todd Chappman, disse em entrevista \u00e0 r\u00e1dio Ga\u00facha que o lote de Hidroxicloroquina inclu\u00eddo no pacote da ajuda americana ao combate da covod 19 no Brasil, atendeu a \u201cum pedido do governo brasileiro\u201d.<\/p>\n<p>Segundo Chappmann, j\u00e1 tinham sido entregues 2 milh\u00f5es de doses do medicamento ao minist\u00e9rio da Sa\u00fade, al\u00e9m de respiradores, outros equipamentos e doa\u00e7\u00f5es para institutos de pesquisas, num total que chegou a 12,5 milh\u00f5es de d\u00f3lares.<\/p>\n<p>A cloroquina, segundo o embaixador, representou metade do valor doado ao Brasil pelo governo dos EUA, para ajudar no combate \u00e0 pandemia.<\/p>\n<p>A insist\u00eancia na indica\u00e7\u00e3o da Hidroxicloroquina para tratamento da Covid est\u00e1 se tornando um dos pontos mais cr\u00edticos para o presidente Jair Bolsonaro na CPI da Covid, em andamento no Senado.<\/p>\n<p>O primeiro a depor na CPI,\u00a0 ex-ministro da Sa\u00fade,\u00a0 Henrique Mandetta\u00a0 revelou que Bolsonaro pressionou para incluir na bula do medicamento, originalmente usado para combate \u00e0 mal\u00e1ria, sua indica\u00e7\u00e3o para tratamento precoce da Covid.<\/p>\n<p>O segundo a depor, o ex-ministro\u00a0 Nelson Teich disse em seu depoimento nesta ter\u00e7a-feira que a insist\u00eancia de Bolsonaro com a Cloroquina foi uma das raz\u00f5es do seu pedido de demiss\u00e3o, com apenas um m\u00eas no cargo.<\/p>\n<p>O tratamento precoce \u00e0 base de cloroquina \u00e9 questionado cada vez mais pelas autoridades m\u00e9dicas no mundo inteiro &#8211; pela falta de comprova\u00e7\u00e3o da efic\u00e1cia e pelos efeitos colaterais, que podem levar \u00e0 morte.<\/p>\n<p>Est\u00e1 comprovado que a cloroquina pode alterar o ritmo dos batimentos card\u00edacos, o que em pessoas com predisposi\u00e7\u00e3o pode ser fatal.<\/p>\n<p>&nbsp;<\/p>\n","protected":false},"excerpt":{"rendered":"<p>No dia 4 de julho de 202O, o embaixador dos Estados Unidos,\u00a0 Todd Chappman, disse em entrevista \u00e0 r\u00e1dio Ga\u00facha que o lote de Hidroxicloroquina inclu\u00eddo no pacote da ajuda americana ao combate da covod 19 no Brasil, atendeu a \u201cum pedido do governo brasileiro\u201d. Segundo Chappmann, j\u00e1 tinham sido entregues 2 milh\u00f5es de doses [&hellip;]<\/p>\n","protected":false},"author":4,"featured_media":87796,"comment_status":"open","ping_status":"open","sticky":false,"template":"","format":"standard","meta":{"jetpack_post_was_ever_published":false,"_jetpack_newsletter_access":"","_jetpack_dont_email_post_to_subs":false,"_jetpack_newsletter_tier_id":0,"_jetpack_memberships_contains_paywalled_content":false,"_jetpack_memberships_contains_paid_content":false,"footnotes":"","jetpack_publicize_message":"","jetpack_publicize_feature_enabled":true,"jetpack_social_post_already_shared":true,"jetpack_social_options":{"image_generator_settings":{"template":"highway","default_image_id":0,"font":"","enabled":false},"version":2}},"categories":[2],"tags":[],"class_list":["post-87793","post","type-post","status-publish","format-standard","has-post-thumbnail","hentry","category-geral"],"aioseo_notices":[],"jetpack_publicize_connections":[],"jetpack_featured_media_url":"https:\/\/www.jornalja.com.br\/geral\/wp-content\/uploads\/sites\/4\/2021\/05\/bolsonaro-mostra-cloroquina-na-tv.jpg","jetpack_shortlink":"https:\/\/wp.me\/pbKhrD-mQ1","jetpack-related-posts":[{"id":83935,"url":"https:\/\/www.jornalja.com.br\/geral\/pacote-de-ajuda-dos-eua-incluiu-cloroquina-a-pedido-do-governo-brasileiro\/","url_meta":{"origin":87793,"position":0},"title":"Pacote de ajuda dos EUA incluiu cloroquina a pedido do governo brasileiro","author":"da Reda\u00e7\u00e3o","date":"3 de junho de 2020","format":false,"excerpt":"O embaixador dos Estados Unidos,\u00a0 Todd Chappman, disse em entrevista \u00e0 r\u00e1dio Ga\u00facha nesta manh\u00e3 de quarta-feira, 4, que o lote de hidroxicloroquina inclu\u00eddo no pacote da ajuda americana ao combate da codiv 19 no Brasil, atendeu a \"um pedido do governo brasileiro\". Segundo a embaixada americana, j\u00e1 foram entregues\u2026","rel":"","context":"Em &quot;Geral-MAT\u00c9RIA&quot;","block_context":{"text":"Geral-MAT\u00c9RIA","link":"https:\/\/www.jornalja.com.br\/geral\/category\/geral\/"},"img":{"alt_text":"","src":"https:\/\/i0.wp.com\/www.jornalja.com.br\/geral\/wp-content\/uploads\/sites\/4\/2020\/06\/Cloroquina-nao-tem-efeito-colateral-afirma-Bolsonaro.jpeg?resize=350%2C200&ssl=1","width":350,"height":200,"srcset":"https:\/\/i0.wp.com\/www.jornalja.com.br\/geral\/wp-content\/uploads\/sites\/4\/2020\/06\/Cloroquina-nao-tem-efeito-colateral-afirma-Bolsonaro.jpeg?resize=350%2C200&ssl=1 1x, https:\/\/i0.wp.com\/www.jornalja.com.br\/geral\/wp-content\/uploads\/sites\/4\/2020\/06\/Cloroquina-nao-tem-efeito-colateral-afirma-Bolsonaro.jpeg?resize=525%2C300&ssl=1 1.5x, https:\/\/i0.wp.com\/www.jornalja.com.br\/geral\/wp-content\/uploads\/sites\/4\/2020\/06\/Cloroquina-nao-tem-efeito-colateral-afirma-Bolsonaro.jpeg?resize=700%2C400&ssl=1 2x"},"classes":[]},{"id":83767,"url":"https:\/\/www.jornalja.com.br\/geral\/oms-suspende-testes-mas-ministerio-da-saude-insiste-no-uso-da-cloroquina\/","url_meta":{"origin":87793,"position":1},"title":"Minist\u00e9rio da Sa\u00fade contraria OMS e mant\u00e9m orienta\u00e7\u00e3o para uso da cloroquina","author":"da Reda\u00e7\u00e3o","date":"26 de maio de 2020","format":false,"excerpt":"O Minist\u00e9rio da Sa\u00fade informou nesta segunda-feira que o governo federal vai manter as orienta\u00e7\u00f5es para o uso da cloroquina no tratamento da Covid 19, apesar a decis\u00e3o da Organiza\u00e7\u00e3o Mundial da Sa\u00fade, a OMS, que interrompeu testagens com a droga. Mayra Pinheiro, secret\u00e1ria de Gest\u00e3o do Trabalho e da\u2026","rel":"","context":"Em &quot;Geral-MAT\u00c9RIA&quot;","block_context":{"text":"Geral-MAT\u00c9RIA","link":"https:\/\/www.jornalja.com.br\/geral\/category\/geral\/"},"img":{"alt_text":"","src":"https:\/\/i0.wp.com\/www.jornalja.com.br\/geral\/wp-content\/uploads\/sites\/4\/2020\/05\/Cloroquina-nao-tem-efeito-colateral-afirma-Bolsonaro.jpeg?resize=350%2C200&ssl=1","width":350,"height":200,"srcset":"https:\/\/i0.wp.com\/www.jornalja.com.br\/geral\/wp-content\/uploads\/sites\/4\/2020\/05\/Cloroquina-nao-tem-efeito-colateral-afirma-Bolsonaro.jpeg?resize=350%2C200&ssl=1 1x, https:\/\/i0.wp.com\/www.jornalja.com.br\/geral\/wp-content\/uploads\/sites\/4\/2020\/05\/Cloroquina-nao-tem-efeito-colateral-afirma-Bolsonaro.jpeg?resize=525%2C300&ssl=1 1.5x, https:\/\/i0.wp.com\/www.jornalja.com.br\/geral\/wp-content\/uploads\/sites\/4\/2020\/05\/Cloroquina-nao-tem-efeito-colateral-afirma-Bolsonaro.jpeg?resize=700%2C400&ssl=1 2x"},"classes":[]},{"id":83793,"url":"https:\/\/www.jornalja.com.br\/geral\/franca-revoga-decreto-que-autorizava-o-uso-da-cloroquina-no-tratamento-da-covid\/","url_meta":{"origin":87793,"position":2},"title":"Fran\u00e7a revoga decreto que autorizava o uso da cloroquina no tratamento da Covid","author":"da Reda\u00e7\u00e3o","date":"27 de maio de 2020","format":false,"excerpt":"O decreto que permitiu o uso da hidroxicloroquina no combate ao Covid-19 na Fran\u00e7a foi revogado, por um novo decreto publicado nesta quarta-feira, 27 de maio. A medida se baseia num parecer emitido no dia anterior pelo Conselho Superior de Sa\u00fade P\u00fablica (HCSP) e foi tomada pelo Ministro da Sa\u00fade,\u2026","rel":"","context":"Em &quot;Geral-MAT\u00c9RIA&quot;","block_context":{"text":"Geral-MAT\u00c9RIA","link":"https:\/\/www.jornalja.com.br\/geral\/category\/geral\/"},"img":{"alt_text":"","src":"https:\/\/i0.wp.com\/www.jornalja.com.br\/geral\/wp-content\/uploads\/sites\/4\/2020\/05\/Cloroquina-nao-tem-efeito-colateral-afirma-Bolsonaro.jpeg?resize=350%2C200&ssl=1","width":350,"height":200,"srcset":"https:\/\/i0.wp.com\/www.jornalja.com.br\/geral\/wp-content\/uploads\/sites\/4\/2020\/05\/Cloroquina-nao-tem-efeito-colateral-afirma-Bolsonaro.jpeg?resize=350%2C200&ssl=1 1x, https:\/\/i0.wp.com\/www.jornalja.com.br\/geral\/wp-content\/uploads\/sites\/4\/2020\/05\/Cloroquina-nao-tem-efeito-colateral-afirma-Bolsonaro.jpeg?resize=525%2C300&ssl=1 1.5x, https:\/\/i0.wp.com\/www.jornalja.com.br\/geral\/wp-content\/uploads\/sites\/4\/2020\/05\/Cloroquina-nao-tem-efeito-colateral-afirma-Bolsonaro.jpeg?resize=700%2C400&ssl=1 2x"},"classes":[]},{"id":83874,"url":"https:\/\/www.jornalja.com.br\/geral\/ajuda-americana-foca-no-combate-a-covid-19-na-amazonia\/","url_meta":{"origin":87793,"position":3},"title":"Ajuda americana foca no combate a covid-19 na Amaz\u00f4nia","author":"da Reda\u00e7\u00e3o","date":"31 de maio de 2020","format":false,"excerpt":"Os Estados Unidos anunciaram, na sexta-feira 29, o repasse de mais US$ 6 milh\u00f5es (aproximadamente R$ 32 milh\u00f5es) para atividades emergenciais em sa\u00fade, \u00e1gua, saneamento e higiene e para mitigar os impactos da COVID-19 na sa\u00fade no Brasil. Os novos recursos do governo dos EUA totalizam, at\u00e9 o momento, mais\u2026","rel":"","context":"Em &quot;Geral-NOTAS&quot;","block_context":{"text":"Geral-NOTAS","link":"https:\/\/www.jornalja.com.br\/geral\/category\/geral-notas\/"},"img":{"alt_text":"","src":"","width":0,"height":0},"classes":[]},{"id":87891,"url":"https:\/\/www.jornalja.com.br\/geral\/ministerio-publico-de-contas-quer-investigar-compra-do-kit-covid-por-prefeituras\/","url_meta":{"origin":87793,"position":4},"title":"Minist\u00e9rio P\u00fablico de Contas quer investigar compra do &#8220;kit-Covid&#8221; por prefeituras","author":"Cleber Dioni Tentardini","date":"13 de maio de 2021","format":false,"excerpt":"Em janeiro deste ano, o prefeito de Porto Alegre Sebasti\u00e3o Melo anunciou que iria disponibilizar medicamentos \u00e0 rede municipal de sa\u00fade para tratamento precoce de pacientes com Covid-19. Estavam inclu\u00eddos 25 mil doses de hidroxicloroquina, fornecidos gratuitamente pelo Minist\u00e9rio da Sa\u00fade, al\u00e9m de azitromicina, ivermectina e vitamina A + D,\u2026","rel":"","context":"Em &quot;Geral-MAT\u00c9RIA&quot;","block_context":{"text":"Geral-MAT\u00c9RIA","link":"https:\/\/www.jornalja.com.br\/geral\/category\/geral\/"},"img":{"alt_text":"","src":"https:\/\/i0.wp.com\/www.jornalja.com.br\/geral\/wp-content\/uploads\/sites\/4\/2021\/05\/kit-covid-16122020164956586.jpeg?resize=350%2C200&ssl=1","width":350,"height":200,"srcset":"https:\/\/i0.wp.com\/www.jornalja.com.br\/geral\/wp-content\/uploads\/sites\/4\/2021\/05\/kit-covid-16122020164956586.jpeg?resize=350%2C200&ssl=1 1x, https:\/\/i0.wp.com\/www.jornalja.com.br\/geral\/wp-content\/uploads\/sites\/4\/2021\/05\/kit-covid-16122020164956586.jpeg?resize=525%2C300&ssl=1 1.5x, https:\/\/i0.wp.com\/www.jornalja.com.br\/geral\/wp-content\/uploads\/sites\/4\/2021\/05\/kit-covid-16122020164956586.jpeg?resize=700%2C400&ssl=1 2x"},"classes":[]},{"id":83702,"url":"https:\/\/www.jornalja.com.br\/geral\/cloroquina-causa-mais-uma-baixa-no-ministerio-da-saude-secretario-pediu-demissao\/","url_meta":{"origin":87793,"position":5},"title":"Cloroquina causa mais uma baixa no Minist\u00e9rio da Sa\u00fade: secret\u00e1rio pediu demiss\u00e3o","author":"da Reda\u00e7\u00e3o","date":"22 de maio de 2020","format":false,"excerpt":"A pol\u00eamica em torno da cloroquina causou mais uma baixa no Minist\u00e9rio da Sa\u00fade do governo Bolsonaro. Por discordar do novo protocolo para uso do medicamento no tratamento da Covid 19, o secret\u00e1rio de Ci\u00eancia, Tecnologia, Inova\u00e7\u00e3o e Insumos Estrat\u00e9gicos em Sa\u00fade do Minist\u00e9rio da Sa\u00fade, Antonio Carlos Campos de\u2026","rel":"","context":"Em &quot;Geral-NOTAS&quot;","block_context":{"text":"Geral-NOTAS","link":"https:\/\/www.jornalja.com.br\/geral\/category\/geral-notas\/"},"img":{"alt_text":"","src":"","width":0,"height":0},"classes":[]}],"jetpack_sharing_enabled":true,"_links":{"self":[{"href":"https:\/\/www.jornalja.com.br\/geral\/wp-json\/wp\/v2\/posts\/87793","targetHints":{"allow":["GET"]}}],"collection":[{"href":"https:\/\/www.jornalja.com.br\/geral\/wp-json\/wp\/v2\/posts"}],"about":[{"href":"https:\/\/www.jornalja.com.br\/geral\/wp-json\/wp\/v2\/types\/post"}],"author":[{"embeddable":true,"href":"https:\/\/www.jornalja.com.br\/geral\/wp-json\/wp\/v2\/users\/4"}],"replies":[{"embeddable":true,"href":"https:\/\/www.jornalja.com.br\/geral\/wp-json\/wp\/v2\/comments?post=87793"}],"version-history":[{"count":3,"href":"https:\/\/www.jornalja.com.br\/geral\/wp-json\/wp\/v2\/posts\/87793\/revisions"}],"predecessor-version":[{"id":87799,"href":"https:\/\/www.jornalja.com.br\/geral\/wp-json\/wp\/v2\/posts\/87793\/revisions\/87799"}],"wp:featuredmedia":[{"embeddable":true,"href":"https:\/\/www.jornalja.com.br\/geral\/wp-json\/wp\/v2\/media\/87796"}],"wp:attachment":[{"href":"https:\/\/www.jornalja.com.br\/geral\/wp-json\/wp\/v2\/media?parent=87793"}],"wp:term":[{"taxonomy":"category","embeddable":true,"href":"https:\/\/www.jornalja.com.br\/geral\/wp-json\/wp\/v2\/categories?post=87793"},{"taxonomy":"post_tag","embeddable":true,"href":"https:\/\/www.jornalja.com.br\/geral\/wp-json\/wp\/v2\/tags?post=87793"}],"curies":[{"name":"wp","href":"https:\/\/api.w.org\/{rel}","templated":true}]}}