{"id":88038,"date":"2021-05-28T17:31:42","date_gmt":"2021-05-28T20:31:42","guid":{"rendered":"https:\/\/www.jornalja.com.br\/geral\/?p=88038"},"modified":"2021-05-28T17:31:42","modified_gmt":"2021-05-28T20:31:42","slug":"covid-saude-amplia-lista-de-doencas-que-dao-prioridade-na-vacinacao","status":"publish","type":"post","link":"https:\/\/www.jornalja.com.br\/geral\/covid-saude-amplia-lista-de-doencas-que-dao-prioridade-na-vacinacao\/","title":{"rendered":"Covid: Sa\u00fade amplia lista de doen\u00e7as que d\u00e3o prioridade na vacina\u00e7\u00e3o"},"content":{"rendered":"<p>Novas doen\u00e7as cr\u00f4nicas foram inclu\u00eddas na lista de comorbidades, que garantem a seus portadores prioridade na vacina\u00e7\u00e3o contra a Covid-19.<\/p>\n<p>A primeira dose da vacina para aqueles que t\u00eam quaisquer das doen\u00e7as listadas ser\u00e1 oferecida mediante a apresenta\u00e7\u00e3o de laudos m\u00e9dicos, documento com foto e CPF, comprovante de resid\u00eancia.<\/p>\n<p>A abaixo a lista de comorbidades divulgada pela Prefeitura de Porto Alegre, e tamb\u00e9m os locais de vacina\u00e7\u00e3o.<\/p>\n<p>Lista de comorbidades: https:\/\/prefeitura.poa.br\/sites\/default\/files\/usu_doc\/noticias\/2021\/05\/27\/Quadro_Comorbidades27mai21.pdf<\/p>\n<p>Endere\u00e7os para primeira dose da vacina\u00e7\u00e3o:<br \/>\nUS Bel\u00e9m Novo &#8211; Rua Flor\u00eancio Farias,195 &#8211; Bairro Bel\u00e9m Novo<br \/>\nCl\u00ednica da Fam\u00edlia \u00c1lvaro Difini &#8211; Rua \u00c1lvaro Difini, 520 &#8211; Bairro Restinga<br \/>\nUS Morro Santana &#8211; Rua Marieta Menna Barreto, 210 &#8211; Bairro Prot\u00e1sio Alves<br \/>\nCentro de Sa\u00fade Santa Marta &#8211; Rua Capit\u00e3o Montanha, 27 &#8211; Bairro Centro Hist\u00f3rico<br \/>\nCentro de Sa\u00fade Modelo &#8211; Avenida Jer\u00f4nimo de Ornelas, 55 &#8211; Bairro Santana<br \/>\nUS Santa Cec\u00edlia &#8211; Rua S\u00e3o Manoel, 543 &#8211; Bairro Santa Cec\u00edlia<br \/>\nCentro de Sa\u00fade IAPI &#8211; Rua Tr\u00eas de Abril, 90 &#8211; Bairro Passo da Areia<br \/>\nUS Gl\u00f3ria &#8211; Avenida Oscar Pereira, 3229 &#8211; Gl\u00f3ria<br \/>\nUS Moab Caldas &#8211; Avenida Moab Caldas, 400 &#8211; Bairro Santa Tereza<br \/>\nUS Camaqu\u00e3- Rua Professor Dr. Pitta Pinheiro Filho, 176 &#8211; Bairro Camaqu\u00e3<br \/>\nUS S\u00e3o Carlos &#8211; Avenida Bento Gon\u00e7alves, 6670 &#8211; Bairro Partenon<br \/>\nUS Rubem Berta &#8211; Rua Wolfram Metzler, 675 &#8211; Bairro Rubem Berta<\/p>\n<p><em>Fonte: Prefeitura de Porto Alegre\u00a0<\/em><\/p>\n","protected":false},"excerpt":{"rendered":"<p>Novas doen\u00e7as cr\u00f4nicas foram inclu\u00eddas na lista de comorbidades, que garantem a seus portadores prioridade na vacina\u00e7\u00e3o contra a Covid-19. A primeira dose da vacina para aqueles que t\u00eam quaisquer das doen\u00e7as listadas ser\u00e1 oferecida mediante a apresenta\u00e7\u00e3o de laudos m\u00e9dicos, documento com foto e CPF, comprovante de resid\u00eancia. A abaixo a lista de comorbidades [&hellip;]<\/p>\n","protected":false},"author":15,"featured_media":0,"comment_status":"open","ping_status":"open","sticky":false,"template":"","format":"standard","meta":{"jetpack_post_was_ever_published":false,"_jetpack_newsletter_access":"","_jetpack_dont_email_post_to_subs":false,"_jetpack_newsletter_tier_id":0,"_jetpack_memberships_contains_paywalled_content":false,"_jetpack_memberships_contains_paid_content":false,"footnotes":"","jetpack_publicize_message":"","jetpack_publicize_feature_enabled":true,"jetpack_social_post_already_shared":true,"jetpack_social_options":{"image_generator_settings":{"template":"highway","default_image_id":0,"font":"","enabled":false},"version":2}},"categories":[28],"tags":[],"class_list":["post-88038","post","type-post","status-publish","format-standard","hentry","category-geral-notas"],"aioseo_notices":[],"jetpack_publicize_connections":[],"jetpack_featured_media_url":"","jetpack_shortlink":"https:\/\/wp.me\/pbKhrD-mTY","jetpack-related-posts":[{"id":88188,"url":"https:\/\/www.jornalja.com.br\/geral\/comeca-hoje-a-vacinacao-de-pessoas-com-57-anos-e-profissionais-do-ensino-medio-estadual\/","url_meta":{"origin":88038,"position":0},"title":"Come\u00e7a hoje a vacina\u00e7\u00e3o de pessoas com 57 anos e profissionais do ensino m\u00e9dio","author":"Guilherme Hagel","date":"8 de junho de 2021","format":false,"excerpt":"Nesta ter\u00e7a-feira (8) ser\u00e3o disponibilizadas vacinas para a Covid-19 aos homens e mulheres com 57 anos sem comorbidades ou professores e profissionais do ensino m\u00e9dio estadual. Continuar\u00e1 ocorrendo a vacina\u00e7\u00e3o de professores das redes de escolas privadas e municipais de ensino fundamental e b\u00e1sico, professores de ensino infantil, portadores de\u2026","rel":"","context":"Em &quot;Geral-NOTAS&quot;","block_context":{"text":"Geral-NOTAS","link":"https:\/\/www.jornalja.com.br\/geral\/category\/geral-notas\/"},"img":{"alt_text":"","src":"","width":0,"height":0},"classes":[]},{"id":94555,"url":"https:\/\/www.jornalja.com.br\/geral\/covid-em-porto-alegre-confira-a-vacinacao-em-criancas-e-adultos\/","url_meta":{"origin":88038,"position":1},"title":"Covid em Porto Alegre: confira a vacina\u00e7\u00e3o em crian\u00e7as e adultos","author":"da Reda\u00e7\u00e3o","date":"18 de dezembro de 2022","format":false,"excerpt":"A Secretaria Municipal de Sa\u00fade (SMS) prossegue nesta segunda-feira, 19, com a vacina\u00e7\u00e3o contra Covid-19 de beb\u00eas a partir de seis meses at\u00e9 menores de 3 anos com comorbidades. A vacina pedi\u00e1trica Pfizer baby estar\u00e1 dispon\u00edvel em dez unidades de sa\u00fade (Santa Marta, Tristeza, Primeiro de Maio, \u00c1lvaro Difini, Navegantes,\u2026","rel":"","context":"Em &quot;Geral-NOTAS&quot;","block_context":{"text":"Geral-NOTAS","link":"https:\/\/www.jornalja.com.br\/geral\/category\/geral-notas\/"},"img":{"alt_text":"","src":"","width":0,"height":0},"classes":[]},{"id":87350,"url":"https:\/\/www.jornalja.com.br\/geral\/vacinacao-de-idosos-na-faixa-dos-79-em-porto-alegre-veja-os-locais\/","url_meta":{"origin":88038,"position":2},"title":"Vacina\u00e7\u00e3o de idosos na faixa dos 79 anos em Porto Alegre; veja os locais","author":"da Reda\u00e7\u00e3o","date":"8 de mar\u00e7o de 2021","format":false,"excerpt":"Idosos na faixa dos 79 anos ser\u00e3o vacinados contra a Covid-19 \u00a0nesta segunda-feira, 8, em Porto Alegre. Tamb\u00e9m recebem a segunda dose profissionais da sa\u00fade cujas primeiras doses foram no dia 6 de fevereiro. Segundo a Secretaria Municipal de Sa\u00fade (SMS), 117.764 porto-alegrenses j\u00e1 receberam a primeira dose das vacinas,\u2026","rel":"","context":"Em &quot;Geral-NOTAS&quot;","block_context":{"text":"Geral-NOTAS","link":"https:\/\/www.jornalja.com.br\/geral\/category\/geral-notas\/"},"img":{"alt_text":"","src":"","width":0,"height":0},"classes":[]},{"id":89558,"url":"https:\/\/www.jornalja.com.br\/geral\/porto-alegre-ultrapassa-600-mil-pessoas-com-vacinacao-completa-contra-covid\/","url_meta":{"origin":88038,"position":3},"title":"Porto Alegre ultrapassa 600 mil pessoas com vacina\u00e7\u00e3o completa contra covid","author":"da Reda\u00e7\u00e3o","date":"26 de agosto de 2021","format":false,"excerpt":"Porto Alegre atingiu na quarta-feira a marca de 600 mil pessoas vacinadas com as duas doses ou dose \u00fanica. A informa\u00e7\u00e3o est\u00e1 no site. At\u00e9 o inicio da manh\u00e3 desta quinta-feira estavam registrados\u00a0 616.670 mil pessoas com esquema vacinal completo, o que representa 54,6% da popula\u00e7\u00e3o. Foram 993.175 mil aplica\u00e7\u00f5es\u2026","rel":"","context":"Em &quot;Geral-MAT\u00c9RIA&quot;","block_context":{"text":"Geral-MAT\u00c9RIA","link":"https:\/\/www.jornalja.com.br\/geral\/category\/geral\/"},"img":{"alt_text":"","src":"https:\/\/i0.wp.com\/www.jornalja.com.br\/geral\/wp-content\/uploads\/sites\/4\/2021\/08\/210825-cristinerochol-vacinacaocovid-sms-077.jpg?resize=350%2C200&ssl=1","width":350,"height":200,"srcset":"https:\/\/i0.wp.com\/www.jornalja.com.br\/geral\/wp-content\/uploads\/sites\/4\/2021\/08\/210825-cristinerochol-vacinacaocovid-sms-077.jpg?resize=350%2C200&ssl=1 1x, https:\/\/i0.wp.com\/www.jornalja.com.br\/geral\/wp-content\/uploads\/sites\/4\/2021\/08\/210825-cristinerochol-vacinacaocovid-sms-077.jpg?resize=525%2C300&ssl=1 1.5x, https:\/\/i0.wp.com\/www.jornalja.com.br\/geral\/wp-content\/uploads\/sites\/4\/2021\/08\/210825-cristinerochol-vacinacaocovid-sms-077.jpg?resize=700%2C400&ssl=1 2x"},"classes":[]},{"id":98575,"url":"https:\/\/www.jornalja.com.br\/geral\/dengue-em-porto-alegre-1-900-casos-este-ano-e-tres-variantes-do-mosquito-identificadas\/","url_meta":{"origin":88038,"position":4},"title":"Dengue em Porto Alegre: 1.900 casos este ano, um \u00f3bito e tr\u00eas variantes do mosquito identificadas","author":"da Reda\u00e7\u00e3o","date":"27 de mar\u00e7o de 2025","format":false,"excerpt":"Porto Alegre tem 1.892 casos confirmados de dengue, com um \u00f3bito registrado em 2025 (at\u00e9 22 de mar\u00e7o), segundo o \u00faltimo boletim epidemiol\u00f3gico da Secreteria Municipal da Sa\u00fade. Tem tamb\u00e9m um caso (importado, com infec\u00e7\u00e3o fora da Capital) no mesmo per\u00edodo. Ambas as doen\u00e7as se enquadram na categoria das \"arboviroses\".\u2026","rel":"","context":"Em &quot;Geral-MAT\u00c9RIA&quot;","block_context":{"text":"Geral-MAT\u00c9RIA","link":"https:\/\/www.jornalja.com.br\/geral\/category\/geral\/"},"img":{"alt_text":"","src":"https:\/\/i0.wp.com\/www.jornalja.com.br\/geral\/wp-content\/uploads\/sites\/4\/2022\/04\/dengue-atualizada.jpg?resize=350%2C200&ssl=1","width":350,"height":200},"classes":[]},{"id":89918,"url":"https:\/\/www.jornalja.com.br\/geral\/covid-19-vacinacao-em-porto-alegre-sera-em-hotel-e-feirao-de-empregos-no-fim-de-semana\/","url_meta":{"origin":88038,"position":5},"title":"Covid-19: veja os pontos de vacina\u00e7\u00e3o em Porto Alegre no fim de semana","author":"da Reda\u00e7\u00e3o","date":"10 de setembro de 2021","format":false,"excerpt":"A vacina\u00e7\u00e3o contra a Covid-19 ser\u00e1 mantida para todos os porto-alegrenses com 18 anos ou mais neste fim de semana. No s\u00e1bado, 11, e domingo, 12, a\u00a0 popula\u00e7\u00e3o adulta pode buscar os locais de vacina\u00e7\u00e3o para receber a primeira e segunda dose do imunizante. Haver\u00e1 esquema especial de vacina\u00e7\u00e3o no\u2026","rel":"","context":"Em &quot;Geral-NOTAS&quot;","block_context":{"text":"Geral-NOTAS","link":"https:\/\/www.jornalja.com.br\/geral\/category\/geral-notas\/"},"img":{"alt_text":"","src":"","width":0,"height":0},"classes":[]}],"jetpack_sharing_enabled":true,"_links":{"self":[{"href":"https:\/\/www.jornalja.com.br\/geral\/wp-json\/wp\/v2\/posts\/88038","targetHints":{"allow":["GET"]}}],"collection":[{"href":"https:\/\/www.jornalja.com.br\/geral\/wp-json\/wp\/v2\/posts"}],"about":[{"href":"https:\/\/www.jornalja.com.br\/geral\/wp-json\/wp\/v2\/types\/post"}],"author":[{"embeddable":true,"href":"https:\/\/www.jornalja.com.br\/geral\/wp-json\/wp\/v2\/users\/15"}],"replies":[{"embeddable":true,"href":"https:\/\/www.jornalja.com.br\/geral\/wp-json\/wp\/v2\/comments?post=88038"}],"version-history":[{"count":5,"href":"https:\/\/www.jornalja.com.br\/geral\/wp-json\/wp\/v2\/posts\/88038\/revisions"}],"predecessor-version":[{"id":88043,"href":"https:\/\/www.jornalja.com.br\/geral\/wp-json\/wp\/v2\/posts\/88038\/revisions\/88043"}],"wp:attachment":[{"href":"https:\/\/www.jornalja.com.br\/geral\/wp-json\/wp\/v2\/media?parent=88038"}],"wp:term":[{"taxonomy":"category","embeddable":true,"href":"https:\/\/www.jornalja.com.br\/geral\/wp-json\/wp\/v2\/categories?post=88038"},{"taxonomy":"post_tag","embeddable":true,"href":"https:\/\/www.jornalja.com.br\/geral\/wp-json\/wp\/v2\/tags?post=88038"}],"curies":[{"name":"wp","href":"https:\/\/api.w.org\/{rel}","templated":true}]}}