{"id":88150,"date":"2021-06-03T01:50:30","date_gmt":"2021-06-03T04:50:30","guid":{"rendered":"https:\/\/www.jornalja.com.br\/geral\/?p=88150"},"modified":"2021-06-03T08:10:04","modified_gmt":"2021-06-03T11:10:04","slug":"brique-da-redencao-vai-funcionar-neste-feriado","status":"publish","type":"post","link":"https:\/\/www.jornalja.com.br\/geral\/brique-da-redencao-vai-funcionar-neste-feriado\/","title":{"rendered":"Brique da Reden\u00e7\u00e3o vai funcionar neste feriado"},"content":{"rendered":"<p>Estar\u00e3o abertos ao p\u00fablico neste feriado de Corpus Christi, quinta-feira(3), o Brique da Reden\u00e7\u00e3o e Brique de s\u00e1bado, o hor\u00e1rio de funcionamento ser\u00e1 das 9h \u00e0s 17h, localizado na avenida Jos\u00e9 Bonif\u00e1cio.<\/p>\n<p>A feira \u00e9 uma realiza\u00e7\u00e3o dos artes\u00e3os e feirantes em conjunto com a Secretaria Municipal de Desenvolvimento e Turismo (SMDET), de acordo com a SMDET o principal motiva\u00e7\u00e3o para a realiza\u00e7\u00e3o da feira \u00e9 o fomento econ\u00f4mico, pois devido a pandemia os empreendedores tiveram de interromper temporariamente suas atividades.<\/p>\n<p>Segundo a Coordena\u00e7\u00e3o de Fomento da Smdet, a decis\u00e3o de realizar a feira no feriado tem como principal motiva\u00e7\u00e3o auxiliar os empreendedores, que foram prejudicados com a crise causada pelo Corona v\u00edrus. \u201cSabemos que os expositores foram prejudicados pela pandemia e enfrentam dificuldades financeiras. O feriado \u00e9 uma \u00f3tima oportunidade, pois muitas pessoas n\u00e3o estar\u00e3o trabalhando e poder\u00e3o visitar a feira com mais tempo. Al\u00e9m disso, refor\u00e7amos a import\u00e2ncia dos cuidados sanit\u00e1rios para que tudo ocorra bem\u201d, destaca o coordenador Oscar Peliciolli em entrevista \u00e0 Prefeitura de Porto Alegre.<\/p>\n<p>Fonte: Tha\u00edsa Rossa e Andrea Brasil<\/p>\n","protected":false},"excerpt":{"rendered":"<p>Estar\u00e3o abertos ao p\u00fablico neste feriado de Corpus Christi, quinta-feira(3), o Brique da Reden\u00e7\u00e3o e Brique de s\u00e1bado, o hor\u00e1rio de funcionamento ser\u00e1 das 9h \u00e0s 17h, localizado na avenida Jos\u00e9 Bonif\u00e1cio. A feira \u00e9 uma realiza\u00e7\u00e3o dos artes\u00e3os e feirantes em conjunto com a Secretaria Municipal de Desenvolvimento e Turismo (SMDET), de acordo com [&hellip;]<\/p>\n","protected":false},"author":15,"featured_media":0,"comment_status":"open","ping_status":"open","sticky":false,"template":"","format":"standard","meta":{"jetpack_post_was_ever_published":false,"_jetpack_newsletter_access":"","_jetpack_dont_email_post_to_subs":false,"_jetpack_newsletter_tier_id":0,"_jetpack_memberships_contains_paywalled_content":false,"_jetpack_memberships_contains_paid_content":false,"footnotes":"","jetpack_publicize_message":"","jetpack_publicize_feature_enabled":true,"jetpack_social_post_already_shared":true,"jetpack_social_options":{"image_generator_settings":{"template":"highway","default_image_id":0,"font":"","enabled":false},"version":2}},"categories":[28],"tags":[],"class_list":["post-88150","post","type-post","status-publish","format-standard","hentry","category-geral-notas"],"aioseo_notices":[],"jetpack_publicize_connections":[],"jetpack_featured_media_url":"","jetpack_shortlink":"https:\/\/wp.me\/pbKhrD-mVM","jetpack-related-posts":[{"id":95148,"url":"https:\/\/www.jornalja.com.br\/geral\/desfiles-e-apresentacoes-em-dois-domingos-para-marcar-os-45-anos-do-brique-da-redencao\/","url_meta":{"origin":88150,"position":0},"title":"Desfiles e apresenta\u00e7\u00f5es em dois domingos para marcar os 45 anos do Brique da Reden\u00e7\u00e3o","author":"da Reda\u00e7\u00e3o","date":"19 de mar\u00e7o de 2023","format":false,"excerpt":"Nos pr\u00f3ximos domingos, 19 e 26 de mar\u00e7o, o Brique da Reden\u00e7\u00e3o apresenta sua programa\u00e7\u00e3o comemorativa dos 45 anos da feira. As festividades s\u00e3o abertas ao p\u00fablico e gratuitas. No dia 19 est\u00e3o previstas homenagens, apresenta\u00e7\u00f5es musicais e de dan\u00e7a das 10h30 \u00e0s 15h. J\u00e1 no dia 26 acontece o\u2026","rel":"","context":"Em &quot;Geral-MAT\u00c9RIA&quot;","block_context":{"text":"Geral-MAT\u00c9RIA","link":"https:\/\/www.jornalja.com.br\/geral\/category\/geral\/"},"img":{"alt_text":"","src":"https:\/\/i0.wp.com\/www.jornalja.com.br\/geral\/wp-content\/uploads\/sites\/4\/2023\/03\/brique-da-redencao.jpg?resize=350%2C200&ssl=1","width":350,"height":200},"classes":[]},{"id":85057,"url":"https:\/\/www.jornalja.com.br\/geral\/decreto-autoriza-volta-das-feiras-em-porto-alegre\/","url_meta":{"origin":88150,"position":1},"title":"Decreto autoriza volta das feiras em Porto Alegre","author":"da Reda\u00e7\u00e3o","date":"27 de agosto de 2020","format":false,"excerpt":"Ainda que a pandemia do novo coronav\u00edrus n\u00e3o esteja controlada, a Prefeitura de Porto Alegre alterou o Decreto 20.625, de 23 de junho, permitindo a realiza\u00e7\u00e3o das feiras fixas, artesanatos e hortifrutigranjeiros. Publicado no Di\u00e1rio Oficial de Porto Alegre (Dopa) nesta quinta-feira, 27, o decreto prev\u00ea novas regras, a partir\u2026","rel":"","context":"Em &quot;Geral-NOTAS&quot;","block_context":{"text":"Geral-NOTAS","link":"https:\/\/www.jornalja.com.br\/geral\/category\/geral-notas\/"},"img":{"alt_text":"","src":"","width":0,"height":0},"classes":[]},{"id":76090,"url":"https:\/\/www.jornalja.com.br\/geral\/aprovada-criacao-de-feira-e-brique-na-praca-zeferino-brasil\/","url_meta":{"origin":88150,"position":2},"title":"Aprovada cria\u00e7\u00e3o de Feira e Brique na Pra\u00e7a Zeferino Brasil","author":"Carlos Matsubara","date":"8 de agosto de 2019","format":false,"excerpt":"A C\u00e2mara Municipal aprovou, na tarde desta quarta-feira (7\/8), o projeto que cria a Feira de Artesanato, Artes Culin\u00e1rias, Economia Popular e Brique \u2013 Feira e Brique da Pra\u00e7a Zeferino Brasil, localizada no bairro Gl\u00f3ria, em Porto Alegre. A inciativa \u00e9 do vereador Andr\u00e9 Car\u00fas (MDB). De acordo com o\u2026","rel":"","context":"Em &quot;Geral-MAT\u00c9RIA&quot;","block_context":{"text":"Geral-MAT\u00c9RIA","link":"https:\/\/www.jornalja.com.br\/geral\/category\/geral\/"},"img":{"alt_text":"","src":"https:\/\/i0.wp.com\/www.jornalja.com.br\/wp-content\/uploads\/2019\/08\/c%C3%A2mara-450x206.jpg?resize=350%2C200&ssl=1","width":350,"height":200},"classes":[]},{"id":80281,"url":"https:\/\/www.jornalja.com.br\/geral\/ano-tera-onze-feriados-nacionais\/","url_meta":{"origin":88150,"position":3},"title":"Ano ter\u00e1 onze feriados nacionais","author":"da Reda\u00e7\u00e3o","date":"2 de janeiro de 2020","format":false,"excerpt":"Dos 12 feriados nacionais em 2020, onze caem em dias de semana e dez podem ser emendados com s\u00e1bados e domingos. A lista n\u00e3o inclui os feriados estaduais e feriados municipais. As exce\u00e7\u00f5es aos feriados colados ao fim de semana s\u00e3o 1\u00ba de janeiro (Confraterniza\u00e7\u00e3o Universal), caindo em uma quarta-feira;\u2026","rel":"","context":"Em &quot;Geral-MAT\u00c9RIA&quot;","block_context":{"text":"Geral-MAT\u00c9RIA","link":"https:\/\/www.jornalja.com.br\/geral\/category\/geral\/"},"img":{"alt_text":"","src":"","width":0,"height":0},"classes":[]},{"id":88972,"url":"https:\/\/www.jornalja.com.br\/geral\/melo-anuncia-reducao-de-iss-por-15-anos-para-estimular-setor-de-eventos\/","url_meta":{"origin":88150,"position":4},"title":"Melo anuncia redu\u00e7\u00e3o de ISS por 15 anos para estimular setor de eventos","author":"da Reda\u00e7\u00e3o","date":"27 de julho de 2021","format":false,"excerpt":"O prefeito Sebasti\u00e3o Melo, acompanhado do vice Ricardo Gomes, foi \u00e0 Associa\u00e7\u00e3o Comercial de Porto Alegre, nesta ter\u00e7a-feira, anunciar o pacote de medidas para incentivar e recuperar o setor de eventos que foi um dos mais prejudicados durante a pandemia. Diante de empres\u00e1rios e pessoas ligadas ao segmento, o secret\u00e1rio\u2026","rel":"","context":"Em &quot;Geral-MAT\u00c9RIA&quot;","block_context":{"text":"Geral-MAT\u00c9RIA","link":"https:\/\/www.jornalja.com.br\/geral\/category\/geral\/"},"img":{"alt_text":"","src":"https:\/\/i0.wp.com\/www.jornalja.com.br\/geral\/wp-content\/uploads\/sites\/4\/2021\/07\/210727-mateus-raugust-pmpa-022.jpg?resize=350%2C200&ssl=1","width":350,"height":200,"srcset":"https:\/\/i0.wp.com\/www.jornalja.com.br\/geral\/wp-content\/uploads\/sites\/4\/2021\/07\/210727-mateus-raugust-pmpa-022.jpg?resize=350%2C200&ssl=1 1x, https:\/\/i0.wp.com\/www.jornalja.com.br\/geral\/wp-content\/uploads\/sites\/4\/2021\/07\/210727-mateus-raugust-pmpa-022.jpg?resize=525%2C300&ssl=1 1.5x, https:\/\/i0.wp.com\/www.jornalja.com.br\/geral\/wp-content\/uploads\/sites\/4\/2021\/07\/210727-mateus-raugust-pmpa-022.jpg?resize=700%2C400&ssl=1 2x"},"classes":[]},{"id":91546,"url":"https:\/\/www.jornalja.com.br\/geral\/ano-sem-feriadao-2022-tera-apenas-uma-data-que-emenda-com-fim-de-semana\/","url_meta":{"origin":88150,"position":5},"title":"Ano sem feriad\u00e3o: 2022 ter\u00e1 apenas uma data que emenda com fim de semana","author":"da Reda\u00e7\u00e3o","date":"7 de janeiro de 2022","format":false,"excerpt":"O ano de 2022 ter\u00e1 apenas um feriado nacional prolongado, a Paix\u00e3o de Cristo, dia\u00a015 de abril, que tradicionalmente cai em uma sexta-feira, podendo ser emendado com o fim de semana. Isso sem considerar os feriados estaduais e municipais e festejos como o carnaval, que \u00e9 ponto facultativo (algumas cidades\u2026","rel":"","context":"Em &quot;Geral-NOTAS&quot;","block_context":{"text":"Geral-NOTAS","link":"https:\/\/www.jornalja.com.br\/geral\/category\/geral-notas\/"},"img":{"alt_text":"","src":"https:\/\/i0.wp.com\/www.jornalja.com.br\/geral\/wp-content\/uploads\/sites\/4\/2022\/01\/feriados-em-2022-324x450.png?resize=350%2C200&ssl=1","width":350,"height":200},"classes":[]}],"jetpack_sharing_enabled":true,"_links":{"self":[{"href":"https:\/\/www.jornalja.com.br\/geral\/wp-json\/wp\/v2\/posts\/88150","targetHints":{"allow":["GET"]}}],"collection":[{"href":"https:\/\/www.jornalja.com.br\/geral\/wp-json\/wp\/v2\/posts"}],"about":[{"href":"https:\/\/www.jornalja.com.br\/geral\/wp-json\/wp\/v2\/types\/post"}],"author":[{"embeddable":true,"href":"https:\/\/www.jornalja.com.br\/geral\/wp-json\/wp\/v2\/users\/15"}],"replies":[{"embeddable":true,"href":"https:\/\/www.jornalja.com.br\/geral\/wp-json\/wp\/v2\/comments?post=88150"}],"version-history":[{"count":1,"href":"https:\/\/www.jornalja.com.br\/geral\/wp-json\/wp\/v2\/posts\/88150\/revisions"}],"predecessor-version":[{"id":88151,"href":"https:\/\/www.jornalja.com.br\/geral\/wp-json\/wp\/v2\/posts\/88150\/revisions\/88151"}],"wp:attachment":[{"href":"https:\/\/www.jornalja.com.br\/geral\/wp-json\/wp\/v2\/media?parent=88150"}],"wp:term":[{"taxonomy":"category","embeddable":true,"href":"https:\/\/www.jornalja.com.br\/geral\/wp-json\/wp\/v2\/categories?post=88150"},{"taxonomy":"post_tag","embeddable":true,"href":"https:\/\/www.jornalja.com.br\/geral\/wp-json\/wp\/v2\/tags?post=88150"}],"curies":[{"name":"wp","href":"https:\/\/api.w.org\/{rel}","templated":true}]}}