{"id":88240,"date":"2021-06-09T12:55:57","date_gmt":"2021-06-09T15:55:57","guid":{"rendered":"https:\/\/www.jornalja.com.br\/geral\/?p=88240"},"modified":"2021-06-09T12:56:27","modified_gmt":"2021-06-09T15:56:27","slug":"garis-de-empresa-terceirizada-paralisam-coleta-de-lixo-em-38-bairros-de-porto-alegre","status":"publish","type":"post","link":"https:\/\/www.jornalja.com.br\/geral\/garis-de-empresa-terceirizada-paralisam-coleta-de-lixo-em-38-bairros-de-porto-alegre\/","title":{"rendered":"Garis de empresa terceirizada paralisam coleta de lixo em 38 bairros de Porto Alegre"},"content":{"rendered":"<p>Servidores, em sua maioria imigrantes haitianos e senegaleses, reclamam o pagamento de benef\u00edcios, regulariza\u00e7\u00e3o de f\u00e9rias e falta de manuten\u00e7\u00e3o nos caminh\u00f5es utilizados no servi\u00e7o.<\/p>\n<p>Na ter\u00e7a (8), eles paralisaram a coleta de lixo e na manh\u00e3 desta quarta fizeram um protesto na frente da empresa B. A, Ambiente, terceirizada que presta servi\u00e7o ao Departamento Municipal de Limpeza Urbana (DMLU).<\/p>\n<p>A Prefeitura de Porto Alegre pediu a media\u00e7\u00e3o do Minist\u00e9rio P\u00fablico do Trabalho (MPT), na negocia\u00e7\u00e3o entre os trabalhadores e a empresa, mas at\u00e9 o meio dia desta quarta n\u00e3o havia solu\u00e7\u00e3o e o lixo se acumulava nas cal\u00e7adas na regi\u00e3o onde a empresa faz a coleta.<\/p>\n<p>Em nota, o Departamento Municipal de Limpeza Urbana (DMLU) informou que uma for\u00e7a tarefa ser\u00e1 mobilizada para regularizar a coletas. Ser\u00e3o 47 caminh\u00f5es-ca\u00e7amba e mais de 65 pessoas para atender os\u00a0 38 bairros afetados pela paralisa\u00e7\u00e3o.<\/p>\n<p>Fonte: <em>Prefeitura de Porto Alegre\u00a0<\/em><\/p>\n","protected":false},"excerpt":{"rendered":"<p>Servidores, em sua maioria imigrantes haitianos e senegaleses, reclamam o pagamento de benef\u00edcios, regulariza\u00e7\u00e3o de f\u00e9rias e falta de manuten\u00e7\u00e3o nos caminh\u00f5es utilizados no servi\u00e7o. Na ter\u00e7a (8), eles paralisaram a coleta de lixo e na manh\u00e3 desta quarta fizeram um protesto na frente da empresa B. A, Ambiente, terceirizada que presta servi\u00e7o ao Departamento [&hellip;]<\/p>\n","protected":false},"author":15,"featured_media":0,"comment_status":"open","ping_status":"open","sticky":false,"template":"","format":"standard","meta":{"jetpack_post_was_ever_published":false,"_jetpack_newsletter_access":"","_jetpack_dont_email_post_to_subs":false,"_jetpack_newsletter_tier_id":0,"_jetpack_memberships_contains_paywalled_content":false,"_jetpack_memberships_contains_paid_content":false,"footnotes":"","jetpack_publicize_message":"","jetpack_publicize_feature_enabled":true,"jetpack_social_post_already_shared":true,"jetpack_social_options":{"image_generator_settings":{"template":"highway","default_image_id":0,"font":"","enabled":false},"version":2}},"categories":[28],"tags":[],"class_list":["post-88240","post","type-post","status-publish","format-standard","hentry","category-geral-notas"],"aioseo_notices":[],"jetpack_publicize_connections":[],"jetpack_featured_media_url":"","jetpack_shortlink":"https:\/\/wp.me\/pbKhrD-mXe","jetpack-related-posts":[{"id":88335,"url":"https:\/\/www.jornalja.com.br\/geral\/prefeitura-seleciona-empresa-para-regularizar-coleta-do-lixo-em-porto-alegre\/","url_meta":{"origin":88240,"position":0},"title":"Prefeitura seleciona empresa para regularizar coleta do lixo em Porto Alegre","author":"Guilherme Hagel","date":"18 de junho de 2021","format":false,"excerpt":"Ser\u00e3o abertas nesta sexta-feira, 18, as propostas para a contrata\u00e7\u00e3o emergencial de empresa que assuma a coleta manual de lixo em Porto Alegre.\u00a0 A empresa terceirizada que fazia o servi\u00e7o teve o contrato suspenso, depois que os garis empregados por ela entraram em greve no dia 8 deste m\u00eas. Segundo\u00a0\u2026","rel":"","context":"Em &quot;Geral-NOTAS&quot;","block_context":{"text":"Geral-NOTAS","link":"https:\/\/www.jornalja.com.br\/geral\/category\/geral-notas\/"},"img":{"alt_text":"","src":"https:\/\/i0.wp.com\/www.jornalja.com.br\/geral\/wp-content\/uploads\/sites\/4\/2021\/06\/201990390-4148838421903331-3299860490963467799-n.jpg?resize=350%2C200&ssl=1","width":350,"height":200,"srcset":"https:\/\/i0.wp.com\/www.jornalja.com.br\/geral\/wp-content\/uploads\/sites\/4\/2021\/06\/201990390-4148838421903331-3299860490963467799-n.jpg?resize=350%2C200&ssl=1 1x, https:\/\/i0.wp.com\/www.jornalja.com.br\/geral\/wp-content\/uploads\/sites\/4\/2021\/06\/201990390-4148838421903331-3299860490963467799-n.jpg?resize=525%2C300&ssl=1 1.5x, https:\/\/i0.wp.com\/www.jornalja.com.br\/geral\/wp-content\/uploads\/sites\/4\/2021\/06\/201990390-4148838421903331-3299860490963467799-n.jpg?resize=700%2C400&ssl=1 2x"},"classes":[]},{"id":90598,"url":"https:\/\/www.jornalja.com.br\/geral\/trabalhadores-terceirizada-suspendem-coleta-de-lixo-por-falta-de-pagamento\/","url_meta":{"origin":88240,"position":1},"title":"Trabalhadores de terceirizada suspendem coleta de lixo por falta de pagamento","author":"Felipe Uhr","date":"17 de outubro de 2021","format":false,"excerpt":"A paralisa\u00e7\u00e3o dos trabalhadores que realizam a coleta de lixo domiciliar em Porto Alegre afetou 43 bairros neste s\u00e1bado,dia 16. Os funcion\u00e1rios da empresa terceirizada \u00a0Litucera Limpeza e Engenharia Ltda, que opera 80% da coleta em Porto Alegre, alegam que n\u00e3o recebem vale-alimenta\u00e7\u00e3o h\u00e1 uma semana. Nesta s\u00e1bado o prefeito\u2026","rel":"","context":"Em &quot;Geral-MAT\u00c9RIA&quot;","block_context":{"text":"Geral-MAT\u00c9RIA","link":"https:\/\/www.jornalja.com.br\/geral\/category\/geral\/"},"img":{"alt_text":"","src":"https:\/\/i0.wp.com\/www.jornalja.com.br\/geral\/wp-content\/uploads\/sites\/4\/2021\/10\/16out2021-alexrocha-dmlu-coletadomiciliar-1-1.jpg?resize=350%2C200&ssl=1","width":350,"height":200,"srcset":"https:\/\/i0.wp.com\/www.jornalja.com.br\/geral\/wp-content\/uploads\/sites\/4\/2021\/10\/16out2021-alexrocha-dmlu-coletadomiciliar-1-1.jpg?resize=350%2C200&ssl=1 1x, https:\/\/i0.wp.com\/www.jornalja.com.br\/geral\/wp-content\/uploads\/sites\/4\/2021\/10\/16out2021-alexrocha-dmlu-coletadomiciliar-1-1.jpg?resize=525%2C300&ssl=1 1.5x, https:\/\/i0.wp.com\/www.jornalja.com.br\/geral\/wp-content\/uploads\/sites\/4\/2021\/10\/16out2021-alexrocha-dmlu-coletadomiciliar-1-1.jpg?resize=700%2C400&ssl=1 2x"},"classes":[]},{"id":91182,"url":"https:\/\/www.jornalja.com.br\/geral\/lixo-em-porto-alegre-buzinaco-dos-catadores-alerta-para-o-impasse-da-coleta-seletiva\/","url_meta":{"origin":88240,"position":2},"title":"Lixo em Porto Alegre: buzina\u00e7o dos catadores alerta para o impasse da coleta seletiva","author":"da Reda\u00e7\u00e3o","date":"5 de dezembro de 2021","format":false,"excerpt":"Catadores de lixo recicl\u00e1vel ocuparam a frente da Prefeitura de Porto Alegre, por dois dias na semana passada. Vieram de quatro bairros, da regi\u00e3o das\u00a0 ilhas,\u00a0 em passeata. Sua caminhada de v\u00e1rios quil\u00f4metros, na manh\u00e3 de segunda-feira, foi noticiada como um obst\u00e1culo ao tr\u00e2nsito. Desde cedo, os boletins de r\u00e1dio\u2026","rel":"","context":"Em &quot;Geral-MAT\u00c9RIA&quot;","block_context":{"text":"Geral-MAT\u00c9RIA","link":"https:\/\/www.jornalja.com.br\/geral\/category\/geral\/"},"img":{"alt_text":"","src":"https:\/\/i0.wp.com\/www.jornalja.com.br\/geral\/wp-content\/uploads\/sites\/4\/2021\/12\/lixo-catadores-na-prefeitura-scaled.jpg?resize=350%2C200&ssl=1","width":350,"height":200,"srcset":"https:\/\/i0.wp.com\/www.jornalja.com.br\/geral\/wp-content\/uploads\/sites\/4\/2021\/12\/lixo-catadores-na-prefeitura-scaled.jpg?resize=350%2C200&ssl=1 1x, https:\/\/i0.wp.com\/www.jornalja.com.br\/geral\/wp-content\/uploads\/sites\/4\/2021\/12\/lixo-catadores-na-prefeitura-scaled.jpg?resize=525%2C300&ssl=1 1.5x, https:\/\/i0.wp.com\/www.jornalja.com.br\/geral\/wp-content\/uploads\/sites\/4\/2021\/12\/lixo-catadores-na-prefeitura-scaled.jpg?resize=700%2C400&ssl=1 2x, https:\/\/i0.wp.com\/www.jornalja.com.br\/geral\/wp-content\/uploads\/sites\/4\/2021\/12\/lixo-catadores-na-prefeitura-scaled.jpg?resize=1050%2C600&ssl=1 3x, https:\/\/i0.wp.com\/www.jornalja.com.br\/geral\/wp-content\/uploads\/sites\/4\/2021\/12\/lixo-catadores-na-prefeitura-scaled.jpg?resize=1400%2C800&ssl=1 4x"},"classes":[]},{"id":88648,"url":"https:\/\/www.jornalja.com.br\/geral\/coleta-seletiva-erro-na-separacao-do-lixo-custa-800-mil-por-mes-ao-dmlu\/","url_meta":{"origin":88240,"position":3},"title":"Coleta Seletiva: lixo no lugar errado custa 800 mil por m\u00eas ao DMLU","author":"Felipe Uhr","date":"7 de julho de 2021","format":false,"excerpt":"Felipe Uhr Mais de 250 toneladas de material recicl\u00e1vel, que representam 23% de todo o lixo recolhido em Porto Alegre, v\u00e3o parar no lugar errado, a cada dia. O custo desse erro, cometido na hora de descartar o lixo dom\u00e9stico, custa\u00a0 \u00a0R$ 800 mil por m\u00eas aos cofres da prefeitura.\u2026","rel":"","context":"Em &quot;Geral-MAT\u00c9RIA&quot;","block_context":{"text":"Geral-MAT\u00c9RIA","link":"https:\/\/www.jornalja.com.br\/geral\/category\/geral\/"},"img":{"alt_text":"","src":"https:\/\/i0.wp.com\/www.jornalja.com.br\/geral\/wp-content\/uploads\/sites\/4\/2021\/07\/lixo-estacao-de-reciclagem.jpg?resize=350%2C200&ssl=1","width":350,"height":200,"srcset":"https:\/\/i0.wp.com\/www.jornalja.com.br\/geral\/wp-content\/uploads\/sites\/4\/2021\/07\/lixo-estacao-de-reciclagem.jpg?resize=350%2C200&ssl=1 1x, https:\/\/i0.wp.com\/www.jornalja.com.br\/geral\/wp-content\/uploads\/sites\/4\/2021\/07\/lixo-estacao-de-reciclagem.jpg?resize=525%2C300&ssl=1 1.5x, https:\/\/i0.wp.com\/www.jornalja.com.br\/geral\/wp-content\/uploads\/sites\/4\/2021\/07\/lixo-estacao-de-reciclagem.jpg?resize=700%2C400&ssl=1 2x"},"classes":[]},{"id":92162,"url":"https:\/\/www.jornalja.com.br\/geral\/lixo-no-lugar-errado-multas-chegam-a-mais-de-r-1-milhao-por-ano-em-porto-alegre\/","url_meta":{"origin":88240,"position":4},"title":"Lixo no lugar errado: multas chegam a mais de R$ 1 milh\u00e3o por ano em Porto Alegre","author":"da Reda\u00e7\u00e3o","date":"7 de abril de 2022","format":false,"excerpt":"Em oito anos, de vig\u00eancia do C\u00f3digo Municipal de Limpeza Urbana de Porto Alegre, aprovado em 2014, fiscais da prefeitura j\u00e1 aplicaram maisde\u00a0 R$ 9,6 milh\u00f5es de multas, o que d\u00e1 mais de R$ 1 milh\u00e3o por ano, em m\u00e9dia. Desse total, apenas R$ 2,3 milh\u00f5es foram pagos. O restante,\u2026","rel":"","context":"Em &quot;Geral-MAT\u00c9RIA&quot;","block_context":{"text":"Geral-MAT\u00c9RIA","link":"https:\/\/www.jornalja.com.br\/geral\/category\/geral\/"},"img":{"alt_text":"","src":"https:\/\/i0.wp.com\/www.jornalja.com.br\/geral\/wp-content\/uploads\/sites\/4\/2021\/10\/16out2021-alexrocha-dmlu-coletadomiciliar-1-1.jpg?resize=350%2C200&ssl=1","width":350,"height":200,"srcset":"https:\/\/i0.wp.com\/www.jornalja.com.br\/geral\/wp-content\/uploads\/sites\/4\/2021\/10\/16out2021-alexrocha-dmlu-coletadomiciliar-1-1.jpg?resize=350%2C200&ssl=1 1x, https:\/\/i0.wp.com\/www.jornalja.com.br\/geral\/wp-content\/uploads\/sites\/4\/2021\/10\/16out2021-alexrocha-dmlu-coletadomiciliar-1-1.jpg?resize=525%2C300&ssl=1 1.5x, https:\/\/i0.wp.com\/www.jornalja.com.br\/geral\/wp-content\/uploads\/sites\/4\/2021\/10\/16out2021-alexrocha-dmlu-coletadomiciliar-1-1.jpg?resize=700%2C400&ssl=1 2x"},"classes":[]},{"id":97471,"url":"https:\/\/www.jornalja.com.br\/geral\/edital-seleciona-empresa-para-remover-dez-mil-toneladas-de-entulho-do-porto-seco\/","url_meta":{"origin":88240,"position":5},"title":"Edital seleciona empresa para remover dez mil toneladas de entulho do Porto Seco","author":"da Reda\u00e7\u00e3o","date":"4 de julho de 2024","format":false,"excerpt":"A prefeitura publicou nesta quarta-feira,3, o edital para\u00a0 contratar o transporte dos entulhos da enchente acumulados no Porto Seco (av. \u00c9lvio Ant\u00f4nio Filipetto \u2013 Rubem Berta) para um \"aterro de inertes\" localizado em Gravata\u00ed. Segundo estima o Departamento Municipal de Limpeza Urbana (DMLU) o peso dos res\u00edduos depositados no local\u2026","rel":"","context":"Em &quot;Geral-MAT\u00c9RIA&quot;","block_context":{"text":"Geral-MAT\u00c9RIA","link":"https:\/\/www.jornalja.com.br\/geral\/category\/geral\/"},"img":{"alt_text":"","src":"https:\/\/i0.wp.com\/www.jornalja.com.br\/geral\/wp-content\/uploads\/sites\/4\/2024\/07\/enchente-entulhono-porto-seco.png?resize=350%2C200&ssl=1","width":350,"height":200},"classes":[]}],"jetpack_sharing_enabled":true,"_links":{"self":[{"href":"https:\/\/www.jornalja.com.br\/geral\/wp-json\/wp\/v2\/posts\/88240","targetHints":{"allow":["GET"]}}],"collection":[{"href":"https:\/\/www.jornalja.com.br\/geral\/wp-json\/wp\/v2\/posts"}],"about":[{"href":"https:\/\/www.jornalja.com.br\/geral\/wp-json\/wp\/v2\/types\/post"}],"author":[{"embeddable":true,"href":"https:\/\/www.jornalja.com.br\/geral\/wp-json\/wp\/v2\/users\/15"}],"replies":[{"embeddable":true,"href":"https:\/\/www.jornalja.com.br\/geral\/wp-json\/wp\/v2\/comments?post=88240"}],"version-history":[{"count":4,"href":"https:\/\/www.jornalja.com.br\/geral\/wp-json\/wp\/v2\/posts\/88240\/revisions"}],"predecessor-version":[{"id":88244,"href":"https:\/\/www.jornalja.com.br\/geral\/wp-json\/wp\/v2\/posts\/88240\/revisions\/88244"}],"wp:attachment":[{"href":"https:\/\/www.jornalja.com.br\/geral\/wp-json\/wp\/v2\/media?parent=88240"}],"wp:term":[{"taxonomy":"category","embeddable":true,"href":"https:\/\/www.jornalja.com.br\/geral\/wp-json\/wp\/v2\/categories?post=88240"},{"taxonomy":"post_tag","embeddable":true,"href":"https:\/\/www.jornalja.com.br\/geral\/wp-json\/wp\/v2\/tags?post=88240"}],"curies":[{"name":"wp","href":"https:\/\/api.w.org\/{rel}","templated":true}]}}