{"id":88296,"date":"2021-06-15T18:25:41","date_gmt":"2021-06-15T21:25:41","guid":{"rendered":"https:\/\/www.jornalja.com.br\/geral\/?p=88296"},"modified":"2021-06-15T18:25:41","modified_gmt":"2021-06-15T21:25:41","slug":"novo-furto-de-cabos-de-energia-interrompe-vacinacao-na-cruzeiro-do-sul","status":"publish","type":"post","link":"https:\/\/www.jornalja.com.br\/geral\/novo-furto-de-cabos-de-energia-interrompe-vacinacao-na-cruzeiro-do-sul\/","title":{"rendered":"Novo furto de cabos de energia interrompe vacina\u00e7\u00e3o na Cruzeiro do Sul"},"content":{"rendered":"<p>A unidade de sa\u00fade Cruzeiro do Sul, uma das maiores de Porto Alegre, amanheceu sem energia el\u00e9trica nesta segunda-feira, 15.<\/p>\n<p>Ladr\u00f5es arrancaram os cabos de energia no final de semana.<\/p>\n<p>Sem ter como armazenar e conservar as vacinas, o posto suspendeu os trabalhos de vacina\u00e7\u00e3o contra a gripe e a Covid-19, que n\u00e3o t\u00eam data para retomar..<\/p>\n<p>Os pacientes foram orientados a procurar unidades pr\u00f3ximas, na Vila Cruzeiro, na Avenida Capivari 2020,\u00a0 no Bairro Santa Tereza, rua Dona Ot\u00edlia no.5\u00a0 \u00a0e a unidade Santa Anita, na Rua Greg\u00f3rio da Fonseca 91, bairro Nonoai.<\/p>\n<p>Sem energia, a unidade ficou sem acesso ao sistema SUS\u00a0 e sem o gerenciamento de consultas. A apenas atendimento cl\u00ednico com m\u00e9dico e enfermeiro, que fazem registros manuais, e alguns procedimentos como curativos, avalia\u00e7\u00e3o de sinais vitais e controle de glicemia foram mantidos na unidade.<\/p>\n<p>\u00c9 a segunda vez que o Post\u00e3o da Cruzeiro p\u00e1ra por roubo dos cabos que levam energia \u00e0 unidade. No ano passado ele teve que suspender\u00a0 opera\u00e7\u00f5es por uma semana..<\/p>\n","protected":false},"excerpt":{"rendered":"<p>A unidade de sa\u00fade Cruzeiro do Sul, uma das maiores de Porto Alegre, amanheceu sem energia el\u00e9trica nesta segunda-feira, 15. Ladr\u00f5es arrancaram os cabos de energia no final de semana. Sem ter como armazenar e conservar as vacinas, o posto suspendeu os trabalhos de vacina\u00e7\u00e3o contra a gripe e a Covid-19, que n\u00e3o t\u00eam data [&hellip;]<\/p>\n","protected":false},"author":15,"featured_media":0,"comment_status":"open","ping_status":"open","sticky":false,"template":"","format":"standard","meta":{"jetpack_post_was_ever_published":false,"_jetpack_newsletter_access":"","_jetpack_dont_email_post_to_subs":false,"_jetpack_newsletter_tier_id":0,"_jetpack_memberships_contains_paywalled_content":false,"_jetpack_memberships_contains_paid_content":false,"footnotes":"","jetpack_publicize_message":"","jetpack_publicize_feature_enabled":true,"jetpack_social_post_already_shared":true,"jetpack_social_options":{"image_generator_settings":{"template":"highway","default_image_id":0,"font":"","enabled":false},"version":2}},"categories":[2],"tags":[],"class_list":["post-88296","post","type-post","status-publish","format-standard","hentry","category-geral"],"aioseo_notices":[],"jetpack_publicize_connections":[],"jetpack_featured_media_url":"","jetpack_shortlink":"https:\/\/wp.me\/pbKhrD-mY8","jetpack-related-posts":[{"id":89558,"url":"https:\/\/www.jornalja.com.br\/geral\/porto-alegre-ultrapassa-600-mil-pessoas-com-vacinacao-completa-contra-covid\/","url_meta":{"origin":88296,"position":0},"title":"Porto Alegre ultrapassa 600 mil pessoas com vacina\u00e7\u00e3o completa contra covid","author":"da Reda\u00e7\u00e3o","date":"26 de agosto de 2021","format":false,"excerpt":"Porto Alegre atingiu na quarta-feira a marca de 600 mil pessoas vacinadas com as duas doses ou dose \u00fanica. A informa\u00e7\u00e3o est\u00e1 no site. At\u00e9 o inicio da manh\u00e3 desta quinta-feira estavam registrados\u00a0 616.670 mil pessoas com esquema vacinal completo, o que representa 54,6% da popula\u00e7\u00e3o. Foram 993.175 mil aplica\u00e7\u00f5es\u2026","rel":"","context":"Em &quot;Geral-MAT\u00c9RIA&quot;","block_context":{"text":"Geral-MAT\u00c9RIA","link":"https:\/\/www.jornalja.com.br\/geral\/category\/geral\/"},"img":{"alt_text":"","src":"https:\/\/i0.wp.com\/www.jornalja.com.br\/geral\/wp-content\/uploads\/sites\/4\/2021\/08\/210825-cristinerochol-vacinacaocovid-sms-077.jpg?resize=350%2C200&ssl=1","width":350,"height":200,"srcset":"https:\/\/i0.wp.com\/www.jornalja.com.br\/geral\/wp-content\/uploads\/sites\/4\/2021\/08\/210825-cristinerochol-vacinacaocovid-sms-077.jpg?resize=350%2C200&ssl=1 1x, https:\/\/i0.wp.com\/www.jornalja.com.br\/geral\/wp-content\/uploads\/sites\/4\/2021\/08\/210825-cristinerochol-vacinacaocovid-sms-077.jpg?resize=525%2C300&ssl=1 1.5x, https:\/\/i0.wp.com\/www.jornalja.com.br\/geral\/wp-content\/uploads\/sites\/4\/2021\/08\/210825-cristinerochol-vacinacaocovid-sms-077.jpg?resize=700%2C400&ssl=1 2x"},"classes":[]},{"id":97408,"url":"https:\/\/www.jornalja.com.br\/geral\/porto-alegre-servicos-de-saude-no-fim-de-semana-1-e-2-06\/","url_meta":{"origin":88296,"position":1},"title":"Porto Alegre: Servi\u00e7os de Sa\u00fade no fim de semana, 1 e 2\/06","author":"da Reda\u00e7\u00e3o","date":"31 de maio de 2024","format":false,"excerpt":"Porto Alegre ter\u00e1 cinco unidades de sa\u00fade abertas neste fim de semana, al\u00e9m de cinco unidades m\u00f3veis, integrando a\u00e7\u00f5es da Opera\u00e7\u00e3o Inverno na Secretaria Municipal de Sa\u00fade (SMS). Os profissionais seguem no atendimento junto aos abrigos provis\u00f3rios. S\u00e1bado e domingo, 1\u00ba e 2 de junho, das 10h \u00e0s 19h, atendem\u2026","rel":"","context":"Em &quot;Geral-NOTAS&quot;","block_context":{"text":"Geral-NOTAS","link":"https:\/\/www.jornalja.com.br\/geral\/category\/geral-notas\/"},"img":{"alt_text":"","src":"","width":0,"height":0},"classes":[]},{"id":88188,"url":"https:\/\/www.jornalja.com.br\/geral\/comeca-hoje-a-vacinacao-de-pessoas-com-57-anos-e-profissionais-do-ensino-medio-estadual\/","url_meta":{"origin":88296,"position":2},"title":"Come\u00e7a hoje a vacina\u00e7\u00e3o de pessoas com 57 anos e profissionais do ensino m\u00e9dio","author":"Guilherme Hagel","date":"8 de junho de 2021","format":false,"excerpt":"Nesta ter\u00e7a-feira (8) ser\u00e3o disponibilizadas vacinas para a Covid-19 aos homens e mulheres com 57 anos sem comorbidades ou professores e profissionais do ensino m\u00e9dio estadual. Continuar\u00e1 ocorrendo a vacina\u00e7\u00e3o de professores das redes de escolas privadas e municipais de ensino fundamental e b\u00e1sico, professores de ensino infantil, portadores de\u2026","rel":"","context":"Em &quot;Geral-NOTAS&quot;","block_context":{"text":"Geral-NOTAS","link":"https:\/\/www.jornalja.com.br\/geral\/category\/geral-notas\/"},"img":{"alt_text":"","src":"","width":0,"height":0},"classes":[]},{"id":87350,"url":"https:\/\/www.jornalja.com.br\/geral\/vacinacao-de-idosos-na-faixa-dos-79-em-porto-alegre-veja-os-locais\/","url_meta":{"origin":88296,"position":3},"title":"Vacina\u00e7\u00e3o de idosos na faixa dos 79 anos em Porto Alegre; veja os locais","author":"da Reda\u00e7\u00e3o","date":"8 de mar\u00e7o de 2021","format":false,"excerpt":"Idosos na faixa dos 79 anos ser\u00e3o vacinados contra a Covid-19 \u00a0nesta segunda-feira, 8, em Porto Alegre. Tamb\u00e9m recebem a segunda dose profissionais da sa\u00fade cujas primeiras doses foram no dia 6 de fevereiro. Segundo a Secretaria Municipal de Sa\u00fade (SMS), 117.764 porto-alegrenses j\u00e1 receberam a primeira dose das vacinas,\u2026","rel":"","context":"Em &quot;Geral-NOTAS&quot;","block_context":{"text":"Geral-NOTAS","link":"https:\/\/www.jornalja.com.br\/geral\/category\/geral-notas\/"},"img":{"alt_text":"","src":"","width":0,"height":0},"classes":[]},{"id":90009,"url":"https:\/\/www.jornalja.com.br\/geral\/bairros-perifericos-tem-maioria-dos-nao-vacinados-em-porto-alegre\/","url_meta":{"origin":88296,"position":4},"title":"Bairros perif\u00e9ricos tem maioria dos &#8220;n\u00e3o vacinados&#8221; em Porto Alegre","author":"da Reda\u00e7\u00e3o","date":"15 de setembro de 2021","format":false,"excerpt":"A Prefeitura de Porto Alegre divulgou\u00a0 um estudo\u00a0 que mostra onde est\u00e1 a popula\u00e7\u00e3o\u00a0 que ainda n\u00e3o tomou a primeira dose ou dose \u00fanica contra a Covid-19. S\u00e3o 57.638 pessoas que ainda n\u00e3o receberam nem a primeira dose. Dos dez bairros, sete est\u00e3o situados nas periferias de Porto Alegre. S\u00e3o\u2026","rel":"","context":"Em &quot;Geral-MAT\u00c9RIA&quot;","block_context":{"text":"Geral-MAT\u00c9RIA","link":"https:\/\/www.jornalja.com.br\/geral\/category\/geral\/"},"img":{"alt_text":"","src":"https:\/\/i0.wp.com\/www.jornalja.com.br\/geral\/wp-content\/uploads\/sites\/4\/2021\/09\/210827-cristinerochol-vacinacaocovid-sms-147.jpg?resize=350%2C200&ssl=1","width":350,"height":200,"srcset":"https:\/\/i0.wp.com\/www.jornalja.com.br\/geral\/wp-content\/uploads\/sites\/4\/2021\/09\/210827-cristinerochol-vacinacaocovid-sms-147.jpg?resize=350%2C200&ssl=1 1x, https:\/\/i0.wp.com\/www.jornalja.com.br\/geral\/wp-content\/uploads\/sites\/4\/2021\/09\/210827-cristinerochol-vacinacaocovid-sms-147.jpg?resize=525%2C300&ssl=1 1.5x, https:\/\/i0.wp.com\/www.jornalja.com.br\/geral\/wp-content\/uploads\/sites\/4\/2021\/09\/210827-cristinerochol-vacinacaocovid-sms-147.jpg?resize=700%2C400&ssl=1 2x"},"classes":[]},{"id":87555,"url":"https:\/\/www.jornalja.com.br\/geral\/cinco-postos-atendem-casos-de-suspeita-de-covid-em-porto-alegre\/","url_meta":{"origin":88296,"position":5},"title":"Cinco postos atendem casos de suspeita de Covid em Porto Alegre","author":"da Reda\u00e7\u00e3o","date":"28 de mar\u00e7o de 2021","format":false,"excerpt":"este domingo, 28,\u00a0 cinco unidades de sa\u00fade abrir\u00e3o as portas \u00e0s 12h para atendimento exclusivo a pessoas com sintomas respirat\u00f3rios. O funcionamento ser\u00e1 at\u00e9 as 20h (confira abaixo os endere\u00e7os). A inten\u00e7\u00e3o \u00e9 diminuir a press\u00e3o em servi\u00e7os de urg\u00eancia e emerg\u00eancia. No s\u00e1bado, as cinco unidades\u00a0 prestaram 316 atendimentos\u2026","rel":"","context":"Em &quot;Geral-NOTAS&quot;","block_context":{"text":"Geral-NOTAS","link":"https:\/\/www.jornalja.com.br\/geral\/category\/geral-notas\/"},"img":{"alt_text":"","src":"","width":0,"height":0},"classes":[]}],"jetpack_sharing_enabled":true,"_links":{"self":[{"href":"https:\/\/www.jornalja.com.br\/geral\/wp-json\/wp\/v2\/posts\/88296","targetHints":{"allow":["GET"]}}],"collection":[{"href":"https:\/\/www.jornalja.com.br\/geral\/wp-json\/wp\/v2\/posts"}],"about":[{"href":"https:\/\/www.jornalja.com.br\/geral\/wp-json\/wp\/v2\/types\/post"}],"author":[{"embeddable":true,"href":"https:\/\/www.jornalja.com.br\/geral\/wp-json\/wp\/v2\/users\/15"}],"replies":[{"embeddable":true,"href":"https:\/\/www.jornalja.com.br\/geral\/wp-json\/wp\/v2\/comments?post=88296"}],"version-history":[{"count":5,"href":"https:\/\/www.jornalja.com.br\/geral\/wp-json\/wp\/v2\/posts\/88296\/revisions"}],"predecessor-version":[{"id":88306,"href":"https:\/\/www.jornalja.com.br\/geral\/wp-json\/wp\/v2\/posts\/88296\/revisions\/88306"}],"wp:attachment":[{"href":"https:\/\/www.jornalja.com.br\/geral\/wp-json\/wp\/v2\/media?parent=88296"}],"wp:term":[{"taxonomy":"category","embeddable":true,"href":"https:\/\/www.jornalja.com.br\/geral\/wp-json\/wp\/v2\/categories?post=88296"},{"taxonomy":"post_tag","embeddable":true,"href":"https:\/\/www.jornalja.com.br\/geral\/wp-json\/wp\/v2\/tags?post=88296"}],"curies":[{"name":"wp","href":"https:\/\/api.w.org\/{rel}","templated":true}]}}