{"id":88335,"date":"2021-06-18T11:40:01","date_gmt":"2021-06-18T14:40:01","guid":{"rendered":"https:\/\/www.jornalja.com.br\/geral\/?p=88335"},"modified":"2021-06-18T11:54:41","modified_gmt":"2021-06-18T14:54:41","slug":"prefeitura-seleciona-empresa-para-regularizar-coleta-do-lixo-em-porto-alegre","status":"publish","type":"post","link":"https:\/\/www.jornalja.com.br\/geral\/prefeitura-seleciona-empresa-para-regularizar-coleta-do-lixo-em-porto-alegre\/","title":{"rendered":"Prefeitura seleciona empresa para regularizar coleta do lixo em Porto Alegre"},"content":{"rendered":"<p>Ser\u00e3o abertas nesta sexta-feira, 18, as propostas para a contrata\u00e7\u00e3o emergencial de empresa que assuma a coleta manual de lixo em Porto Alegre.\u00a0 A empresa terceirizada que fazia o servi\u00e7o teve o contrato suspenso, depois que os garis empregados por ela entraram em greve no dia 8 deste m\u00eas.<\/p>\n<p>Segundo\u00a0 o Termo de Cota\u00e7\u00e3o para a Dispensa de Licita\u00e7\u00e3o n\u00ba 51\/2021\u00ba, a concorr\u00eancia ser\u00e1 o tipo \u201cmenor valor global\u201d.<\/p>\n<p>O valor m\u00e1ximo global fixado para a presta\u00e7\u00e3o dos servi\u00e7os \u00e9 de R$ 28.930.854,84 para o per\u00edodo de at\u00e9 180 dias.<\/p>\n<p>Tamb\u00e9m na noite de quarta, a Prefeitura editou um decreto, requisitando os servi\u00e7os da empresa WK Innovatis Solu\u00e7\u00f5es em Servi\u00e7os LTDA, para prestar o servi\u00e7o at\u00e9 que se contrate emergencialmente o novo prestador. O pagamento ser\u00e1 por indeniza\u00e7\u00e3o administrativa.<\/p>\n<p>O contrato com a antiga prestadora de servi\u00e7os B.A. Meio Ambiente foi suspenso h\u00e1 uma semana devido a paralisa\u00e7\u00e3o dos trabalhadores por atraso de pagamento como o de f\u00e9rias e 13o. sal\u00e1rio. A maioria dos trabalhadores s\u00e3o imigrantes haitianos e senegaleses.<\/p>\n","protected":false},"excerpt":{"rendered":"<p>Ser\u00e3o abertas nesta sexta-feira, 18, as propostas para a contrata\u00e7\u00e3o emergencial de empresa que assuma a coleta manual de lixo em Porto Alegre.\u00a0 A empresa terceirizada que fazia o servi\u00e7o teve o contrato suspenso, depois que os garis empregados por ela entraram em greve no dia 8 deste m\u00eas. Segundo\u00a0 o Termo de Cota\u00e7\u00e3o para [&hellip;]<\/p>\n","protected":false},"author":15,"featured_media":88336,"comment_status":"open","ping_status":"open","sticky":false,"template":"","format":"standard","meta":{"jetpack_post_was_ever_published":false,"_jetpack_newsletter_access":"","_jetpack_dont_email_post_to_subs":false,"_jetpack_newsletter_tier_id":0,"_jetpack_memberships_contains_paywalled_content":false,"_jetpack_memberships_contains_paid_content":false,"footnotes":"","jetpack_publicize_message":"","jetpack_publicize_feature_enabled":true,"jetpack_social_post_already_shared":true,"jetpack_social_options":{"image_generator_settings":{"template":"highway","default_image_id":0,"font":"","enabled":false},"version":2}},"categories":[28],"tags":[],"class_list":["post-88335","post","type-post","status-publish","format-standard","has-post-thumbnail","hentry","category-geral-notas"],"aioseo_notices":[],"jetpack_publicize_connections":[],"jetpack_featured_media_url":"https:\/\/www.jornalja.com.br\/geral\/wp-content\/uploads\/sites\/4\/2021\/06\/201990390-4148838421903331-3299860490963467799-n.jpg","jetpack_shortlink":"https:\/\/wp.me\/pbKhrD-mYL","jetpack-related-posts":[{"id":91448,"url":"https:\/\/www.jornalja.com.br\/geral\/dez-empresas-disputam-contrato-de-66-milhoes-para-coleta-de-lixo-em-porto-alegre\/","url_meta":{"origin":88335,"position":0},"title":"Dez empresas disputam contrato de 66 milh\u00f5es para coleta de lixo em Porto Alegre","author":"da Reda\u00e7\u00e3o","date":"28 de dezembro de 2021","format":false,"excerpt":"Dez empresas entregaram proposta para assumir a coleta de res\u00edduos s\u00f3lidos urbanos (domiciliares e p\u00fablicos) em Porto Alegr. S\u00e3o elas: -Urban Servi\u00e7os e Transportes Ltda; -Cons\u00f3rcio POA+Limpa; -Cons\u00f3rcio Porto Alegre Limpa; -Locar Saneamento Ambiental Ltda; -Cootravipa (Cooperativa de Trabalho, Produ\u00e7\u00e3o e Comercializa\u00e7\u00e3o dos Trabalhadores Aut\u00f4nomos das Vilas de Porto Alegre);\u2026","rel":"","context":"Em &quot;Geral-MAT\u00c9RIA&quot;","block_context":{"text":"Geral-MAT\u00c9RIA","link":"https:\/\/www.jornalja.com.br\/geral\/category\/geral\/"},"img":{"alt_text":"","src":"https:\/\/i0.wp.com\/www.jornalja.com.br\/geral\/wp-content\/uploads\/sites\/4\/2021\/12\/lixo-concorrencia.jpg?resize=350%2C200&ssl=1","width":350,"height":200,"srcset":"https:\/\/i0.wp.com\/www.jornalja.com.br\/geral\/wp-content\/uploads\/sites\/4\/2021\/12\/lixo-concorrencia.jpg?resize=350%2C200&ssl=1 1x, https:\/\/i0.wp.com\/www.jornalja.com.br\/geral\/wp-content\/uploads\/sites\/4\/2021\/12\/lixo-concorrencia.jpg?resize=525%2C300&ssl=1 1.5x, https:\/\/i0.wp.com\/www.jornalja.com.br\/geral\/wp-content\/uploads\/sites\/4\/2021\/12\/lixo-concorrencia.jpg?resize=700%2C400&ssl=1 2x"},"classes":[]},{"id":90598,"url":"https:\/\/www.jornalja.com.br\/geral\/trabalhadores-terceirizada-suspendem-coleta-de-lixo-por-falta-de-pagamento\/","url_meta":{"origin":88335,"position":1},"title":"Trabalhadores de terceirizada suspendem coleta de lixo por falta de pagamento","author":"Felipe Uhr","date":"17 de outubro de 2021","format":false,"excerpt":"A paralisa\u00e7\u00e3o dos trabalhadores que realizam a coleta de lixo domiciliar em Porto Alegre afetou 43 bairros neste s\u00e1bado,dia 16. Os funcion\u00e1rios da empresa terceirizada \u00a0Litucera Limpeza e Engenharia Ltda, que opera 80% da coleta em Porto Alegre, alegam que n\u00e3o recebem vale-alimenta\u00e7\u00e3o h\u00e1 uma semana. Nesta s\u00e1bado o prefeito\u2026","rel":"","context":"Em &quot;Geral-MAT\u00c9RIA&quot;","block_context":{"text":"Geral-MAT\u00c9RIA","link":"https:\/\/www.jornalja.com.br\/geral\/category\/geral\/"},"img":{"alt_text":"","src":"https:\/\/i0.wp.com\/www.jornalja.com.br\/geral\/wp-content\/uploads\/sites\/4\/2021\/10\/16out2021-alexrocha-dmlu-coletadomiciliar-1-1.jpg?resize=350%2C200&ssl=1","width":350,"height":200,"srcset":"https:\/\/i0.wp.com\/www.jornalja.com.br\/geral\/wp-content\/uploads\/sites\/4\/2021\/10\/16out2021-alexrocha-dmlu-coletadomiciliar-1-1.jpg?resize=350%2C200&ssl=1 1x, https:\/\/i0.wp.com\/www.jornalja.com.br\/geral\/wp-content\/uploads\/sites\/4\/2021\/10\/16out2021-alexrocha-dmlu-coletadomiciliar-1-1.jpg?resize=525%2C300&ssl=1 1.5x, https:\/\/i0.wp.com\/www.jornalja.com.br\/geral\/wp-content\/uploads\/sites\/4\/2021\/10\/16out2021-alexrocha-dmlu-coletadomiciliar-1-1.jpg?resize=700%2C400&ssl=1 2x"},"classes":[]},{"id":98633,"url":"https:\/\/www.jornalja.com.br\/geral\/lixo-em-porto-alegre-novos-conteiners-velhos-problemas\/","url_meta":{"origin":88335,"position":2},"title":"\u00a0Lixo em Porto Alegre: novo contrato, novos cont\u00eainers, velhos problemas","author":"da Reda\u00e7\u00e3o","date":"3 de abril de 2025","format":false,"excerpt":"Est\u00e3o sendo instalados os 2.250 novos conteiners para a coleta automatizada, que atende 19 bairros e recolhe cerca de 20% do lixo domiciliar de Porto Alegre. Importados da It\u00e1lia, ao custo de R$ 18 mil cada um, s\u00e3o mais robustos e 20% deles possuem \"bocas de lobo\" para evitar o\u2026","rel":"","context":"Em &quot;Geral-MAT\u00c9RIA&quot;","block_context":{"text":"Geral-MAT\u00c9RIA","link":"https:\/\/www.jornalja.com.br\/geral\/category\/geral\/"},"img":{"alt_text":"","src":"https:\/\/i0.wp.com\/www.jornalja.com.br\/geral\/wp-content\/uploads\/sites\/4\/2025\/04\/lixo-em-porto-alegre-boca-de-lobo-scaled.jpg?resize=350%2C200&ssl=1","width":350,"height":200,"srcset":"https:\/\/i0.wp.com\/www.jornalja.com.br\/geral\/wp-content\/uploads\/sites\/4\/2025\/04\/lixo-em-porto-alegre-boca-de-lobo-scaled.jpg?resize=350%2C200&ssl=1 1x, https:\/\/i0.wp.com\/www.jornalja.com.br\/geral\/wp-content\/uploads\/sites\/4\/2025\/04\/lixo-em-porto-alegre-boca-de-lobo-scaled.jpg?resize=525%2C300&ssl=1 1.5x, https:\/\/i0.wp.com\/www.jornalja.com.br\/geral\/wp-content\/uploads\/sites\/4\/2025\/04\/lixo-em-porto-alegre-boca-de-lobo-scaled.jpg?resize=700%2C400&ssl=1 2x, https:\/\/i0.wp.com\/www.jornalja.com.br\/geral\/wp-content\/uploads\/sites\/4\/2025\/04\/lixo-em-porto-alegre-boca-de-lobo-scaled.jpg?resize=1050%2C600&ssl=1 3x, https:\/\/i0.wp.com\/www.jornalja.com.br\/geral\/wp-content\/uploads\/sites\/4\/2025\/04\/lixo-em-porto-alegre-boca-de-lobo-scaled.jpg?resize=1400%2C800&ssl=1 4x"},"classes":[]},{"id":90609,"url":"https:\/\/www.jornalja.com.br\/geral\/prefeitura-anuncia-que-coleta-do-lixo-foi-retomada-em-18-bairros-confira\/","url_meta":{"origin":88335,"position":3},"title":"Prefeitura anuncia que coleta do lixo foi retomada em 18 bairros; confira","author":"da Reda\u00e7\u00e3o","date":"18 de outubro de 2021","format":false,"excerpt":"Os trabalhadores da empresa Litucera Limpeza e Engenharia retornaram \u00e0s atividades na manh\u00e3 desta segunda-feira, 18. A Litucera \u00e9 uma empresa de S\u00e3o Paulo, contratada em junho pela prefeitura para coleta de lixo em Porto Alegre. Os trabalhadores suspenderam a coleta no s\u00e1bado, alegando atraso no pagamento do vale alimenta\u00e7\u00e3o.\u2026","rel":"","context":"Em &quot;Geral-MAT\u00c9RIA&quot;","block_context":{"text":"Geral-MAT\u00c9RIA","link":"https:\/\/www.jornalja.com.br\/geral\/category\/geral\/"},"img":{"alt_text":"","src":"https:\/\/i0.wp.com\/www.jornalja.com.br\/geral\/wp-content\/uploads\/sites\/4\/2021\/10\/lixo-em-poa-coleta-retomada.jpg?resize=350%2C200&ssl=1","width":350,"height":200,"srcset":"https:\/\/i0.wp.com\/www.jornalja.com.br\/geral\/wp-content\/uploads\/sites\/4\/2021\/10\/lixo-em-poa-coleta-retomada.jpg?resize=350%2C200&ssl=1 1x, https:\/\/i0.wp.com\/www.jornalja.com.br\/geral\/wp-content\/uploads\/sites\/4\/2021\/10\/lixo-em-poa-coleta-retomada.jpg?resize=525%2C300&ssl=1 1.5x, https:\/\/i0.wp.com\/www.jornalja.com.br\/geral\/wp-content\/uploads\/sites\/4\/2021\/10\/lixo-em-poa-coleta-retomada.jpg?resize=700%2C400&ssl=1 2x, https:\/\/i0.wp.com\/www.jornalja.com.br\/geral\/wp-content\/uploads\/sites\/4\/2021\/10\/lixo-em-poa-coleta-retomada.jpg?resize=1050%2C600&ssl=1 3x, https:\/\/i0.wp.com\/www.jornalja.com.br\/geral\/wp-content\/uploads\/sites\/4\/2021\/10\/lixo-em-poa-coleta-retomada.jpg?resize=1400%2C800&ssl=1 4x"},"classes":[]},{"id":88240,"url":"https:\/\/www.jornalja.com.br\/geral\/garis-de-empresa-terceirizada-paralisam-coleta-de-lixo-em-38-bairros-de-porto-alegre\/","url_meta":{"origin":88335,"position":4},"title":"Garis de empresa terceirizada paralisam coleta de lixo em 38 bairros de Porto Alegre","author":"Guilherme Hagel","date":"9 de junho de 2021","format":false,"excerpt":"Servidores, em sua maioria imigrantes haitianos e senegaleses, reclamam o pagamento de benef\u00edcios, regulariza\u00e7\u00e3o de f\u00e9rias e falta de manuten\u00e7\u00e3o nos caminh\u00f5es utilizados no servi\u00e7o. Na ter\u00e7a (8), eles paralisaram a coleta de lixo e na manh\u00e3 desta quarta fizeram um protesto na frente da empresa B. A, Ambiente, terceirizada\u2026","rel":"","context":"Em &quot;Geral-NOTAS&quot;","block_context":{"text":"Geral-NOTAS","link":"https:\/\/www.jornalja.com.br\/geral\/category\/geral-notas\/"},"img":{"alt_text":"","src":"","width":0,"height":0},"classes":[]},{"id":91182,"url":"https:\/\/www.jornalja.com.br\/geral\/lixo-em-porto-alegre-buzinaco-dos-catadores-alerta-para-o-impasse-da-coleta-seletiva\/","url_meta":{"origin":88335,"position":5},"title":"Lixo em Porto Alegre: buzina\u00e7o dos catadores alerta para o impasse da coleta seletiva","author":"da Reda\u00e7\u00e3o","date":"5 de dezembro de 2021","format":false,"excerpt":"Catadores de lixo recicl\u00e1vel ocuparam a frente da Prefeitura de Porto Alegre, por dois dias na semana passada. Vieram de quatro bairros, da regi\u00e3o das\u00a0 ilhas,\u00a0 em passeata. Sua caminhada de v\u00e1rios quil\u00f4metros, na manh\u00e3 de segunda-feira, foi noticiada como um obst\u00e1culo ao tr\u00e2nsito. Desde cedo, os boletins de r\u00e1dio\u2026","rel":"","context":"Em &quot;Geral-MAT\u00c9RIA&quot;","block_context":{"text":"Geral-MAT\u00c9RIA","link":"https:\/\/www.jornalja.com.br\/geral\/category\/geral\/"},"img":{"alt_text":"","src":"https:\/\/i0.wp.com\/www.jornalja.com.br\/geral\/wp-content\/uploads\/sites\/4\/2021\/12\/lixo-catadores-na-prefeitura-scaled.jpg?resize=350%2C200&ssl=1","width":350,"height":200,"srcset":"https:\/\/i0.wp.com\/www.jornalja.com.br\/geral\/wp-content\/uploads\/sites\/4\/2021\/12\/lixo-catadores-na-prefeitura-scaled.jpg?resize=350%2C200&ssl=1 1x, https:\/\/i0.wp.com\/www.jornalja.com.br\/geral\/wp-content\/uploads\/sites\/4\/2021\/12\/lixo-catadores-na-prefeitura-scaled.jpg?resize=525%2C300&ssl=1 1.5x, https:\/\/i0.wp.com\/www.jornalja.com.br\/geral\/wp-content\/uploads\/sites\/4\/2021\/12\/lixo-catadores-na-prefeitura-scaled.jpg?resize=700%2C400&ssl=1 2x, https:\/\/i0.wp.com\/www.jornalja.com.br\/geral\/wp-content\/uploads\/sites\/4\/2021\/12\/lixo-catadores-na-prefeitura-scaled.jpg?resize=1050%2C600&ssl=1 3x, https:\/\/i0.wp.com\/www.jornalja.com.br\/geral\/wp-content\/uploads\/sites\/4\/2021\/12\/lixo-catadores-na-prefeitura-scaled.jpg?resize=1400%2C800&ssl=1 4x"},"classes":[]}],"jetpack_sharing_enabled":true,"_links":{"self":[{"href":"https:\/\/www.jornalja.com.br\/geral\/wp-json\/wp\/v2\/posts\/88335","targetHints":{"allow":["GET"]}}],"collection":[{"href":"https:\/\/www.jornalja.com.br\/geral\/wp-json\/wp\/v2\/posts"}],"about":[{"href":"https:\/\/www.jornalja.com.br\/geral\/wp-json\/wp\/v2\/types\/post"}],"author":[{"embeddable":true,"href":"https:\/\/www.jornalja.com.br\/geral\/wp-json\/wp\/v2\/users\/15"}],"replies":[{"embeddable":true,"href":"https:\/\/www.jornalja.com.br\/geral\/wp-json\/wp\/v2\/comments?post=88335"}],"version-history":[{"count":5,"href":"https:\/\/www.jornalja.com.br\/geral\/wp-json\/wp\/v2\/posts\/88335\/revisions"}],"predecessor-version":[{"id":88350,"href":"https:\/\/www.jornalja.com.br\/geral\/wp-json\/wp\/v2\/posts\/88335\/revisions\/88350"}],"wp:featuredmedia":[{"embeddable":true,"href":"https:\/\/www.jornalja.com.br\/geral\/wp-json\/wp\/v2\/media\/88336"}],"wp:attachment":[{"href":"https:\/\/www.jornalja.com.br\/geral\/wp-json\/wp\/v2\/media?parent=88335"}],"wp:term":[{"taxonomy":"category","embeddable":true,"href":"https:\/\/www.jornalja.com.br\/geral\/wp-json\/wp\/v2\/categories?post=88335"},{"taxonomy":"post_tag","embeddable":true,"href":"https:\/\/www.jornalja.com.br\/geral\/wp-json\/wp\/v2\/tags?post=88335"}],"curies":[{"name":"wp","href":"https:\/\/api.w.org\/{rel}","templated":true}]}}