{"id":89136,"date":"2021-08-05T12:38:47","date_gmt":"2021-08-05T15:38:47","guid":{"rendered":"https:\/\/www.jornalja.com.br\/geral\/?p=89136"},"modified":"2021-08-06T13:40:37","modified_gmt":"2021-08-06T16:40:37","slug":"pronto-socorro-redencao-e-gasometro-na-lista-de-novas-concessoes-e-ppps-em-porto-alegre","status":"publish","type":"post","link":"https:\/\/www.jornalja.com.br\/geral\/pronto-socorro-redencao-e-gasometro-na-lista-de-novas-concessoes-e-ppps-em-porto-alegre\/","title":{"rendered":"Pronto Socorro, Reden\u00e7\u00e3o e Gas\u00f4metro na lista de novas concess\u00f5es e PPPs em Porto Alegre"},"content":{"rendered":"<p>A prefeitura de Porto Alegre vai encomendar estudos para oito novos projetos de parcerias privadas e a concess\u00e3o de quatro parques p\u00fablicos, incluindo a Reden\u00e7\u00e3o e o Parque Moinhos de Vento.<\/p>\n<p>Na lista das parcerias est\u00e3o o Hospital de Pronto Socorro, a Usina do Gas\u00f4metro e o Museu Joaquim Felizardo.<\/p>\n<p>Os estudos ser\u00e3o apresentados atrav\u00e9s de Procedimentos de Manifesta\u00e7\u00e3o de Interesse (PMI) e o primeiro edital dever\u00e1 ser publicado em 30 dias.<\/p>\n<p>A aprova\u00e7\u00e3o se deu no Conselho Gestor de Parcerias (CGP), coordenado pelo prefeito Sebasti\u00e3o Melo, na manh\u00e3 desta\u00a0 quinta-feira, 5.<\/p>\n<p>Os PMIs t\u00eam como objetivo auxiliar o munic\u00edpio nas futuras modelagens de PPPs e concess\u00f5es.<\/p>\n<p>\u201cVamos buscar ideias no mercado para construir projetos mais exitosos&#8221;, disse a secret\u00e1ria municipal de Parcerias, Ana Pellini.<\/p>\n<p>&#8220;Esse tipo de procedimento n\u00e3o gera custo para o poder p\u00fablico, pois os estudos s\u00e3o pagos pelo vencedor de uma futura licita\u00e7\u00e3o e, ainda, nos ajuda a entender o potencial de cada \u00e1rea que estamos trabalhando\u201d, explicou.<\/p>\n<p>Os PMIs recebidos pela prefeitura para cada um dos projetos poder\u00e3o ser utilizados de forma total ou parcial na estrutura\u00e7\u00e3o das futuras licita\u00e7\u00f5es.<\/p>\n<p>Al\u00e9m da manifesta\u00e7\u00e3o de interesse para oito projetos, foi aprovado o estudo, mediante a contrata\u00e7\u00e3o de consultoria, de uma concess\u00e3o para o Trecho 3 da Orla do Gua\u00edba com o Parque Marinha do Brasil e, de forma independente ou combinada, os parques da Reden\u00e7\u00e3o e Moinhos de Vento.<\/p>\n<p><img decoding=\"async\" data-attachment-id=\"89148\" data-permalink=\"https:\/\/www.jornalja.com.br\/geral\/pronto-socorro-redencao-e-gasometro-na-lista-de-novas-concessoes-e-ppps-em-porto-alegre\/conselho-gestor-de-porto-alegre\/\" data-orig-file=\"https:\/\/www.jornalja.com.br\/geral\/wp-content\/uploads\/sites\/4\/2021\/08\/conselho-gestor-de-porto-alegre.png\" data-orig-size=\"319,227\" data-comments-opened=\"1\" data-image-meta=\"{&quot;aperture&quot;:&quot;0&quot;,&quot;credit&quot;:&quot;&quot;,&quot;camera&quot;:&quot;&quot;,&quot;caption&quot;:&quot;&quot;,&quot;created_timestamp&quot;:&quot;0&quot;,&quot;copyright&quot;:&quot;&quot;,&quot;focal_length&quot;:&quot;0&quot;,&quot;iso&quot;:&quot;0&quot;,&quot;shutter_speed&quot;:&quot;0&quot;,&quot;title&quot;:&quot;&quot;,&quot;orientation&quot;:&quot;0&quot;}\" data-image-title=\"Conselho Gestor de Porto Alegre\" data-image-description=\"\" data-image-caption=\"\" data-large-file=\"https:\/\/www.jornalja.com.br\/geral\/wp-content\/uploads\/sites\/4\/2021\/08\/conselho-gestor-de-porto-alegre.png\" class=\"alignnone size-full wp-image-89148\" src=\"https:\/\/www.jornalja.com.br\/geral\/wp-content\/uploads\/sites\/4\/2021\/08\/conselho-gestor-de-porto-alegre.png\" alt=\"\" width=\"319\" height=\"227\" \/><\/p>\n<p>Participaram da reuni\u00e3o os secret\u00e1rios da Fazenda, Rodrigo Fantinel; Planejamento e Assuntos Estrat\u00e9gicos, Cezar Schirmer, que tamb\u00e9m comp\u00f5em o (CGP), al\u00e9m dos secret\u00e1rios do Meio Ambiente e Sustentabilidade, Germano Bremm, e da Cultura, Gunter Axt.<\/p>\n<p><strong>Sobre os projetos de PMIs:<\/strong><\/p>\n<p><strong>Trecho 2 da Orla<\/strong> &#8211;\u00a0Complementa\u00e7\u00e3o dos estudos existentes para o Trecho 2 Orla do Gua\u00edba, com inser\u00e7\u00e3o obrigat\u00f3ria de Marina P\u00fablica.<\/p>\n<p><strong>Aerom\u00f3vel<\/strong> &#8211;\u00a0Estudo para concess\u00e3o de uso das \u00e1reas verdes e equipamentos p\u00fablicos, incluindo revitaliza\u00e7\u00e3o, manuten\u00e7\u00e3o e explora\u00e7\u00e3o comercial e tur\u00edstica da estrutura atual do Aerom\u00f3vel.<\/p>\n<p><strong>Hospital Presidente Vargas<\/strong>\u00a0 &#8211; Parceria p\u00fablico-privada, na modalidade de concess\u00e3o administrativa para a constru\u00e7\u00e3o, fornecimento de equipamentos, opera\u00e7\u00e3o e manuten\u00e7\u00e3o do novo HMIPV em outra localidade, em substitui\u00e7\u00e3o \u00e0 sede atual.<\/p>\n<p><strong>Hospital de Pronto Socorro (HPS)<\/strong> &#8211;\u00a0Parceria P\u00fablico-Privada, na modalidade de concess\u00e3o administrativa, para a constru\u00e7\u00e3o, fornecimento de equipamentos, opera\u00e7\u00e3o e manuten\u00e7\u00e3o do novo HPS.<\/p>\n<p><strong>Habita\u00e7\u00e3o &#8211;\u00a0<\/strong>Estudos para PPP em condom\u00ednios de interesse social sustent\u00e1vel com solu\u00e7\u00e3o combinada de conjunto habitacional e open mall.<\/p>\n<p><strong>Energia fotovoltaica<\/strong> &#8211;\u00a0Estudo de modelagem de PPP para implementa\u00e7\u00e3o de usinas fotovoltaicas como uma forma de ado\u00e7\u00e3o de fontes de energia renov\u00e1veis para atendimento a demanda dos pr\u00f3prios municipais.<\/p>\n<p><strong>Usina do Gas\u00f4metro<\/strong> &#8211;\u00a0Complementa\u00e7\u00e3o dos estudos para concess\u00e3o de uso incluindo a manuten\u00e7\u00e3o e explora\u00e7\u00e3o comercial da usina, tendo a previs\u00e3o de reservas de datas para o uso do munic\u00edpio.<\/p>\n<p><strong>Museu Joaquim Felizardo<\/strong> &#8211;\u00a0Estudos para concess\u00e3o de uso da \u00e1rea externa do museu com investimentos na revitaliza\u00e7\u00e3o e constru\u00e7\u00e3o de pr\u00e9dio anexo.<\/p>\n","protected":false},"excerpt":{"rendered":"<p>A prefeitura de Porto Alegre vai encomendar estudos para oito novos projetos de parcerias privadas e a concess\u00e3o de quatro parques p\u00fablicos, incluindo a Reden\u00e7\u00e3o e o Parque Moinhos de Vento. Na lista das parcerias est\u00e3o o Hospital de Pronto Socorro, a Usina do Gas\u00f4metro e o Museu Joaquim Felizardo. Os estudos ser\u00e3o apresentados atrav\u00e9s [&hellip;]<\/p>\n","protected":false},"author":4,"featured_media":86694,"comment_status":"open","ping_status":"open","sticky":false,"template":"","format":"standard","meta":{"jetpack_post_was_ever_published":false,"_jetpack_newsletter_access":"","_jetpack_dont_email_post_to_subs":false,"_jetpack_newsletter_tier_id":0,"_jetpack_memberships_contains_paywalled_content":false,"_jetpack_memberships_contains_paid_content":false,"footnotes":"","jetpack_publicize_message":"","jetpack_publicize_feature_enabled":true,"jetpack_social_post_already_shared":true,"jetpack_social_options":{"image_generator_settings":{"template":"highway","default_image_id":0,"font":"","enabled":false},"version":2}},"categories":[2],"tags":[],"class_list":["post-89136","post","type-post","status-publish","format-standard","has-post-thumbnail","hentry","category-geral"],"aioseo_notices":[],"jetpack_publicize_connections":[],"jetpack_featured_media_url":"https:\/\/www.jornalja.com.br\/geral\/wp-content\/uploads\/sites\/4\/2020\/12\/portoalegre-cristinerochol-pmpa.jpg","jetpack_shortlink":"https:\/\/wp.me\/pbKhrD-nbG","jetpack-related-posts":[{"id":89152,"url":"https:\/\/www.jornalja.com.br\/geral\/melo-quer-construir-segundo-hospital-de-pronto-socorro-no-quatro-distrito\/","url_meta":{"origin":89136,"position":0},"title":"Melo quer construir segundo Hospital de Pronto Socorro no quarto distrito","author":"Felipe Uhr","date":"6 de agosto de 2021","format":false,"excerpt":"\"Temos que ter um segundo pronto-socorro que atenda pelo SUS e todos os conv\u00eanios\" afirmou o prefeito Sebasti\u00e3o Melo em entrevista ao Jornal J\u00e1 nesta sexta-feira. Ainda sem \"nada em vista\", (or\u00e7amento, localiza\u00e7\u00e3o, recursos)\u00a0 Melo acredita que o hospital possa ser constru\u00eddo no quatro distrito. \"N\u00f3s ontem aprovamos a tese\u2026","rel":"","context":"Em &quot;Geral-MAT\u00c9RIA&quot;","block_context":{"text":"Geral-MAT\u00c9RIA","link":"https:\/\/www.jornalja.com.br\/geral\/category\/geral\/"},"img":{"alt_text":"","src":"https:\/\/i0.wp.com\/www.jornalja.com.br\/geral\/wp-content\/uploads\/sites\/4\/2021\/08\/meloprefeitoentrevista05082021-1600pxl.jpg?resize=350%2C200&ssl=1","width":350,"height":200,"srcset":"https:\/\/i0.wp.com\/www.jornalja.com.br\/geral\/wp-content\/uploads\/sites\/4\/2021\/08\/meloprefeitoentrevista05082021-1600pxl.jpg?resize=350%2C200&ssl=1 1x, https:\/\/i0.wp.com\/www.jornalja.com.br\/geral\/wp-content\/uploads\/sites\/4\/2021\/08\/meloprefeitoentrevista05082021-1600pxl.jpg?resize=525%2C300&ssl=1 1.5x, https:\/\/i0.wp.com\/www.jornalja.com.br\/geral\/wp-content\/uploads\/sites\/4\/2021\/08\/meloprefeitoentrevista05082021-1600pxl.jpg?resize=700%2C400&ssl=1 2x, https:\/\/i0.wp.com\/www.jornalja.com.br\/geral\/wp-content\/uploads\/sites\/4\/2021\/08\/meloprefeitoentrevista05082021-1600pxl.jpg?resize=1050%2C600&ssl=1 3x, https:\/\/i0.wp.com\/www.jornalja.com.br\/geral\/wp-content\/uploads\/sites\/4\/2021\/08\/meloprefeitoentrevista05082021-1600pxl.jpg?resize=1400%2C800&ssl=1 4x"},"classes":[]},{"id":101048,"url":"https:\/\/www.jornalja.com.br\/geral\/governo-gaucho-abre-consulta-publica-para-ppp-de-ampliacao-do-centro-administrativo-fernando-ferrari\/","url_meta":{"origin":89136,"position":1},"title":"Governo ga\u00facho abre consulta p\u00fablica para PPP de amplia\u00e7\u00e3o do Centro Administrativo Fernando Ferrari","author":"da Reda\u00e7\u00e3o","date":"7 de abril de 2026","format":false,"excerpt":"O governo do Estado lan\u00e7ou, na segunda-feira (6\/4), uma consulta p\u00fablica sobre\u00a0a parceria p\u00fablico-privada (PPP) do Centro Administrativo Fernando Ferrari (Caff), localizado em Porto Alegre. O per\u00edodo de escuta da popula\u00e7\u00e3o, para acolher sugest\u00f5es e cr\u00edticas ao projeto, vai at\u00e9 15 de maio. A Parceria P\u00fablico-Privada visa modernizar, reformar e\u2026","rel":"","context":"Em &quot;Geral-MAT\u00c9RIA&quot;","block_context":{"text":"Geral-MAT\u00c9RIA","link":"https:\/\/www.jornalja.com.br\/geral\/category\/geral\/"},"img":{"alt_text":"","src":"https:\/\/i0.wp.com\/www.jornalja.com.br\/geral\/wp-content\/uploads\/sites\/4\/2026\/04\/07103328-3175-gdo.jpg?resize=350%2C200&ssl=1","width":350,"height":200,"srcset":"https:\/\/i0.wp.com\/www.jornalja.com.br\/geral\/wp-content\/uploads\/sites\/4\/2026\/04\/07103328-3175-gdo.jpg?resize=350%2C200&ssl=1 1x, https:\/\/i0.wp.com\/www.jornalja.com.br\/geral\/wp-content\/uploads\/sites\/4\/2026\/04\/07103328-3175-gdo.jpg?resize=525%2C300&ssl=1 1.5x, https:\/\/i0.wp.com\/www.jornalja.com.br\/geral\/wp-content\/uploads\/sites\/4\/2026\/04\/07103328-3175-gdo.jpg?resize=700%2C400&ssl=1 2x"},"classes":[]},{"id":98220,"url":"https:\/\/www.jornalja.com.br\/geral\/desde-que-concessao-foi-barrada-parque-da-redencao-vive-situacao-indefinida\/","url_meta":{"origin":89136,"position":2},"title":"Desde que concess\u00e3o foi barrada, parque da Reden\u00e7\u00e3o vive situa\u00e7\u00e3o indefinida","author":"Elmar Bones","date":"10 de dezembro de 2024","format":false,"excerpt":"O parque da Reden\u00e7\u00e3o\u00a0 estava no \"Lote 1\" do programa de concess\u00f5es divulgado em novembro de 2022 pela Prefeitura de Porto Alegre, envolvendo cinco parques da cidade, que seriam concedidos num s\u00f3 edital. Mais antigo e emblem\u00e1tico parque da cidade, seu caso era tamb\u00e9m o mais pol\u00eamico,\u00a0 previa inclusive um\u2026","rel":"","context":"Em &quot;Geral-MAT\u00c9RIA&quot;","block_context":{"text":"Geral-MAT\u00c9RIA","link":"https:\/\/www.jornalja.com.br\/geral\/category\/geral\/"},"img":{"alt_text":"","src":"https:\/\/i0.wp.com\/www.jornalja.com.br\/geral\/wp-content\/uploads\/sites\/4\/2024\/12\/redencao-sem-destino.png?resize=350%2C200&ssl=1","width":350,"height":200,"srcset":"https:\/\/i0.wp.com\/www.jornalja.com.br\/geral\/wp-content\/uploads\/sites\/4\/2024\/12\/redencao-sem-destino.png?resize=350%2C200&ssl=1 1x, https:\/\/i0.wp.com\/www.jornalja.com.br\/geral\/wp-content\/uploads\/sites\/4\/2024\/12\/redencao-sem-destino.png?resize=525%2C300&ssl=1 1.5x, https:\/\/i0.wp.com\/www.jornalja.com.br\/geral\/wp-content\/uploads\/sites\/4\/2024\/12\/redencao-sem-destino.png?resize=700%2C400&ssl=1 2x"},"classes":[]},{"id":98558,"url":"https:\/\/www.jornalja.com.br\/geral\/empresa-que-vai-ocupar-terreno-junto-a-redencao-ja-tem-12-concessoes-em-porto-alegre\/","url_meta":{"origin":89136,"position":3},"title":"Empresa que vai ocupar terreno junto \u00e0 Reden\u00e7\u00e3o j\u00e1 tem 12 concess\u00f5es em Porto Alegre","author":"da Reda\u00e7\u00e3o","date":"26 de mar\u00e7o de 2025","format":false,"excerpt":"Um tapume de metal sinaliza, desde segunda-feira, a mudan\u00e7a que vai ocorrer num espa\u00e7o privilegiado em Porto Alegre, junto ao parque da Reden\u00e7\u00e3o, no largo Jos\u00e9 Lubianca, na conflu\u00eancia das avenidas Jos\u00e9 Bonif\u00e1cio com Oswaldo Aranha. \u00c9 um terreno triangular, de 462 m2, que em 1971, em plena ditadura, foi\u2026","rel":"","context":"Em &quot;Geral-MAT\u00c9RIA&quot;","block_context":{"text":"Geral-MAT\u00c9RIA","link":"https:\/\/www.jornalja.com.br\/geral\/category\/geral\/"},"img":{"alt_text":"","src":"https:\/\/i0.wp.com\/www.jornalja.com.br\/geral\/wp-content\/uploads\/sites\/4\/2025\/03\/redencao-area-cercada.jpg?resize=350%2C200&ssl=1","width":350,"height":200,"srcset":"https:\/\/i0.wp.com\/www.jornalja.com.br\/geral\/wp-content\/uploads\/sites\/4\/2025\/03\/redencao-area-cercada.jpg?resize=350%2C200&ssl=1 1x, https:\/\/i0.wp.com\/www.jornalja.com.br\/geral\/wp-content\/uploads\/sites\/4\/2025\/03\/redencao-area-cercada.jpg?resize=525%2C300&ssl=1 1.5x, https:\/\/i0.wp.com\/www.jornalja.com.br\/geral\/wp-content\/uploads\/sites\/4\/2025\/03\/redencao-area-cercada.jpg?resize=700%2C400&ssl=1 2x, https:\/\/i0.wp.com\/www.jornalja.com.br\/geral\/wp-content\/uploads\/sites\/4\/2025\/03\/redencao-area-cercada.jpg?resize=1050%2C600&ssl=1 3x, https:\/\/i0.wp.com\/www.jornalja.com.br\/geral\/wp-content\/uploads\/sites\/4\/2025\/03\/redencao-area-cercada.jpg?resize=1400%2C800&ssl=1 4x"},"classes":[]},{"id":73213,"url":"https:\/\/www.jornalja.com.br\/geral\/marca-das-gestoes-petistas-baile-da-cidade-volta-ao-parque-da-redencao\/","url_meta":{"origin":89136,"position":4},"title":"Marca das gest\u00f5es petistas, Baile da Cidade volta ao parque da Reden\u00e7\u00e3o","author":"da Reda\u00e7\u00e3o","date":"8 de mar\u00e7o de 2019","format":false,"excerpt":"Mais de 30 mil pessoas participaram do \u00faltimo dos bailes p\u00fablicos no Parque da Reden\u00e7\u00e3o em 2012, comemorando os 240 anos de Porto Alegre. A Banda Municipal interpretou m\u00fasicas que se tornaram hinos da cidade, na voz dos seguintes convidados: -Kleiton & Kledir, com \"Deu Pra Ti\", -Nei Lisboa (\"Berlim\u2026","rel":"","context":"Em &quot;Geral-MAT\u00c9RIA&quot;","block_context":{"text":"Geral-MAT\u00c9RIA","link":"https:\/\/www.jornalja.com.br\/geral\/category\/geral\/"},"img":{"alt_text":"","src":"https:\/\/i0.wp.com\/www.jornalja.com.br\/wp-content\/uploads\/2019\/03\/Baile-na-Reden%C3%A7%C3%A3o-Fortunati-com-S%C3%A9rgius-Gonzaga-450x334.jpg?resize=350%2C200&ssl=1","width":350,"height":200},"classes":[]},{"id":94374,"url":"https:\/\/www.jornalja.com.br\/geral\/projeto-preve-concessao-da-redencao-junto-com-calcadao-do-lami\/","url_meta":{"origin":89136,"position":5},"title":"Projeto prev\u00ea concess\u00e3o da Reden\u00e7\u00e3o junto com Cal\u00e7ad\u00e3o do Lami","author":"da Reda\u00e7\u00e3o","date":"23 de novembro de 2022","format":false,"excerpt":"Uma audi\u00eancia p\u00fablica \"extraordin\u00e1ria\" dar\u00e1 continuidade ao debate sobre a concess\u00e3o do Parque Farroupilha e do Cal\u00e7ad\u00e3o do Lami. Os dois espa\u00e7os comp\u00f5em o Lote 1 do programa de concess\u00f5es que envolve cinco parques de Porto Alegre.\u00a0 \u00a0Significa que ser\u00e3o concedidos num s\u00f3 edital. O cal\u00e7ad\u00e3o do Lami foi inclu\u00eddo\u2026","rel":"","context":"Em &quot;Geral-MAT\u00c9RIA&quot;","block_context":{"text":"Geral-MAT\u00c9RIA","link":"https:\/\/www.jornalja.com.br\/geral\/category\/geral\/"},"img":{"alt_text":"","src":"https:\/\/i0.wp.com\/www.jornalja.com.br\/geral\/wp-content\/uploads\/sites\/4\/2022\/11\/redencao-abraco-4-scaled.jpg?resize=350%2C200&ssl=1","width":350,"height":200,"srcset":"https:\/\/i0.wp.com\/www.jornalja.com.br\/geral\/wp-content\/uploads\/sites\/4\/2022\/11\/redencao-abraco-4-scaled.jpg?resize=350%2C200&ssl=1 1x, https:\/\/i0.wp.com\/www.jornalja.com.br\/geral\/wp-content\/uploads\/sites\/4\/2022\/11\/redencao-abraco-4-scaled.jpg?resize=525%2C300&ssl=1 1.5x, https:\/\/i0.wp.com\/www.jornalja.com.br\/geral\/wp-content\/uploads\/sites\/4\/2022\/11\/redencao-abraco-4-scaled.jpg?resize=700%2C400&ssl=1 2x, https:\/\/i0.wp.com\/www.jornalja.com.br\/geral\/wp-content\/uploads\/sites\/4\/2022\/11\/redencao-abraco-4-scaled.jpg?resize=1050%2C600&ssl=1 3x, https:\/\/i0.wp.com\/www.jornalja.com.br\/geral\/wp-content\/uploads\/sites\/4\/2022\/11\/redencao-abraco-4-scaled.jpg?resize=1400%2C800&ssl=1 4x"},"classes":[]}],"jetpack_sharing_enabled":true,"_links":{"self":[{"href":"https:\/\/www.jornalja.com.br\/geral\/wp-json\/wp\/v2\/posts\/89136","targetHints":{"allow":["GET"]}}],"collection":[{"href":"https:\/\/www.jornalja.com.br\/geral\/wp-json\/wp\/v2\/posts"}],"about":[{"href":"https:\/\/www.jornalja.com.br\/geral\/wp-json\/wp\/v2\/types\/post"}],"author":[{"embeddable":true,"href":"https:\/\/www.jornalja.com.br\/geral\/wp-json\/wp\/v2\/users\/4"}],"replies":[{"embeddable":true,"href":"https:\/\/www.jornalja.com.br\/geral\/wp-json\/wp\/v2\/comments?post=89136"}],"version-history":[{"count":3,"href":"https:\/\/www.jornalja.com.br\/geral\/wp-json\/wp\/v2\/posts\/89136\/revisions"}],"predecessor-version":[{"id":89150,"href":"https:\/\/www.jornalja.com.br\/geral\/wp-json\/wp\/v2\/posts\/89136\/revisions\/89150"}],"wp:featuredmedia":[{"embeddable":true,"href":"https:\/\/www.jornalja.com.br\/geral\/wp-json\/wp\/v2\/media\/86694"}],"wp:attachment":[{"href":"https:\/\/www.jornalja.com.br\/geral\/wp-json\/wp\/v2\/media?parent=89136"}],"wp:term":[{"taxonomy":"category","embeddable":true,"href":"https:\/\/www.jornalja.com.br\/geral\/wp-json\/wp\/v2\/categories?post=89136"},{"taxonomy":"post_tag","embeddable":true,"href":"https:\/\/www.jornalja.com.br\/geral\/wp-json\/wp\/v2\/tags?post=89136"}],"curies":[{"name":"wp","href":"https:\/\/api.w.org\/{rel}","templated":true}]}}