{"id":89152,"date":"2021-08-06T13:35:46","date_gmt":"2021-08-06T16:35:46","guid":{"rendered":"https:\/\/www.jornalja.com.br\/geral\/?p=89152"},"modified":"2021-08-09T02:19:12","modified_gmt":"2021-08-09T05:19:12","slug":"melo-quer-construir-segundo-hospital-de-pronto-socorro-no-quatro-distrito","status":"publish","type":"post","link":"https:\/\/www.jornalja.com.br\/geral\/melo-quer-construir-segundo-hospital-de-pronto-socorro-no-quatro-distrito\/","title":{"rendered":"Melo quer construir segundo Hospital de Pronto Socorro no quarto distrito"},"content":{"rendered":"<p>&#8220;Temos que ter um segundo pronto-socorro que atenda pelo SUS e todos os conv\u00eanios&#8221; afirmou o prefeito Sebasti\u00e3o Melo em entrevista ao Jornal J\u00e1 nesta sexta-feira.<\/p>\n<p>Ainda sem &#8220;nada em vista&#8221;, (or\u00e7amento, localiza\u00e7\u00e3o, recursos)\u00a0 Melo acredita que o hospital possa ser constru\u00eddo no quatro distrito.<\/p>\n<p>&#8220;N\u00f3s ontem aprovamos a tese e agora a Ana prossegue&#8221; concluiu. Ele referia-se a secret\u00e1ria de Parcerias Estrat\u00e9gicas, Ana Pellini, o que indica que o novo hospital depender\u00e1 de uma parceira p\u00fablico privada.<\/p>\n<p>Na quinta-feira o Conselho Gestor de Parcerias (CGP), coordenado pelo prefeito aprovou que sejam\u00a0estudos para oito novos projetos de parcerias privadas e a concess\u00e3o de quatro parques p\u00fablicos, incluindo a Reden\u00e7\u00e3o e o Parque Moinhos de Vento.<\/p>\n<p>Os estudos ser\u00e3o apresentados atrav\u00e9s de Procedimentos de Manifesta\u00e7\u00e3o de Interesse (PMI) e o primeiro edital dever\u00e1 ser publicado em 30 dias.<\/p>\n<p><strong>Sobre os projetos de PMIs:<\/strong><\/p>\n<p><strong>Trecho 2 da Orla<\/strong>\u00a0\u2013\u00a0Complementa\u00e7\u00e3o dos estudos existentes para o Trecho 2 Orla do Gua\u00edba, com inser\u00e7\u00e3o obrigat\u00f3ria de Marina P\u00fablica.<\/p>\n<p><strong>Aerom\u00f3vel<\/strong>\u00a0\u2013\u00a0Estudo para concess\u00e3o de uso das \u00e1reas verdes e equipamentos p\u00fablicos, incluindo revitaliza\u00e7\u00e3o, manuten\u00e7\u00e3o e explora\u00e7\u00e3o comercial e tur\u00edstica da estrutura atual do Aerom\u00f3vel.<\/p>\n<p><strong>Hospital Presidente Vargas<\/strong>\u00a0 \u2013 Parceria p\u00fablico-privada, na modalidade de concess\u00e3o administrativa para a constru\u00e7\u00e3o, fornecimento de equipamentos, opera\u00e7\u00e3o e manuten\u00e7\u00e3o do novo HMIPV em outra localidade, em substitui\u00e7\u00e3o \u00e0 sede atual.<\/p>\n<p><strong>Hospital de Pronto Socorro (HPS)<\/strong>\u00a0\u2013\u00a0Parceria P\u00fablico-Privada, na modalidade de concess\u00e3o administrativa, para a constru\u00e7\u00e3o, fornecimento de equipamentos, opera\u00e7\u00e3o e manuten\u00e7\u00e3o do novo HPS.<\/p>\n<p><strong>Habita\u00e7\u00e3o \u2013\u00a0<\/strong>Estudos para PPP em condom\u00ednios de interesse social sustent\u00e1vel com solu\u00e7\u00e3o combinada de conjunto habitacional e open mall.<\/p>\n<p><strong>Energia fotovoltaica<\/strong>\u00a0\u2013\u00a0Estudo de modelagem de PPP para implementa\u00e7\u00e3o de usinas fotovoltaicas como uma forma de ado\u00e7\u00e3o de fontes de energia renov\u00e1veis para atendimento a demanda dos pr\u00f3prios municipais.<\/p>\n<p><strong>Usina do Gas\u00f4metro<\/strong>\u00a0\u2013\u00a0Complementa\u00e7\u00e3o dos estudos para concess\u00e3o de uso incluindo a manuten\u00e7\u00e3o e explora\u00e7\u00e3o comercial da usina, tendo a previs\u00e3o de reservas de datas para o uso do munic\u00edpio.<\/p>\n<p><strong>Museu Joaquim Felizardo<\/strong>\u00a0\u2013\u00a0Estudos para concess\u00e3o de uso da \u00e1rea externa do museu com investimentos na revitaliza\u00e7\u00e3o e constru\u00e7\u00e3o de pr\u00e9dio anexo.<\/p>\n","protected":false},"excerpt":{"rendered":"<p>&#8220;Temos que ter um segundo pronto-socorro que atenda pelo SUS e todos os conv\u00eanios&#8221; afirmou o prefeito Sebasti\u00e3o Melo em entrevista ao Jornal J\u00e1 nesta sexta-feira. Ainda sem &#8220;nada em vista&#8221;, (or\u00e7amento, localiza\u00e7\u00e3o, recursos)\u00a0 Melo acredita que o hospital possa ser constru\u00eddo no quatro distrito. &#8220;N\u00f3s ontem aprovamos a tese e agora a Ana prossegue&#8221; [&hellip;]<\/p>\n","protected":false},"author":83,"featured_media":89178,"comment_status":"open","ping_status":"open","sticky":false,"template":"","format":"standard","meta":{"jetpack_post_was_ever_published":false,"_jetpack_newsletter_access":"","_jetpack_dont_email_post_to_subs":false,"_jetpack_newsletter_tier_id":0,"_jetpack_memberships_contains_paywalled_content":false,"_jetpack_memberships_contains_paid_content":false,"footnotes":"","jetpack_publicize_message":"","jetpack_publicize_feature_enabled":true,"jetpack_social_post_already_shared":true,"jetpack_social_options":{"image_generator_settings":{"template":"highway","default_image_id":0,"font":"","enabled":false},"version":2}},"categories":[2],"tags":[],"class_list":["post-89152","post","type-post","status-publish","format-standard","has-post-thumbnail","hentry","category-geral"],"aioseo_notices":[],"jetpack_publicize_connections":[],"jetpack_featured_media_url":"https:\/\/www.jornalja.com.br\/geral\/wp-content\/uploads\/sites\/4\/2021\/08\/meloprefeitoentrevista05082021-1600pxl.jpg","jetpack_shortlink":"https:\/\/wp.me\/pbKhrD-nbW","jetpack-related-posts":[{"id":89136,"url":"https:\/\/www.jornalja.com.br\/geral\/pronto-socorro-redencao-e-gasometro-na-lista-de-novas-concessoes-e-ppps-em-porto-alegre\/","url_meta":{"origin":89152,"position":0},"title":"Pronto Socorro, Reden\u00e7\u00e3o e Gas\u00f4metro na lista de novas concess\u00f5es e PPPs em Porto Alegre","author":"da Reda\u00e7\u00e3o","date":"5 de agosto de 2021","format":false,"excerpt":"A prefeitura de Porto Alegre vai encomendar estudos para oito novos projetos de parcerias privadas e a concess\u00e3o de quatro parques p\u00fablicos, incluindo a Reden\u00e7\u00e3o e o Parque Moinhos de Vento. Na lista das parcerias est\u00e3o o Hospital de Pronto Socorro, a Usina do Gas\u00f4metro e o Museu Joaquim Felizardo.\u2026","rel":"","context":"Em &quot;Geral-MAT\u00c9RIA&quot;","block_context":{"text":"Geral-MAT\u00c9RIA","link":"https:\/\/www.jornalja.com.br\/geral\/category\/geral\/"},"img":{"alt_text":"","src":"https:\/\/i0.wp.com\/www.jornalja.com.br\/geral\/wp-content\/uploads\/sites\/4\/2020\/12\/portoalegre-cristinerochol-pmpa.jpg?resize=350%2C200&ssl=1","width":350,"height":200,"srcset":"https:\/\/i0.wp.com\/www.jornalja.com.br\/geral\/wp-content\/uploads\/sites\/4\/2020\/12\/portoalegre-cristinerochol-pmpa.jpg?resize=350%2C200&ssl=1 1x, https:\/\/i0.wp.com\/www.jornalja.com.br\/geral\/wp-content\/uploads\/sites\/4\/2020\/12\/portoalegre-cristinerochol-pmpa.jpg?resize=525%2C300&ssl=1 1.5x, https:\/\/i0.wp.com\/www.jornalja.com.br\/geral\/wp-content\/uploads\/sites\/4\/2020\/12\/portoalegre-cristinerochol-pmpa.jpg?resize=700%2C400&ssl=1 2x, https:\/\/i0.wp.com\/www.jornalja.com.br\/geral\/wp-content\/uploads\/sites\/4\/2020\/12\/portoalegre-cristinerochol-pmpa.jpg?resize=1050%2C600&ssl=1 3x, https:\/\/i0.wp.com\/www.jornalja.com.br\/geral\/wp-content\/uploads\/sites\/4\/2020\/12\/portoalegre-cristinerochol-pmpa.jpg?resize=1400%2C800&ssl=1 4x"},"classes":[]},{"id":101048,"url":"https:\/\/www.jornalja.com.br\/geral\/governo-gaucho-abre-consulta-publica-para-ppp-de-ampliacao-do-centro-administrativo-fernando-ferrari\/","url_meta":{"origin":89152,"position":1},"title":"Governo ga\u00facho abre consulta p\u00fablica para PPP de amplia\u00e7\u00e3o do Centro Administrativo Fernando Ferrari","author":"da Reda\u00e7\u00e3o","date":"7 de abril de 2026","format":false,"excerpt":"O governo do Estado lan\u00e7ou, na segunda-feira (6\/4), uma consulta p\u00fablica sobre\u00a0a parceria p\u00fablico-privada (PPP) do Centro Administrativo Fernando Ferrari (Caff), localizado em Porto Alegre. O per\u00edodo de escuta da popula\u00e7\u00e3o, para acolher sugest\u00f5es e cr\u00edticas ao projeto, vai at\u00e9 15 de maio. A Parceria P\u00fablico-Privada visa modernizar, reformar e\u2026","rel":"","context":"Em &quot;Geral-MAT\u00c9RIA&quot;","block_context":{"text":"Geral-MAT\u00c9RIA","link":"https:\/\/www.jornalja.com.br\/geral\/category\/geral\/"},"img":{"alt_text":"","src":"https:\/\/i0.wp.com\/www.jornalja.com.br\/geral\/wp-content\/uploads\/sites\/4\/2026\/04\/07103328-3175-gdo.jpg?resize=350%2C200&ssl=1","width":350,"height":200,"srcset":"https:\/\/i0.wp.com\/www.jornalja.com.br\/geral\/wp-content\/uploads\/sites\/4\/2026\/04\/07103328-3175-gdo.jpg?resize=350%2C200&ssl=1 1x, https:\/\/i0.wp.com\/www.jornalja.com.br\/geral\/wp-content\/uploads\/sites\/4\/2026\/04\/07103328-3175-gdo.jpg?resize=525%2C300&ssl=1 1.5x, https:\/\/i0.wp.com\/www.jornalja.com.br\/geral\/wp-content\/uploads\/sites\/4\/2026\/04\/07103328-3175-gdo.jpg?resize=700%2C400&ssl=1 2x"},"classes":[]},{"id":97198,"url":"https:\/\/www.jornalja.com.br\/geral\/aos-80-anos-hospital-de-pronto-socorro-enfrenta-superlotacao-e-falta-de-investimentos\/","url_meta":{"origin":89152,"position":2},"title":"Aos 80 anos, Hospital de Pronto Socorro enfrenta superlota\u00e7\u00e3o e falta de investimentos","author":"da Reda\u00e7\u00e3o","date":"22 de abril de 2024","format":false,"excerpt":"Duas tendas de lona branca foram instaladas no terreno onde ser\u00e1 constru\u00eddo o novo pr\u00e9dio de oito andares, anexo ao\u00a0 Hospital de Pronto Socorro de Porto Alegre. Ali, na sexta-feira 19 de abril,\u00a0 a Funda\u00e7\u00e3o Pr\u00f3 HPS reuniu convidados - diretores do hospital, antigos funcion\u00e1rios homenageados, autoridades e a imprensa\u2026","rel":"","context":"Em &quot;Geral-MAT\u00c9RIA&quot;","block_context":{"text":"Geral-MAT\u00c9RIA","link":"https:\/\/www.jornalja.com.br\/geral\/category\/geral\/"},"img":{"alt_text":"","src":"https:\/\/i0.wp.com\/www.jornalja.com.br\/geral\/wp-content\/uploads\/sites\/4\/2024\/04\/hps-entrada-scaled.jpg?resize=350%2C200&ssl=1","width":350,"height":200,"srcset":"https:\/\/i0.wp.com\/www.jornalja.com.br\/geral\/wp-content\/uploads\/sites\/4\/2024\/04\/hps-entrada-scaled.jpg?resize=350%2C200&ssl=1 1x, https:\/\/i0.wp.com\/www.jornalja.com.br\/geral\/wp-content\/uploads\/sites\/4\/2024\/04\/hps-entrada-scaled.jpg?resize=525%2C300&ssl=1 1.5x, https:\/\/i0.wp.com\/www.jornalja.com.br\/geral\/wp-content\/uploads\/sites\/4\/2024\/04\/hps-entrada-scaled.jpg?resize=700%2C400&ssl=1 2x, https:\/\/i0.wp.com\/www.jornalja.com.br\/geral\/wp-content\/uploads\/sites\/4\/2024\/04\/hps-entrada-scaled.jpg?resize=1050%2C600&ssl=1 3x, https:\/\/i0.wp.com\/www.jornalja.com.br\/geral\/wp-content\/uploads\/sites\/4\/2024\/04\/hps-entrada-scaled.jpg?resize=1400%2C800&ssl=1 4x"},"classes":[]},{"id":100027,"url":"https:\/\/www.jornalja.com.br\/geral\/prefeitura-estuda-pacote-de-incentivos-transformar-centro-historico-em-territorio-de-oportunidades\/","url_meta":{"origin":89152,"position":3},"title":"Melo anuncia &#8220;pacote de incentivos&#8221; para transformar centro hist\u00f3rico em &#8220;territ\u00f3rio de oportunidades&#8221;.","author":"da Reda\u00e7\u00e3o","date":"15 de outubro de 2025","format":false,"excerpt":"A prefeitura de Porto Alegre encomendou pesquisa \u00e0 empresa \"Palco Intelig\u00eancia de Neg\u00f3cios\" para saber o que precisa ser feito para tornar o centro hist\u00f3rico\u00a0 \"num territ\u00f3rio de oportunidades\".\u00a0 Os question\u00e1rios foram aplicados em julho. Nesta quarta-feira, 15\/9, foram anunciadas as primeiras iniciativas previstas a partir dos resultados da pesquisa,\u2026","rel":"","context":"Em &quot;Geral-MAT\u00c9RIA&quot;","block_context":{"text":"Geral-MAT\u00c9RIA","link":"https:\/\/www.jornalja.com.br\/geral\/category\/geral\/"},"img":{"alt_text":"","src":"https:\/\/i0.wp.com\/www.jornalja.com.br\/geral\/wp-content\/uploads\/sites\/4\/2025\/10\/centro-historico-projeto.jpg?resize=350%2C200&ssl=1","width":350,"height":200,"srcset":"https:\/\/i0.wp.com\/www.jornalja.com.br\/geral\/wp-content\/uploads\/sites\/4\/2025\/10\/centro-historico-projeto.jpg?resize=350%2C200&ssl=1 1x, https:\/\/i0.wp.com\/www.jornalja.com.br\/geral\/wp-content\/uploads\/sites\/4\/2025\/10\/centro-historico-projeto.jpg?resize=525%2C300&ssl=1 1.5x, https:\/\/i0.wp.com\/www.jornalja.com.br\/geral\/wp-content\/uploads\/sites\/4\/2025\/10\/centro-historico-projeto.jpg?resize=700%2C400&ssl=1 2x"},"classes":[]},{"id":98220,"url":"https:\/\/www.jornalja.com.br\/geral\/desde-que-concessao-foi-barrada-parque-da-redencao-vive-situacao-indefinida\/","url_meta":{"origin":89152,"position":4},"title":"Desde que concess\u00e3o foi barrada, parque da Reden\u00e7\u00e3o vive situa\u00e7\u00e3o indefinida","author":"Elmar Bones","date":"10 de dezembro de 2024","format":false,"excerpt":"O parque da Reden\u00e7\u00e3o\u00a0 estava no \"Lote 1\" do programa de concess\u00f5es divulgado em novembro de 2022 pela Prefeitura de Porto Alegre, envolvendo cinco parques da cidade, que seriam concedidos num s\u00f3 edital. Mais antigo e emblem\u00e1tico parque da cidade, seu caso era tamb\u00e9m o mais pol\u00eamico,\u00a0 previa inclusive um\u2026","rel":"","context":"Em &quot;Geral-MAT\u00c9RIA&quot;","block_context":{"text":"Geral-MAT\u00c9RIA","link":"https:\/\/www.jornalja.com.br\/geral\/category\/geral\/"},"img":{"alt_text":"","src":"https:\/\/i0.wp.com\/www.jornalja.com.br\/geral\/wp-content\/uploads\/sites\/4\/2024\/12\/redencao-sem-destino.png?resize=350%2C200&ssl=1","width":350,"height":200,"srcset":"https:\/\/i0.wp.com\/www.jornalja.com.br\/geral\/wp-content\/uploads\/sites\/4\/2024\/12\/redencao-sem-destino.png?resize=350%2C200&ssl=1 1x, https:\/\/i0.wp.com\/www.jornalja.com.br\/geral\/wp-content\/uploads\/sites\/4\/2024\/12\/redencao-sem-destino.png?resize=525%2C300&ssl=1 1.5x, https:\/\/i0.wp.com\/www.jornalja.com.br\/geral\/wp-content\/uploads\/sites\/4\/2024\/12\/redencao-sem-destino.png?resize=700%2C400&ssl=1 2x"},"classes":[]},{"id":100251,"url":"https:\/\/www.jornalja.com.br\/geral\/evento-na-redencao-marca-os-30-anos-do-samu-em-porto-alegre\/","url_meta":{"origin":89152,"position":5},"title":"Evento na Reden\u00e7\u00e3o marca os 30  anos do SAMU em Porto Alegre","author":"Elmar Bones","date":"20 de novembro de 2025","format":false,"excerpt":"O Servi\u00e7o de Atendimento M\u00f3vel de Urg\u00eancia (Samu) de Porto Alegre \u00e9 pioneiro no pa\u00eds e refer\u00eancia nacional h\u00e1 30 anos. O anivers\u00e1rio foi marcado esta semana por um Simp\u00f3sio sobre Atendimento Pr\u00e9-Hospitalar, com mesas-redondas, palestras e pain\u00e9is, no anfiteatro do Hospital de Cl\u00ednicas de Porto Alegre. Participaram profissionais de\u2026","rel":"","context":"Em &quot;Geral-MAT\u00c9RIA&quot;","block_context":{"text":"Geral-MAT\u00c9RIA","link":"https:\/\/www.jornalja.com.br\/geral\/category\/geral\/"},"img":{"alt_text":"","src":"https:\/\/i0.wp.com\/www.jornalja.com.br\/geral\/wp-content\/uploads\/sites\/4\/2025\/11\/samu.jpg?resize=350%2C200&ssl=1","width":350,"height":200,"srcset":"https:\/\/i0.wp.com\/www.jornalja.com.br\/geral\/wp-content\/uploads\/sites\/4\/2025\/11\/samu.jpg?resize=350%2C200&ssl=1 1x, https:\/\/i0.wp.com\/www.jornalja.com.br\/geral\/wp-content\/uploads\/sites\/4\/2025\/11\/samu.jpg?resize=525%2C300&ssl=1 1.5x, https:\/\/i0.wp.com\/www.jornalja.com.br\/geral\/wp-content\/uploads\/sites\/4\/2025\/11\/samu.jpg?resize=700%2C400&ssl=1 2x"},"classes":[]}],"jetpack_sharing_enabled":true,"_links":{"self":[{"href":"https:\/\/www.jornalja.com.br\/geral\/wp-json\/wp\/v2\/posts\/89152","targetHints":{"allow":["GET"]}}],"collection":[{"href":"https:\/\/www.jornalja.com.br\/geral\/wp-json\/wp\/v2\/posts"}],"about":[{"href":"https:\/\/www.jornalja.com.br\/geral\/wp-json\/wp\/v2\/types\/post"}],"author":[{"embeddable":true,"href":"https:\/\/www.jornalja.com.br\/geral\/wp-json\/wp\/v2\/users\/83"}],"replies":[{"embeddable":true,"href":"https:\/\/www.jornalja.com.br\/geral\/wp-json\/wp\/v2\/comments?post=89152"}],"version-history":[{"count":5,"href":"https:\/\/www.jornalja.com.br\/geral\/wp-json\/wp\/v2\/posts\/89152\/revisions"}],"predecessor-version":[{"id":89205,"href":"https:\/\/www.jornalja.com.br\/geral\/wp-json\/wp\/v2\/posts\/89152\/revisions\/89205"}],"wp:featuredmedia":[{"embeddable":true,"href":"https:\/\/www.jornalja.com.br\/geral\/wp-json\/wp\/v2\/media\/89178"}],"wp:attachment":[{"href":"https:\/\/www.jornalja.com.br\/geral\/wp-json\/wp\/v2\/media?parent=89152"}],"wp:term":[{"taxonomy":"category","embeddable":true,"href":"https:\/\/www.jornalja.com.br\/geral\/wp-json\/wp\/v2\/categories?post=89152"},{"taxonomy":"post_tag","embeddable":true,"href":"https:\/\/www.jornalja.com.br\/geral\/wp-json\/wp\/v2\/tags?post=89152"}],"curies":[{"name":"wp","href":"https:\/\/api.w.org\/{rel}","templated":true}]}}