{"id":89561,"date":"2021-08-26T09:12:55","date_gmt":"2021-08-26T12:12:55","guid":{"rendered":"https:\/\/www.jornalja.com.br\/geral\/?p=89561"},"modified":"2021-08-26T09:14:28","modified_gmt":"2021-08-26T12:14:28","slug":"pesquisa-irregular-em-hospital-militar-conselho-de-medicina-e-bm-vao-investigar","status":"publish","type":"post","link":"https:\/\/www.jornalja.com.br\/geral\/pesquisa-irregular-em-hospital-militar-conselho-de-medicina-e-bm-vao-investigar\/","title":{"rendered":"Pesquisa irregular em hospital militar: Conselho de Medicina e BM v\u00e3o investigar"},"content":{"rendered":"<p id=\"m_5635419702786943609docs-internal-guid-95c0755b-7fff-5b5b-fea2-d4133585d920\" dir=\"ltr\">O comando da Brigada Militar e o Conselho Regional de Medicina do RS (Cremers) abriram sindic\u00e2ncia para investigar\u00a0 as den\u00fancias de experimentos irregulares com proxalutamida no Hospital da Brigada Militar de Porto Alegre.<\/p>\n<p dir=\"ltr\">O caso foi revelado pelo portal Matinal, em reportagem publicada na \u00faltima ter\u00e7a-feira, 23, e teve repercuss\u00e3o na imprensa nacional.<\/p>\n<p dir=\"ltr\">Em nota, na quarta-feira, o comando da BM informou que abriu a sindic\u00e2ncia apesar de \u201cinforma\u00e7\u00f5es preliminares do Departamento de Sa\u00fade\u201d da institui\u00e7\u00e3o \u201cdarem conta de que o estudo teria obedecido \u00e0s exig\u00eancias dos \u00f3rg\u00e3os competentes&#8221;.<\/p>\n<p dir=\"ltr\">No mesmo dia, em entrevista \u00e0 Band, o coordenador da Conep, Jorge Ven\u00e2ncio, negou que tenha havido pedido de realiza\u00e7\u00e3o de estudo nesse hospital:<\/p>\n<p dir=\"ltr\">\u201cNossa avalia\u00e7\u00e3o \u00e9 que o estudo est\u00e1 inteiramente irregular\u201d, afirmou. Ao G1, a Conep tamb\u00e9m confirmou a informa\u00e7\u00e3o do Matinal.<\/p>\n<p dir=\"ltr\">Respons\u00e1vel por fiscalizar o exerc\u00edcio da medicina no Estado, o Cremers confirmou que abriu uma sindic\u00e2ncia \u201cpara investigar as graves den\u00fancias e a exist\u00eancia de il\u00edcito \u00e9tico\u201d.<\/p>\n<p dir=\"ltr\">Vice-presidente da entidade, Eduardo Trindade, afirmou que o processo abranger\u00e1 \u201ctodas as pessoas denunciadas e informa\u00e7\u00f5es relatadas na mat\u00e9ria\u201d. A apura\u00e7\u00e3o corre em sigilo e pode ter consequ\u00eancias que v\u00e3o de san\u00e7\u00f5es confidenciais at\u00e9 a cassa\u00e7\u00e3o do registro m\u00e9dico \u2013 algo raro, que s\u00f3 ocorre com chancela do Conselho Federal de Medicina.<\/p>\n<p dir=\"ltr\">Ap\u00f3s a publica\u00e7\u00e3o da reportagem, o autor, Pedro Nakamura, e a reda\u00e7\u00e3o foram alvo de ataques nas redes sociais, &#8220;inclusive com a tentativa de derrubar o site do Matinal, que recebeu apoio de entidades como a Associa\u00e7\u00e3o Brasileira de Jornalismo Investigativo e a Associa\u00e7\u00e3o de Jornalismo Digital&#8221;,<\/p>\n","protected":false},"excerpt":{"rendered":"<p>O comando da Brigada Militar e o Conselho Regional de Medicina do RS (Cremers) abriram sindic\u00e2ncia para investigar\u00a0 as den\u00fancias de experimentos irregulares com proxalutamida no Hospital da Brigada Militar de Porto Alegre. O caso foi revelado pelo portal Matinal, em reportagem publicada na \u00faltima ter\u00e7a-feira, 23, e teve repercuss\u00e3o na imprensa nacional. Em nota, [&hellip;]<\/p>\n","protected":false},"author":4,"featured_media":89564,"comment_status":"open","ping_status":"open","sticky":false,"template":"","format":"standard","meta":{"jetpack_post_was_ever_published":false,"_jetpack_newsletter_access":"","_jetpack_dont_email_post_to_subs":false,"_jetpack_newsletter_tier_id":0,"_jetpack_memberships_contains_paywalled_content":false,"_jetpack_memberships_contains_paid_content":false,"footnotes":"","jetpack_publicize_message":"","jetpack_publicize_feature_enabled":true,"jetpack_social_post_already_shared":true,"jetpack_social_options":{"image_generator_settings":{"template":"highway","default_image_id":0,"font":"","enabled":false},"version":2}},"categories":[2],"tags":[],"class_list":["post-89561","post","type-post","status-publish","format-standard","has-post-thumbnail","hentry","category-geral"],"aioseo_notices":[],"jetpack_publicize_connections":[],"jetpack_featured_media_url":"https:\/\/www.jornalja.com.br\/geral\/wp-content\/uploads\/sites\/4\/2021\/08\/hospital-da-brigada-militar.jpeg","jetpack_shortlink":"https:\/\/wp.me\/pbKhrD-nix","jetpack-related-posts":[{"id":76220,"url":"https:\/\/www.jornalja.com.br\/geral\/novos-brigadianos-passaram-por-1-600-horas-de-treinamento\/","url_meta":{"origin":89561,"position":0},"title":"Novos brigadianos passaram por 1.600 horas de treinamento","author":"da Reda\u00e7\u00e3o","date":"11 de agosto de 2019","format":false,"excerpt":"O governador Eduardo leite escolheu o largo da Catedral de Santo \u00c2ngelo, na regi\u00e3o missioneira para encerrar a\u00a0 a s\u00e9rie de\u00a0 24 formaturas da Brigada Militar pelo Rio Grande do Sul. Desde o dia 26 de julho, se formaram 1.965 policiais militares que passam a refor\u00e7ar a seguran\u00e7a p\u00fablica no\u2026","rel":"","context":"Em &quot;Geral-MAT\u00c9RIA&quot;","block_context":{"text":"Geral-MAT\u00c9RIA","link":"https:\/\/www.jornalja.com.br\/geral\/category\/geral\/"},"img":{"alt_text":"","src":"","width":0,"height":0},"classes":[]},{"id":84281,"url":"https:\/\/www.jornalja.com.br\/geral\/agressao-a-jornalistas-em-alegrete-repercute-em-todo-o-pais\/","url_meta":{"origin":89561,"position":1},"title":"Agress\u00e3o a jornalistas em Alegrete repercute em todo o pa\u00eds","author":"Cleber Dioni Tentardini","date":"24 de junho de 2020","format":false,"excerpt":"O diretor do jornal Em Quest\u00e3o, Paulo de Tarso Pereira, e o rep\u00f3rter Alex Stanrlei, prestaram depoimentos nesta quarta-feira na Comiss\u00e3o de Direitos Humanos, da C\u00e2mara Municipal de Alegrete, pela manh\u00e3, e na unidade da Brigada Militar, \u00e0 tarde. O coronel Pedro Burgel, comandante Regional da Fronteira-Oeste da BM,\u00a0 informou\u2026","rel":"","context":"Em &quot;Geral-MAT\u00c9RIA&quot;","block_context":{"text":"Geral-MAT\u00c9RIA","link":"https:\/\/www.jornalja.com.br\/geral\/category\/geral\/"},"img":{"alt_text":"","src":"https:\/\/i0.wp.com\/www.jornalja.com.br\/geral\/wp-content\/uploads\/sites\/4\/2020\/06\/whatsapp-image-2020-06-24-at-142053-scaled.jpeg?resize=350%2C200&ssl=1","width":350,"height":200,"srcset":"https:\/\/i0.wp.com\/www.jornalja.com.br\/geral\/wp-content\/uploads\/sites\/4\/2020\/06\/whatsapp-image-2020-06-24-at-142053-scaled.jpeg?resize=350%2C200&ssl=1 1x, https:\/\/i0.wp.com\/www.jornalja.com.br\/geral\/wp-content\/uploads\/sites\/4\/2020\/06\/whatsapp-image-2020-06-24-at-142053-scaled.jpeg?resize=525%2C300&ssl=1 1.5x, https:\/\/i0.wp.com\/www.jornalja.com.br\/geral\/wp-content\/uploads\/sites\/4\/2020\/06\/whatsapp-image-2020-06-24-at-142053-scaled.jpeg?resize=700%2C400&ssl=1 2x"},"classes":[]},{"id":100246,"url":"https:\/\/www.jornalja.com.br\/geral\/mjdh-pede-novo-inquerito-sobre-homem-morto-por-policiais-ha-evidencias-de-que-foi-uma-execucao\/","url_meta":{"origin":89561,"position":2},"title":"MJDH pede novo inqu\u00e9rito sobre homem morto por policiais: &#8220;H\u00e1 evid\u00eancias de que foi uma execu\u00e7\u00e3o&#8221;","author":"da Reda\u00e7\u00e3o","date":"19 de novembro de 2025","format":false,"excerpt":"O presidente do Movimento de Justi\u00e7a e Direitos Humanos, Jair Krischke, de 86 anos, fez quest\u00e3o de ir pessoalmente \u00e0 sede do Minist\u00e9rio P\u00fablico Estadual na tarde desta ter\u00e7a-feira, 18\/11. Acompanhado do presidente da Comiss\u00e3o de Direitos Humanos da C\u00e2mara Municipal, vereador Pedro Ruas, ele protocolou uma representa\u00e7\u00e3o, pedindo novas\u2026","rel":"","context":"Em &quot;Geral-MAT\u00c9RIA&quot;","block_context":{"text":"Geral-MAT\u00c9RIA","link":"https:\/\/www.jornalja.com.br\/geral\/category\/geral\/"},"img":{"alt_text":"","src":"https:\/\/i0.wp.com\/www.jornalja.com.br\/geral\/wp-content\/uploads\/sites\/4\/2025\/11\/direitos-humanos-caso-herick.png?resize=350%2C200&ssl=1","width":350,"height":200,"srcset":"https:\/\/i0.wp.com\/www.jornalja.com.br\/geral\/wp-content\/uploads\/sites\/4\/2025\/11\/direitos-humanos-caso-herick.png?resize=350%2C200&ssl=1 1x, https:\/\/i0.wp.com\/www.jornalja.com.br\/geral\/wp-content\/uploads\/sites\/4\/2025\/11\/direitos-humanos-caso-herick.png?resize=525%2C300&ssl=1 1.5x"},"classes":[]},{"id":97736,"url":"https:\/\/www.jornalja.com.br\/geral\/arma-usada-por-brizola-na-legalidade-esta-em-cofre-da-brigada-militar\/","url_meta":{"origin":89561,"position":3},"title":"Metralhadora usada por Brizola na Legalidade est\u00e1 guardada em cofre da Brigada Militar","author":"da Reda\u00e7\u00e3o","date":"21 de agosto de 2024","format":false,"excerpt":"Neste m\u00eas de agosto, quando s\u00e3o realizados eventos e solenidades para lembrar o Movimento da Legalidade, que impediu um golpe militar\u00a0 em 1961, o jornalista Cleber Dioni Tentardini, que est\u00e1 concluindo o livro No Fio da Hist\u00f3ria, A Vida de Leonel Brizola,\u00a0 encontrou a hist\u00f3rica metralhadora com que o governador\u2026","rel":"","context":"Em &quot;Geral-MAT\u00c9RIA&quot;","block_context":{"text":"Geral-MAT\u00c9RIA","link":"https:\/\/www.jornalja.com.br\/geral\/category\/geral\/"},"img":{"alt_text":"","src":"https:\/\/i0.wp.com\/www.jornalja.com.br\/geral\/wp-content\/uploads\/sites\/4\/2024\/08\/submetralhadora-ina-mb-950-usada-por-brizola-durante-a-campanha-da-legalidade-em-1961-acervo-do-museu-da-brigada-militar10-scaled.jpg?resize=350%2C200&ssl=1","width":350,"height":200,"srcset":"https:\/\/i0.wp.com\/www.jornalja.com.br\/geral\/wp-content\/uploads\/sites\/4\/2024\/08\/submetralhadora-ina-mb-950-usada-por-brizola-durante-a-campanha-da-legalidade-em-1961-acervo-do-museu-da-brigada-militar10-scaled.jpg?resize=350%2C200&ssl=1 1x, https:\/\/i0.wp.com\/www.jornalja.com.br\/geral\/wp-content\/uploads\/sites\/4\/2024\/08\/submetralhadora-ina-mb-950-usada-por-brizola-durante-a-campanha-da-legalidade-em-1961-acervo-do-museu-da-brigada-militar10-scaled.jpg?resize=525%2C300&ssl=1 1.5x, https:\/\/i0.wp.com\/www.jornalja.com.br\/geral\/wp-content\/uploads\/sites\/4\/2024\/08\/submetralhadora-ina-mb-950-usada-por-brizola-durante-a-campanha-da-legalidade-em-1961-acervo-do-museu-da-brigada-militar10-scaled.jpg?resize=700%2C400&ssl=1 2x, https:\/\/i0.wp.com\/www.jornalja.com.br\/geral\/wp-content\/uploads\/sites\/4\/2024\/08\/submetralhadora-ina-mb-950-usada-por-brizola-durante-a-campanha-da-legalidade-em-1961-acervo-do-museu-da-brigada-militar10-scaled.jpg?resize=1050%2C600&ssl=1 3x, https:\/\/i0.wp.com\/www.jornalja.com.br\/geral\/wp-content\/uploads\/sites\/4\/2024\/08\/submetralhadora-ina-mb-950-usada-por-brizola-durante-a-campanha-da-legalidade-em-1961-acervo-do-museu-da-brigada-militar10-scaled.jpg?resize=1400%2C800&ssl=1 4x"},"classes":[]},{"id":100403,"url":"https:\/\/www.jornalja.com.br\/geral\/plano-diretor-de-porto-alegre-mpc-pede-suspensao-do-projeto-em-votacao-na-camara\/","url_meta":{"origin":89561,"position":4},"title":"Plano Diretor de Porto Alegre: MPC pede suspens\u00e3o da vota\u00e7\u00e3o do projeto","author":"da Reda\u00e7\u00e3o","date":"17 de dezembro de 2025","format":false,"excerpt":"O Minist\u00e9rio P\u00fablico de Contas (MPC) pediu a suspens\u00e3o do projeto de lei que revisa o Plano Diretor de Porto Alegre, em tramita\u00e7\u00e3o na C\u00e2mara de Vereadores.. Ind\u00edcios de irregularidades na elei\u00e7\u00e3o do Conselho Municipal de Desenvolvimento Urbano e Ambiental (CMDUA) justificam o pedido. Na representa\u00e7\u00e3o, protocolada na sexta, 12\/12,\u2026","rel":"","context":"Em &quot;Geral-MAT\u00c9RIA&quot;","block_context":{"text":"Geral-MAT\u00c9RIA","link":"https:\/\/www.jornalja.com.br\/geral\/category\/geral\/"},"img":{"alt_text":"","src":"https:\/\/i0.wp.com\/www.jornalja.com.br\/geral\/wp-content\/uploads\/sites\/4\/2025\/12\/plano-diretor-forum.jpg?resize=350%2C200&ssl=1","width":350,"height":200,"srcset":"https:\/\/i0.wp.com\/www.jornalja.com.br\/geral\/wp-content\/uploads\/sites\/4\/2025\/12\/plano-diretor-forum.jpg?resize=350%2C200&ssl=1 1x, https:\/\/i0.wp.com\/www.jornalja.com.br\/geral\/wp-content\/uploads\/sites\/4\/2025\/12\/plano-diretor-forum.jpg?resize=525%2C300&ssl=1 1.5x"},"classes":[]},{"id":93571,"url":"https:\/\/www.jornalja.com.br\/geral\/golpe-em-aposentados-23-bancos-e-financeiras-investigados-por-operacao-irregular\/","url_meta":{"origin":89561,"position":5},"title":"Golpe em aposentados: 23 bancos e financeiras investigados por opera\u00e7\u00e3o irregular","author":"da Reda\u00e7\u00e3o","date":"25 de agosto de 2022","format":false,"excerpt":"O Minist\u00e9rio da Justi\u00e7a e Seguran\u00e7a P\u00fablica vai investigar 23 institui\u00e7\u00f5es financeiras, acusadas de fraude com cart\u00f5es de cr\u00e9dito consignados. A fraude est\u00e1 na emiss\u00e3o n\u00e3o autorizada dos cart\u00f5es e na cobran\u00e7a de juros em faturas com desconto do pagamento m\u00ednimo feito diretamente em folha. Segundo a den\u00fancia, o cliente\u2026","rel":"","context":"Em &quot;Geral-MAT\u00c9RIA&quot;","block_context":{"text":"Geral-MAT\u00c9RIA","link":"https:\/\/www.jornalja.com.br\/geral\/category\/geral\/"},"img":{"alt_text":"","src":"https:\/\/i0.wp.com\/www.jornalja.com.br\/geral\/wp-content\/uploads\/sites\/4\/2022\/08\/consignado-aposentados-ag-camara.jpg?resize=350%2C200&ssl=1","width":350,"height":200,"srcset":"https:\/\/i0.wp.com\/www.jornalja.com.br\/geral\/wp-content\/uploads\/sites\/4\/2022\/08\/consignado-aposentados-ag-camara.jpg?resize=350%2C200&ssl=1 1x, https:\/\/i0.wp.com\/www.jornalja.com.br\/geral\/wp-content\/uploads\/sites\/4\/2022\/08\/consignado-aposentados-ag-camara.jpg?resize=525%2C300&ssl=1 1.5x, https:\/\/i0.wp.com\/www.jornalja.com.br\/geral\/wp-content\/uploads\/sites\/4\/2022\/08\/consignado-aposentados-ag-camara.jpg?resize=700%2C400&ssl=1 2x"},"classes":[]}],"jetpack_sharing_enabled":true,"_links":{"self":[{"href":"https:\/\/www.jornalja.com.br\/geral\/wp-json\/wp\/v2\/posts\/89561","targetHints":{"allow":["GET"]}}],"collection":[{"href":"https:\/\/www.jornalja.com.br\/geral\/wp-json\/wp\/v2\/posts"}],"about":[{"href":"https:\/\/www.jornalja.com.br\/geral\/wp-json\/wp\/v2\/types\/post"}],"author":[{"embeddable":true,"href":"https:\/\/www.jornalja.com.br\/geral\/wp-json\/wp\/v2\/users\/4"}],"replies":[{"embeddable":true,"href":"https:\/\/www.jornalja.com.br\/geral\/wp-json\/wp\/v2\/comments?post=89561"}],"version-history":[{"count":1,"href":"https:\/\/www.jornalja.com.br\/geral\/wp-json\/wp\/v2\/posts\/89561\/revisions"}],"predecessor-version":[{"id":89565,"href":"https:\/\/www.jornalja.com.br\/geral\/wp-json\/wp\/v2\/posts\/89561\/revisions\/89565"}],"wp:featuredmedia":[{"embeddable":true,"href":"https:\/\/www.jornalja.com.br\/geral\/wp-json\/wp\/v2\/media\/89564"}],"wp:attachment":[{"href":"https:\/\/www.jornalja.com.br\/geral\/wp-json\/wp\/v2\/media?parent=89561"}],"wp:term":[{"taxonomy":"category","embeddable":true,"href":"https:\/\/www.jornalja.com.br\/geral\/wp-json\/wp\/v2\/categories?post=89561"},{"taxonomy":"post_tag","embeddable":true,"href":"https:\/\/www.jornalja.com.br\/geral\/wp-json\/wp\/v2\/tags?post=89561"}],"curies":[{"name":"wp","href":"https:\/\/api.w.org\/{rel}","templated":true}]}}