{"id":89585,"date":"2021-08-27T11:58:34","date_gmt":"2021-08-27T14:58:34","guid":{"rendered":"https:\/\/www.jornalja.com.br\/geral\/?p=89585"},"modified":"2021-11-16T22:12:29","modified_gmt":"2021-11-17T01:12:29","slug":"tempestade-afega-aprofunda-crise-do-fim-da-era-merkel","status":"publish","type":"post","link":"https:\/\/www.jornalja.com.br\/geral\/tempestade-afega-aprofunda-crise-do-fim-da-era-merkel\/","title":{"rendered":"Tempestade afeg\u00e3 aprofunda crise do fim da era Merkel"},"content":{"rendered":"<p><span style=\"font-weight: 400\">\u00c0s v\u00e9speras da elei\u00e7\u00e3o-geral que definir\u00e1 o sucessor (a) de Angela Dorothea Merkel, primeira-ministra desde 2005, a Alemanha enfrenta um transe pol\u00edtico e institucional sem precedentes em sua hist\u00f3ria recente. Com consequ\u00eancias que podem colocar definitivamente em cheque todo o projeto de democracia-liberal representado pela Uni\u00e3o Europeia.<\/span><\/p>\n<p><span style=\"font-weight: 400\">N\u00e3o bastasse a pandemia, entrando oficialmente em sua quarta onda no pa\u00eds, o ver\u00e3o foi prol\u00edfico em produzir situa\u00e7\u00f5es que acentuam a derrocada da imagem do governo. Nas enchentes de julho, que devastaram povoados e mataram mais de 200 pessoas no Continente, mais de 100 s\u00f3 na Alemanha, a resposta veio r\u00e1pida. \u201cA reconstru\u00e7\u00e3o \u00e9 uma obriga\u00e7\u00e3o nacional\u201d, declarou Armin Laschet, presidente do Partido Democrata-Crist\u00e3o (CDU) e candidato a herdeiro de Merkel, na m\u00eddia oficial.\u00a0<\/span><\/p>\n<p class=\"intertit\">Imagem do desastre<\/p>\n<p><span style=\"font-weight: 400\">Na visita que fez aos lugares destru\u00eddos, Laschet foi fotografado rindo descontraidamente. Como que achando gra\u00e7a de uma piada. O pre\u00e7o da gra\u00e7a foi alto, uma queda de 10% na inten\u00e7\u00e3o de votos para o pleito de setembro.\u00a0<\/span><\/p>\n<p><span style=\"font-weight: 400\">O desempenho do governo tamb\u00e9m n\u00e3o ajudou. Anunciou com orgulho 10 bilh\u00f5es de Euros de ajuda para os pr\u00f3ximos anos. Estimativas conservadoras das autoridades locais apontam um preju\u00edzo quatro vezes esse valor. Nos lugares atingidos, os pr\u00f3prios moradores fizeram os primeiros trabalhos de limpeza e desobstru\u00e7\u00e3o. Por semanas tiveram que se virar para sobreviver, pois os sistemas de abastecimento ainda n\u00e3o estavam restabelecidos.<\/span><\/p>\n<figure id=\"attachment_83188\" aria-describedby=\"caption-attachment-83188\" style=\"width: 718px\" class=\"wp-caption alignleft\"><img decoding=\"async\" class=\"wp-image-83188\" src=\"https:\/\/www.jornalja.com.br\/colunas\/wp-content\/uploads\/sites\/5\/2021\/08\/desastreerfstadt072021-1.jpg\" alt=\"Inundacao hist\u00f3rica na Alemanha em 2021\" width=\"718\" height=\"500\" \/><figcaption id=\"caption-attachment-83188\" class=\"wp-caption-text\">A for\u00e7a da \u00e1gua entre os dias 14 e 16 de julho fez deslizar uma antiga bacia de cascalho (Kiezgr\u00fcbe) na cidade de Erfstadt, estado da Ren\u00e2nia do Norte-Westfalia. Mesmo tendo arrastado apenas tr\u00eas casas, sem fazer v\u00edtimas fatais, a imagem \u00e9 um retrato do novo n\u00edvel de devasta\u00e7\u00e3o causado por fen\u00f4menos naturais na atualidade.\u00a0 (Rhein-Erft-Kreis\/dpa)<\/figcaption><\/figure>\n<p><span style=\"font-weight: 400\">O s\u00edmbolo da devasta\u00e7\u00e3o veio da cidade de Erftstadt, no estado de Nordrhein-Westfalen. A inunda\u00e7\u00e3o fez desabar uma antiga mina de cascalho, engolindo tr\u00eas casas. Um estrago pequeno, comparado com a cratera que se abriu no local. Mas a imagem ilustra sobretudo o despreparo, mesmo de uma das na\u00e7\u00f5es mais ricas do mundo, para lidar com a for\u00e7a dos fen\u00f4menos clim\u00e1ticos que j\u00e1 est\u00e3o acontecendo. Com mais metade do seu consumo energ\u00e9tico garantido por combust\u00edveis f\u00f3sseis, a Alemanha se v\u00ea agora acossada em seu territ\u00f3rio pelas consequ\u00eancias do seu pr\u00f3prio modelo de desenvolvimento.\u00a0<\/span><\/p>\n<figure id=\"attachment_83190\" aria-describedby=\"caption-attachment-83190\" style=\"width: 971px\" class=\"wp-caption aligncenter\"><img decoding=\"async\" class=\"size-full wp-image-83190\" src=\"https:\/\/www.jornalja.com.br\/colunas\/wp-content\/uploads\/sites\/5\/2021\/08\/explosion-chempark-leverkusen-quelle-uber-rtl-sourcing.jpg\" alt=\"Explosao no Chempark de Leverkussen julho 2021\" width=\"971\" height=\"882\" \/><figcaption id=\"caption-attachment-83190\" class=\"wp-caption-text\">Um tanque de res\u00edduos oriundos da produ\u00e7\u00e3o de pesticidas explode no Chempark de Leverkussen dia 27 de Julho de 2021. Na sequ\u00eancia outros sete tanques com solventes tamb\u00e9m pegam fogo. ( https:\/\/www.n-tv.de\/panorama\/Zwei-Tote-nach-Explosion-in-Leverkusener-Chempark-Anlage-article22706790.html)<\/figcaption><\/figure>\n<p class=\"intertit\">Acidentes que acontecem<\/p>\n<p><span style=\"font-weight: 400\">Uma semana mais tarde, a explos\u00e3o de um tanque com 14 metros c\u00fabicos de lixo t\u00f3xico, proveniente da produ\u00e7\u00e3o de pesticidas no <a href=\"https:\/\/www.chempark.de\/de\/chempark-leverkusen.html\">Chempark de Leverkusen<\/a>, provou, mais uma vez, que nem todas as normas de seguran\u00e7a da na\u00e7\u00e3o que inventou a ind\u00fastria qu\u00edmica moderna podem evitar acidentes. Neste, sete trabalhadores morreram, e 31 ficaram feridos.<\/span><\/p>\n<figure id=\"attachment_83191\" aria-describedby=\"caption-attachment-83191\" style=\"width: 700px\" class=\"wp-caption aligncenter\"><img decoding=\"async\" data-attachment-id=\"83191\" data-permalink=\"https:\/\/www.jornalja.com.br\/geral\/federacao-israelita-repudia-comentario-de-ernesto-araujo-sobre-campos-de-concentracao\/ministrojorge-araujo-_fotovaltercampanato_agenciabrasil\/\" data-orig-file=\"https:\/\/www.jornalja.com.br\/geral\/wp-content\/uploads\/sites\/4\/2020\/04\/ministroJorge-Ara\u00fajo-_fotoValterCampanato_AgenciaBrasil-scaled.jpg\" data-orig-size=\"1024,613\" data-comments-opened=\"1\" data-image-meta=\"{&quot;aperture&quot;:&quot;5&quot;,&quot;credit&quot;:&quot;Valter Campanato\/Ag\\u00eancia Brasil&quot;,&quot;camera&quot;:&quot;Canon EOS-1D X&quot;,&quot;caption&quot;:&quot;O futuro ministro das Rela\\u00e7\\u00f5es Exteriores, embaixador Ernesto Fraga Ara\\u00fajo, concede entrevista \\u00e0 imprensa no CCBB.&quot;,&quot;created_timestamp&quot;:&quot;1542209875&quot;,&quot;copyright&quot;:&quot;Agencia Brasil&quot;,&quot;focal_length&quot;:&quot;200&quot;,&quot;iso&quot;:&quot;1600&quot;,&quot;shutter_speed&quot;:&quot;0.0025&quot;,&quot;title&quot;:&quot;&quot;,&quot;orientation&quot;:&quot;1&quot;}\" data-image-title=\"ministroJorge Ara\u00fajo _fotoValterCampanato_AgenciaBrasil\" data-image-description=\"\" data-image-caption=\"&lt;p&gt;Ministro das Rela\u00e7\u00f5es Exteriores, Ernesto Ara\u00fajo. Foto: Valter Campanato\/Ag\u00eancia Brasil&lt;\/p&gt;\n\" data-large-file=\"https:\/\/www.jornalja.com.br\/geral\/wp-content\/uploads\/sites\/4\/2020\/04\/ministroJorge-Ara\u00fajo-_fotoValterCampanato_AgenciaBrasil-900x538.jpg\" class=\"wp-image-83191 size-full\" src=\"https:\/\/www.jornalja.com.br\/colunas\/wp-content\/uploads\/sites\/5\/2021\/08\/explosionleverkussen20210.jpg\" alt=\"Chemparkexplosao072021\" width=\"700\" height=\"394\" \/><figcaption id=\"caption-attachment-83191\" class=\"wp-caption-text\">Por horas os bombeiros lutaram para controlar o inc\u00eandio. (Mirko Wolf\/dpa)<\/figcaption><\/figure>\n<p><span style=\"font-weight: 400\">O sintom\u00e1tico no caso foi a rea\u00e7\u00e3o das autoridades. &#8220;N\u00e3o sabemos a causa, mas estamos seguros que nossos bombeiros e especialistas t\u00eam compet\u00eancia para resolver situa\u00e7\u00f5es assim da melhor forma\u201d, afirmou a primeira-ministra, horas ap\u00f3s o acidente, lembrando que tanto o Chempark<\/span><span style=\"font-weight: 400\">, quanto o estado de NordRhein-Westfallen t\u00eam know-how suficiente.<\/span><\/p>\n<figure id=\"attachment_83192\" aria-describedby=\"caption-attachment-83192\" style=\"width: 606px\" class=\"wp-caption aligncenter\"><img decoding=\"async\" class=\"wp-image-83192 size-full\" src=\"https:\/\/www.jornalja.com.br\/colunas\/wp-content\/uploads\/sites\/5\/2021\/08\/explosionleverkussen2021.jpg\" alt=\"ChemparkCurrentaexplosao072021\" width=\"606\" height=\"664\" \/><figcaption id=\"caption-attachment-83192\" class=\"wp-caption-text\">O parque qu\u00edmico onde a explos\u00e3o e o inc\u00eandio ocorreram \u00e9 relativamente pr\u00f3ximo a resid\u00eancias. O conglomerado respons\u00e1vel evita falar em contamina\u00e7\u00e3o qu\u00edmica (Anna Fross, dpa)<\/figcaption><\/figure>\n<p><span style=\"font-weight: 400\">A Currenta, empresa respons\u00e1vel pela opera\u00e7\u00e3o do incinerador onde o tanque explodiu, \u00e9 parte do conglomerado Bayer. Ela demorou duas semanas para informar que outros sete tanques com solventes, contendo diferentes concentra\u00e7\u00f5es de halog\u00eanios, alcal\u00f3ides e enxofre tamb\u00e9m pegaram fogo. At\u00e9 hoje, nem pol\u00edticos, nem executivos admitem que tenha ocorrido contamina\u00e7\u00e3o da popula\u00e7\u00e3o no epis\u00f3dio. Enquanto a m\u00eddia oficial declara &#8220;n\u00e3o estar descartada\u201d a hip\u00f3tese levantada pela Greenpeace: \u201cMoradores da regi\u00e3o foram contaminados por Dioxinas\u201d.<\/span><\/p>\n<p><span style=\"font-weight: 400\">Se a seguran\u00e7a qu\u00edmica falha, a pol\u00edtica internacional confirma o encerramento desastroso dessa alta esta\u00e7\u00e3o.. A vergonhosa sa\u00edda da OTAN do Afeganist\u00e3o cria um novo contexto pol\u00edtico para os alem\u00e3es. \u201cPrecisamos evacuar todas as pessoas que trabalharam para n\u00f3s\u201d, antecipou-se Alexander Gauland, l\u00edder do partido de oposicao de direita, Alternativa para Alemanha (AfD), quando j\u00e1 era n\u00edtida a retomada pelos radicais.\u00a0<\/span><\/p>\n<p><span style=\"font-weight: 400\">O ministro das rela\u00e7\u00f5es exteriores, Heiko Maas (SPD) esperou o talib\u00e3 chegar at\u00e9 a capital para reagir. \u201cFomos todos surpreendidos\u201d, explicou ele, ao anunciar a opera\u00e7\u00e3o especial para o resgate de cidad\u00e3os alem\u00e3es, e cerca de 1.100 afeg\u00e3os que trabalhavam diretamente com a parte alem\u00e3 da miss\u00e3o.<\/span><\/p>\n<figure id=\"attachment_83193\" aria-describedby=\"caption-attachment-83193\" style=\"width: 355px\" class=\"wp-caption alignright\"><img decoding=\"async\" class=\"wp-image-83193 \" src=\"https:\/\/www.jornalja.com.br\/colunas\/wp-content\/uploads\/sites\/5\/2021\/08\/marcusgrotian.jpeg\" alt=\"CoordenadordosafegaosalemaesGrotian\" width=\"355\" height=\"236\" \/><figcaption id=\"caption-attachment-83193\" class=\"wp-caption-text\">O ex-capit\u00e3o Marcus Grotian, coordenava os tradutores e colaboradores afeg\u00e3os em Cabul. Ele denuncia a falta de clareza da pol\u00edtica de asilo na crise humanit\u00e1ria causada pela desocupa\u00e7\u00e3o do pa\u00eds pelas tropas da OTAN.<\/figcaption><\/figure>\n<p><span style=\"font-weight: 400\">\u201cIsso \u00e9 um pequeno percentual das pessoas que, por terem trabalhado conosco ao longo dos \u00faltimos 20 anos, est\u00e3o agora com suas vidas amea\u00e7adas&#8221;, afirma indignado, Marcus Grotian, coordenador dos trabalhadores nativos a servi\u00e7o dos alem\u00e3es. Segundo ele, 10 mil pessoas \u00e9 um n\u00famero mais realista, todavia modesto. &#8220;Afeg\u00e3os, que por anos cooperaram conosco e agora estavam integrados nas estruturas que criamos, tamb\u00e9m ficaram na m\u00e3o, e nossas autoridades n\u00e3o foram sequer capazes de inform\u00e1-las que n\u00e3o haveria possibilidade de asilo\u201d. <\/span><span style=\"font-weight: 400\">Grotian, que serviu como oficial no in\u00edcio da miss\u00e3o, denuncia a falta de uma pol\u00edtica de asilo clara at\u00e9 para os ex-colaboradores do pr\u00f3prio ex\u00e9rcito. \u201cA burocracia t\u00eam sido o principal instrumento para negar a maioria pedidos\u201d.<\/span><\/p>\n<figure id=\"attachment_83198\" aria-describedby=\"caption-attachment-83198\" style=\"width: 774px\" class=\"wp-caption aligncenter\"><img decoding=\"async\" class=\"wp-image-83198 size-large\" src=\"https:\/\/www.jornalja.com.br\/colunas\/wp-content\/uploads\/sites\/5\/2021\/08\/muttermerkel2015-774x1024.jpg\" alt=\"MutterMerkelderSpiegel2015\" width=\"774\" height=\"1024\" \/><figcaption id=\"caption-attachment-83198\" class=\"wp-caption-text\">Em setembro de 2015, Angela Merkel foi retratada, ironicamente, como a Madre Tereza dos refugiados pela revista Der Spiegel. &#8220;Mae Angela &#8211; Sua pol\u00edtica divide a Europa&#8221;, diz a manchete da publica\u00e7\u00e3o.<\/figcaption><\/figure>\n<p><span style=\"font-weight: 400\">A tempestade afeg\u00e3 ainda deve durar at\u00e9 o fim de agosto, conforme previsto oficialmente. Na conta de Merkel v\u00e3o todos os atrasos, atropelos e neglig\u00eancias ocorridas na calamitosa fuga de Cabul. N\u00e3o s\u00f3 por ter sido ela quem habilmente conduziu a farsa internamente. A chanceler chegou a receber uma capa da revista Der Spiegel com um semblante de Madre Tereza. Sua pol\u00edtica para os refugiados, como sua pol\u00edtica para a pandemia, conquistaram cora\u00e7\u00f5es mundo afora, pelo menos no in\u00edcio. No final, estamos vendo como a realidade imperial se imp\u00f5e a tais populismos.\u00a0<\/span><\/p>\n","protected":false},"excerpt":{"rendered":"<p>\u00c0s v\u00e9speras da elei\u00e7\u00e3o-geral que definir\u00e1 o sucessor (a) de Angela Dorothea Merkel, primeira-ministra desde 2005, a Alemanha enfrenta um transe pol\u00edtico e institucional sem precedentes em sua hist\u00f3ria recente. Com consequ\u00eancias que podem colocar definitivamente em cheque todo o projeto de democracia-liberal representado pela Uni\u00e3o Europeia. N\u00e3o bastasse a pandemia, entrando oficialmente em sua [&hellip;]<\/p>\n","protected":false},"author":22,"featured_media":89588,"comment_status":"open","ping_status":"open","sticky":false,"template":"","format":"standard","meta":{"jetpack_post_was_ever_published":false,"_jetpack_newsletter_access":"","_jetpack_dont_email_post_to_subs":false,"_jetpack_newsletter_tier_id":0,"_jetpack_memberships_contains_paywalled_content":false,"_jetpack_memberships_contains_paid_content":false,"footnotes":"","jetpack_publicize_message":"","jetpack_publicize_feature_enabled":true,"jetpack_social_post_already_shared":true,"jetpack_social_options":{"image_generator_settings":{"template":"highway","default_image_id":0,"font":"","enabled":false},"version":2}},"categories":[2],"tags":[481,36,482,483,425,484],"class_list":["post-89585","post","type-post","status-publish","format-standard","has-post-thumbnail","hentry","category-geral","tag-aquecimento-global","tag-coronavirus","tag-geopolitica","tag-guerra-do-afeganistao","tag-pandemia","tag-refugiados"],"aioseo_notices":[],"jetpack_publicize_connections":[],"jetpack_featured_media_url":"https:\/\/www.jornalja.com.br\/geral\/wp-content\/uploads\/sites\/4\/2021\/08\/afegaos.jpg","jetpack_shortlink":"https:\/\/wp.me\/pbKhrD-niV","jetpack-related-posts":[{"id":82858,"url":"https:\/\/www.jornalja.com.br\/geral\/fim-da-quarentena-comeca-lento-e-incerto-na-alemanha\/","url_meta":{"origin":89585,"position":0},"title":"Fim da quarentena come\u00e7a lento e incerto na Alemanha","author":"da Reda\u00e7\u00e3o","date":"20 de abril de 2020","format":false,"excerpt":"Mariano Senna, de Berlim A postura insegura, quase em tom de desculpas, em que a primeira ministra da Alemanha, Angela Merkel, anunciou o chamado plano para o relaxamento da quarentena, entrega a incerteza relacionada \u00e0s medidas adotadas at\u00e9 agora. \u201cObtivemos fr\u00e1gil sucesso na luta contra essa epidemia\u201d, ressaltou Merkel, em\u2026","rel":"","context":"Em &quot;Geral-MAT\u00c9RIA&quot;","block_context":{"text":"Geral-MAT\u00c9RIA","link":"https:\/\/www.jornalja.com.br\/geral\/category\/geral\/"},"img":{"alt_text":"","src":"https:\/\/i0.wp.com\/www.jornalja.com.br\/geral\/wp-content\/uploads\/sites\/4\/2020\/04\/IMG-20200420-WA0000.jpg?resize=350%2C200&ssl=1","width":350,"height":200,"srcset":"https:\/\/i0.wp.com\/www.jornalja.com.br\/geral\/wp-content\/uploads\/sites\/4\/2020\/04\/IMG-20200420-WA0000.jpg?resize=350%2C200&ssl=1 1x, https:\/\/i0.wp.com\/www.jornalja.com.br\/geral\/wp-content\/uploads\/sites\/4\/2020\/04\/IMG-20200420-WA0000.jpg?resize=525%2C300&ssl=1 1.5x, https:\/\/i0.wp.com\/www.jornalja.com.br\/geral\/wp-content\/uploads\/sites\/4\/2020\/04\/IMG-20200420-WA0000.jpg?resize=700%2C400&ssl=1 2x"},"classes":[]},{"id":90360,"url":"https:\/\/www.jornalja.com.br\/geral\/geopolitica-antagonica-e-desafio-para-sucessor-de-merkel\/","url_meta":{"origin":89585,"position":1},"title":"Geopol\u00edtica antag\u00f4nica \u00e9 desafio para sucessor de Merkel","author":"Mariano Senna","date":"3 de outubro de 2021","format":false,"excerpt":"Um ditado muito comum da pol\u00edtica diz que o presente \u00e9 cego para o futuro. A rec\u00e9m encerrada elei\u00e7\u00e3o geral da Rep\u00fablica Federal da Alemanha (BRD) confirma a imprevis\u00e3o contida nessa cren\u00e7a. Ap\u00f3s 16 anos no poder, logrados em tr\u00eas reelei\u00e7\u00f5es consecutivas (2009, 2013 e 2017), a primeira-ministra, Angela Merkel,\u2026","rel":"","context":"Em &quot;Geral-MAT\u00c9RIA&quot;","block_context":{"text":"Geral-MAT\u00c9RIA","link":"https:\/\/www.jornalja.com.br\/geral\/category\/geral\/"},"img":{"alt_text":"","src":"https:\/\/i0.wp.com\/www.jornalja.com.br\/geral\/wp-content\/uploads\/sites\/4\/2021\/10\/ramstein-scaled.jpg?resize=350%2C200&ssl=1","width":350,"height":200,"srcset":"https:\/\/i0.wp.com\/www.jornalja.com.br\/geral\/wp-content\/uploads\/sites\/4\/2021\/10\/ramstein-scaled.jpg?resize=350%2C200&ssl=1 1x, https:\/\/i0.wp.com\/www.jornalja.com.br\/geral\/wp-content\/uploads\/sites\/4\/2021\/10\/ramstein-scaled.jpg?resize=525%2C300&ssl=1 1.5x, https:\/\/i0.wp.com\/www.jornalja.com.br\/geral\/wp-content\/uploads\/sites\/4\/2021\/10\/ramstein-scaled.jpg?resize=700%2C400&ssl=1 2x, https:\/\/i0.wp.com\/www.jornalja.com.br\/geral\/wp-content\/uploads\/sites\/4\/2021\/10\/ramstein-scaled.jpg?resize=1050%2C600&ssl=1 3x, https:\/\/i0.wp.com\/www.jornalja.com.br\/geral\/wp-content\/uploads\/sites\/4\/2021\/10\/ramstein-scaled.jpg?resize=1400%2C800&ssl=1 4x"},"classes":[]},{"id":83224,"url":"https:\/\/www.jornalja.com.br\/geral\/maio-comeca-atipico-e-sem-coesao-contra-a-pandemia-na-alemanha\/","url_meta":{"origin":89585,"position":2},"title":"Maio come\u00e7a at\u00edpico e sem coes\u00e3o contra a pandemia na Alemanha","author":"da Reda\u00e7\u00e3o","date":"4 de maio de 2020","format":false,"excerpt":"Mariano Senna, de Berlim Mesmo obrigat\u00f3rio, o uso de m\u00e1scara protetora continua sendo ignorado pelos alem\u00e3es. Quase uma semana ap\u00f3s a medida ter entrado em vigor, nas ruas, lojas, supermercados e no transporte coletivo, muitas pessoas ainda n\u00e3o a adotaram. Alguns poucos estabelecimentos, como ag\u00eancias banc\u00e1rias ou dos correios, exigem\u2026","rel":"","context":"Em &quot;Geral-MAT\u00c9RIA&quot;","block_context":{"text":"Geral-MAT\u00c9RIA","link":"https:\/\/www.jornalja.com.br\/geral\/category\/geral\/"},"img":{"alt_text":"","src":"https:\/\/i0.wp.com\/www.jornalja.com.br\/geral\/wp-content\/uploads\/sites\/4\/2020\/04\/Berlim-obrigatoriedade-de-m%C3%A1scara-n%C3%A3o-%C3%A9-respeitada_Mariano_Senna.jpg?resize=350%2C200&ssl=1","width":350,"height":200,"srcset":"https:\/\/i0.wp.com\/www.jornalja.com.br\/geral\/wp-content\/uploads\/sites\/4\/2020\/04\/Berlim-obrigatoriedade-de-m%C3%A1scara-n%C3%A3o-%C3%A9-respeitada_Mariano_Senna.jpg?resize=350%2C200&ssl=1 1x, https:\/\/i0.wp.com\/www.jornalja.com.br\/geral\/wp-content\/uploads\/sites\/4\/2020\/04\/Berlim-obrigatoriedade-de-m%C3%A1scara-n%C3%A3o-%C3%A9-respeitada_Mariano_Senna.jpg?resize=525%2C300&ssl=1 1.5x, https:\/\/i0.wp.com\/www.jornalja.com.br\/geral\/wp-content\/uploads\/sites\/4\/2020\/04\/Berlim-obrigatoriedade-de-m%C3%A1scara-n%C3%A3o-%C3%A9-respeitada_Mariano_Senna.jpg?resize=700%2C400&ssl=1 2x"},"classes":[]},{"id":82979,"url":"https:\/\/www.jornalja.com.br\/geral\/pandemia-economica-e-climatica-sao-os-outros-fronts-na-europa\/","url_meta":{"origin":89585,"position":3},"title":"Pandemia econ\u00f4mica e clim\u00e1tica s\u00e3o os outros fronts na Europa","author":"Mariano Senna","date":"24 de abril de 2020","format":false,"excerpt":"No dia em que a Uni\u00e3o Europ\u00e9ia obteve consenso sobre o \u201cpacote de resgate\u201d da economia do bloco, um total de 500 bilh\u00f5es de euros, ag\u00eancias de not\u00edcias informavam o in\u00edcio das negocia\u00e7\u00f5es entre governo e empresas a\u00e9reas. A gigante do turismo TUI recebeu 1,6 bilh\u00e3o de euros nas primeiras\u2026","rel":"","context":"Em &quot;Geral-MAT\u00c9RIA&quot;","block_context":{"text":"Geral-MAT\u00c9RIA","link":"https:\/\/www.jornalja.com.br\/geral\/category\/geral\/"},"img":{"alt_text":"","src":"https:\/\/i0.wp.com\/www.jornalja.com.br\/geral\/wp-content\/uploads\/sites\/4\/2020\/04\/Alemanha-2_MarianoSenna.jpg?resize=350%2C200&ssl=1","width":350,"height":200,"srcset":"https:\/\/i0.wp.com\/www.jornalja.com.br\/geral\/wp-content\/uploads\/sites\/4\/2020\/04\/Alemanha-2_MarianoSenna.jpg?resize=350%2C200&ssl=1 1x, https:\/\/i0.wp.com\/www.jornalja.com.br\/geral\/wp-content\/uploads\/sites\/4\/2020\/04\/Alemanha-2_MarianoSenna.jpg?resize=525%2C300&ssl=1 1.5x, https:\/\/i0.wp.com\/www.jornalja.com.br\/geral\/wp-content\/uploads\/sites\/4\/2020\/04\/Alemanha-2_MarianoSenna.jpg?resize=700%2C400&ssl=1 2x"},"classes":[]},{"id":91004,"url":"https:\/\/www.jornalja.com.br\/geral\/lula-recebe-apoio-da-social-democracia-europeia-contra-avanco-da-extrema-direita\/","url_meta":{"origin":89585,"position":4},"title":"Lula recebe apoio da social-democracia europeia contra avan\u00e7o da extrema direita","author":"S\u00e9rgio Lagranha","date":"19 de novembro de 2021","format":false,"excerpt":"O ex-presidente Lu\u00eds In\u00e1cio Lula da Silva (PT) se reuniu, nesta sexta-feira (19), com o primeiro-ministro da Espanha, Pedro S\u00e1nchez, chefe do governo espanhol, no Pal\u00e1cio da Moncloa, na cidade de Madri. S\u00e1nchez \u00e9 do Partido Socialista Oper\u00e1rio Espanhol. Lula definiu como importante o di\u00e1logo com Sanchez. \u201cFalamos sobre a\u2026","rel":"","context":"Em &quot;Geral-MAT\u00c9RIA&quot;","block_context":{"text":"Geral-MAT\u00c9RIA","link":"https:\/\/www.jornalja.com.br\/geral\/category\/geral\/"},"img":{"alt_text":"","src":"https:\/\/i0.wp.com\/www.jornalja.com.br\/geral\/wp-content\/uploads\/sites\/4\/2021\/11\/lula-presidente-espanha-pedro-sanchez-ricardostuckert-3.jpeg?resize=350%2C200&ssl=1","width":350,"height":200,"srcset":"https:\/\/i0.wp.com\/www.jornalja.com.br\/geral\/wp-content\/uploads\/sites\/4\/2021\/11\/lula-presidente-espanha-pedro-sanchez-ricardostuckert-3.jpeg?resize=350%2C200&ssl=1 1x, https:\/\/i0.wp.com\/www.jornalja.com.br\/geral\/wp-content\/uploads\/sites\/4\/2021\/11\/lula-presidente-espanha-pedro-sanchez-ricardostuckert-3.jpeg?resize=525%2C300&ssl=1 1.5x, https:\/\/i0.wp.com\/www.jornalja.com.br\/geral\/wp-content\/uploads\/sites\/4\/2021\/11\/lula-presidente-espanha-pedro-sanchez-ricardostuckert-3.jpeg?resize=700%2C400&ssl=1 2x"},"classes":[]},{"id":89738,"url":"https:\/\/www.jornalja.com.br\/geral\/marketing-politico-e-a-unica-arma-contra-vexame-no-afeganistao\/","url_meta":{"origin":89585,"position":5},"title":"Marketing pol\u00edtico \u00e9 a \u00fanica arma contra vexame no Afeganist\u00e3o","author":"Mariano Senna","date":"2 de setembro de 2021","format":false,"excerpt":"A maior derrota do ocidente na era moderna. Assim \u00e9 chamada a sa\u00edda das tropas da OTAN do Afeganist\u00e3o. Independente do \u00e2ngulo a ser observado, ela representa um fracasso sem precedentes, e que ir\u00e1 reverberar pelo mundo todo por muito tempo.\u00a0 Na perspectiva alem\u00e3, segunda maior presen\u00e7a militar depois dos\u2026","rel":"","context":"Em &quot;Geral-MAT\u00c9RIA&quot;","block_context":{"text":"Geral-MAT\u00c9RIA","link":"https:\/\/www.jornalja.com.br\/geral\/category\/geral\/"},"img":{"alt_text":"Chegada das tropas","src":"https:\/\/i0.wp.com\/www.jornalja.com.br\/geral\/wp-content\/uploads\/sites\/4\/2021\/09\/topshot-germany-afghanistan-defence-conflict-evacuation.jpg?resize=350%2C200&ssl=1","width":350,"height":200,"srcset":"https:\/\/i0.wp.com\/www.jornalja.com.br\/geral\/wp-content\/uploads\/sites\/4\/2021\/09\/topshot-germany-afghanistan-defence-conflict-evacuation.jpg?resize=350%2C200&ssl=1 1x, https:\/\/i0.wp.com\/www.jornalja.com.br\/geral\/wp-content\/uploads\/sites\/4\/2021\/09\/topshot-germany-afghanistan-defence-conflict-evacuation.jpg?resize=525%2C300&ssl=1 1.5x, https:\/\/i0.wp.com\/www.jornalja.com.br\/geral\/wp-content\/uploads\/sites\/4\/2021\/09\/topshot-germany-afghanistan-defence-conflict-evacuation.jpg?resize=700%2C400&ssl=1 2x"},"classes":[]}],"jetpack_sharing_enabled":true,"_links":{"self":[{"href":"https:\/\/www.jornalja.com.br\/geral\/wp-json\/wp\/v2\/posts\/89585","targetHints":{"allow":["GET"]}}],"collection":[{"href":"https:\/\/www.jornalja.com.br\/geral\/wp-json\/wp\/v2\/posts"}],"about":[{"href":"https:\/\/www.jornalja.com.br\/geral\/wp-json\/wp\/v2\/types\/post"}],"author":[{"embeddable":true,"href":"https:\/\/www.jornalja.com.br\/geral\/wp-json\/wp\/v2\/users\/22"}],"replies":[{"embeddable":true,"href":"https:\/\/www.jornalja.com.br\/geral\/wp-json\/wp\/v2\/comments?post=89585"}],"version-history":[{"count":5,"href":"https:\/\/www.jornalja.com.br\/geral\/wp-json\/wp\/v2\/posts\/89585\/revisions"}],"predecessor-version":[{"id":90946,"href":"https:\/\/www.jornalja.com.br\/geral\/wp-json\/wp\/v2\/posts\/89585\/revisions\/90946"}],"wp:featuredmedia":[{"embeddable":true,"href":"https:\/\/www.jornalja.com.br\/geral\/wp-json\/wp\/v2\/media\/89588"}],"wp:attachment":[{"href":"https:\/\/www.jornalja.com.br\/geral\/wp-json\/wp\/v2\/media?parent=89585"}],"wp:term":[{"taxonomy":"category","embeddable":true,"href":"https:\/\/www.jornalja.com.br\/geral\/wp-json\/wp\/v2\/categories?post=89585"},{"taxonomy":"post_tag","embeddable":true,"href":"https:\/\/www.jornalja.com.br\/geral\/wp-json\/wp\/v2\/tags?post=89585"}],"curies":[{"name":"wp","href":"https:\/\/api.w.org\/{rel}","templated":true}]}}