{"id":90197,"date":"2021-09-24T19:08:27","date_gmt":"2021-09-24T22:08:27","guid":{"rendered":"https:\/\/www.jornalja.com.br\/geral\/?p=90197"},"modified":"2021-11-16T01:31:59","modified_gmt":"2021-11-16T04:31:59","slug":"prefeitura-inicia-celebracao-dos-250-anos-de-porto-alegre-neste-domingo-na-redencao","status":"publish","type":"post","link":"https:\/\/www.jornalja.com.br\/geral\/prefeitura-inicia-celebracao-dos-250-anos-de-porto-alegre-neste-domingo-na-redencao\/","title":{"rendered":"Prefeitura inicia celebra\u00e7\u00e3o dos 250 anos de Porto Alegre neste domingo na Reden\u00e7\u00e3o"},"content":{"rendered":"<p>Ser\u00e1 lan\u00e7ado neste domingo, dia 26, o calend\u00e1rio oficial de eventos e o selo comemorativo dos 250 anos de Porto Alegre.<\/p>\n<p>O evento ser\u00e1 na Reden\u00e7\u00e3o, \u00e0s 11h, junto ao Monumento do Expedicion\u00e1rio\u00a0 e\u00a0 contar\u00e1 com a participa\u00e7\u00e3o do prefeito, Sebasti\u00e3o Melo, de secret\u00e1rios municipais, autoridades locais e atra\u00e7\u00f5es musicais.<\/p>\n<p>Rog\u00e9rio Beidacki, o secret\u00e1rio extraordin\u00e1rio para os 250 anos, comentou \u00e0 respeito da programa\u00e7\u00e3o: \u201cTemos eventos para todos os p\u00fablicos, para todas as idades e todas as classes sociais. Nesses 250 anos queremos aproximar ainda mais o cidad\u00e3o da Capital e aumentar o orgulho pela nossa Porto Alegre\u201d.<\/p>\n<p>A agenda foi desenvolvida durante dois meses pela prefeitura, atrav\u00e9s da Secretaria Extraordin\u00e1ria para os 250 anos de Porto Alegre, e conta com mais de 200 atra\u00e7\u00f5es que v\u00e3o de 26 de setembro de 2021 a 31 de dezembro de 2022. S\u00e3o eventos dos mais variados, produzidos pela prefeitura, organiza\u00e7\u00f5es sem fins lucrativos e iniciativa privada. Todos ter\u00e3o o selo comemorativo e o apoio da prefeitura na realiza\u00e7\u00e3o. Esporte, lazer, cultura, turismo, educa\u00e7\u00e3o, inova\u00e7\u00e3o e desenvolvimento social e econ\u00f4mico s\u00e3o os principais temas a serem abordados durante o per\u00edodo de comemora\u00e7\u00e3o.<\/p>\n<p>No domingo, a Empresa P\u00fablica de Transporte e Circula\u00e7\u00e3o (EPTC) promover\u00e1 a\u00e7\u00f5es educativas de tr\u00e2nsito e o Sesc vai oferecer brinquedos para as crian\u00e7as aproveitarem durante a manh\u00e3 no local. Entre as atra\u00e7\u00f5es, apresenta\u00e7\u00e3o de capoeira, poesia com Liliana Cardoso e m\u00fasica com Fernando Pratti, Hique Gomes, Victor Hugo e Escola de Samba da Restinga.<\/p>\n<p>O selo comemorativo foi criado pelo design da prefeitura e pretende mostrar alegria e a proximidade com a programa\u00e7\u00e3o e os eventos promovidos durante os 250 anos. Ele estar\u00e1 dispon\u00edvel em diversos materiais que ser\u00e3o distribu\u00eddos para entidades parceiras, com\u00e9rcio e popula\u00e7\u00e3o em geral.<\/p>\n<p><strong>Monumento ao Expedicion\u00e1rio recebeu limpeza nesta sexta\u00a0<\/strong><\/p>\n<p>Nesta sexta-feira, 24, as equipes da Secretaria Municipal de Servi\u00e7os Urbanos (SMSUrb)\u00a0 e do Departamento Municipal de Limpeza Urbana (DMLU) iniciaram a limpeza do Monumento ao Expedicion\u00e1rio, no Parque da Reden\u00e7\u00e3o. O trabalho foi realizado por oito funcion\u00e1rios com apoio de dois caminh\u00f5es.<\/p>\n<p>* Com informa\u00e7\u00f5es do site da Prefeitura<\/p>\n","protected":false},"excerpt":{"rendered":"<p>Ser\u00e1 lan\u00e7ado neste domingo, dia 26, o calend\u00e1rio oficial de eventos e o selo comemorativo dos 250 anos de Porto Alegre. O evento ser\u00e1 na Reden\u00e7\u00e3o, \u00e0s 11h, junto ao Monumento do Expedicion\u00e1rio\u00a0 e\u00a0 contar\u00e1 com a participa\u00e7\u00e3o do prefeito, Sebasti\u00e3o Melo, de secret\u00e1rios municipais, autoridades locais e atra\u00e7\u00f5es musicais. Rog\u00e9rio Beidacki, o secret\u00e1rio extraordin\u00e1rio [&hellip;]<\/p>\n","protected":false},"author":4,"featured_media":90198,"comment_status":"open","ping_status":"open","sticky":false,"template":"","format":"standard","meta":{"jetpack_post_was_ever_published":false,"_jetpack_newsletter_access":"","_jetpack_dont_email_post_to_subs":false,"_jetpack_newsletter_tier_id":0,"_jetpack_memberships_contains_paywalled_content":false,"_jetpack_memberships_contains_paid_content":false,"footnotes":"","jetpack_publicize_message":"","jetpack_publicize_feature_enabled":true,"jetpack_social_post_already_shared":true,"jetpack_social_options":{"image_generator_settings":{"template":"highway","default_image_id":0,"font":"","enabled":false},"version":2}},"categories":[2],"tags":[],"class_list":["post-90197","post","type-post","status-publish","format-standard","has-post-thumbnail","hentry","category-geral"],"aioseo_notices":[],"jetpack_publicize_connections":[],"jetpack_featured_media_url":"https:\/\/www.jornalja.com.br\/geral\/wp-content\/uploads\/sites\/4\/2021\/09\/whatsapp20image202019-02-0720at20160414.jpeg","jetpack_shortlink":"https:\/\/wp.me\/pbKhrD-nsN","jetpack-related-posts":[{"id":90217,"url":"https:\/\/www.jornalja.com.br\/geral\/lancamento-do-calendario-dos-250-anos-de-porto-alegre-teve-festejos-e-bate-boca\/","url_meta":{"origin":90197,"position":0},"title":"Lan\u00e7amento do calend\u00e1rio dos 250 anos de Porto Alegre teve festejos e bate-boca","author":"da Reda\u00e7\u00e3o","date":"27 de setembro de 2021","format":false,"excerpt":"Nem s\u00f3 festas e apresenta\u00e7\u00f5es marcaram o lan\u00e7amento da agenda de atra\u00e7\u00f5es dos 250 anos de Porto Alegre, neste domingo no Parque da Reden\u00e7\u00e3o. A jornalista Rosane de Oliveira, relatou na Zero Hora,\u00a0 o descontentamento do prefeito Sebasti\u00e3o Melo frente aos protestos de sindicalistas e outros movimentos de esquerda. Segundo\u2026","rel":"","context":"Em &quot;Geral-MAT\u00c9RIA&quot;","block_context":{"text":"Geral-MAT\u00c9RIA","link":"https:\/\/www.jornalja.com.br\/geral\/category\/geral\/"},"img":{"alt_text":"","src":"https:\/\/i0.wp.com\/www.jornalja.com.br\/geral\/wp-content\/uploads\/sites\/4\/2021\/09\/a32a9659-1.jpg?resize=350%2C200&ssl=1","width":350,"height":200,"srcset":"https:\/\/i0.wp.com\/www.jornalja.com.br\/geral\/wp-content\/uploads\/sites\/4\/2021\/09\/a32a9659-1.jpg?resize=350%2C200&ssl=1 1x, https:\/\/i0.wp.com\/www.jornalja.com.br\/geral\/wp-content\/uploads\/sites\/4\/2021\/09\/a32a9659-1.jpg?resize=525%2C300&ssl=1 1.5x, https:\/\/i0.wp.com\/www.jornalja.com.br\/geral\/wp-content\/uploads\/sites\/4\/2021\/09\/a32a9659-1.jpg?resize=700%2C400&ssl=1 2x"},"classes":[]},{"id":91892,"url":"https:\/\/www.jornalja.com.br\/geral\/confira-os-principais-eventos-da-semana-dos-250-anos-de-porto-alegre\/","url_meta":{"origin":90197,"position":1},"title":"Confira os principais eventos da semana dos 250 anos de Porto Alegre","author":"da Reda\u00e7\u00e3o","date":"20 de mar\u00e7o de 2022","format":false,"excerpt":"Inicia nesta quarta-feira, 23 de mar\u00e7o de 2022,\u00a0 a Semana dos 250 anos de Porto Alegre\". O per\u00edodo ser\u00e1 marcado por diversas atra\u00e7\u00f5es e eventos promovidos ou realizados com o apoio da prefeitura da Capital. A programa\u00e7\u00e3o completa est\u00e1 dispon\u00edvel no site\u00a0poa250anos.com.br. Veja alguns dos principais eventos Dia 23 \u2013\u2026","rel":"","context":"Em &quot;Geral-MAT\u00c9RIA&quot;","block_context":{"text":"Geral-MAT\u00c9RIA","link":"https:\/\/www.jornalja.com.br\/geral\/category\/geral\/"},"img":{"alt_text":"","src":"https:\/\/i0.wp.com\/www.jornalja.com.br\/geral\/wp-content\/uploads\/sites\/4\/2022\/03\/hipoa-baile-da-cidade-ana-rita.jpg?resize=350%2C200&ssl=1","width":350,"height":200,"srcset":"https:\/\/i0.wp.com\/www.jornalja.com.br\/geral\/wp-content\/uploads\/sites\/4\/2022\/03\/hipoa-baile-da-cidade-ana-rita.jpg?resize=350%2C200&ssl=1 1x, https:\/\/i0.wp.com\/www.jornalja.com.br\/geral\/wp-content\/uploads\/sites\/4\/2022\/03\/hipoa-baile-da-cidade-ana-rita.jpg?resize=525%2C300&ssl=1 1.5x, https:\/\/i0.wp.com\/www.jornalja.com.br\/geral\/wp-content\/uploads\/sites\/4\/2022\/03\/hipoa-baile-da-cidade-ana-rita.jpg?resize=700%2C400&ssl=1 2x"},"classes":[]},{"id":91962,"url":"https:\/\/www.jornalja.com.br\/geral\/maria-rita-e-baile-da-cidade-marcam-o-aniversario-de-porto-alegre-neste-sabado-na-redencao\/","url_meta":{"origin":90197,"position":2},"title":"Maria Rita e Baile da cidade marcam o anivers\u00e1rio de Porto Alegre neste s\u00e1bado na Reden\u00e7\u00e3o","author":"da Reda\u00e7\u00e3o","date":"24 de mar\u00e7o de 2022","format":false,"excerpt":"Ocorre no pr\u00f3ximo s\u00e1bado, na Reden\u00e7\u00e3o, em comemora\u00e7\u00f5es dos 250 anos da Capital, o Baile da Cidade. As apresenta\u00e7\u00f5es se iniciam \u00e0s 17h (ver programa\u00e7\u00e3o abaixo). O show da cantora Maria Rita, principal atra\u00e7\u00e3o da noite, come\u00e7a \u00e0s 20h. A entrada \u00e9 gratuita. A filha de Elis Regina tamb\u00e9m ser\u00e1\u2026","rel":"","context":"Em &quot;Geral-MAT\u00c9RIA&quot;","block_context":{"text":"Geral-MAT\u00c9RIA","link":"https:\/\/www.jornalja.com.br\/geral\/category\/geral\/"},"img":{"alt_text":"","src":"https:\/\/i0.wp.com\/www.jornalja.com.br\/geral\/wp-content\/uploads\/sites\/4\/2022\/03\/180124-eduardo-beleke-1.jpg?resize=350%2C200&ssl=1","width":350,"height":200,"srcset":"https:\/\/i0.wp.com\/www.jornalja.com.br\/geral\/wp-content\/uploads\/sites\/4\/2022\/03\/180124-eduardo-beleke-1.jpg?resize=350%2C200&ssl=1 1x, https:\/\/i0.wp.com\/www.jornalja.com.br\/geral\/wp-content\/uploads\/sites\/4\/2022\/03\/180124-eduardo-beleke-1.jpg?resize=525%2C300&ssl=1 1.5x, https:\/\/i0.wp.com\/www.jornalja.com.br\/geral\/wp-content\/uploads\/sites\/4\/2022\/03\/180124-eduardo-beleke-1.jpg?resize=700%2C400&ssl=1 2x"},"classes":[]},{"id":90292,"url":"https:\/\/www.jornalja.com.br\/geral\/comemoracoes-dos-250-anos-de-porto-alegre-comecam-no-natal\/","url_meta":{"origin":90197,"position":3},"title":"Comemora\u00e7\u00f5es dos 250 anos de Porto Alegre come\u00e7am com apresenta\u00e7\u00f5es de Natal","author":"Felipe Uhr","date":"3 de outubro de 2021","format":false,"excerpt":"Depois do lan\u00e7amento simb\u00f3lico, h\u00e1 duas semanas, o calend\u00e1rio dos festejos dos\u00a0 250 anos de Porto Alegre est\u00e1 ganhando forma, j\u00e1 s\u00e3o mais de 200 eventos programados. J\u00e1 em novembro\u00a0 acontecem as primeiras atividades, mas \u00e9 no Natal\u00a0 que efetivamente ser\u00e1 deflagrada a s\u00e9rie de eventos que v\u00e3o marcar o\u2026","rel":"","context":"Em &quot;Geral-MAT\u00c9RIA&quot;","block_context":{"text":"Geral-MAT\u00c9RIA","link":"https:\/\/www.jornalja.com.br\/geral\/category\/geral\/"},"img":{"alt_text":"","src":"https:\/\/i0.wp.com\/www.jornalja.com.br\/geral\/wp-content\/uploads\/sites\/4\/2021\/10\/dsc-4279.jpg?resize=350%2C200&ssl=1","width":350,"height":200,"srcset":"https:\/\/i0.wp.com\/www.jornalja.com.br\/geral\/wp-content\/uploads\/sites\/4\/2021\/10\/dsc-4279.jpg?resize=350%2C200&ssl=1 1x, https:\/\/i0.wp.com\/www.jornalja.com.br\/geral\/wp-content\/uploads\/sites\/4\/2021\/10\/dsc-4279.jpg?resize=525%2C300&ssl=1 1.5x, https:\/\/i0.wp.com\/www.jornalja.com.br\/geral\/wp-content\/uploads\/sites\/4\/2021\/10\/dsc-4279.jpg?resize=700%2C400&ssl=1 2x"},"classes":[]},{"id":92000,"url":"https:\/\/www.jornalja.com.br\/geral\/porto-alegre-250-anos-publico-danca-e-puxa-fora-bolsonaro-no-show-de-maria-rita-na-redencao\/","url_meta":{"origin":90197,"position":4},"title":"Porto Alegre 250 Anos: p\u00fablico dan\u00e7a e puxa &#8220;Fora Bolsonaro&#8221; no show de Maria Rita na Reden\u00e7\u00e3o","author":"Elmar Bones","date":"27 de mar\u00e7o de 2022","format":false,"excerpt":"O show de Rita Maria no Baile da Cidade, na noite de s\u00e1bado,\u00a0 26, na comemora\u00e7\u00e3o dos 250 anos de Porto Alegre, foi al\u00e9m de um grande espet\u00e1culo musical. Na parte final do show,\u00a0 de sambas que empolgaram e botaram o p\u00fablico para dan\u00e7ar,\u00a0 entrou o fator pol\u00edtico, caracter\u00edstico de\u2026","rel":"","context":"Em &quot;Geral-MAT\u00c9RIA&quot;","block_context":{"text":"Geral-MAT\u00c9RIA","link":"https:\/\/www.jornalja.com.br\/geral\/category\/geral\/"},"img":{"alt_text":"","src":"https:\/\/i0.wp.com\/www.jornalja.com.br\/geral\/wp-content\/uploads\/sites\/4\/2022\/03\/hipoa-show-de-maria-ritajpg-2.jpg?resize=350%2C200&ssl=1","width":350,"height":200},"classes":[]},{"id":88906,"url":"https:\/\/www.jornalja.com.br\/geral\/rogerio-beidacki-e-o-secretario-cuidara-dos-250-anos-de-porto-alegre\/","url_meta":{"origin":90197,"position":5},"title":"Rog\u00e9rio Beidacki \u00e9 o secret\u00e1rio que cuidar\u00e1 dos 250 anos de Porto Alegre","author":"da Reda\u00e7\u00e3o","date":"22 de julho de 2021","format":false,"excerpt":"O prefeito Sebasti\u00e3o Melo anunciou o jornalista Rog\u00e9rio Beidacki como secret\u00e1rio Extraordin\u00e1rio Executivo para os 250 anos de Porto Alegre. Ele ser\u00e1 respons\u00e1vel pela busca de parcerias e coordena\u00e7\u00e3o das atividades. \u201cQueremos uma cidade viva, com eventos que gerem emprego e renda \u00e0 popula\u00e7\u00e3o. Vamos usar as leis de incentivo\u2026","rel":"","context":"Em &quot;Geral-MAT\u00c9RIA&quot;","block_context":{"text":"Geral-MAT\u00c9RIA","link":"https:\/\/www.jornalja.com.br\/geral\/category\/geral\/"},"img":{"alt_text":"","src":"https:\/\/i0.wp.com\/www.jornalja.com.br\/geral\/wp-content\/uploads\/sites\/4\/2021\/07\/rogerio-beidacki-2-1.jpg?resize=350%2C200&ssl=1","width":350,"height":200,"srcset":"https:\/\/i0.wp.com\/www.jornalja.com.br\/geral\/wp-content\/uploads\/sites\/4\/2021\/07\/rogerio-beidacki-2-1.jpg?resize=350%2C200&ssl=1 1x, https:\/\/i0.wp.com\/www.jornalja.com.br\/geral\/wp-content\/uploads\/sites\/4\/2021\/07\/rogerio-beidacki-2-1.jpg?resize=525%2C300&ssl=1 1.5x, https:\/\/i0.wp.com\/www.jornalja.com.br\/geral\/wp-content\/uploads\/sites\/4\/2021\/07\/rogerio-beidacki-2-1.jpg?resize=700%2C400&ssl=1 2x"},"classes":[]}],"jetpack_sharing_enabled":true,"_links":{"self":[{"href":"https:\/\/www.jornalja.com.br\/geral\/wp-json\/wp\/v2\/posts\/90197","targetHints":{"allow":["GET"]}}],"collection":[{"href":"https:\/\/www.jornalja.com.br\/geral\/wp-json\/wp\/v2\/posts"}],"about":[{"href":"https:\/\/www.jornalja.com.br\/geral\/wp-json\/wp\/v2\/types\/post"}],"author":[{"embeddable":true,"href":"https:\/\/www.jornalja.com.br\/geral\/wp-json\/wp\/v2\/users\/4"}],"replies":[{"embeddable":true,"href":"https:\/\/www.jornalja.com.br\/geral\/wp-json\/wp\/v2\/comments?post=90197"}],"version-history":[{"count":4,"href":"https:\/\/www.jornalja.com.br\/geral\/wp-json\/wp\/v2\/posts\/90197\/revisions"}],"predecessor-version":[{"id":90208,"href":"https:\/\/www.jornalja.com.br\/geral\/wp-json\/wp\/v2\/posts\/90197\/revisions\/90208"}],"wp:featuredmedia":[{"embeddable":true,"href":"https:\/\/www.jornalja.com.br\/geral\/wp-json\/wp\/v2\/media\/90198"}],"wp:attachment":[{"href":"https:\/\/www.jornalja.com.br\/geral\/wp-json\/wp\/v2\/media?parent=90197"}],"wp:term":[{"taxonomy":"category","embeddable":true,"href":"https:\/\/www.jornalja.com.br\/geral\/wp-json\/wp\/v2\/categories?post=90197"},{"taxonomy":"post_tag","embeddable":true,"href":"https:\/\/www.jornalja.com.br\/geral\/wp-json\/wp\/v2\/tags?post=90197"}],"curies":[{"name":"wp","href":"https:\/\/api.w.org\/{rel}","templated":true}]}}