{"id":90217,"date":"2021-09-27T20:43:07","date_gmt":"2021-09-27T23:43:07","guid":{"rendered":"https:\/\/www.jornalja.com.br\/geral\/?p=90217"},"modified":"2021-09-28T09:18:34","modified_gmt":"2021-09-28T12:18:34","slug":"lancamento-do-calendario-dos-250-anos-de-porto-alegre-teve-festejos-e-bate-boca","status":"publish","type":"post","link":"https:\/\/www.jornalja.com.br\/geral\/lancamento-do-calendario-dos-250-anos-de-porto-alegre-teve-festejos-e-bate-boca\/","title":{"rendered":"Lan\u00e7amento do calend\u00e1rio dos 250 anos de Porto Alegre teve festejos e bate-boca"},"content":{"rendered":"<p>Nem s\u00f3 festas e apresenta\u00e7\u00f5es marcaram o lan\u00e7amento da agenda de atra\u00e7\u00f5es dos 250 anos de Porto Alegre, neste domingo no Parque da Reden\u00e7\u00e3o.<\/p>\n<p>A jornalista Rosane de Oliveira, relatou na Zero Hora,\u00a0 o descontentamento do prefeito Sebasti\u00e3o Melo frente aos protestos de sindicalistas e outros movimentos de esquerda.<\/p>\n<p>Segundo o\u00a0 Sul21, houve bate boca entre \u00a0apoiadores da vereadora Comandante N\u00e1dia (DEM) estudantes secundaristas e que tamb\u00e9m protestavam enquanto o prefeito discursava.\u00a0 Uma acusa\u00e7\u00e3o de agress\u00e3o de um estudante foi feita contra\u00a0 a vereadora.<\/p>\n<p>Na Tribuna da C\u00e2mara, N\u00e1dia deu a sua vers\u00e3o dos fatos. Disse que &#8220;pessoas que foram \u00e0 Reden\u00e7\u00e3o fazer arrua\u00e7a&#8221; e que foi provocada por um dos manifestantes que &#8220;se disse estudante&#8221;. &#8220;Quero ver se \u00e9 estudante mesmo, se tem matr\u00edcula e assiduidade&#8221; indagou a parlamentar.<\/p>\n<p>Logo ap\u00f3s os discursos das autoridades e em meio as\u00a0 vaias dos manifestantes, iniciaram-se as apresenta\u00e7\u00f5es musicais com Fernando Pratti no saxofone, Gen\u00e9sio da Reden\u00e7\u00e3o no bandolim, Hique Gomes e Victor Hugo, cantando m\u00fasicas de Porto Alegre, e a apresenta\u00e7\u00e3o da Escola de Samba da Restinga.<\/p>\n<p>V\u00eddeos num tel\u00e3o mostraram os diversos pontos positivos da Capital e ressaltaram nossa diversidade cultural, gastron\u00f4mica, tur\u00edstica, inova\u00e7\u00e3o, sa\u00fade, al\u00e9m do Centro Hist\u00f3rico. Foi apresentado tamb\u00e9m o selo comemorativo.<\/p>\n<p><strong>Calend\u00e1rio ter\u00e1 mais de duzentas atra\u00e7\u00f5es<\/strong><\/p>\n<p>A programa\u00e7\u00e3o desenvolvida durante dois meses pela Secretaria Extraordin\u00e1ria para os 250 anos de Porto Alegre conta com mais de 200 atra\u00e7\u00f5es, de 26 de setembro de 2021 a 31 de dezembro de 2022.<\/p>\n<p>S\u00e3o eventos dos mais variados, produzidos pela prefeitura, organiza\u00e7\u00f5es sem fins lucrativos e iniciativa privada.<\/p>\n<p>Esporte, lazer, cultura, turismo, educa\u00e7\u00e3o, inova\u00e7\u00e3o e desenvolvimento social e econ\u00f4mico s\u00e3o os principais eixos da programa\u00e7\u00e3o durante o per\u00edodo de comemora\u00e7\u00e3o.<\/p>\n<p>Segundo o secret\u00e1rio Rog\u00e9rio Beidacki, a programa\u00e7\u00e3o quer envolver toda a comunidade e ajudar a fortalecer a rela\u00e7\u00e3o dos porto-alegrenses com a cidade.<\/p>\n<p>\u201cTemos eventos para todos os p\u00fablicos, para todas as idades e todas as classes sociais. Nesses 250 anos, queremos aproximar ainda mais o cidad\u00e3o da Capital e aumentar o orgulho pela nossa Porto Alegre\u201d, disse.<\/p>\n<p>&nbsp;<\/p>\n","protected":false},"excerpt":{"rendered":"<p>Nem s\u00f3 festas e apresenta\u00e7\u00f5es marcaram o lan\u00e7amento da agenda de atra\u00e7\u00f5es dos 250 anos de Porto Alegre, neste domingo no Parque da Reden\u00e7\u00e3o. A jornalista Rosane de Oliveira, relatou na Zero Hora,\u00a0 o descontentamento do prefeito Sebasti\u00e3o Melo frente aos protestos de sindicalistas e outros movimentos de esquerda. Segundo o\u00a0 Sul21, houve bate boca [&hellip;]<\/p>\n","protected":false},"author":4,"featured_media":90224,"comment_status":"open","ping_status":"open","sticky":false,"template":"","format":"standard","meta":{"jetpack_post_was_ever_published":false,"_jetpack_newsletter_access":"","_jetpack_dont_email_post_to_subs":false,"_jetpack_newsletter_tier_id":0,"_jetpack_memberships_contains_paywalled_content":false,"_jetpack_memberships_contains_paid_content":false,"footnotes":"","jetpack_publicize_message":"","jetpack_publicize_feature_enabled":true,"jetpack_social_post_already_shared":true,"jetpack_social_options":{"image_generator_settings":{"template":"highway","default_image_id":0,"font":"","enabled":false},"version":2}},"categories":[2],"tags":[],"class_list":["post-90217","post","type-post","status-publish","format-standard","has-post-thumbnail","hentry","category-geral"],"aioseo_notices":[],"jetpack_publicize_connections":[],"jetpack_featured_media_url":"https:\/\/www.jornalja.com.br\/geral\/wp-content\/uploads\/sites\/4\/2021\/09\/a32a9659-1.jpg","jetpack_shortlink":"https:\/\/wp.me\/pbKhrD-nt7","jetpack-related-posts":[{"id":92000,"url":"https:\/\/www.jornalja.com.br\/geral\/porto-alegre-250-anos-publico-danca-e-puxa-fora-bolsonaro-no-show-de-maria-rita-na-redencao\/","url_meta":{"origin":90217,"position":0},"title":"Porto Alegre 250 Anos: p\u00fablico dan\u00e7a e puxa &#8220;Fora Bolsonaro&#8221; no show de Maria Rita na Reden\u00e7\u00e3o","author":"Elmar Bones","date":"27 de mar\u00e7o de 2022","format":false,"excerpt":"O show de Rita Maria no Baile da Cidade, na noite de s\u00e1bado,\u00a0 26, na comemora\u00e7\u00e3o dos 250 anos de Porto Alegre, foi al\u00e9m de um grande espet\u00e1culo musical. Na parte final do show,\u00a0 de sambas que empolgaram e botaram o p\u00fablico para dan\u00e7ar,\u00a0 entrou o fator pol\u00edtico, caracter\u00edstico de\u2026","rel":"","context":"Em &quot;Geral-MAT\u00c9RIA&quot;","block_context":{"text":"Geral-MAT\u00c9RIA","link":"https:\/\/www.jornalja.com.br\/geral\/category\/geral\/"},"img":{"alt_text":"","src":"https:\/\/i0.wp.com\/www.jornalja.com.br\/geral\/wp-content\/uploads\/sites\/4\/2022\/03\/hipoa-show-de-maria-ritajpg-2.jpg?resize=350%2C200&ssl=1","width":350,"height":200},"classes":[]},{"id":90137,"url":"https:\/\/www.jornalja.com.br\/geral\/protestos-contra-a-retirada-de-isencoes-no-transporte-publico-em-porto-alegre\/","url_meta":{"origin":90217,"position":1},"title":"Protestos contra a retirada de isen\u00e7\u00f5es no transporte p\u00fablico em Porto Alegre","author":"Felipe Uhr","date":"23 de setembro de 2021","format":false,"excerpt":"Movimentos estudantis, Cpers e outras entidades se reuniram em frente \u00e0 C\u00e2mara para protestar contra o projeto do executivo que retira isen\u00e7\u00f5es. A proposta j\u00e1 est\u00e1 na ordem do dia e pode ser votada \u00e0 qualquer momento. OPLE 015\/21 vai mexer nas isen\u00e7\u00f5es. O governo prop\u00f5e que das 15 isen\u00e7\u00f5es\u2026","rel":"","context":"Em &quot;Geral-MAT\u00c9RIA&quot;","block_context":{"text":"Geral-MAT\u00c9RIA","link":"https:\/\/www.jornalja.com.br\/geral\/category\/geral\/"},"img":{"alt_text":"","src":"https:\/\/i0.wp.com\/www.jornalja.com.br\/geral\/wp-content\/uploads\/sites\/4\/2021\/09\/189f9c2e-8356-4e18-bae2-238526dbdd41.jpg?resize=350%2C200&ssl=1","width":350,"height":200,"srcset":"https:\/\/i0.wp.com\/www.jornalja.com.br\/geral\/wp-content\/uploads\/sites\/4\/2021\/09\/189f9c2e-8356-4e18-bae2-238526dbdd41.jpg?resize=350%2C200&ssl=1 1x, https:\/\/i0.wp.com\/www.jornalja.com.br\/geral\/wp-content\/uploads\/sites\/4\/2021\/09\/189f9c2e-8356-4e18-bae2-238526dbdd41.jpg?resize=525%2C300&ssl=1 1.5x, https:\/\/i0.wp.com\/www.jornalja.com.br\/geral\/wp-content\/uploads\/sites\/4\/2021\/09\/189f9c2e-8356-4e18-bae2-238526dbdd41.jpg?resize=700%2C400&ssl=1 2x, https:\/\/i0.wp.com\/www.jornalja.com.br\/geral\/wp-content\/uploads\/sites\/4\/2021\/09\/189f9c2e-8356-4e18-bae2-238526dbdd41.jpg?resize=1050%2C600&ssl=1 3x, https:\/\/i0.wp.com\/www.jornalja.com.br\/geral\/wp-content\/uploads\/sites\/4\/2021\/09\/189f9c2e-8356-4e18-bae2-238526dbdd41.jpg?resize=1400%2C800&ssl=1 4x"},"classes":[]},{"id":90197,"url":"https:\/\/www.jornalja.com.br\/geral\/prefeitura-inicia-celebracao-dos-250-anos-de-porto-alegre-neste-domingo-na-redencao\/","url_meta":{"origin":90217,"position":2},"title":"Prefeitura inicia celebra\u00e7\u00e3o dos 250 anos de Porto Alegre neste domingo na Reden\u00e7\u00e3o","author":"da Reda\u00e7\u00e3o","date":"24 de setembro de 2021","format":false,"excerpt":"Ser\u00e1 lan\u00e7ado neste domingo, dia 26, o calend\u00e1rio oficial de eventos e o selo comemorativo dos 250 anos de Porto Alegre. O evento ser\u00e1 na Reden\u00e7\u00e3o, \u00e0s 11h, junto ao Monumento do Expedicion\u00e1rio\u00a0 e\u00a0 contar\u00e1 com a participa\u00e7\u00e3o do prefeito, Sebasti\u00e3o Melo, de secret\u00e1rios municipais, autoridades locais e atra\u00e7\u00f5es musicais.\u2026","rel":"","context":"Em &quot;Geral-MAT\u00c9RIA&quot;","block_context":{"text":"Geral-MAT\u00c9RIA","link":"https:\/\/www.jornalja.com.br\/geral\/category\/geral\/"},"img":{"alt_text":"","src":"https:\/\/i0.wp.com\/www.jornalja.com.br\/geral\/wp-content\/uploads\/sites\/4\/2021\/09\/whatsapp20image202019-02-0720at20160414.jpeg?resize=350%2C200&ssl=1","width":350,"height":200,"srcset":"https:\/\/i0.wp.com\/www.jornalja.com.br\/geral\/wp-content\/uploads\/sites\/4\/2021\/09\/whatsapp20image202019-02-0720at20160414.jpeg?resize=350%2C200&ssl=1 1x, https:\/\/i0.wp.com\/www.jornalja.com.br\/geral\/wp-content\/uploads\/sites\/4\/2021\/09\/whatsapp20image202019-02-0720at20160414.jpeg?resize=525%2C300&ssl=1 1.5x, https:\/\/i0.wp.com\/www.jornalja.com.br\/geral\/wp-content\/uploads\/sites\/4\/2021\/09\/whatsapp20image202019-02-0720at20160414.jpeg?resize=700%2C400&ssl=1 2x"},"classes":[]},{"id":77076,"url":"https:\/\/www.jornalja.com.br\/geral\/7-de-setembro-estudantes-voltam-as-ruas-em-defesa-da-educacao-e-da-amazonia\/","url_meta":{"origin":90217,"position":3},"title":"7 de Setembro: estudantes voltam \u00e0s ruas em defesa da Educa\u00e7\u00e3o e da Amaz\u00f4nia","author":"Carlos Matsubara","date":"5 de setembro de 2019","format":false,"excerpt":"Os estudantes brasileiros voltam \u00e0s ruas no pr\u00f3ximo s\u00e1bado, 7 de Setembro, para protestar contra os ataques do governo Bolsonaro \u00e0 educa\u00e7\u00e3o p\u00fablica, entre eles o corte de verbas para o setor, a inger\u00eancia na autonomia universit\u00e1ria e a tentativa de \u201cprivatiza\u00e7\u00e3o\u201d das universidades e institutos federais por meio do\u2026","rel":"","context":"Em &quot;Geral-MAT\u00c9RIA&quot;","block_context":{"text":"Geral-MAT\u00c9RIA","link":"https:\/\/www.jornalja.com.br\/geral\/category\/geral\/"},"img":{"alt_text":"","src":"","width":0,"height":0},"classes":[]},{"id":101113,"url":"https:\/\/www.jornalja.com.br\/geral\/chefe-do-mp-rs-plano-diretor-de-porto-alegre-e-mais-voltado-para-construcao-que-para-prevenir-enchentes\/","url_meta":{"origin":90217,"position":4},"title":"Chefe do MP-RS: \u201cPlano Diretor de Porto Alegre \u00e9 mais voltado para constru\u00e7\u00e3o que para prevenir enchentes&#8221;","author":"da Reda\u00e7\u00e3o","date":"21 de abril de 2026","format":false,"excerpt":"O projeto do novo Plano Diretor de Porto Alegre, que tramita h\u00e1 mais de ano e est\u00e1 em fase final de vota\u00e7\u00e3o na C\u00e2mara Municipal, tem indicativos de aprova\u00e7\u00e3o, pela for\u00e7a da maioria que o prefeito Sebasti\u00e3o Melo tem no legislativo. J\u00e1, estudos do Minist\u00e9rio P\u00fablico apontam \"falhas jur\u00eddicas\" no\u2026","rel":"","context":"Em &quot;Geral-MAT\u00c9RIA&quot;","block_context":{"text":"Geral-MAT\u00c9RIA","link":"https:\/\/www.jornalja.com.br\/geral\/category\/geral\/"},"img":{"alt_text":"","src":"https:\/\/i0.wp.com\/www.jornalja.com.br\/geral\/wp-content\/uploads\/sites\/4\/2026\/04\/whatsapp-image-2026-04-01-at-164602-1536x1023-1.jpeg?resize=350%2C200&ssl=1","width":350,"height":200,"srcset":"https:\/\/i0.wp.com\/www.jornalja.com.br\/geral\/wp-content\/uploads\/sites\/4\/2026\/04\/whatsapp-image-2026-04-01-at-164602-1536x1023-1.jpeg?resize=350%2C200&ssl=1 1x, https:\/\/i0.wp.com\/www.jornalja.com.br\/geral\/wp-content\/uploads\/sites\/4\/2026\/04\/whatsapp-image-2026-04-01-at-164602-1536x1023-1.jpeg?resize=525%2C300&ssl=1 1.5x, https:\/\/i0.wp.com\/www.jornalja.com.br\/geral\/wp-content\/uploads\/sites\/4\/2026\/04\/whatsapp-image-2026-04-01-at-164602-1536x1023-1.jpeg?resize=700%2C400&ssl=1 2x, https:\/\/i0.wp.com\/www.jornalja.com.br\/geral\/wp-content\/uploads\/sites\/4\/2026\/04\/whatsapp-image-2026-04-01-at-164602-1536x1023-1.jpeg?resize=1050%2C600&ssl=1 3x, https:\/\/i0.wp.com\/www.jornalja.com.br\/geral\/wp-content\/uploads\/sites\/4\/2026\/04\/whatsapp-image-2026-04-01-at-164602-1536x1023-1.jpeg?resize=1400%2C800&ssl=1 4x"},"classes":[]},{"id":100072,"url":"https:\/\/www.jornalja.com.br\/geral\/camara-autoriza-concessao-do-dmae-oposicao-diz-que-e-cheque-em-branco\/","url_meta":{"origin":90217,"position":5},"title":"Camara autoriza concess\u00e3o do DMAE; oposi\u00e7\u00e3o diz que \u00e9 cheque em branco","author":"da Reda\u00e7\u00e3o","date":"23 de outubro de 2025","format":false,"excerpt":"Durou onze horas e meia a sess\u00e3o da Camara Municipal de Porto Alegre que aprovou o projeto de concess\u00e3o parcial do Departamento Municipal de \u00c1guas e Esgotos, o DMAE, uma institui\u00e7\u00e3o da cidade com mais de 60 anos de servi\u00e7os prestados. A vota\u00e7\u00e3o foi tensa. Desde a manh\u00e3, foram colocados\u2026","rel":"","context":"Em &quot;Geral-MAT\u00c9RIA&quot;","block_context":{"text":"Geral-MAT\u00c9RIA","link":"https:\/\/www.jornalja.com.br\/geral\/category\/geral\/"},"img":{"alt_text":"","src":"https:\/\/i0.wp.com\/www.jornalja.com.br\/geral\/wp-content\/uploads\/sites\/4\/2025\/10\/dmae-plenario.jpg?resize=350%2C200&ssl=1","width":350,"height":200,"srcset":"https:\/\/i0.wp.com\/www.jornalja.com.br\/geral\/wp-content\/uploads\/sites\/4\/2025\/10\/dmae-plenario.jpg?resize=350%2C200&ssl=1 1x, https:\/\/i0.wp.com\/www.jornalja.com.br\/geral\/wp-content\/uploads\/sites\/4\/2025\/10\/dmae-plenario.jpg?resize=525%2C300&ssl=1 1.5x"},"classes":[]}],"jetpack_sharing_enabled":true,"_links":{"self":[{"href":"https:\/\/www.jornalja.com.br\/geral\/wp-json\/wp\/v2\/posts\/90217","targetHints":{"allow":["GET"]}}],"collection":[{"href":"https:\/\/www.jornalja.com.br\/geral\/wp-json\/wp\/v2\/posts"}],"about":[{"href":"https:\/\/www.jornalja.com.br\/geral\/wp-json\/wp\/v2\/types\/post"}],"author":[{"embeddable":true,"href":"https:\/\/www.jornalja.com.br\/geral\/wp-json\/wp\/v2\/users\/4"}],"replies":[{"embeddable":true,"href":"https:\/\/www.jornalja.com.br\/geral\/wp-json\/wp\/v2\/comments?post=90217"}],"version-history":[{"count":5,"href":"https:\/\/www.jornalja.com.br\/geral\/wp-json\/wp\/v2\/posts\/90217\/revisions"}],"predecessor-version":[{"id":90235,"href":"https:\/\/www.jornalja.com.br\/geral\/wp-json\/wp\/v2\/posts\/90217\/revisions\/90235"}],"wp:featuredmedia":[{"embeddable":true,"href":"https:\/\/www.jornalja.com.br\/geral\/wp-json\/wp\/v2\/media\/90224"}],"wp:attachment":[{"href":"https:\/\/www.jornalja.com.br\/geral\/wp-json\/wp\/v2\/media?parent=90217"}],"wp:term":[{"taxonomy":"category","embeddable":true,"href":"https:\/\/www.jornalja.com.br\/geral\/wp-json\/wp\/v2\/categories?post=90217"},{"taxonomy":"post_tag","embeddable":true,"href":"https:\/\/www.jornalja.com.br\/geral\/wp-json\/wp\/v2\/tags?post=90217"}],"curies":[{"name":"wp","href":"https:\/\/api.w.org\/{rel}","templated":true}]}}