{"id":90300,"date":"2021-09-30T20:37:00","date_gmt":"2021-09-30T23:37:00","guid":{"rendered":"https:\/\/www.jornalja.com.br\/geral\/?p=90300"},"modified":"2021-11-16T01:20:15","modified_gmt":"2021-11-16T04:20:15","slug":"covid-associacao-medica-brasileira-pede-punicao-exemplar-aos-infratores-da-etica","status":"publish","type":"post","link":"https:\/\/www.jornalja.com.br\/geral\/covid-associacao-medica-brasileira-pede-punicao-exemplar-aos-infratores-da-etica\/","title":{"rendered":"Covid: Associa\u00e7\u00e3o M\u00e9dica Brasileira pede &#8220;puni\u00e7\u00e3o exemplar&#8221; aos que &#8220;ultrajam a medicina&#8221;"},"content":{"rendered":"<p>Nota oficial da Associa\u00e7\u00e3o M\u00e9dica Brasileira<\/p>\n<p><strong>Por investiga\u00e7\u00e3o e criminaliza\u00e7\u00e3o dos que ultrajam a Medicina,<\/strong><strong> a sa\u00fade dos brasileiros e a \u00c9tica<\/strong><\/p>\n<p>&#8220;A Associa\u00e7\u00e3o M\u00e9dica Brasileira vem a p\u00fablico conclamar o Judici\u00e1rio do Brasil e as demais autoridades respons\u00e1veis \u00e0 investiga\u00e7\u00e3o \u00e1gil e rigorosa dos recentes fatos apresentados \u00e0 Comiss\u00e3o Parlamentar de Inqu\u00e9rito da Covid-19, indicando suposta exist\u00eancia de esquema criminoso que teria atuado no sentido de o pa\u00eds atingir a chamada imunidade de rebanho.<\/p>\n<p>At\u00e9 hoje, somamos cerca de 600 mil \u00f3bitos de brasileiros. A CPI j\u00e1 conta com elementos para apontar responsabilidades dos autores de in\u00fameras faces da trag\u00e9dia, como a falta de oxig\u00eanio no Amazonas, entre outras.<\/p>\n<p>Conforme recentes depoimentos colhidos pelos senadores da Rep\u00fablica, o mesmo esquema teria adotado a\u00e7\u00f5es coercitivas e press\u00e3o sobre m\u00e9dicos para a administra\u00e7\u00e3o de drogas comprovadamente ineficazes contra o v\u00edrus SARS-CoV-2. Tamb\u00e9m teria envidado a repudi\u00e1vel pr\u00e1tica de testagem em seres humanos.<\/p>\n<p>A motiva\u00e7\u00e3o seria desqualificar as medidas de isolamento sanit\u00e1rio e de for\u00e7ar uma eventual retomada econ\u00f4mica.<\/p>\n<p>A Associa\u00e7\u00e3o M\u00e9dica Brasileira, assim como os brasileiros de bem, clamam por apura\u00e7\u00e3o imediata, \u00e1gil e aprofundada. \u00c9 mister a puni\u00e7\u00e3o exemplar de respons\u00e1veis por quaisquer ilegalidades que venham a ser comprovadas. Inclusive de m\u00e9dicos que, confirmados depoimentos de depoentes, teriam supostamente participado e encabe\u00e7ado o esquema.<\/p>\n<p>A AMB sair\u00e1 invariavelmente em defesa da \u00c9tica e da assist\u00eancia digna aos cidad\u00e3os. Caso consistentes o teor dos depoimentos \u00e0 CPI da Covid-19, simplesmente estar\u00edamos retrocedendo \u00e0 barb\u00e1rie, colocando o Brasil como sujeito de uma das piores atrocidades contra a humanidade de toda a hist\u00f3ria.<\/p>\n<p>Registre-se que autoridades do Direito se manifestam no sentido de que existem provas em sufici\u00eancia para a sentenciar eventuais infratores no Tribunal Penal Internacional, sediado em Haia. Temos urg\u00eancia da verdade. A AMB anseia pela exposi\u00e7\u00e3o de fatos em detalhes e pela puni\u00e7\u00e3o de crimes contra seres humanos brasileiros e de outras na\u00e7\u00f5es quaisquer.<\/p>\n<p>S\u00e3o Paulo, 30 de setembro de 2021<\/p>\n<p><em>Associa\u00e7\u00e3o M\u00e9dica Brasileira<\/em><\/p>\n","protected":false},"excerpt":{"rendered":"<p>Nota oficial da Associa\u00e7\u00e3o M\u00e9dica Brasileira Por investiga\u00e7\u00e3o e criminaliza\u00e7\u00e3o dos que ultrajam a Medicina, a sa\u00fade dos brasileiros e a \u00c9tica &#8220;A Associa\u00e7\u00e3o M\u00e9dica Brasileira vem a p\u00fablico conclamar o Judici\u00e1rio do Brasil e as demais autoridades respons\u00e1veis \u00e0 investiga\u00e7\u00e3o \u00e1gil e rigorosa dos recentes fatos apresentados \u00e0 Comiss\u00e3o Parlamentar de Inqu\u00e9rito da Covid-19, [&hellip;]<\/p>\n","protected":false},"author":4,"featured_media":90305,"comment_status":"open","ping_status":"open","sticky":false,"template":"","format":"standard","meta":{"jetpack_post_was_ever_published":false,"_jetpack_newsletter_access":"","_jetpack_dont_email_post_to_subs":false,"_jetpack_newsletter_tier_id":0,"_jetpack_memberships_contains_paywalled_content":false,"_jetpack_memberships_contains_paid_content":false,"footnotes":"","jetpack_publicize_message":"","jetpack_publicize_feature_enabled":true,"jetpack_social_post_already_shared":true,"jetpack_social_options":{"image_generator_settings":{"template":"highway","default_image_id":0,"font":"","enabled":false},"version":2}},"categories":[2],"tags":[462,336,500,502,503,501],"class_list":["post-90300","post","type-post","status-publish","format-standard","has-post-thumbnail","hentry","category-geral","tag-covid","tag-cpi","tag-etica","tag-imunizacao","tag-judiciario","tag-medicina"],"aioseo_notices":[],"jetpack_publicize_connections":[],"jetpack_featured_media_url":"https:\/\/www.jornalja.com.br\/geral\/wp-content\/uploads\/sites\/4\/2021\/09\/vacina-manchete-myke-sena-ms.jpg","jetpack_shortlink":"https:\/\/wp.me\/pbKhrD-nus","jetpack-related-posts":[{"id":89561,"url":"https:\/\/www.jornalja.com.br\/geral\/pesquisa-irregular-em-hospital-militar-conselho-de-medicina-e-bm-vao-investigar\/","url_meta":{"origin":90300,"position":0},"title":"Pesquisa irregular em hospital militar: Conselho de Medicina e BM v\u00e3o investigar","author":"da Reda\u00e7\u00e3o","date":"26 de agosto de 2021","format":false,"excerpt":"O comando da Brigada Militar e o Conselho Regional de Medicina do RS (Cremers) abriram sindic\u00e2ncia para investigar\u00a0 as den\u00fancias de experimentos irregulares com proxalutamida no Hospital da Brigada Militar de Porto Alegre. O caso foi revelado pelo portal Matinal, em reportagem publicada na \u00faltima ter\u00e7a-feira, 23, e teve repercuss\u00e3o\u2026","rel":"","context":"Em &quot;Geral-MAT\u00c9RIA&quot;","block_context":{"text":"Geral-MAT\u00c9RIA","link":"https:\/\/www.jornalja.com.br\/geral\/category\/geral\/"},"img":{"alt_text":"","src":"https:\/\/i0.wp.com\/www.jornalja.com.br\/geral\/wp-content\/uploads\/sites\/4\/2021\/08\/hospital-da-brigada-militar.jpeg?resize=350%2C200&ssl=1","width":350,"height":200,"srcset":"https:\/\/i0.wp.com\/www.jornalja.com.br\/geral\/wp-content\/uploads\/sites\/4\/2021\/08\/hospital-da-brigada-militar.jpeg?resize=350%2C200&ssl=1 1x, https:\/\/i0.wp.com\/www.jornalja.com.br\/geral\/wp-content\/uploads\/sites\/4\/2021\/08\/hospital-da-brigada-militar.jpeg?resize=525%2C300&ssl=1 1.5x, https:\/\/i0.wp.com\/www.jornalja.com.br\/geral\/wp-content\/uploads\/sites\/4\/2021\/08\/hospital-da-brigada-militar.jpeg?resize=700%2C400&ssl=1 2x"},"classes":[]},{"id":88170,"url":"https:\/\/www.jornalja.com.br\/geral\/conselho-federal-de-medicina-acusa-cpi-da-pandemia-de-promover-humilhacao-e-constrangimento-de-medicos\/","url_meta":{"origin":90300,"position":1},"title":"Conselho Federal de Medicina acusa CPI da Pandemia de promover humilha\u00e7\u00e3o e constrangimento de m\u00e9dicos","author":"da Reda\u00e7\u00e3o","date":"3 de junho de 2021","format":false,"excerpt":"O Conselho Federal de Medicina e todas suas afiliadas regionais assinam mo\u00e7\u00e3o de rep\u00fadio ao que consideram ser situa\u00e7\u00f5es de humilha\u00e7\u00e3o e constrangimento aos quais seus pares est\u00e3o sendo submetidos nas oitivas da CPI da Pandemia no Senado. O conselho alega ter recebido queixas de m\u00e9dicos que trabalham na linha\u2026","rel":"","context":"Em &quot;Geral-NOTAS&quot;","block_context":{"text":"Geral-NOTAS","link":"https:\/\/www.jornalja.com.br\/geral\/category\/geral-notas\/"},"img":{"alt_text":"","src":"","width":0,"height":0},"classes":[]},{"id":100343,"url":"https:\/\/www.jornalja.com.br\/geral\/estudo-aponta-perdas-de-r-38-bilhoes-por-ano-com-efeitos-colaterais-das-bets\/","url_meta":{"origin":90300,"position":2},"title":"Estudo aponta perdas de R$ 38 bilh\u00f5es por ano com efeitos colaterais das bets","author":"da Reda\u00e7\u00e3o","date":"2 de dezembro de 2025","format":false,"excerpt":"Jogos de azar e apostas\u00a0online, popularizadas pelas chamadas\u00a0bets, provocam perdas econ\u00f4micas e sociais ao pa\u00eds estimadas em R$ 38,8 bilh\u00f5es anualmente. Esse valor \u00e9 o somat\u00f3rio de danos \u00e0 sociedade, como suic\u00eddios, desemprego, gastos com sa\u00fade e afastamento do trabalho. O c\u00e1lculo \u00e9 do estudo in\u00e9dito\u00a0A sa\u00fade dos brasileiros em\u2026","rel":"","context":"Em &quot;Geral-MAT\u00c9RIA&quot;","block_context":{"text":"Geral-MAT\u00c9RIA","link":"https:\/\/www.jornalja.com.br\/geral\/category\/geral\/"},"img":{"alt_text":"","src":"https:\/\/i0.wp.com\/www.jornalja.com.br\/geral\/wp-content\/uploads\/sites\/4\/2025\/12\/bets-efeitos-colaterais.png?resize=350%2C200&ssl=1","width":350,"height":200,"srcset":"https:\/\/i0.wp.com\/www.jornalja.com.br\/geral\/wp-content\/uploads\/sites\/4\/2025\/12\/bets-efeitos-colaterais.png?resize=350%2C200&ssl=1 1x, https:\/\/i0.wp.com\/www.jornalja.com.br\/geral\/wp-content\/uploads\/sites\/4\/2025\/12\/bets-efeitos-colaterais.png?resize=525%2C300&ssl=1 1.5x"},"classes":[]},{"id":95468,"url":"https:\/\/www.jornalja.com.br\/geral\/justica-condena-medicos-do-kit-covid-r-55-milhoes-por-danos-morais-coletivos\/","url_meta":{"origin":90300,"position":3},"title":"Justi\u00e7a condena m\u00e9dicos do kit-covid: R$ 55 milh\u00f5es por &#8220;danos morais coletivos&#8221;","author":"da Reda\u00e7\u00e3o","date":"27 de maio de 2023","format":false,"excerpt":"M\u00e1rcia Turcato A Justi\u00e7a Federal do Rio Grande do Sul condenou o grupo \"M\u00e9dicos pela Vida\" (Associa\u00e7\u00e3o Dignidade M\u00e9dica de Pernambuco), que recomendou o \u201ctratamento precoce\u201d contra Covid-19. :A associa\u00e7\u00e3o ter\u00e1 que pagar R$ 55 milh\u00f5es por \"danos morais coletivos e \u00e0 sa\u00fade\". As a\u00e7\u00f5es foram ajuizadas pelo Minist\u00e9rio P\u00fablico\u2026","rel":"","context":"Em &quot;Geral-MAT\u00c9RIA&quot;","block_context":{"text":"Geral-MAT\u00c9RIA","link":"https:\/\/www.jornalja.com.br\/geral\/category\/geral\/"},"img":{"alt_text":"","src":"https:\/\/i0.wp.com\/www.jornalja.com.br\/geral\/wp-content\/uploads\/sites\/4\/2021\/05\/kit-covid-16122020164956586.jpeg?resize=350%2C200&ssl=1","width":350,"height":200,"srcset":"https:\/\/i0.wp.com\/www.jornalja.com.br\/geral\/wp-content\/uploads\/sites\/4\/2021\/05\/kit-covid-16122020164956586.jpeg?resize=350%2C200&ssl=1 1x, https:\/\/i0.wp.com\/www.jornalja.com.br\/geral\/wp-content\/uploads\/sites\/4\/2021\/05\/kit-covid-16122020164956586.jpeg?resize=525%2C300&ssl=1 1.5x, https:\/\/i0.wp.com\/www.jornalja.com.br\/geral\/wp-content\/uploads\/sites\/4\/2021\/05\/kit-covid-16122020164956586.jpeg?resize=700%2C400&ssl=1 2x"},"classes":[]},{"id":72650,"url":"https:\/\/www.jornalja.com.br\/geral\/senador-quer-cpi-para-abrir-a-caixa-preta-do-poder-judiciario\/","url_meta":{"origin":90300,"position":4},"title":"Senador quer CPI para &quot;abrir a caixa preta do Poder Judici\u00e1rio&quot;","author":"Elmar Bones","date":"8 de fevereiro de 2019","format":false,"excerpt":"O Senado pode ter uma Comiss\u00e3o Parlamentar de Inqu\u00e9rito (CPI) para investigar o Poder Judici\u00e1rio. O requerimento para averiguar a atua\u00e7\u00e3o dos tribunais superiores foi protocolado nesta quinta-feira (8) pelo senador Alessandro Vieira (PPS-SE). O pedido destaca que \u201cn\u00e3o se trata de perquirir as atribui\u00e7\u00f5es do Poder Judici\u00e1rio, mas, sim,\u2026","rel":"","context":"Em &quot;Geral-MAT\u00c9RIA&quot;","block_context":{"text":"Geral-MAT\u00c9RIA","link":"https:\/\/www.jornalja.com.br\/geral\/category\/geral\/"},"img":{"alt_text":"","src":"","width":0,"height":0},"classes":[]},{"id":100744,"url":"https:\/\/www.jornalja.com.br\/geral\/afastamento-de-dias-toffoli-do-caso-master-sela-a-mais-grave-crise-do-judiciario-desde-o-imperio\/","url_meta":{"origin":90300,"position":5},"title":"Afastamento de Dias Toffoli do caso Master sela a mais grave crise do judici\u00e1rio desde o Imp\u00e9rio","author":"Elmar Bones","date":"16 de fevereiro de 2026","format":false,"excerpt":"A sa\u00edda do ministro Dias Toffoli da relatoria do caso Master, que se deu ap\u00f3s a Pol\u00edcia Federal encontrar no celular de Daniel Vorcaro, dono do Master, men\u00e7\u00f5es ao ministro da Suprema Corte, culmina em uma crise sem precedentes na hist\u00f3ria do judici\u00e1rio brasileiro. H\u00e1 juristas e historiadores que consideram\u2026","rel":"","context":"Em &quot;Geral-MAT\u00c9RIA&quot;","block_context":{"text":"Geral-MAT\u00c9RIA","link":"https:\/\/www.jornalja.com.br\/geral\/category\/geral\/"},"img":{"alt_text":"","src":"https:\/\/i0.wp.com\/www.jornalja.com.br\/geral\/wp-content\/uploads\/sites\/4\/2026\/02\/0d9a7589-1-4.jpg?resize=350%2C200&ssl=1","width":350,"height":200,"srcset":"https:\/\/i0.wp.com\/www.jornalja.com.br\/geral\/wp-content\/uploads\/sites\/4\/2026\/02\/0d9a7589-1-4.jpg?resize=350%2C200&ssl=1 1x, https:\/\/i0.wp.com\/www.jornalja.com.br\/geral\/wp-content\/uploads\/sites\/4\/2026\/02\/0d9a7589-1-4.jpg?resize=525%2C300&ssl=1 1.5x, https:\/\/i0.wp.com\/www.jornalja.com.br\/geral\/wp-content\/uploads\/sites\/4\/2026\/02\/0d9a7589-1-4.jpg?resize=700%2C400&ssl=1 2x"},"classes":[]}],"jetpack_sharing_enabled":true,"_links":{"self":[{"href":"https:\/\/www.jornalja.com.br\/geral\/wp-json\/wp\/v2\/posts\/90300","targetHints":{"allow":["GET"]}}],"collection":[{"href":"https:\/\/www.jornalja.com.br\/geral\/wp-json\/wp\/v2\/posts"}],"about":[{"href":"https:\/\/www.jornalja.com.br\/geral\/wp-json\/wp\/v2\/types\/post"}],"author":[{"embeddable":true,"href":"https:\/\/www.jornalja.com.br\/geral\/wp-json\/wp\/v2\/users\/4"}],"replies":[{"embeddable":true,"href":"https:\/\/www.jornalja.com.br\/geral\/wp-json\/wp\/v2\/comments?post=90300"}],"version-history":[{"count":4,"href":"https:\/\/www.jornalja.com.br\/geral\/wp-json\/wp\/v2\/posts\/90300\/revisions"}],"predecessor-version":[{"id":90304,"href":"https:\/\/www.jornalja.com.br\/geral\/wp-json\/wp\/v2\/posts\/90300\/revisions\/90304"}],"wp:featuredmedia":[{"embeddable":true,"href":"https:\/\/www.jornalja.com.br\/geral\/wp-json\/wp\/v2\/media\/90305"}],"wp:attachment":[{"href":"https:\/\/www.jornalja.com.br\/geral\/wp-json\/wp\/v2\/media?parent=90300"}],"wp:term":[{"taxonomy":"category","embeddable":true,"href":"https:\/\/www.jornalja.com.br\/geral\/wp-json\/wp\/v2\/categories?post=90300"},{"taxonomy":"post_tag","embeddable":true,"href":"https:\/\/www.jornalja.com.br\/geral\/wp-json\/wp\/v2\/tags?post=90300"}],"curies":[{"name":"wp","href":"https:\/\/api.w.org\/{rel}","templated":true}]}}