{"id":90812,"date":"2021-11-03T11:07:27","date_gmt":"2021-11-03T14:07:27","guid":{"rendered":"https:\/\/www.jornalja.com.br\/geral\/?p=90812"},"modified":"2021-11-03T12:53:38","modified_gmt":"2021-11-03T15:53:38","slug":"policia-civil-investiga-mensagem-discriminatoria-enviada-por-funcionaria-de-farmacia","status":"publish","type":"post","link":"https:\/\/www.jornalja.com.br\/geral\/policia-civil-investiga-mensagem-discriminatoria-enviada-por-funcionaria-de-farmacia\/","title":{"rendered":"Policia Civil investiga mensagem discriminat\u00f3ria enviada por funcionaria de farm\u00e1cia"},"content":{"rendered":"","protected":false},"excerpt":{"rendered":"","protected":false},"author":15,"featured_media":0,"comment_status":"open","ping_status":"open","sticky":false,"template":"","format":"standard","meta":{"jetpack_post_was_ever_published":false,"_jetpack_newsletter_access":"","_jetpack_dont_email_post_to_subs":false,"_jetpack_newsletter_tier_id":0,"_jetpack_memberships_contains_paywalled_content":false,"_jetpack_memberships_contains_paid_content":false,"footnotes":"","jetpack_publicize_message":"","jetpack_publicize_feature_enabled":true,"jetpack_social_post_already_shared":true,"jetpack_social_options":{"image_generator_settings":{"template":"highway","default_image_id":0,"font":"","enabled":false},"version":2}},"categories":[28],"tags":[],"class_list":["post-90812","post","type-post","status-publish","format-standard","hentry","category-geral-notas"],"aioseo_notices":[],"jetpack_publicize_connections":[],"jetpack_featured_media_url":"","jetpack_shortlink":"https:\/\/wp.me\/pbKhrD-nCI","jetpack-related-posts":[{"id":100843,"url":"https:\/\/www.jornalja.com.br\/geral\/policia-civil-indicia-34-pessoas-por-suspeitas-de-fraudes-milionarias-na-educacao-em-porto-alegre\/","url_meta":{"origin":90812,"position":0},"title":"Pol\u00edcia Civil indicia 34 pessoas por suspeitas de fraudes milion\u00e1rias na Educa\u00e7\u00e3o em Porto Alegre","author":"da Reda\u00e7\u00e3o","date":"19 de fevereiro de 2026","format":false,"excerpt":"Nesta quinta-feira, 19 de fevereiro de 2026, a Pol\u00edcia Civil ga\u00facha finalizou o conjunto de inqu\u00e9ritos da Opera\u00e7\u00e3o Capa Dura, no total foram 34 pessoas indiciadas. O esquema pode ter movimentado mais de R$ 58 milh\u00f5es e funcionou dentro da Secretaria Municipal de Educa\u00e7\u00e3o de Porto Alegre (Smed) entre 2021\u2026","rel":"","context":"Em &quot;Geral-MAT\u00c9RIA&quot;","block_context":{"text":"Geral-MAT\u00c9RIA","link":"https:\/\/www.jornalja.com.br\/geral\/category\/geral\/"},"img":{"alt_text":"","src":"https:\/\/i0.wp.com\/www.jornalja.com.br\/geral\/wp-content\/uploads\/sites\/4\/2026\/02\/12100524-515394-gdo.jpeg?resize=350%2C200&ssl=1","width":350,"height":200,"srcset":"https:\/\/i0.wp.com\/www.jornalja.com.br\/geral\/wp-content\/uploads\/sites\/4\/2026\/02\/12100524-515394-gdo.jpeg?resize=350%2C200&ssl=1 1x, https:\/\/i0.wp.com\/www.jornalja.com.br\/geral\/wp-content\/uploads\/sites\/4\/2026\/02\/12100524-515394-gdo.jpeg?resize=525%2C300&ssl=1 1.5x, https:\/\/i0.wp.com\/www.jornalja.com.br\/geral\/wp-content\/uploads\/sites\/4\/2026\/02\/12100524-515394-gdo.jpeg?resize=700%2C400&ssl=1 2x"},"classes":[]},{"id":90158,"url":"https:\/\/www.jornalja.com.br\/geral\/policia-do-rio-faz-operacao-contra-milicias-12-pessoas-ja-foram-presas\/","url_meta":{"origin":90812,"position":1},"title":"Pol\u00edcia do Rio faz opera\u00e7\u00e3o contra milicias; 12 pessoas j\u00e1 foram presas","author":"da Reda\u00e7\u00e3o","date":"23 de setembro de 2021","format":false,"excerpt":"A Pol\u00edcia Civil faz hoje (23) uma a\u00e7\u00e3o contra suspeitos de envolvimento com uma mil\u00edcia que atua nas comunidades de Rio das Pedras e Muzema, na zona oeste \u00a0do Rio de Janeiro. A opera\u00e7\u00e3o\u00a0Blood Money\u00a0[dinheiro sujo] cumpre 23 mandados de pris\u00e3o tempor\u00e1ria e 63 de busca e apreens\u00e3o. At\u00e9 as\u2026","rel":"","context":"Em &quot;Geral-MAT\u00c9RIA&quot;","block_context":{"text":"Geral-MAT\u00c9RIA","link":"https:\/\/www.jornalja.com.br\/geral\/category\/geral\/"},"img":{"alt_text":"","src":"https:\/\/i0.wp.com\/www.jornalja.com.br\/geral\/wp-content\/uploads\/sites\/4\/2021\/09\/milicias-operacao-no-rio.jpg?resize=350%2C200&ssl=1","width":350,"height":200,"srcset":"https:\/\/i0.wp.com\/www.jornalja.com.br\/geral\/wp-content\/uploads\/sites\/4\/2021\/09\/milicias-operacao-no-rio.jpg?resize=350%2C200&ssl=1 1x, https:\/\/i0.wp.com\/www.jornalja.com.br\/geral\/wp-content\/uploads\/sites\/4\/2021\/09\/milicias-operacao-no-rio.jpg?resize=525%2C300&ssl=1 1.5x, https:\/\/i0.wp.com\/www.jornalja.com.br\/geral\/wp-content\/uploads\/sites\/4\/2021\/09\/milicias-operacao-no-rio.jpg?resize=700%2C400&ssl=1 2x, https:\/\/i0.wp.com\/www.jornalja.com.br\/geral\/wp-content\/uploads\/sites\/4\/2021\/09\/milicias-operacao-no-rio.jpg?resize=1050%2C600&ssl=1 3x"},"classes":[]},{"id":101161,"url":"https:\/\/www.jornalja.com.br\/geral\/ato-marca-dois-anos-do-incendio-que-matou-11-na-pousada-garoa\/","url_meta":{"origin":90812,"position":2},"title":"Ato marca dois anos do inc\u00eandio que matou 11 pessoas na Pousada Garoa","author":"da Reda\u00e7\u00e3o","date":"21 de abril de 2026","format":false,"excerpt":"Dois anos ap\u00f3s o inc\u00eandio que deixou 11 mortos e cerca de 15 feridos na Pousada Garoa, no Centro da capital ga\u00facha, um ato p\u00fablico ser\u00e1 realizado neste domingo (26), \u00e0s 15h, em frente ao antigo pr\u00e9dio, na Avenida Farrapos, 305. A mobiliza\u00e7\u00e3o busca lembrar as v\u00edtimas e cobrar responsabiliza\u00e7\u00f5es\u2026","rel":"","context":"Em &quot;Geral-MAT\u00c9RIA&quot;","block_context":{"text":"Geral-MAT\u00c9RIA","link":"https:\/\/www.jornalja.com.br\/geral\/category\/geral\/"},"img":{"alt_text":"","src":"https:\/\/i0.wp.com\/www.jornalja.com.br\/geral\/wp-content\/uploads\/sites\/4\/2024\/04\/incendio-em-porto-alegre-fachada-da-pousadacom-carro-da-pericia-cesar-lopes-pmpa.jpg?resize=350%2C200&ssl=1","width":350,"height":200,"srcset":"https:\/\/i0.wp.com\/www.jornalja.com.br\/geral\/wp-content\/uploads\/sites\/4\/2024\/04\/incendio-em-porto-alegre-fachada-da-pousadacom-carro-da-pericia-cesar-lopes-pmpa.jpg?resize=350%2C200&ssl=1 1x, https:\/\/i0.wp.com\/www.jornalja.com.br\/geral\/wp-content\/uploads\/sites\/4\/2024\/04\/incendio-em-porto-alegre-fachada-da-pousadacom-carro-da-pericia-cesar-lopes-pmpa.jpg?resize=525%2C300&ssl=1 1.5x, https:\/\/i0.wp.com\/www.jornalja.com.br\/geral\/wp-content\/uploads\/sites\/4\/2024\/04\/incendio-em-porto-alegre-fachada-da-pousadacom-carro-da-pericia-cesar-lopes-pmpa.jpg?resize=700%2C400&ssl=1 2x"},"classes":[]},{"id":83802,"url":"https:\/\/www.jornalja.com.br\/geral\/caso-marielle-investigacoes-continuam-com-a-policia-do-rio\/","url_meta":{"origin":90812,"position":3},"title":"Caso Marielle: investiga\u00e7\u00f5es continuam com a pol\u00edcia do Rio","author":"da Reda\u00e7\u00e3o","date":"28 de maio de 2020","format":false,"excerpt":"O Superior Tribunal de Justi\u00e7a rejeitou o pedido de federaliza\u00e7\u00e3o das investiga\u00e7\u00f5es sobre o assassinato da vereadora Marielle Franco e do motorista Anderson Gomes. O crime ocorreu em 14 de mar\u00e7o de 2018, no centro do Rio de Janeiro. A decis\u00e3o, por unanimidade, foi tomada nesta quarta-feira, 27. O pedido\u2026","rel":"","context":"Em &quot;Geral-NOTAS&quot;","block_context":{"text":"Geral-NOTAS","link":"https:\/\/www.jornalja.com.br\/geral\/category\/geral-notas\/"},"img":{"alt_text":"","src":"","width":0,"height":0},"classes":[]},{"id":93374,"url":"https:\/\/www.jornalja.com.br\/geral\/crise-na-policia-federal-delegado-que-investiga-ex-ministro-pede-a-prisao-de-seus-chefes\/","url_meta":{"origin":90812,"position":4},"title":"Crise na Pol\u00edcia Federal: delegado que investiga Milton Ribeiro pede a pris\u00e3o de seus chefes","author":"da Reda\u00e7\u00e3o","date":"13 de agosto de 2022","format":false,"excerpt":"\"O delegado Bruno Calandrini, respons\u00e1vel pela investiga\u00e7\u00e3o sobre o balc\u00e3o de corrup\u00e7\u00e3o no Minist\u00e9rio da Educa\u00e7\u00e3o que levou \u00e0 cadeia o ex-ministro Milton Ribeiro, pediu ao Supremo Tribunal Federal a pris\u00e3o de integrantes da c\u00fapula da Pol\u00edcia Federal\". A informa\u00e7\u00e3o, dada em primeira m\u00e3o no in\u00edcio da tarde deste domingo,\u2026","rel":"","context":"Em &quot;Geral-MAT\u00c9RIA&quot;","block_context":{"text":"Geral-MAT\u00c9RIA","link":"https:\/\/www.jornalja.com.br\/geral\/category\/geral\/"},"img":{"alt_text":"","src":"https:\/\/i0.wp.com\/www.jornalja.com.br\/geral\/wp-content\/uploads\/sites\/4\/2022\/08\/milton-ribeiro-foto-luis-fontes-mec.jpg?resize=350%2C200&ssl=1","width":350,"height":200,"srcset":"https:\/\/i0.wp.com\/www.jornalja.com.br\/geral\/wp-content\/uploads\/sites\/4\/2022\/08\/milton-ribeiro-foto-luis-fontes-mec.jpg?resize=350%2C200&ssl=1 1x, https:\/\/i0.wp.com\/www.jornalja.com.br\/geral\/wp-content\/uploads\/sites\/4\/2022\/08\/milton-ribeiro-foto-luis-fontes-mec.jpg?resize=525%2C300&ssl=1 1.5x"},"classes":[]},{"id":88813,"url":"https:\/\/www.jornalja.com.br\/geral\/policia-ja-ouve-testemunhas-para-apurar-causas-do-incendio-da-secretaria-de-seguranca\/","url_meta":{"origin":90812,"position":5},"title":"Pol\u00edcia j\u00e1 ouve testemunhas para apurar causas do inc\u00eandio da Secretaria de Seguran\u00e7a","author":"da Reda\u00e7\u00e3o","date":"15 de julho de 2021","format":false,"excerpt":"O inc\u00eandio que destruiu o pr\u00e9dio da Secretaria de Seguran\u00e7a em Porto Alegre n\u00e3o vai afetar os servi\u00e7os de seguran\u00e7a e policiamento. Foi o que afirmaram nesta manh\u00e3 o secret\u00e1rio Ranolfo Vieira Jr., a chefe de pol\u00edcia Nadine Anflor e o comandante da Brigada Militar. O impacto da trag\u00e9dia, por\u00e9m,\u2026","rel":"","context":"Em &quot;Geral-MAT\u00c9RIA&quot;","block_context":{"text":"Geral-MAT\u00c9RIA","link":"https:\/\/www.jornalja.com.br\/geral\/category\/geral\/"},"img":{"alt_text":"","src":"https:\/\/i0.wp.com\/www.jornalja.com.br\/geral\/wp-content\/uploads\/sites\/4\/2021\/07\/15104251-1978611-gd.jpg?resize=350%2C200&ssl=1","width":350,"height":200,"srcset":"https:\/\/i0.wp.com\/www.jornalja.com.br\/geral\/wp-content\/uploads\/sites\/4\/2021\/07\/15104251-1978611-gd.jpg?resize=350%2C200&ssl=1 1x, https:\/\/i0.wp.com\/www.jornalja.com.br\/geral\/wp-content\/uploads\/sites\/4\/2021\/07\/15104251-1978611-gd.jpg?resize=525%2C300&ssl=1 1.5x, https:\/\/i0.wp.com\/www.jornalja.com.br\/geral\/wp-content\/uploads\/sites\/4\/2021\/07\/15104251-1978611-gd.jpg?resize=700%2C400&ssl=1 2x"},"classes":[]}],"jetpack_sharing_enabled":true,"_links":{"self":[{"href":"https:\/\/www.jornalja.com.br\/geral\/wp-json\/wp\/v2\/posts\/90812","targetHints":{"allow":["GET"]}}],"collection":[{"href":"https:\/\/www.jornalja.com.br\/geral\/wp-json\/wp\/v2\/posts"}],"about":[{"href":"https:\/\/www.jornalja.com.br\/geral\/wp-json\/wp\/v2\/types\/post"}],"author":[{"embeddable":true,"href":"https:\/\/www.jornalja.com.br\/geral\/wp-json\/wp\/v2\/users\/15"}],"replies":[{"embeddable":true,"href":"https:\/\/www.jornalja.com.br\/geral\/wp-json\/wp\/v2\/comments?post=90812"}],"version-history":[{"count":2,"href":"https:\/\/www.jornalja.com.br\/geral\/wp-json\/wp\/v2\/posts\/90812\/revisions"}],"predecessor-version":[{"id":90822,"href":"https:\/\/www.jornalja.com.br\/geral\/wp-json\/wp\/v2\/posts\/90812\/revisions\/90822"}],"wp:attachment":[{"href":"https:\/\/www.jornalja.com.br\/geral\/wp-json\/wp\/v2\/media?parent=90812"}],"wp:term":[{"taxonomy":"category","embeddable":true,"href":"https:\/\/www.jornalja.com.br\/geral\/wp-json\/wp\/v2\/categories?post=90812"},{"taxonomy":"post_tag","embeddable":true,"href":"https:\/\/www.jornalja.com.br\/geral\/wp-json\/wp\/v2\/tags?post=90812"}],"curies":[{"name":"wp","href":"https:\/\/api.w.org\/{rel}","templated":true}]}}