{"id":91071,"date":"2021-11-22T08:28:42","date_gmt":"2021-11-22T11:28:42","guid":{"rendered":"https:\/\/www.jornalja.com.br\/geral\/?p=91071"},"modified":"2021-11-22T08:28:42","modified_gmt":"2021-11-22T11:28:42","slug":"desemprego-no-brasil-e-um-dos-mais-altos-do-mundo-segundo-pesquisa","status":"publish","type":"post","link":"https:\/\/www.jornalja.com.br\/geral\/desemprego-no-brasil-e-um-dos-mais-altos-do-mundo-segundo-pesquisa\/","title":{"rendered":"Desemprego no Brasil \u00e9 um dos mais altos do mundo, segundo pesquisa"},"content":{"rendered":"<p>O Brasil tem a\u00a0 4\u00aa maior taxa de desemprego\u00a0 entre as principais economias do mundo. \u00c9 o que aponta ranking da ag\u00eancia de classifica\u00e7\u00e3o de risco Austin Rating, que re\u00fane dados de mais de 40 pa\u00edses.<\/p>\n<p>O levantamento mostra que o desemprego no Brasil \u00e9 mais que o dobro da taxa m\u00e9dia global e tamb\u00e9m o pior entre os integrantes do G20 (grupo que re\u00fane os 19 pa\u00edses mais ricos do mundo e a Uni\u00e3o Europeia) que j\u00e1 divulgaram n\u00fameros relativos a agosto ou setembro.<\/p>\n<p>A\u00a0taxa de desemprego no Brasil caiu para 13,2% no trimestre encerrado em agosto, atingindo 13,7 milh\u00f5es de trabalhadores, segundo a \u00faltima pesquisa divulgada pelo Instituto Brasileiro de Geografia e Estat\u00edstica (IBGE).<\/p>\n<p>Antes da chegada da pandemia de Covid-19, o \u00edndice estava abaixo de 12%, saltando para 14,7% no 1\u00ba trimestre de 2021.<\/p>\n<p>De acordo com o ranking, apenas Costa Rica, Espanha e Gr\u00e9cia registraram em agosto uma taxa de desemprego maior que a do Brasil.<\/p>\n<p>Na zona do euro, a taxa ficou em 7,4% em setembro, retornado ao patamar pr\u00e9-pandemia. Nos EUA, o desemprego recuou para 4,8%, ante 5,2% em agosto.<\/p>\n<p>&#8220;Essa \u00e9 uma fotografia clara de quanto o Brasil est\u00e1 perdendo na gera\u00e7\u00e3o de emprego. Entre esses 44 pa\u00edses est\u00e3o concorrentes diretos e outros emergentes como Cingapura, Coreia e M\u00e9xico. Nestes pa\u00edses, a taxa de desemprego chega a 4%, 5%, no m\u00e1ximo&#8221;, afirma o economista-chefe da Austin Rating, Alex Agostini.<\/p>\n<p>&#8220;Em 2021, se esperava uma retomada e uma perspectiva melhor, mas o que a gente v\u00ea \u00e9 que, infelizmente, o Brasil cresce numa m\u00e9dia muito menor que a dos pa\u00edses emergentes e tamb\u00e9m da m\u00e9dia global&#8221;, afirma.<\/p>\n<p>&nbsp;<\/p>\n","protected":false},"excerpt":{"rendered":"<p>O Brasil tem a\u00a0 4\u00aa maior taxa de desemprego\u00a0 entre as principais economias do mundo. \u00c9 o que aponta ranking da ag\u00eancia de classifica\u00e7\u00e3o de risco Austin Rating, que re\u00fane dados de mais de 40 pa\u00edses. O levantamento mostra que o desemprego no Brasil \u00e9 mais que o dobro da taxa m\u00e9dia global e tamb\u00e9m [&hellip;]<\/p>\n","protected":false},"author":4,"featured_media":0,"comment_status":"open","ping_status":"open","sticky":false,"template":"","format":"standard","meta":{"jetpack_post_was_ever_published":false,"_jetpack_newsletter_access":"","_jetpack_dont_email_post_to_subs":false,"_jetpack_newsletter_tier_id":0,"_jetpack_memberships_contains_paywalled_content":false,"_jetpack_memberships_contains_paid_content":false,"footnotes":"","jetpack_publicize_message":"","jetpack_publicize_feature_enabled":true,"jetpack_social_post_already_shared":true,"jetpack_social_options":{"image_generator_settings":{"template":"highway","default_image_id":0,"font":"","enabled":false},"version":2}},"categories":[28],"tags":[],"class_list":["post-91071","post","type-post","status-publish","format-standard","hentry","category-geral-notas"],"aioseo_notices":[],"jetpack_publicize_connections":[],"jetpack_featured_media_url":"","jetpack_shortlink":"https:\/\/wp.me\/pbKhrD-nGT","jetpack-related-posts":[{"id":88468,"url":"https:\/\/www.jornalja.com.br\/geral\/indice-de-infelicidade-pesquisa-mostra-brasil-em-2o-lugar-no-ranking-mundial\/","url_meta":{"origin":91071,"position":0},"title":"Indice de infelicidade: pesquisa mostra Brasil em 2\u00ba lugar no ranking mundial","author":"da Reda\u00e7\u00e3o","date":"28 de junho de 2021","format":false,"excerpt":"\u00cdndice de infelicidade dos brasileiros \u00e9 o maior dos \u00faltimos 5 anos Com alta taxa de desemprego e infla\u00e7\u00e3o crescente, o Brasil ocupa a 2a posi\u00e7\u00e3o em ranking que mede o mal-estar de 38 pa\u00edses, ficando atr\u00e1s apenas da Turquia. De acordo com estudo do Instituto Brasileiro de Economia da\u2026","rel":"","context":"Em &quot;Geral-NOTAS&quot;","block_context":{"text":"Geral-NOTAS","link":"https:\/\/www.jornalja.com.br\/geral\/category\/geral-notas\/"},"img":{"alt_text":"","src":"","width":0,"height":0},"classes":[]},{"id":96557,"url":"https:\/\/www.jornalja.com.br\/geral\/desemprego-cai-a-77-a-menor-taxa-no-terceiro-trimestre-desde-2014\/","url_meta":{"origin":91071,"position":1},"title":"Desemprego cai a 7,7%,  a menor taxa no terceiro trimestre desde 2014","author":"da Reda\u00e7\u00e3o","date":"31 de outubro de 2023","format":false,"excerpt":"A taxa de desemprego no Brasil ficou em 7,7% no terceiro trimestre de 2023.\u00a0 Caiu 0,3 % em rela\u00e7\u00e3o ao trimestre anterior e 1% a menos do que o \u00edndice do mesmo trimestre no ano passado. Os dados s\u00e3o da Pesquisa Nacional por Amostra de Domic\u00edlios (Pnad) Cont\u00ednua, divulgada nesta\u2026","rel":"","context":"Em &quot;Geral-MAT\u00c9RIA&quot;","block_context":{"text":"Geral-MAT\u00c9RIA","link":"https:\/\/www.jornalja.com.br\/geral\/category\/geral\/"},"img":{"alt_text":"","src":"https:\/\/i0.wp.com\/www.jornalja.com.br\/geral\/wp-content\/uploads\/sites\/4\/2022\/03\/ivanir-cartaz-sem-emprego.jpg?resize=350%2C200&ssl=1","width":350,"height":200,"srcset":"https:\/\/i0.wp.com\/www.jornalja.com.br\/geral\/wp-content\/uploads\/sites\/4\/2022\/03\/ivanir-cartaz-sem-emprego.jpg?resize=350%2C200&ssl=1 1x, https:\/\/i0.wp.com\/www.jornalja.com.br\/geral\/wp-content\/uploads\/sites\/4\/2022\/03\/ivanir-cartaz-sem-emprego.jpg?resize=525%2C300&ssl=1 1.5x, https:\/\/i0.wp.com\/www.jornalja.com.br\/geral\/wp-content\/uploads\/sites\/4\/2022\/03\/ivanir-cartaz-sem-emprego.jpg?resize=700%2C400&ssl=1 2x"},"classes":[]},{"id":82806,"url":"https:\/\/www.jornalja.com.br\/geral\/coronavirus-faz-pib-da-china-cair-68-no-primeiro-trimestre\/","url_meta":{"origin":91071,"position":2},"title":"Coronav\u00edrus faz PIB da China cair 6,8% no primeiro trimestre","author":"da Reda\u00e7\u00e3o","date":"18 de abril de 2020","format":false,"excerpt":"O Produto Interno Bruto da China foi de 20,65 trilh\u00f5es de yuans (2,91 trilh\u00f5es de d\u00f3lares) no primeiro trimestre de 2020 em meio ao impacto da pandemia do novo coronav\u00edrus. Esse resultado representa uma queda 6,8% em rela\u00e7\u00e3o ao mesmo per\u00edodo do ano anterior, conforme os dados divulgados na sexta-feira\u00a0\u2026","rel":"","context":"Em &quot;Geral-MAT\u00c9RIA&quot;","block_context":{"text":"Geral-MAT\u00c9RIA","link":"https:\/\/www.jornalja.com.br\/geral\/category\/geral\/"},"img":{"alt_text":"","src":"https:\/\/i0.wp.com\/www.jornalja.com.br\/geral\/wp-content\/uploads\/sites\/4\/2020\/04\/Coronavirus-na-china-economia-cai.jpg?resize=350%2C200&ssl=1","width":350,"height":200,"srcset":"https:\/\/i0.wp.com\/www.jornalja.com.br\/geral\/wp-content\/uploads\/sites\/4\/2020\/04\/Coronavirus-na-china-economia-cai.jpg?resize=350%2C200&ssl=1 1x, https:\/\/i0.wp.com\/www.jornalja.com.br\/geral\/wp-content\/uploads\/sites\/4\/2020\/04\/Coronavirus-na-china-economia-cai.jpg?resize=525%2C300&ssl=1 1.5x, https:\/\/i0.wp.com\/www.jornalja.com.br\/geral\/wp-content\/uploads\/sites\/4\/2020\/04\/Coronavirus-na-china-economia-cai.jpg?resize=700%2C400&ssl=1 2x"},"classes":[]},{"id":89726,"url":"https:\/\/www.jornalja.com.br\/geral\/dados-do-ibge-mostram-economia-estagnada-no-segundo-trimestre\/","url_meta":{"origin":91071,"position":3},"title":"Dados do IBGE mostram economia estagnada no segundo trimestre","author":"da Reda\u00e7\u00e3o","date":"1 de setembro de 2021","format":false,"excerpt":"Pesquisa indica que a economia brasileira se manteve no patamar pr\u00e9-pandemia no segundo trimestre do ano Nesta quarta-feira (01), o Instituto Brasileiro de Geografia e Estat\u00edstica divulgou os dados do Produto Interno Bruto (PIB) brasileiro referente ao segundo trimestre de 2021. As pesquisas indicam que o PIB recuou 0,1% entre\u2026","rel":"","context":"Em &quot;Geral-NOTAS&quot;","block_context":{"text":"Geral-NOTAS","link":"https:\/\/www.jornalja.com.br\/geral\/category\/geral-notas\/"},"img":{"alt_text":"","src":"","width":0,"height":0},"classes":[]},{"id":76423,"url":"https:\/\/www.jornalja.com.br\/geral\/ha-quatro-anos-e-tres-meses-a-desigualdade-so-aumenta-no-brasil\/","url_meta":{"origin":91071,"position":4},"title":"H\u00e1 quatro anos e tr\u00eas meses,  a desigualdade no Brasil s\u00f3 aumenta","author":"da Reda\u00e7\u00e3o","date":"16 de agosto de 2019","format":false,"excerpt":"H\u00e1 quatro anos e tr\u00eas meses a desigualdade de renda s\u00f3 aumenta no Brasil, de acordo com a Funda\u00e7\u00e3o Get\u00falio Vargas. J\u00e1 s\u00e3o 17 semestres consecutivos, de acordo\u00a0 com os dados da Pesquisa Social,\u00a0 fechados em junho e divulgados nesta sexta-feira. A pesquisa se baseia em dados da \"PNAD Cont\u00ednua\",\u2026","rel":"","context":"Em &quot;Geral-MAT\u00c9RIA&quot;","block_context":{"text":"Geral-MAT\u00c9RIA","link":"https:\/\/www.jornalja.com.br\/geral\/category\/geral\/"},"img":{"alt_text":"","src":"","width":0,"height":0},"classes":[]},{"id":86106,"url":"https:\/\/www.jornalja.com.br\/geral\/medo-do-desemprego-e-maior-entre-as-mulheres-e-os-jovens\/","url_meta":{"origin":91071,"position":5},"title":"Medo do desemprego \u00e9 maior entre as mulheres e os jovens","author":"da Reda\u00e7\u00e3o","date":"14 de outubro de 2020","format":false,"excerpt":"O medo do desemprego \u00e9 maior entre as mulheres\u00a0 e os jovens, segundo pesquisa da Confedera\u00e7\u00e3o Nacional da Ind\u00fastria (CNI) divulgado nesta quarta-feira (14). O \u00cdndice de Medo do Desemprego e Satisfa\u00e7\u00e3o com a Vida \u00e9 uma pesquisa trimestral da CNI e nesta edi\u00e7\u00e3o entrevistou 2 mil pessoas em 127\u2026","rel":"","context":"Em &quot;Geral-MAT\u00c9RIA&quot;","block_context":{"text":"Geral-MAT\u00c9RIA","link":"https:\/\/www.jornalja.com.br\/geral\/category\/geral\/"},"img":{"alt_text":"","src":"https:\/\/i0.wp.com\/www.jornalja.com.br\/geral\/wp-content\/uploads\/sites\/4\/2020\/10\/desemprego.jpeg?resize=350%2C200&ssl=1","width":350,"height":200},"classes":[]}],"jetpack_sharing_enabled":true,"_links":{"self":[{"href":"https:\/\/www.jornalja.com.br\/geral\/wp-json\/wp\/v2\/posts\/91071","targetHints":{"allow":["GET"]}}],"collection":[{"href":"https:\/\/www.jornalja.com.br\/geral\/wp-json\/wp\/v2\/posts"}],"about":[{"href":"https:\/\/www.jornalja.com.br\/geral\/wp-json\/wp\/v2\/types\/post"}],"author":[{"embeddable":true,"href":"https:\/\/www.jornalja.com.br\/geral\/wp-json\/wp\/v2\/users\/4"}],"replies":[{"embeddable":true,"href":"https:\/\/www.jornalja.com.br\/geral\/wp-json\/wp\/v2\/comments?post=91071"}],"version-history":[{"count":1,"href":"https:\/\/www.jornalja.com.br\/geral\/wp-json\/wp\/v2\/posts\/91071\/revisions"}],"predecessor-version":[{"id":91072,"href":"https:\/\/www.jornalja.com.br\/geral\/wp-json\/wp\/v2\/posts\/91071\/revisions\/91072"}],"wp:attachment":[{"href":"https:\/\/www.jornalja.com.br\/geral\/wp-json\/wp\/v2\/media?parent=91071"}],"wp:term":[{"taxonomy":"category","embeddable":true,"href":"https:\/\/www.jornalja.com.br\/geral\/wp-json\/wp\/v2\/categories?post=91071"},{"taxonomy":"post_tag","embeddable":true,"href":"https:\/\/www.jornalja.com.br\/geral\/wp-json\/wp\/v2\/tags?post=91071"}],"curies":[{"name":"wp","href":"https:\/\/api.w.org\/{rel}","templated":true}]}}