{"id":91088,"date":"2021-11-23T18:33:16","date_gmt":"2021-11-23T21:33:16","guid":{"rendered":"https:\/\/www.jornalja.com.br\/geral\/?p=91088"},"modified":"2021-11-24T08:31:22","modified_gmt":"2021-11-24T11:31:22","slug":"efeito-da-pandemia-alemanha-estima-24-mil-falencias-em-2021","status":"publish","type":"post","link":"https:\/\/www.jornalja.com.br\/geral\/efeito-da-pandemia-alemanha-estima-24-mil-falencias-em-2021\/","title":{"rendered":"Efeito da pandemia, Alemanha estima 24 mil fal\u00eancias em 2021"},"content":{"rendered":"<p><span style=\"font-weight: 400\">Os bancos privados da Alemanha esperam um aumento no n\u00famero de insolv\u00eancias por conta da crise provocada pelos Lockdowns de combate da pandemia. &#8220;Menos do que esper\u00e1vamos, mas ainda preocupante&#8221;, declara Christian Ossig, CEO da Federa\u00e7\u00e3o dos Bancos Alem\u00e3es (https:\/\/bankenverband.de\/ &#8211; BdB). T\u00e9cnicos da entidade estimam 24 mil fal\u00eancias em 2021. &#8220;N\u00e3o ser\u00e1 uma explos\u00e3o, mas um processo lento que se arrastar\u00e1 por v\u00e1rios meses&#8221;, afirma o executivo.<\/span><\/p>\n<p><span style=\"font-weight: 400\">&#8220;Os bancos da Alemanha est\u00e3o bem preparados. A amortiza\u00e7\u00e3o do capital foi significativamente elevada e o c\u00e1lculo do risco aumentado desde o ano anterior&#8221;, revela Ossig. Segundo ele, a seguran\u00e7a financeira atual se deve a p<a href=\"https:\/\/www.jornalja.com.br\/geral\/pandemia-economica-e-climatica-sao-os-outros-fronts-na-europa\/\">ol\u00edtica monet\u00e1ria e de ajuda do ano anterior<\/a>, que possibilitou que muitas empresas conseguissem financiar sua sa\u00edda da crise provocada pelo corona v\u00edrus.<\/span><\/p>\n<p><span style=\"font-weight: 400\">Uma das mais proeminentes \u00e9 a <a href=\"https:\/\/www.lufthansa.com\/\">Lufthansa<\/a>. A gigante da avia\u00e7\u00e3o recebeu 9,3 bilh\u00f5es de Euros em ajuda pela longa paralisa\u00e7\u00e3o do tr\u00e1fego a\u00e9reo. Como garantia entregou 25% do seu capital ao governo. Desde a retomada dos v\u00f4os, a empresa j\u00e1 conseguiu devolver cerca de 3,7 bilh\u00f5es de Euros. Nesse per\u00edodo, iniciou um processo de reestrutura\u00e7\u00e3o, visando desativar 100 aeronaves e dispensar 6 mil funcion\u00e1rios. (dpa)\u00a0<\/span><\/p>\n","protected":false},"excerpt":{"rendered":"<p>Os bancos privados da Alemanha esperam um aumento no n\u00famero de insolv\u00eancias por conta da crise provocada pelos Lockdowns de combate da pandemia. &#8220;Menos do que esper\u00e1vamos, mas ainda preocupante&#8221;, declara Christian Ossig, CEO da Federa\u00e7\u00e3o dos Bancos Alem\u00e3es (https:\/\/bankenverband.de\/ &#8211; BdB). T\u00e9cnicos da entidade estimam 24 mil fal\u00eancias em 2021. &#8220;N\u00e3o ser\u00e1 uma explos\u00e3o, [&hellip;]<\/p>\n","protected":false},"author":4,"featured_media":0,"comment_status":"open","ping_status":"open","sticky":false,"template":"","format":"standard","meta":{"jetpack_post_was_ever_published":false,"_jetpack_newsletter_access":"","_jetpack_dont_email_post_to_subs":false,"_jetpack_newsletter_tier_id":0,"_jetpack_memberships_contains_paywalled_content":false,"_jetpack_memberships_contains_paid_content":false,"footnotes":"","jetpack_publicize_message":"","jetpack_publicize_feature_enabled":true,"jetpack_social_post_already_shared":true,"jetpack_social_options":{"image_generator_settings":{"template":"highway","default_image_id":0,"font":"","enabled":false},"version":2}},"categories":[28],"tags":[36,91,7,425],"class_list":["post-91088","post","type-post","status-publish","format-standard","hentry","category-geral-notas","tag-coronavirus","tag-covid-19","tag-economia","tag-pandemia"],"aioseo_notices":[],"jetpack_publicize_connections":[],"jetpack_featured_media_url":"","jetpack_shortlink":"https:\/\/wp.me\/pbKhrD-nHa","jetpack-related-posts":[{"id":91119,"url":"https:\/\/www.jornalja.com.br\/geral\/alemanha-anuncia-ajuda-para-empresas-na-quarta-onda-da-pandemia\/","url_meta":{"origin":91088,"position":0},"title":"Alemanha anuncia ajuda para empresas na quarta onda da pandemia","author":"da Reda\u00e7\u00e3o","date":"25 de novembro de 2021","format":false,"excerpt":"Peter Altmeier (CDU), ainda ministro da Economia da Alemanha, fez sua \u00faltima confer\u00eancia de imprensa na quarta-feira (24\/11). Em poucos dias assume a nova coaliz\u00e3o de governo e ele deixar\u00e1 o cargo que ocupou por quase quatro anos. \"H\u00e1 uma escassez de mat\u00e9rias-primas e componentes em n\u00edvel mundial, por conta\u2026","rel":"","context":"Em &quot;Geral-NOTAS&quot;","block_context":{"text":"Geral-NOTAS","link":"https:\/\/www.jornalja.com.br\/geral\/category\/geral-notas\/"},"img":{"alt_text":"","src":"","width":0,"height":0},"classes":[]},{"id":91455,"url":"https:\/\/www.jornalja.com.br\/geral\/efeito-do-lockdown-sem-tetos-aumentam-na-europa\/","url_meta":{"origin":91088,"position":1},"title":"Aumenta o n\u00famero de pessoas sem teto na Alemanha","author":"Mariano Senna","date":"28 de dezembro de 2021","format":false,"excerpt":"N\u00e3o existem estat\u00edsticas oficiais sobre quantas pessoas de fato moram nas ruas da Alemanha. At\u00e9 o momento, organiza\u00e7\u00f5es sociais e autarquias, que trabalham com os sem teto, se valem de estimativas por amostragem para determinar o total aproximado.\u00a0 A \u00faltima estimativa nesse sentido foi feita em 2018 pelo Coletivo de\u2026","rel":"","context":"Em &quot;Geral-MAT\u00c9RIA&quot;","block_context":{"text":"Geral-MAT\u00c9RIA","link":"https:\/\/www.jornalja.com.br\/geral\/category\/geral\/"},"img":{"alt_text":"","src":"https:\/\/i0.wp.com\/www.jornalja.com.br\/geral\/wp-content\/uploads\/sites\/4\/2021\/12\/genaue-zahlen-zu-wohnungslosen-menschen-gibt-es-in-deutschland-nicht.jpg?resize=350%2C200&ssl=1","width":350,"height":200,"srcset":"https:\/\/i0.wp.com\/www.jornalja.com.br\/geral\/wp-content\/uploads\/sites\/4\/2021\/12\/genaue-zahlen-zu-wohnungslosen-menschen-gibt-es-in-deutschland-nicht.jpg?resize=350%2C200&ssl=1 1x, https:\/\/i0.wp.com\/www.jornalja.com.br\/geral\/wp-content\/uploads\/sites\/4\/2021\/12\/genaue-zahlen-zu-wohnungslosen-menschen-gibt-es-in-deutschland-nicht.jpg?resize=525%2C300&ssl=1 1.5x"},"classes":[]},{"id":83224,"url":"https:\/\/www.jornalja.com.br\/geral\/maio-comeca-atipico-e-sem-coesao-contra-a-pandemia-na-alemanha\/","url_meta":{"origin":91088,"position":2},"title":"Maio come\u00e7a at\u00edpico e sem coes\u00e3o contra a pandemia na Alemanha","author":"da Reda\u00e7\u00e3o","date":"4 de maio de 2020","format":false,"excerpt":"Mariano Senna, de Berlim Mesmo obrigat\u00f3rio, o uso de m\u00e1scara protetora continua sendo ignorado pelos alem\u00e3es. Quase uma semana ap\u00f3s a medida ter entrado em vigor, nas ruas, lojas, supermercados e no transporte coletivo, muitas pessoas ainda n\u00e3o a adotaram. Alguns poucos estabelecimentos, como ag\u00eancias banc\u00e1rias ou dos correios, exigem\u2026","rel":"","context":"Em &quot;Geral-MAT\u00c9RIA&quot;","block_context":{"text":"Geral-MAT\u00c9RIA","link":"https:\/\/www.jornalja.com.br\/geral\/category\/geral\/"},"img":{"alt_text":"","src":"https:\/\/i0.wp.com\/www.jornalja.com.br\/geral\/wp-content\/uploads\/sites\/4\/2020\/04\/Berlim-obrigatoriedade-de-m%C3%A1scara-n%C3%A3o-%C3%A9-respeitada_Mariano_Senna.jpg?resize=350%2C200&ssl=1","width":350,"height":200,"srcset":"https:\/\/i0.wp.com\/www.jornalja.com.br\/geral\/wp-content\/uploads\/sites\/4\/2020\/04\/Berlim-obrigatoriedade-de-m%C3%A1scara-n%C3%A3o-%C3%A9-respeitada_Mariano_Senna.jpg?resize=350%2C200&ssl=1 1x, https:\/\/i0.wp.com\/www.jornalja.com.br\/geral\/wp-content\/uploads\/sites\/4\/2020\/04\/Berlim-obrigatoriedade-de-m%C3%A1scara-n%C3%A3o-%C3%A9-respeitada_Mariano_Senna.jpg?resize=525%2C300&ssl=1 1.5x, https:\/\/i0.wp.com\/www.jornalja.com.br\/geral\/wp-content\/uploads\/sites\/4\/2020\/04\/Berlim-obrigatoriedade-de-m%C3%A1scara-n%C3%A3o-%C3%A9-respeitada_Mariano_Senna.jpg?resize=700%2C400&ssl=1 2x"},"classes":[]},{"id":83524,"url":"https:\/\/www.jornalja.com.br\/geral\/dolar-encosta-nos-r-590-maior-valor-desde-criacao-do-real\/","url_meta":{"origin":91088,"position":3},"title":"D\u00f3lar encosta nos R$ 5,90, maior valor desde cria\u00e7\u00e3o do Real","author":"da Reda\u00e7\u00e3o","date":"13 de maio de 2020","format":false,"excerpt":"Em meio a tens\u00f5es no Brasil e no exterior, o d\u00f3lar aproximou-se de R$ 5,90 e voltou a bater recorde. O d\u00f3lar comercial encerrou a\u00a0ter\u00e7a-feira (12) vendido a R$ 5,866, com alta de R$ 0,042 (+0,71%). Este \u00e9 o maior valor nominal (sem considerar a infla\u00e7\u00e3o) desde a cria\u00e7\u00e3o do\u2026","rel":"","context":"Em &quot;Geral-MAT\u00c9RIA&quot;","block_context":{"text":"Geral-MAT\u00c9RIA","link":"https:\/\/www.jornalja.com.br\/geral\/category\/geral\/"},"img":{"alt_text":"","src":"https:\/\/i0.wp.com\/www.jornalja.com.br\/geral\/wp-content\/uploads\/sites\/4\/2020\/05\/D%C3%B3lar_Marcello-Casal-Jr-Ag%C3%AAncia-Brasil-scaled.jpg?resize=350%2C200&ssl=1","width":350,"height":200,"srcset":"https:\/\/i0.wp.com\/www.jornalja.com.br\/geral\/wp-content\/uploads\/sites\/4\/2020\/05\/D%C3%B3lar_Marcello-Casal-Jr-Ag%C3%AAncia-Brasil-scaled.jpg?resize=350%2C200&ssl=1 1x, https:\/\/i0.wp.com\/www.jornalja.com.br\/geral\/wp-content\/uploads\/sites\/4\/2020\/05\/D%C3%B3lar_Marcello-Casal-Jr-Ag%C3%AAncia-Brasil-scaled.jpg?resize=525%2C300&ssl=1 1.5x, https:\/\/i0.wp.com\/www.jornalja.com.br\/geral\/wp-content\/uploads\/sites\/4\/2020\/05\/D%C3%B3lar_Marcello-Casal-Jr-Ag%C3%AAncia-Brasil-scaled.jpg?resize=700%2C400&ssl=1 2x"},"classes":[]},{"id":91664,"url":"https:\/\/www.jornalja.com.br\/geral\/divida-do-brasil-cresce-12-em-2021-e-chega-a-56-trilhoes-de-reais\/","url_meta":{"origin":91088,"position":4},"title":"D\u00edvida do Brasil cresce 12% em 2021 e chega a R$ 5,6 trilh\u00f5es","author":"da Reda\u00e7\u00e3o","date":"26 de janeiro de 2022","format":false,"excerpt":"A Secretaria do Tesouro Nacional divulgou nesta quarta-feira (26) o total que a d\u00edvida p\u00fablica federal atingiu em 31 de dezembro de 2021: R$ 5,6 trilh\u00f5es\u00a0\u00a0(Cinco trilh\u00f5es e seiscentos bilh\u00f5es de reais em n\u00fameros arredondados) O valor inclui os endividamentos do governo no Brasil e no exterior, com bancos e\u2026","rel":"","context":"Em &quot;Geral-MAT\u00c9RIA&quot;","block_context":{"text":"Geral-MAT\u00c9RIA","link":"https:\/\/www.jornalja.com.br\/geral\/category\/geral\/"},"img":{"alt_text":"","src":"https:\/\/i0.wp.com\/www.jornalja.com.br\/geral\/wp-content\/uploads\/sites\/4\/2022\/01\/divida-publica-grafico-dos-ultimos-anos.jpg?resize=350%2C200&ssl=1","width":350,"height":200,"srcset":"https:\/\/i0.wp.com\/www.jornalja.com.br\/geral\/wp-content\/uploads\/sites\/4\/2022\/01\/divida-publica-grafico-dos-ultimos-anos.jpg?resize=350%2C200&ssl=1 1x, https:\/\/i0.wp.com\/www.jornalja.com.br\/geral\/wp-content\/uploads\/sites\/4\/2022\/01\/divida-publica-grafico-dos-ultimos-anos.jpg?resize=525%2C300&ssl=1 1.5x"},"classes":[]},{"id":83142,"url":"https:\/\/www.jornalja.com.br\/geral\/primeiro-de-maio-e-incognita-em-meio-a-saida-da-crise-na-europa\/","url_meta":{"origin":91088,"position":5},"title":"Primeiro de Maio \u00e9 inc\u00f3gnita em meio \u00e0 sa\u00edda da crise na Europa","author":"da Reda\u00e7\u00e3o","date":"29 de abril de 2020","format":false,"excerpt":"Mariano Senna, de Berlim \u00c0s v\u00e9speras do fim oficial do confinamento por conta da pandemia pelo Covid-19 na Europa, a chamada retomada das atividades, uma inc\u00f3gnita paira sobre o Continente. Ser\u00e3o respeitadas as regras de distanciamento e preven\u00e7\u00e3o durante o primeiro de maio? Ou melhor, como far\u00e3o os governos para\u2026","rel":"","context":"Em &quot;Geral-MAT\u00c9RIA&quot;","block_context":{"text":"Geral-MAT\u00c9RIA","link":"https:\/\/www.jornalja.com.br\/geral\/category\/geral\/"},"img":{"alt_text":"","src":"https:\/\/i0.wp.com\/www.jornalja.com.br\/geral\/wp-content\/uploads\/sites\/4\/2020\/04\/WhatsApp-Image-2020-04-28-at-22.16.15-scaled.jpeg?resize=350%2C200&ssl=1","width":350,"height":200,"srcset":"https:\/\/i0.wp.com\/www.jornalja.com.br\/geral\/wp-content\/uploads\/sites\/4\/2020\/04\/WhatsApp-Image-2020-04-28-at-22.16.15-scaled.jpeg?resize=350%2C200&ssl=1 1x, https:\/\/i0.wp.com\/www.jornalja.com.br\/geral\/wp-content\/uploads\/sites\/4\/2020\/04\/WhatsApp-Image-2020-04-28-at-22.16.15-scaled.jpeg?resize=525%2C300&ssl=1 1.5x, https:\/\/i0.wp.com\/www.jornalja.com.br\/geral\/wp-content\/uploads\/sites\/4\/2020\/04\/WhatsApp-Image-2020-04-28-at-22.16.15-scaled.jpeg?resize=700%2C400&ssl=1 2x"},"classes":[]}],"jetpack_sharing_enabled":true,"_links":{"self":[{"href":"https:\/\/www.jornalja.com.br\/geral\/wp-json\/wp\/v2\/posts\/91088","targetHints":{"allow":["GET"]}}],"collection":[{"href":"https:\/\/www.jornalja.com.br\/geral\/wp-json\/wp\/v2\/posts"}],"about":[{"href":"https:\/\/www.jornalja.com.br\/geral\/wp-json\/wp\/v2\/types\/post"}],"author":[{"embeddable":true,"href":"https:\/\/www.jornalja.com.br\/geral\/wp-json\/wp\/v2\/users\/4"}],"replies":[{"embeddable":true,"href":"https:\/\/www.jornalja.com.br\/geral\/wp-json\/wp\/v2\/comments?post=91088"}],"version-history":[{"count":1,"href":"https:\/\/www.jornalja.com.br\/geral\/wp-json\/wp\/v2\/posts\/91088\/revisions"}],"predecessor-version":[{"id":91091,"href":"https:\/\/www.jornalja.com.br\/geral\/wp-json\/wp\/v2\/posts\/91088\/revisions\/91091"}],"wp:attachment":[{"href":"https:\/\/www.jornalja.com.br\/geral\/wp-json\/wp\/v2\/media?parent=91088"}],"wp:term":[{"taxonomy":"category","embeddable":true,"href":"https:\/\/www.jornalja.com.br\/geral\/wp-json\/wp\/v2\/categories?post=91088"},{"taxonomy":"post_tag","embeddable":true,"href":"https:\/\/www.jornalja.com.br\/geral\/wp-json\/wp\/v2\/tags?post=91088"}],"curies":[{"name":"wp","href":"https:\/\/api.w.org\/{rel}","templated":true}]}}