{"id":91101,"date":"2021-11-24T07:16:23","date_gmt":"2021-11-24T10:16:23","guid":{"rendered":"https:\/\/www.jornalja.com.br\/geral\/?p=91101"},"modified":"2021-11-24T15:26:30","modified_gmt":"2021-11-24T18:26:30","slug":"pesquisadores-da-ufrgs-apresentam-proposta-para-ocupacao-cultural-do-cais-maua","status":"publish","type":"post","link":"https:\/\/www.jornalja.com.br\/geral\/pesquisadores-da-ufrgs-apresentam-proposta-para-ocupacao-cultural-do-cais-maua\/","title":{"rendered":"Pesquisadores da UFRGS apresentam proposta para \u201cocupa\u00e7\u00e3o cultural do Cais Mau\u00e1\u201d"},"content":{"rendered":"<p>Quatro pesquisadores e oito p\u00f3s-graduandos em urbanismo, sociologia e administra\u00e7\u00e3o formaram o grupo que elaborou a \u201cproposta de ocupa\u00e7\u00e3o cultural do Cais Mau\u00e1\u201d, apresentada nesta ter\u00e7a-feira, na sede do IAB\/RS.<\/p>\n<p>O trabalho foi desenvolvido em cursos de extens\u00e3o ao longo deste ano e tem como foco a preserva\u00e7\u00e3o do antigo cais do porto como espa\u00e7o p\u00fablico, voltado para atividades culturais, setores criativos e pequenos neg\u00f3cios.<\/p>\n<p>\u00c9 uma proposta alternativa ao projeto do governo do Estado que est\u00e1 sendo desenvolvido por um cons\u00f3rcio de empresas contratadas pelo BNDES visando a \u201cdesestatiza\u00e7\u00e3o da \u00e1rea\u201d.<\/p>\n<p>Os pesquisadores da UFRGS, ao contr\u00e1rio, prop\u00f5em a \u201csupera\u00e7\u00e3o da vis\u00e3o calcada na privatiza\u00e7\u00e3o dos espa\u00e7os p\u00fablicos como caminho \u00fanico para o desenvolvimento urbano\u201d.<\/p>\n<p>Diz o texto distribu\u00eddo \u00e0 imprensa:<\/p>\n<p>\u201cO car\u00e1ter integrador do projeto para o Cais, assume um duplo desafio na cidade de Porto Alegre:<\/p>\n<p>a) integrar novamente a \u00e1rea do porto ao territ\u00f3rio da cidade, principalmente ao Centro Hist\u00f3rico;<\/p>\n<p>b) promover a inclus\u00e3o e a integra\u00e7\u00e3o social das diversas classes, camadas e grupos culturais que vivem e constroem a cidade\u201d.<\/p>\n<p>Segundo os autores, &#8220;a reabilita\u00e7\u00e3o do cais n\u00e3o ser\u00e1 efetiva caso sejam erguidos novos muros invis\u00edveis a separar aqueles que\u00a0 dele poder\u00e3o usufruir e o restante da popula\u00e7\u00e3o \u00e0 margem deste espa\u00e7o p\u00fablico\u201d.<\/p>\n<p>A constru\u00e7\u00e3o de pr\u00e9dios residenciais na \u00e1rea do cais, hip\u00f3tese considerada no projeto do governo, \u00e9 descartada. \u201cNenhum setor isoladamente tem legitimidade para se apropriar do patrim\u00f4nio p\u00fablico que \u00e9 o Cais do Porto\u201d, diz\u00a0 o documento.<\/p>\n<p>\u201cEste projeto representa os anseios da comunidade cultural de Porto Alegre\u201d, declarou o professor Eber Pires Marzulo, no in\u00edcio da apresenta\u00e7\u00e3o. Mais de 30 grupos culturais e entidades sociais foram ouvidos na pesquisa para identificar as necessidades de uso e ocupa\u00e7\u00e3o dos armaz\u00e9ns.<\/p>\n<p>Na parte econ\u00f4mica da proposta, visando a sustentabilidade do empreendimento, os autores consideram a venda de uma parte da \u00e1rea, das antigas docas, para financiar a reabilita\u00e7\u00e3o dos armaz\u00e9ns e dos bens tombados pelo patrim\u00f4nio p\u00fablico.<\/p>\n<p>O projeto arquitet\u00f4nico para reforma e adapta\u00e7\u00e3o dos armaz\u00e9ns, pela proposta, ser\u00e1 escolhido mediante concurso p\u00fablico.<\/p>\n<p>Participaram da apresenta\u00e7\u00e3o na sede do IAB, al\u00e9m do professor Marzulo, os outros tr\u00eas coordenadores: In\u00eas Martina Lersch, do Departamento de Urbanismo da Faculdade de Arquitetura, Luciano Fedozzi, do Instituto de Filosofia e Ci\u00eancias Humanas,\u00a0 e\u00a0 Pedro de Almeida Costa, da Escola de Administra\u00e7\u00e3o.<\/p>\n","protected":false},"excerpt":{"rendered":"<p>Quatro pesquisadores e oito p\u00f3s-graduandos em urbanismo, sociologia e administra\u00e7\u00e3o formaram o grupo que elaborou a \u201cproposta de ocupa\u00e7\u00e3o cultural do Cais Mau\u00e1\u201d, apresentada nesta ter\u00e7a-feira, na sede do IAB\/RS. O trabalho foi desenvolvido em cursos de extens\u00e3o ao longo deste ano e tem como foco a preserva\u00e7\u00e3o do antigo cais do porto como espa\u00e7o [&hellip;]<\/p>\n","protected":false},"author":5,"featured_media":91097,"comment_status":"open","ping_status":"open","sticky":false,"template":"","format":"standard","meta":{"jetpack_post_was_ever_published":false,"_jetpack_newsletter_access":"","_jetpack_dont_email_post_to_subs":false,"_jetpack_newsletter_tier_id":0,"_jetpack_memberships_contains_paywalled_content":false,"_jetpack_memberships_contains_paid_content":false,"footnotes":"","jetpack_publicize_message":"","jetpack_publicize_feature_enabled":true,"jetpack_social_post_already_shared":true,"jetpack_social_options":{"image_generator_settings":{"template":"highway","default_image_id":0,"font":"","enabled":false},"version":2}},"categories":[2],"tags":[108,118],"class_list":["post-91101","post","type-post","status-publish","format-standard","has-post-thumbnail","hentry","category-geral","tag-cais-maua","tag-dossie-cais-maua"],"aioseo_notices":[],"jetpack_publicize_connections":[],"jetpack_featured_media_url":"https:\/\/www.jornalja.com.br\/geral\/wp-content\/uploads\/sites\/4\/2021\/11\/20211123-0006-ocupacao-cultural-cais-maua-ramiro-furquim-oaf2986.jpg","jetpack_shortlink":"https:\/\/wp.me\/pbKhrD-nHn","jetpack-related-posts":[{"id":100773,"url":"https:\/\/www.jornalja.com.br\/geral\/cais-maua-dois-anos-depois-da-concessao-e-incerto-futuro-do-projeto\/","url_meta":{"origin":91101,"position":0},"title":"Cais Mau\u00e1: dois anos depois da concess\u00e3o, \u00e9 incerto futuro do projeto","author":"Elmar Bones","date":"18 de fevereiro de 2026","format":false,"excerpt":"Dois anos depois da concess\u00e3o do Cais Mau\u00e1 a um cons\u00f3rcio privado, \u00e9 incerto o futuro do projeto para devolver \u00e0 popula\u00e7\u00e3o aquela \u00e1rea simb\u00f3lica de Porto Alegre, abandonada h\u00e1 mais de 30 anos. Come\u00e7a que o contrato que formaliza a concess\u00e3o ainda n\u00e3o foi assinado. Em entrevista ao Jornal\u2026","rel":"","context":"Em &quot;Geral-MAT\u00c9RIA&quot;","block_context":{"text":"Geral-MAT\u00c9RIA","link":"https:\/\/www.jornalja.com.br\/geral\/category\/geral\/"},"img":{"alt_text":"","src":"https:\/\/i0.wp.com\/www.jornalja.com.br\/geral\/wp-content\/uploads\/sites\/4\/2026\/02\/cais-armazens2-scaled-1.jpeg?resize=350%2C200&ssl=1","width":350,"height":200,"srcset":"https:\/\/i0.wp.com\/www.jornalja.com.br\/geral\/wp-content\/uploads\/sites\/4\/2026\/02\/cais-armazens2-scaled-1.jpeg?resize=350%2C200&ssl=1 1x, https:\/\/i0.wp.com\/www.jornalja.com.br\/geral\/wp-content\/uploads\/sites\/4\/2026\/02\/cais-armazens2-scaled-1.jpeg?resize=525%2C300&ssl=1 1.5x, https:\/\/i0.wp.com\/www.jornalja.com.br\/geral\/wp-content\/uploads\/sites\/4\/2026\/02\/cais-armazens2-scaled-1.jpeg?resize=700%2C400&ssl=1 2x"},"classes":[]},{"id":100941,"url":"https:\/\/www.jornalja.com.br\/geral\/concessao-do-cais-maua-trava-de-novo\/","url_meta":{"origin":91101,"position":1},"title":"Concess\u00e3o do Cais Mau\u00e1 trava, de novo","author":"da Reda\u00e7\u00e3o","date":"12 de mar\u00e7o de 2026","format":false,"excerpt":"A concess\u00e3o do Cais Mau\u00e1 vive um novo impasse. O cons\u00f3rcio\u00a0Pulsa RS, vencedor da licita\u00e7\u00e3o, solicitou ao governo ga\u00facho a prorroga\u00e7\u00e3o do prazo para a assinatura final do contrato, prevista para quarta-feira, 11 de mar\u00e7o. Com isso, o grupo fica dispensado, por ora, do pagamento de mais de R$ 11\u2026","rel":"","context":"Em &quot;Geral-MAT\u00c9RIA&quot;","block_context":{"text":"Geral-MAT\u00c9RIA","link":"https:\/\/www.jornalja.com.br\/geral\/category\/geral\/"},"img":{"alt_text":"","src":"https:\/\/i0.wp.com\/www.jornalja.com.br\/geral\/wp-content\/uploads\/sites\/4\/2026\/02\/cais-armazens2-scaled-1.jpeg?resize=350%2C200&ssl=1","width":350,"height":200,"srcset":"https:\/\/i0.wp.com\/www.jornalja.com.br\/geral\/wp-content\/uploads\/sites\/4\/2026\/02\/cais-armazens2-scaled-1.jpeg?resize=350%2C200&ssl=1 1x, https:\/\/i0.wp.com\/www.jornalja.com.br\/geral\/wp-content\/uploads\/sites\/4\/2026\/02\/cais-armazens2-scaled-1.jpeg?resize=525%2C300&ssl=1 1.5x, https:\/\/i0.wp.com\/www.jornalja.com.br\/geral\/wp-content\/uploads\/sites\/4\/2026\/02\/cais-armazens2-scaled-1.jpeg?resize=700%2C400&ssl=1 2x"},"classes":[]},{"id":100707,"url":"https:\/\/www.jornalja.com.br\/geral\/caso-master-cais-maua-foi-laboratorio-do-esquema-que-lesou-100-fundos-de-previdencia\/","url_meta":{"origin":91101,"position":2},"title":"Caso Master: Cais Mau\u00e1 foi laborat\u00f3rio do esquema que lesou 100 fundos de previd\u00eancia","author":"Elmar Bones","date":"9 de fevereiro de 2026","format":false,"excerpt":"As investiga\u00e7\u00f5es da\u00a0Pol\u00edcia Federal\u00a0que levaram \u00e0 pris\u00e3o do empres\u00e1rio Jo\u00e3o Carlos Mansur, indicam que o\u00a0Fundo Cais Mau\u00e1\u00a0foi um ensaio do esquema fraudulento que carreou R$ 17 bilh\u00f5es dos fundos de previd\u00eancia para os pap\u00e9is podres do banco Master. Segundo a Pol\u00edcia Federal, mais de 100 fundos colocaram dinheiro em carteiras\u2026","rel":"","context":"Em &quot;Geral-MAT\u00c9RIA&quot;","block_context":{"text":"Geral-MAT\u00c9RIA","link":"https:\/\/www.jornalja.com.br\/geral\/category\/geral\/"},"img":{"alt_text":"","src":"https:\/\/i0.wp.com\/www.jornalja.com.br\/geral\/wp-content\/uploads\/sites\/4\/2026\/01\/cais-maua-portico-com-logo.jpg?resize=350%2C200&ssl=1","width":350,"height":200,"srcset":"https:\/\/i0.wp.com\/www.jornalja.com.br\/geral\/wp-content\/uploads\/sites\/4\/2026\/01\/cais-maua-portico-com-logo.jpg?resize=350%2C200&ssl=1 1x, https:\/\/i0.wp.com\/www.jornalja.com.br\/geral\/wp-content\/uploads\/sites\/4\/2026\/01\/cais-maua-portico-com-logo.jpg?resize=525%2C300&ssl=1 1.5x, https:\/\/i0.wp.com\/www.jornalja.com.br\/geral\/wp-content\/uploads\/sites\/4\/2026\/01\/cais-maua-portico-com-logo.jpg?resize=700%2C400&ssl=1 2x, https:\/\/i0.wp.com\/www.jornalja.com.br\/geral\/wp-content\/uploads\/sites\/4\/2026\/01\/cais-maua-portico-com-logo.jpg?resize=1050%2C600&ssl=1 3x"},"classes":[]},{"id":100606,"url":"https:\/\/www.jornalja.com.br\/geral\/financeira-ligada-ao-master-administrou-fundo-do-cais-maua-de-onde-sumiram-r-130-milhoes\/","url_meta":{"origin":91101,"position":3},"title":"Financeira ligada ao Master administrou Fundo do Cais Mau\u00e1 de onde sumiram R$ 130 milh\u00f5es","author":"Elmar Bones","date":"17 de janeiro de 2026","format":false,"excerpt":"A REAG Investimentos, que teve sua liquida\u00e7\u00e3o decretada pelo Banco Central esta semana, deixou um rastro de milh\u00f5es no Rio Grande do Sul. Em mar\u00e7o de 2018, ela assumiu a gest\u00e3o do Fundo de Investimentos em Participa\u00e7\u00f5es do Cais Mau\u00e1, o principal cais de Porto Alegre, desativado e, desde 2010,\u2026","rel":"","context":"Em &quot;Geral-MAT\u00c9RIA&quot;","block_context":{"text":"Geral-MAT\u00c9RIA","link":"https:\/\/www.jornalja.com.br\/geral\/category\/geral\/"},"img":{"alt_text":"","src":"https:\/\/i0.wp.com\/www.jornalja.com.br\/geral\/wp-content\/uploads\/sites\/4\/2026\/01\/cais-maua-portico-com-logo.jpg?resize=350%2C200&ssl=1","width":350,"height":200,"srcset":"https:\/\/i0.wp.com\/www.jornalja.com.br\/geral\/wp-content\/uploads\/sites\/4\/2026\/01\/cais-maua-portico-com-logo.jpg?resize=350%2C200&ssl=1 1x, https:\/\/i0.wp.com\/www.jornalja.com.br\/geral\/wp-content\/uploads\/sites\/4\/2026\/01\/cais-maua-portico-com-logo.jpg?resize=525%2C300&ssl=1 1.5x, https:\/\/i0.wp.com\/www.jornalja.com.br\/geral\/wp-content\/uploads\/sites\/4\/2026\/01\/cais-maua-portico-com-logo.jpg?resize=700%2C400&ssl=1 2x, https:\/\/i0.wp.com\/www.jornalja.com.br\/geral\/wp-content\/uploads\/sites\/4\/2026\/01\/cais-maua-portico-com-logo.jpg?resize=1050%2C600&ssl=1 3x"},"classes":[]},{"id":100898,"url":"https:\/\/www.jornalja.com.br\/geral\/porto-alegre-grupo-de-santa-catarina-arremata-por-r-10-mil-o-que-resta-do-porto\/","url_meta":{"origin":91101,"position":4},"title":"Porto Alegre: grupo de Santa Catarina arremata por R$ 10 mil o que resta do porto","author":"Elmar Bones","date":"1 de mar\u00e7o de 2026","format":false,"excerpt":"O Cais Navegantes, o \u00faltimo dos terminais portu\u00e1rios de Porto Alegre capaz de receber embarca\u00e7\u00f5es de grande porte, foi arrematado em leil\u00e3o na Bolsa de Valores de S\u00e3o Paulo, nesta sexta-feira, 27 de fevereiro de 2026. Com um lance de R$ 10 mil, o\u00a0Cons\u00f3rcio Portos do Sul, de Santa Catarina,\u2026","rel":"","context":"Em &quot;Geral-MAT\u00c9RIA&quot;","block_context":{"text":"Geral-MAT\u00c9RIA","link":"https:\/\/www.jornalja.com.br\/geral\/category\/geral\/"},"img":{"alt_text":"","src":"https:\/\/i0.wp.com\/www.jornalja.com.br\/geral\/wp-content\/uploads\/sites\/4\/2026\/03\/porto-porto-alegre.jpeg?resize=350%2C200&ssl=1","width":350,"height":200,"srcset":"https:\/\/i0.wp.com\/www.jornalja.com.br\/geral\/wp-content\/uploads\/sites\/4\/2026\/03\/porto-porto-alegre.jpeg?resize=350%2C200&ssl=1 1x, https:\/\/i0.wp.com\/www.jornalja.com.br\/geral\/wp-content\/uploads\/sites\/4\/2026\/03\/porto-porto-alegre.jpeg?resize=525%2C300&ssl=1 1.5x, https:\/\/i0.wp.com\/www.jornalja.com.br\/geral\/wp-content\/uploads\/sites\/4\/2026\/03\/porto-porto-alegre.jpeg?resize=700%2C400&ssl=1 2x"},"classes":[]},{"id":95144,"url":"https:\/\/www.jornalja.com.br\/geral\/nota-publica-sobre-as-recentes-posicoes-do-governo-do-estado-em-relacao-projeto-do-cais-do-porto\/","url_meta":{"origin":91101,"position":5},"title":"Nota p\u00fablica sobre as recentes posi\u00e7\u00f5es do Governo do Estado em rela\u00e7\u00e3o projeto do Cais do Porto","author":"da Reda\u00e7\u00e3o","date":"16 de mar\u00e7o de 2023","format":false,"excerpt":"O Coletivo \u201cCais Cultural J\u00e1\u201d e a equipe do Projeto de Extens\u00e3o \u201cOcupa\u00e7\u00e3o Cais Mau\u00e1 Cultural\u201d da UFRGS v\u00eam a p\u00fablico manifestar preocupa\u00e7\u00e3o com as recentes declara\u00e7\u00f5es do governo do estado do RS com respeito ao processo de concess\u00e3o da \u00e1rea do Cais para explora\u00e7\u00e3o privada. O coletivo h\u00e1 muitos\u2026","rel":"","context":"Em &quot;Geral-MAT\u00c9RIA&quot;","block_context":{"text":"Geral-MAT\u00c9RIA","link":"https:\/\/www.jornalja.com.br\/geral\/category\/geral\/"},"img":{"alt_text":"","src":"","width":0,"height":0},"classes":[]}],"jetpack_sharing_enabled":true,"_links":{"self":[{"href":"https:\/\/www.jornalja.com.br\/geral\/wp-json\/wp\/v2\/posts\/91101","targetHints":{"allow":["GET"]}}],"collection":[{"href":"https:\/\/www.jornalja.com.br\/geral\/wp-json\/wp\/v2\/posts"}],"about":[{"href":"https:\/\/www.jornalja.com.br\/geral\/wp-json\/wp\/v2\/types\/post"}],"author":[{"embeddable":true,"href":"https:\/\/www.jornalja.com.br\/geral\/wp-json\/wp\/v2\/users\/5"}],"replies":[{"embeddable":true,"href":"https:\/\/www.jornalja.com.br\/geral\/wp-json\/wp\/v2\/comments?post=91101"}],"version-history":[{"count":1,"href":"https:\/\/www.jornalja.com.br\/geral\/wp-json\/wp\/v2\/posts\/91101\/revisions"}],"predecessor-version":[{"id":91102,"href":"https:\/\/www.jornalja.com.br\/geral\/wp-json\/wp\/v2\/posts\/91101\/revisions\/91102"}],"wp:featuredmedia":[{"embeddable":true,"href":"https:\/\/www.jornalja.com.br\/geral\/wp-json\/wp\/v2\/media\/91097"}],"wp:attachment":[{"href":"https:\/\/www.jornalja.com.br\/geral\/wp-json\/wp\/v2\/media?parent=91101"}],"wp:term":[{"taxonomy":"category","embeddable":true,"href":"https:\/\/www.jornalja.com.br\/geral\/wp-json\/wp\/v2\/categories?post=91101"},{"taxonomy":"post_tag","embeddable":true,"href":"https:\/\/www.jornalja.com.br\/geral\/wp-json\/wp\/v2\/tags?post=91101"}],"curies":[{"name":"wp","href":"https:\/\/api.w.org\/{rel}","templated":true}]}}