{"id":91375,"date":"2021-12-21T08:29:45","date_gmt":"2021-12-21T11:29:45","guid":{"rendered":"https:\/\/www.jornalja.com.br\/geral\/?p=91375"},"modified":"2022-01-07T18:43:01","modified_gmt":"2022-01-07T21:43:01","slug":"camara-aprova-regime-especial-para-viabilizar-condominio-na-fazenda-do-arado","status":"publish","type":"post","link":"https:\/\/www.jornalja.com.br\/geral\/camara-aprova-regime-especial-para-viabilizar-condominio-na-fazenda-do-arado\/","title":{"rendered":"C\u00e2mara aprova regime especial para viabilizar condom\u00ednio na Fazenda do Arado"},"content":{"rendered":"<p>Na manh\u00e3 desta segunda feira, 20 de dezembro, a C\u00e2mara de Vereadores de Porto Alegre aprovou \u00a0o Projeto de Lei Complementar do Executivo n\u00ba 024\/21, que &#8220;altera o regime urban\u00edstico para fins de parcelamento de solo da \u00e1rea da Fazenda Arado Velho, na regi\u00e3o Sul da Capital&#8221;.<\/p>\n<p>Foram 24 votos favor\u00e1veis, em sess\u00e3o extraordin\u00e1ria.<\/p>\n<p>Hoje o Plano Diretor permite 1.323 unidades na \u00e1rea. Com a mudan\u00e7a, ser\u00e1 poss\u00edvel construir at\u00e9 2.353\u00a0 casas em condom\u00ednio fechado.<\/p>\n<p>Vai aumentar em 50% a popula\u00e7\u00e3o do bairro Bel\u00e9m Novo, segundo o movimento de moradores, que h\u00e1 uma d\u00e9cada questiona o projeto.<\/p>\n<p>A \u00e1rea em quest\u00e3o compreende 426 hectares\u00a0 que pertenciam a Breno Caldas, antigo dono do Correio do Povo, um dos homens mais ricos\u00a0 do Brasil, que faliu em 1984. Ainda resta a casa senhorial\u00a0 onde\u00a0 o velho Caldas, falecido em 1989, viveu seus \u00faltimos dias.<\/p>\n<p>Metade da \u00e1rea \u00e9 zona rural (agora torna-se urbana) e metade APAN (Area de Preserva\u00e7\u00e3o do Ambiente Natural),\u00a0 que abriga enorme diversidade de\u00a0 animais e plantas e mananciais de \u00e1gua.<\/p>\n<p>A den\u00fancia que fazem os moradores organizados no movimento &#8220;Preserva Arado&#8221; \u00e9 que uma urbaniza\u00e7\u00e3o intensiva vai destruir esse patrim\u00f4nio ambiental, com impacto at\u00e9 no clima local.<\/p>\n<p>O projeto, de autoria do Executivo, agora voltou para san\u00e7\u00e3o do prefeito Sebasti\u00e3o Melo,\u00a0 e sua aprova\u00e7\u00e3o, aparentemente, encerra uma pol\u00eamica de mais de dez anos, desde que foi apresentado o projeto de condom\u00ednio fechado da Arado Empreendimentos, uma &#8220;sociedade an\u00f4nima fechada&#8221; presidida por Iboty Ioschpe.<\/p>\n<p>Uma boa an\u00e1lise do caso, assinada\u00a0 por tr\u00eas engenheiros ambientais est\u00e1 aqui: https:\/\/coletivoambientecritico.wordpress.com\/2021\/06\/24\/o-custo-arado\/<\/p>\n<p>Estamos aguardando um contato com\u00a0 a Arado Empreendimentos.<\/p>\n<p>Outros projetos na regi\u00e3o de Bel\u00e9m Novo (fonte: Preserva Arado)<\/p>\n<p><img decoding=\"async\" data-attachment-id=\"91386\" data-permalink=\"https:\/\/www.jornalja.com.br\/geral\/camara-aprova-regime-especial-para-viabilizar-condominio-na-fazenda-do-arado\/fazenda-do-arado-2\/\" data-orig-file=\"https:\/\/www.jornalja.com.br\/geral\/wp-content\/uploads\/sites\/4\/2021\/12\/fazenda-do-arado-1.jpg\" data-orig-size=\"1024,472\" data-comments-opened=\"1\" data-image-meta=\"{&quot;aperture&quot;:&quot;0&quot;,&quot;credit&quot;:&quot;&quot;,&quot;camera&quot;:&quot;&quot;,&quot;caption&quot;:&quot;&quot;,&quot;created_timestamp&quot;:&quot;0&quot;,&quot;copyright&quot;:&quot;&quot;,&quot;focal_length&quot;:&quot;0&quot;,&quot;iso&quot;:&quot;0&quot;,&quot;shutter_speed&quot;:&quot;0&quot;,&quot;title&quot;:&quot;&quot;,&quot;orientation&quot;:&quot;0&quot;}\" data-image-title=\"Fazenda do Arado\" data-image-description=\"\" data-image-caption=\"\" data-large-file=\"https:\/\/www.jornalja.com.br\/geral\/wp-content\/uploads\/sites\/4\/2021\/12\/fazenda-do-arado-1-900x415.jpg\" class=\"alignnone size-medium wp-image-91386\" src=\"https:\/\/www.jornalja.com.br\/geral\/wp-content\/uploads\/sites\/4\/2021\/12\/fazenda-do-arado-1-450x207.jpg\" alt=\"\" width=\"450\" height=\"207\" srcset=\"https:\/\/www.jornalja.com.br\/geral\/wp-content\/uploads\/sites\/4\/2021\/12\/fazenda-do-arado-1-450x207.jpg 450w, https:\/\/www.jornalja.com.br\/geral\/wp-content\/uploads\/sites\/4\/2021\/12\/fazenda-do-arado-1-900x415.jpg 900w, https:\/\/www.jornalja.com.br\/geral\/wp-content\/uploads\/sites\/4\/2021\/12\/fazenda-do-arado-1-768x354.jpg 768w, https:\/\/www.jornalja.com.br\/geral\/wp-content\/uploads\/sites\/4\/2021\/12\/fazenda-do-arado-1.jpg 1024w\" sizes=\"(max-width: 450px) 100vw, 450px\" \/> <img decoding=\"async\" data-attachment-id=\"91387\" data-permalink=\"https:\/\/www.jornalja.com.br\/geral\/camara-aprova-regime-especial-para-viabilizar-condominio-na-fazenda-do-arado\/ambiente-ja-condominios-no-bairro-belem\/\" data-orig-file=\"https:\/\/www.jornalja.com.br\/geral\/wp-content\/uploads\/sites\/4\/2021\/12\/ambiente-ja-condominios-no-bairro-belem.jpg\" data-orig-size=\"791,555\" data-comments-opened=\"1\" data-image-meta=\"{&quot;aperture&quot;:&quot;0&quot;,&quot;credit&quot;:&quot;&quot;,&quot;camera&quot;:&quot;&quot;,&quot;caption&quot;:&quot;&quot;,&quot;created_timestamp&quot;:&quot;0&quot;,&quot;copyright&quot;:&quot;&quot;,&quot;focal_length&quot;:&quot;0&quot;,&quot;iso&quot;:&quot;0&quot;,&quot;shutter_speed&quot;:&quot;0&quot;,&quot;title&quot;:&quot;&quot;,&quot;orientation&quot;:&quot;0&quot;}\" data-image-title=\"Ambiente J\u00e1 Condominios no Bairro Bel\u00e9m\" data-image-description=\"\" data-image-caption=\"\" data-large-file=\"https:\/\/www.jornalja.com.br\/geral\/wp-content\/uploads\/sites\/4\/2021\/12\/ambiente-ja-condominios-no-bairro-belem.jpg\" class=\"alignnone size-medium wp-image-91387\" src=\"https:\/\/www.jornalja.com.br\/geral\/wp-content\/uploads\/sites\/4\/2021\/12\/ambiente-ja-condominios-no-bairro-belem-450x316.jpg\" alt=\"\" width=\"450\" height=\"316\" srcset=\"https:\/\/www.jornalja.com.br\/geral\/wp-content\/uploads\/sites\/4\/2021\/12\/ambiente-ja-condominios-no-bairro-belem-450x316.jpg 450w, https:\/\/www.jornalja.com.br\/geral\/wp-content\/uploads\/sites\/4\/2021\/12\/ambiente-ja-condominios-no-bairro-belem-768x539.jpg 768w, https:\/\/www.jornalja.com.br\/geral\/wp-content\/uploads\/sites\/4\/2021\/12\/ambiente-ja-condominios-no-bairro-belem.jpg 791w\" sizes=\"(max-width: 450px) 100vw, 450px\" \/><\/p>\n","protected":false},"excerpt":{"rendered":"<p>Na manh\u00e3 desta segunda feira, 20 de dezembro, a C\u00e2mara de Vereadores de Porto Alegre aprovou \u00a0o Projeto de Lei Complementar do Executivo n\u00ba 024\/21, que &#8220;altera o regime urban\u00edstico para fins de parcelamento de solo da \u00e1rea da Fazenda Arado Velho, na regi\u00e3o Sul da Capital&#8221;. Foram 24 votos favor\u00e1veis, em sess\u00e3o extraordin\u00e1ria. Hoje [&hellip;]<\/p>\n","protected":false},"author":4,"featured_media":91381,"comment_status":"open","ping_status":"open","sticky":false,"template":"","format":"standard","meta":{"jetpack_post_was_ever_published":false,"_jetpack_newsletter_access":"","_jetpack_dont_email_post_to_subs":false,"_jetpack_newsletter_tier_id":0,"_jetpack_memberships_contains_paywalled_content":false,"_jetpack_memberships_contains_paid_content":false,"footnotes":"","jetpack_publicize_message":"","jetpack_publicize_feature_enabled":true,"jetpack_social_post_already_shared":true,"jetpack_social_options":{"image_generator_settings":{"template":"highway","default_image_id":0,"font":"","enabled":false},"version":2}},"categories":[2],"tags":[295,238,240,265,51,356,489,132,488,255,15,149,95,243],"class_list":["post-91375","post","type-post","status-publish","format-standard","has-post-thumbnail","hentry","category-geral","tag-animais","tag-brasil","tag-camara","tag-diversidade","tag-fazenda","tag-mel","tag-melo","tag-porto-alegre","tag-projeto","tag-projeto-de-lei","tag-rs","tag-sc","tag-sp","tag-vereadores"],"aioseo_notices":[],"jetpack_publicize_connections":[],"jetpack_featured_media_url":"https:\/\/www.jornalja.com.br\/geral\/wp-content\/uploads\/sites\/4\/2021\/12\/fazenda-arado-recorte.png","jetpack_shortlink":"https:\/\/wp.me\/pbKhrD-nLN","jetpack-related-posts":[{"id":91392,"url":"https:\/\/www.jornalja.com.br\/geral\/condominio-na-fazenda-arado-todas-as-emendas-da-oposicao-foram-rejeitadas\/","url_meta":{"origin":91375,"position":0},"title":"Condominio na Fazenda Arado: todas as emendas da oposi\u00e7\u00e3o foram rejeitadas","author":"da Reda\u00e7\u00e3o","date":"21 de dezembro de 2021","format":false,"excerpt":"Foto: Ederson Nunes\/CMPA) A C\u00e2mara Municipal de Porto Alegre aprovou, em sess\u00e3o extraordin\u00e1ria na\u00a0 segunda-feira (20\/12), o projeto que viabiliza a instala\u00e7\u00e3o do empreendimento \u201cFazenda Arado Velho\u201d na Regi\u00e3o Sul de Porto Alegre. O projeto do Executivo altera o regime urban\u00edstico daquela \u00e1rea no Plano Diretor de Desenvolvimento Urbano Ambiental\u2026","rel":"","context":"Em &quot;Geral-MAT\u00c9RIA&quot;","block_context":{"text":"Geral-MAT\u00c9RIA","link":"https:\/\/www.jornalja.com.br\/geral\/category\/geral\/"},"img":{"alt_text":"","src":"https:\/\/i0.wp.com\/www.jornalja.com.br\/geral\/wp-content\/uploads\/sites\/4\/2021\/12\/fazenda-do-arado-foto-pmpa.jpg?resize=350%2C200&ssl=1","width":350,"height":200,"srcset":"https:\/\/i0.wp.com\/www.jornalja.com.br\/geral\/wp-content\/uploads\/sites\/4\/2021\/12\/fazenda-do-arado-foto-pmpa.jpg?resize=350%2C200&ssl=1 1x, https:\/\/i0.wp.com\/www.jornalja.com.br\/geral\/wp-content\/uploads\/sites\/4\/2021\/12\/fazenda-do-arado-foto-pmpa.jpg?resize=525%2C300&ssl=1 1.5x"},"classes":[]},{"id":91023,"url":"https:\/\/www.jornalja.com.br\/geral\/plano-diretor-revitalizacao-do-centro-inicia-serie-de-projetos-que-fatiam-a-reforma\/","url_meta":{"origin":91375,"position":1},"title":"Plano Diretor: revitaliza\u00e7\u00e3o do centro inicia s\u00e9rie de projetos que fatiam a reforma","author":"Felipe Uhr","date":"22 de novembro de 2021","format":false,"excerpt":"Com atraso de dois anos, a revis\u00e3o do Plano Diretor de Porto Alegre come\u00e7ar\u00e1 em fatias. Tr\u00eas projetos j\u00e1 est\u00e3o em tramita\u00e7\u00e3o na C\u00e2mara de Vereadores propondo altera\u00e7\u00f5es no regime urban\u00edstico da cidade para abrir caminho para grandes projetos imobili\u00e1rios. Centro Hist\u00f3rico ser\u00e1 o primeiro da lista Anunciado em mar\u00e7o,\u2026","rel":"","context":"Em &quot;Geral-MAT\u00c9RIA&quot;","block_context":{"text":"Geral-MAT\u00c9RIA","link":"https:\/\/www.jornalja.com.br\/geral\/category\/geral\/"},"img":{"alt_text":"","src":"https:\/\/i0.wp.com\/www.jornalja.com.br\/geral\/wp-content\/uploads\/sites\/4\/2021\/11\/ede-7318.jpg?resize=350%2C200&ssl=1","width":350,"height":200,"srcset":"https:\/\/i0.wp.com\/www.jornalja.com.br\/geral\/wp-content\/uploads\/sites\/4\/2021\/11\/ede-7318.jpg?resize=350%2C200&ssl=1 1x, https:\/\/i0.wp.com\/www.jornalja.com.br\/geral\/wp-content\/uploads\/sites\/4\/2021\/11\/ede-7318.jpg?resize=525%2C300&ssl=1 1.5x"},"classes":[]},{"id":100403,"url":"https:\/\/www.jornalja.com.br\/geral\/plano-diretor-de-porto-alegre-mpc-pede-suspensao-do-projeto-em-votacao-na-camara\/","url_meta":{"origin":91375,"position":2},"title":"Plano Diretor de Porto Alegre: MPC pede suspens\u00e3o da vota\u00e7\u00e3o do projeto","author":"da Reda\u00e7\u00e3o","date":"17 de dezembro de 2025","format":false,"excerpt":"O Minist\u00e9rio P\u00fablico de Contas (MPC) pediu a suspens\u00e3o do projeto de lei que revisa o Plano Diretor de Porto Alegre, em tramita\u00e7\u00e3o na C\u00e2mara de Vereadores.. Ind\u00edcios de irregularidades na elei\u00e7\u00e3o do Conselho Municipal de Desenvolvimento Urbano e Ambiental (CMDUA) justificam o pedido. Na representa\u00e7\u00e3o, protocolada na sexta, 12\/12,\u2026","rel":"","context":"Em &quot;Geral-MAT\u00c9RIA&quot;","block_context":{"text":"Geral-MAT\u00c9RIA","link":"https:\/\/www.jornalja.com.br\/geral\/category\/geral\/"},"img":{"alt_text":"","src":"https:\/\/i0.wp.com\/www.jornalja.com.br\/geral\/wp-content\/uploads\/sites\/4\/2025\/12\/plano-diretor-forum.jpg?resize=350%2C200&ssl=1","width":350,"height":200,"srcset":"https:\/\/i0.wp.com\/www.jornalja.com.br\/geral\/wp-content\/uploads\/sites\/4\/2025\/12\/plano-diretor-forum.jpg?resize=350%2C200&ssl=1 1x, https:\/\/i0.wp.com\/www.jornalja.com.br\/geral\/wp-content\/uploads\/sites\/4\/2025\/12\/plano-diretor-forum.jpg?resize=525%2C300&ssl=1 1.5x"},"classes":[]},{"id":89022,"url":"https:\/\/www.jornalja.com.br\/geral\/plano-diretor-de-porto-alegre-revisao-sera-adiada-mais-uma-vez-para-2022\/","url_meta":{"origin":91375,"position":3},"title":"Plano Diretor de Porto Alegre: revis\u00e3o ser\u00e1 adiada mais uma vez, para 2022","author":"Felipe Uhr","date":"29 de julho de 2021","format":false,"excerpt":"A revis\u00e3o do Plano Diretor de Desenvolvimento Urbano Ambiental (PDDUA) de Porto Alegre ficar\u00e1 para 2022. Quem confirmou foi o assessor especial do Gabinete do Prefeito, Reginaldo Pujol. \"Seria um crime contra a cidade. Temos que ouvir as pessoas\" comentou o ex-vereador e agora integrante da equipe que revisa o\u2026","rel":"","context":"Em &quot;Geral-MAT\u00c9RIA&quot;","block_context":{"text":"Geral-MAT\u00c9RIA","link":"https:\/\/www.jornalja.com.br\/geral\/category\/geral\/"},"img":{"alt_text":"","src":"https:\/\/i0.wp.com\/www.jornalja.com.br\/geral\/wp-content\/uploads\/sites\/4\/2021\/07\/180921-luciano-lanes-pmpa-01-e1638539332293.jpg?resize=350%2C200&ssl=1","width":350,"height":200,"srcset":"https:\/\/i0.wp.com\/www.jornalja.com.br\/geral\/wp-content\/uploads\/sites\/4\/2021\/07\/180921-luciano-lanes-pmpa-01-e1638539332293.jpg?resize=350%2C200&ssl=1 1x, https:\/\/i0.wp.com\/www.jornalja.com.br\/geral\/wp-content\/uploads\/sites\/4\/2021\/07\/180921-luciano-lanes-pmpa-01-e1638539332293.jpg?resize=525%2C300&ssl=1 1.5x, https:\/\/i0.wp.com\/www.jornalja.com.br\/geral\/wp-content\/uploads\/sites\/4\/2021\/07\/180921-luciano-lanes-pmpa-01-e1638539332293.jpg?resize=700%2C400&ssl=1 2x"},"classes":[]},{"id":100366,"url":"https:\/\/www.jornalja.com.br\/geral\/camara-comeca-a-votar-o-novo-plano-diretor-de-porto-alegre-vai-destruir-os-nossos-bairros\/","url_meta":{"origin":91375,"position":4},"title":"C\u00e2mara come\u00e7a  a votar o novo Plano Diretor de Porto Alegre: &#8220;Vai destruir os nossos bairros&#8221;","author":"Elmar Bones","date":"9 de dezembro de 2025","format":false,"excerpt":"A C\u00e2mara de Vereadores vota nesta quarta-feira, 10\/12 o relat\u00f3rio da Comiss\u00e3o Especial que analisou o projeto de revis\u00e3o do Plano Diretor de Porto Alegre. \u00c9 o primeiro passo para a valida\u00e7\u00e3o do plano, que o prefeito Sebasti\u00e3o Melo quer ver aprovado\u00a0 ainda este ano. Na verdade, n\u00e3o \u00e9 uma\u2026","rel":"","context":"Em &quot;Geral-MAT\u00c9RIA&quot;","block_context":{"text":"Geral-MAT\u00c9RIA","link":"https:\/\/www.jornalja.com.br\/geral\/category\/geral\/"},"img":{"alt_text":"","src":"","width":0,"height":0},"classes":[]},{"id":101113,"url":"https:\/\/www.jornalja.com.br\/geral\/chefe-do-mp-rs-plano-diretor-de-porto-alegre-e-mais-voltado-para-construcao-que-para-prevenir-enchentes\/","url_meta":{"origin":91375,"position":5},"title":"Chefe do MP-RS: \u201cPlano Diretor de Porto Alegre \u00e9 mais voltado para constru\u00e7\u00e3o que para prevenir enchentes&#8221;","author":"da Reda\u00e7\u00e3o","date":"21 de abril de 2026","format":false,"excerpt":"O projeto do novo Plano Diretor de Porto Alegre, que tramita h\u00e1 mais de ano e est\u00e1 em fase final de vota\u00e7\u00e3o na C\u00e2mara Municipal, tem indicativos de aprova\u00e7\u00e3o, pela for\u00e7a da maioria que o prefeito Sebasti\u00e3o Melo tem no legislativo. J\u00e1, estudos do Minist\u00e9rio P\u00fablico apontam \"falhas jur\u00eddicas\" no\u2026","rel":"","context":"Em &quot;Geral-MAT\u00c9RIA&quot;","block_context":{"text":"Geral-MAT\u00c9RIA","link":"https:\/\/www.jornalja.com.br\/geral\/category\/geral\/"},"img":{"alt_text":"","src":"https:\/\/i0.wp.com\/www.jornalja.com.br\/geral\/wp-content\/uploads\/sites\/4\/2026\/04\/whatsapp-image-2026-04-01-at-164602-1536x1023-1.jpeg?resize=350%2C200&ssl=1","width":350,"height":200,"srcset":"https:\/\/i0.wp.com\/www.jornalja.com.br\/geral\/wp-content\/uploads\/sites\/4\/2026\/04\/whatsapp-image-2026-04-01-at-164602-1536x1023-1.jpeg?resize=350%2C200&ssl=1 1x, https:\/\/i0.wp.com\/www.jornalja.com.br\/geral\/wp-content\/uploads\/sites\/4\/2026\/04\/whatsapp-image-2026-04-01-at-164602-1536x1023-1.jpeg?resize=525%2C300&ssl=1 1.5x, https:\/\/i0.wp.com\/www.jornalja.com.br\/geral\/wp-content\/uploads\/sites\/4\/2026\/04\/whatsapp-image-2026-04-01-at-164602-1536x1023-1.jpeg?resize=700%2C400&ssl=1 2x, https:\/\/i0.wp.com\/www.jornalja.com.br\/geral\/wp-content\/uploads\/sites\/4\/2026\/04\/whatsapp-image-2026-04-01-at-164602-1536x1023-1.jpeg?resize=1050%2C600&ssl=1 3x, https:\/\/i0.wp.com\/www.jornalja.com.br\/geral\/wp-content\/uploads\/sites\/4\/2026\/04\/whatsapp-image-2026-04-01-at-164602-1536x1023-1.jpeg?resize=1400%2C800&ssl=1 4x"},"classes":[]}],"jetpack_sharing_enabled":true,"_links":{"self":[{"href":"https:\/\/www.jornalja.com.br\/geral\/wp-json\/wp\/v2\/posts\/91375","targetHints":{"allow":["GET"]}}],"collection":[{"href":"https:\/\/www.jornalja.com.br\/geral\/wp-json\/wp\/v2\/posts"}],"about":[{"href":"https:\/\/www.jornalja.com.br\/geral\/wp-json\/wp\/v2\/types\/post"}],"author":[{"embeddable":true,"href":"https:\/\/www.jornalja.com.br\/geral\/wp-json\/wp\/v2\/users\/4"}],"replies":[{"embeddable":true,"href":"https:\/\/www.jornalja.com.br\/geral\/wp-json\/wp\/v2\/comments?post=91375"}],"version-history":[{"count":5,"href":"https:\/\/www.jornalja.com.br\/geral\/wp-json\/wp\/v2\/posts\/91375\/revisions"}],"predecessor-version":[{"id":91390,"href":"https:\/\/www.jornalja.com.br\/geral\/wp-json\/wp\/v2\/posts\/91375\/revisions\/91390"}],"wp:featuredmedia":[{"embeddable":true,"href":"https:\/\/www.jornalja.com.br\/geral\/wp-json\/wp\/v2\/media\/91381"}],"wp:attachment":[{"href":"https:\/\/www.jornalja.com.br\/geral\/wp-json\/wp\/v2\/media?parent=91375"}],"wp:term":[{"taxonomy":"category","embeddable":true,"href":"https:\/\/www.jornalja.com.br\/geral\/wp-json\/wp\/v2\/categories?post=91375"},{"taxonomy":"post_tag","embeddable":true,"href":"https:\/\/www.jornalja.com.br\/geral\/wp-json\/wp\/v2\/tags?post=91375"}],"curies":[{"name":"wp","href":"https:\/\/api.w.org\/{rel}","templated":true}]}}