{"id":91392,"date":"2021-12-21T10:59:14","date_gmt":"2021-12-21T13:59:14","guid":{"rendered":"https:\/\/www.jornalja.com.br\/geral\/?p=91392"},"modified":"2021-12-21T10:59:14","modified_gmt":"2021-12-21T13:59:14","slug":"condominio-na-fazenda-arado-todas-as-emendas-da-oposicao-foram-rejeitadas","status":"publish","type":"post","link":"https:\/\/www.jornalja.com.br\/geral\/condominio-na-fazenda-arado-todas-as-emendas-da-oposicao-foram-rejeitadas\/","title":{"rendered":"Condominio na Fazenda Arado: todas as emendas da oposi\u00e7\u00e3o foram rejeitadas"},"content":{"rendered":"<p>Foto: Ederson Nunes\/CMPA)<\/p>\n<p>A C\u00e2mara Municipal de Porto Alegre aprovou, em sess\u00e3o extraordin\u00e1ria na\u00a0 segunda-feira (20\/12), o projeto que viabiliza a instala\u00e7\u00e3o do empreendimento \u201cFazenda Arado Velho\u201d na Regi\u00e3o Sul de Porto Alegre.<\/p>\n<p>O projeto do Executivo altera o regime urban\u00edstico daquela \u00e1rea no Plano Diretor de Desenvolvimento Urbano Ambiental (PDDUA) e estabelece contrapartidas do empreendimento para fins de parcelamento de solo.<\/p>\n<p>Foram 24 votos favor\u00e1veis e 12 contr\u00e1rios \u00e0 proposta. Apenas uma das nove emendas foi aprovada, al\u00e9m da Mensagem Retificativa do prefeito ao projeto.<\/p>\n<p>Al\u00e9m de redefinir o regime urban\u00edstico, a proposta altera limites, exclui e renomeia subunidades constantes na\u00a0Lei Complementar n\u00ba 434, de 1\u00b0 de dezembro de 1999, que estabeleceu o PPDUA e revoga a\u00a0Lei Complementar n\u00ba 780, de 20 de novembro de 2015.<\/p>\n<p><strong>Contrapartidas<\/strong><\/p>\n<p>Os empreendedores ser\u00e3o respons\u00e1veis, a t\u00edtulo de contrapartida, por:<\/p>\n<ul>\n<li>Elabora\u00e7\u00e3o de projeto urban\u00edstico de qualifica\u00e7\u00e3o da Orla do Gua\u00edba em Bel\u00e9m Novo, da Pra\u00e7a Camping do Veludo at\u00e9 a Pra\u00e7a In\u00e1cio Martins da Silva;<\/li>\n<li>Doa\u00e7\u00e3o antecipada, ao Departamento Municipal de \u00c1guas e Esgotos (Dmae), de lote destinado \u00e0 instala\u00e7\u00e3o de Esta\u00e7\u00e3o de Tratamento de \u00c1gua (ETA);<\/li>\n<li>Qualifica\u00e7\u00e3o das Unidades de Sa\u00fade Bel\u00e9m Novo, na rua Flor\u00eancia Faria 195, e Paulo Vi\u00e1ro I e II, na Estrada do Lami 4288, todas as interven\u00e7\u00f5es e equipamentos com manuten\u00e7\u00e3o garantida por cinco anos a contar da data de recebimento pelo munic\u00edpio.<\/li>\n<\/ul>\n<p><strong>Mensagem retificativa<\/strong><\/p>\n<p>Foi aprovada com 21 votos favor\u00e1veis e 11 contr\u00e1rios a Mensagem Retificativa enviada pelo governo municipal que corrigia um erro de digita\u00e7\u00e3o do projeto, adequando a reda\u00e7\u00e3o da proposta.<\/p>\n<p><strong>Emendas<\/strong><\/p>\n<p>Emenda 1, de autoria do vereador Airto Ferronato (PSB), foi rejeitada com 21 votos contr\u00e1rios e 12 favor\u00e1veis.<\/p>\n<p>Ela determinava a preserva\u00e7\u00e3o da \u00e1rea p\u00fablica junto \u00e0 Orla, com largura m\u00ednima de 60 metros, com acesso universal \u00e0 popula\u00e7\u00e3o, n\u00e3o podendo ser efetuado aterro no Gua\u00edba.<\/p>\n<p>Emenda 2, de autoria da Bancada de Oposi\u00e7\u00e3o, foi rejeitada por 22 votos a 12.<\/p>\n<p>Condicionava o projeto \u00e0 realiza\u00e7\u00e3o de estudos socioambientais para o licenciamento da \u00e1rea em sua completude, assim como das subunidades descritas no presente diploma legal.<\/p>\n<p>Emenda 3, tamb\u00e9m da Bancada de Oposi\u00e7\u00e3o, foi rejeitada por 23 a 11.<\/p>\n<p>A emenda determinava que a entrada em vigor da Lei Complementar estaria condicionada \u00e0 ratifica\u00e7\u00e3o da altera\u00e7\u00e3o do regime urban\u00edstico ora tratado na revis\u00e3o do Plano Diretor de Desenvolvimento Urbano e Ambiental (PDDUA) de Porto Alegre.<\/p>\n<p>Emenda 4, de autoria do vereador Aldacir Oliboni (PT), foi rejeitada por 12 votos a 22.<\/p>\n<p>Ela inseria, no rol de contrapartidas, a constru\u00e7\u00e3o e manuten\u00e7\u00e3o por, pelo menos, 10 anos, de infraestrutura de lazer e cultura para a comunidade local na orla de Bel\u00e9m Novo contendo, no m\u00ednimo, \u00e1reas com chuveiros, banheiros, churrasqueiras, Wi-Fi livre e palco para apresenta\u00e7\u00f5es culturais, entre outros equipamentos;<\/p>\n<p>Obrigava que pelo menos 50% dos trabalhadores que realizar\u00e3o a constru\u00e7\u00e3o e manuten\u00e7\u00e3o das obras sejam residentes nos bairros da zona sul de Porto Alegre e garantia o acesso p\u00fablico \u00e0 orla, vedando a cobran\u00e7a de quaisquer taxas, ingressos ou assemelhados, bem como o impedimento de acesso da popula\u00e7\u00e3o em toda sua extens\u00e3o.<\/p>\n<p>Emenda 5, tamb\u00e9m do vereador Aldacir Oliboni (PT), foi rejeitada por 21 votos contr\u00e1rios e 11 favor\u00e1veis.<\/p>\n<p>A emenda condicionava os efeitos da Lei \u00e0 aprova\u00e7\u00e3o da popula\u00e7\u00e3o residente nos bairros afetados mediante consulta plebiscit\u00e1ria.<\/p>\n<p>Emenda 6, da Bancada do PSOL, foi rejeitada por 21 votos a 12.<\/p>\n<p>Ela destacava que o empreendedor da Fazenda do Arado seria respons\u00e1vel pelos danos ambientais de qualquer natureza ocorridos na \u00e1rea. As a\u00e7\u00f5es que se originassem na \u00e1rea da Fazenda do Arado e que apresentassem consequ\u00eancias danosas em regi\u00f5es vizinhas seriam de responsabilidade e suportadas pelo empreendedor adquirente da Fazenda do Arado.<\/p>\n<p>Emenda 7, tamb\u00e9m da Bancada do PSOL, foi rejeitada com 23 votos contr\u00e1rios e 10 favor\u00e1veis. A emenda atrelava a libera\u00e7\u00e3o para a execu\u00e7\u00e3o do empreendimento na Fazenda do Arado \u00e0 oitiva &#8220;efetiva, real e de boa-f\u00e9&#8221; das comunidades ind\u00edgenas que ocupam a regi\u00e3o.<\/p>\n<p>Emenda 8, das vereadoras Bruna Rodrigues e Daiana Santos, ambas do PCdoB, foi rejeitada com 21 votos contr\u00e1rios e 10 favor\u00e1veis.<\/p>\n<p>Ela definia a elabora\u00e7\u00e3o de iniciativas de preserva\u00e7\u00e3o do patrim\u00f4nio e da mem\u00f3ria cultural e hist\u00f3rica da \u00e1rea, com garantia de acesso gratuito ao p\u00fablico.<\/p>\n<p>Emenda 9, da vereadora Cl\u00e1udia Ara\u00fajo (PSD), foi aprovada em vota\u00e7\u00e3o simb\u00f3lica.<\/p>\n<p>Ela coloca como contrapartida ao empreendimento a reforma e amplia\u00e7\u00e3o da estrutura f\u00edsica existente das Unidades de Sa\u00fade do Bel\u00e9m Novo, situada na Rua Flor\u00eancio Faria, 195, e Paulo Viaro I e II, situada na Estrada do Lami, 4288, ambas identificadas no Per\u00edmetro de Interface.<\/p>\n<p>Fonte: Assessoria de Imprensa CMPA<\/p>\n<p>TextoElisandra Borba (reg. prof. 15448)<br \/>\nEdi\u00e7\u00e3oCarlos Scomazzon (reg. prof. 7400)<\/p>\n","protected":false},"excerpt":{"rendered":"<p>Foto: Ederson Nunes\/CMPA) A C\u00e2mara Municipal de Porto Alegre aprovou, em sess\u00e3o extraordin\u00e1ria na\u00a0 segunda-feira (20\/12), o projeto que viabiliza a instala\u00e7\u00e3o do empreendimento \u201cFazenda Arado Velho\u201d na Regi\u00e3o Sul de Porto Alegre. O projeto do Executivo altera o regime urban\u00edstico daquela \u00e1rea no Plano Diretor de Desenvolvimento Urbano Ambiental (PDDUA) e estabelece contrapartidas do [&hellip;]<\/p>\n","protected":false},"author":4,"featured_media":91393,"comment_status":"open","ping_status":"open","sticky":false,"template":"","format":"standard","meta":{"jetpack_post_was_ever_published":false,"_jetpack_newsletter_access":"","_jetpack_dont_email_post_to_subs":false,"_jetpack_newsletter_tier_id":0,"_jetpack_memberships_contains_paywalled_content":false,"_jetpack_memberships_contains_paid_content":false,"footnotes":"","jetpack_publicize_message":"","jetpack_publicize_feature_enabled":true,"jetpack_social_post_already_shared":true,"jetpack_social_options":{"image_generator_settings":{"template":"highway","default_image_id":0,"font":"","enabled":false},"version":2}},"categories":[2],"tags":[],"class_list":["post-91392","post","type-post","status-publish","format-standard","has-post-thumbnail","hentry","category-geral"],"aioseo_notices":[],"jetpack_publicize_connections":[],"jetpack_featured_media_url":"https:\/\/www.jornalja.com.br\/geral\/wp-content\/uploads\/sites\/4\/2021\/12\/fazenda-do-arado-foto-pmpa.jpg","jetpack_shortlink":"https:\/\/wp.me\/pbKhrD-nM4","jetpack-related-posts":[{"id":91375,"url":"https:\/\/www.jornalja.com.br\/geral\/camara-aprova-regime-especial-para-viabilizar-condominio-na-fazenda-do-arado\/","url_meta":{"origin":91392,"position":0},"title":"C\u00e2mara aprova regime especial para viabilizar condom\u00ednio na Fazenda do Arado","author":"da Reda\u00e7\u00e3o","date":"21 de dezembro de 2021","format":false,"excerpt":"Na manh\u00e3 desta segunda feira, 20 de dezembro, a C\u00e2mara de Vereadores de Porto Alegre aprovou \u00a0o Projeto de Lei Complementar do Executivo n\u00ba 024\/21, que \"altera o regime urban\u00edstico para fins de parcelamento de solo da \u00e1rea da Fazenda Arado Velho, na regi\u00e3o Sul da Capital\". Foram 24 votos\u2026","rel":"","context":"Em &quot;Geral-MAT\u00c9RIA&quot;","block_context":{"text":"Geral-MAT\u00c9RIA","link":"https:\/\/www.jornalja.com.br\/geral\/category\/geral\/"},"img":{"alt_text":"","src":"https:\/\/i0.wp.com\/www.jornalja.com.br\/geral\/wp-content\/uploads\/sites\/4\/2021\/12\/fazenda-do-arado-1-450x207.jpg?resize=350%2C200&ssl=1","width":350,"height":200},"classes":[]},{"id":91023,"url":"https:\/\/www.jornalja.com.br\/geral\/plano-diretor-revitalizacao-do-centro-inicia-serie-de-projetos-que-fatiam-a-reforma\/","url_meta":{"origin":91392,"position":1},"title":"Plano Diretor: revitaliza\u00e7\u00e3o do centro inicia s\u00e9rie de projetos que fatiam a reforma","author":"Felipe Uhr","date":"22 de novembro de 2021","format":false,"excerpt":"Com atraso de dois anos, a revis\u00e3o do Plano Diretor de Porto Alegre come\u00e7ar\u00e1 em fatias. Tr\u00eas projetos j\u00e1 est\u00e3o em tramita\u00e7\u00e3o na C\u00e2mara de Vereadores propondo altera\u00e7\u00f5es no regime urban\u00edstico da cidade para abrir caminho para grandes projetos imobili\u00e1rios. Centro Hist\u00f3rico ser\u00e1 o primeiro da lista Anunciado em mar\u00e7o,\u2026","rel":"","context":"Em &quot;Geral-MAT\u00c9RIA&quot;","block_context":{"text":"Geral-MAT\u00c9RIA","link":"https:\/\/www.jornalja.com.br\/geral\/category\/geral\/"},"img":{"alt_text":"","src":"https:\/\/i0.wp.com\/www.jornalja.com.br\/geral\/wp-content\/uploads\/sites\/4\/2021\/11\/ede-7318.jpg?resize=350%2C200&ssl=1","width":350,"height":200,"srcset":"https:\/\/i0.wp.com\/www.jornalja.com.br\/geral\/wp-content\/uploads\/sites\/4\/2021\/11\/ede-7318.jpg?resize=350%2C200&ssl=1 1x, https:\/\/i0.wp.com\/www.jornalja.com.br\/geral\/wp-content\/uploads\/sites\/4\/2021\/11\/ede-7318.jpg?resize=525%2C300&ssl=1 1.5x"},"classes":[]},{"id":101001,"url":"https:\/\/www.jornalja.com.br\/geral\/justica-suspende-obras-de-espigao-na-rua-goncalo-de-carvalho\/","url_meta":{"origin":91392,"position":2},"title":"Justi\u00e7a suspende obras de espig\u00e3o na Rua Gon\u00e7alo de Carvalho","author":"da Reda\u00e7\u00e3o","date":"1 de abril de 2026","format":false,"excerpt":"A ju\u00edza Patr\u00edcia Antunes Laydner, da Vara Regional do Meio Ambiente de Porto Alegre, determinou liminarmente a suspens\u00e3o de qualquer interven\u00e7\u00e3o material que altere o estado atual da \u00e1rea do empreendimento imobili\u00e1rio Tipuanas. A decis\u00e3o estabelece que as empresas respons\u00e1veis se abstenham de iniciar ou dar continuidade \u00e0s obras e\u2026","rel":"","context":"Em &quot;Geral-MAT\u00c9RIA&quot;","block_context":{"text":"Geral-MAT\u00c9RIA","link":"https:\/\/www.jornalja.com.br\/geral\/category\/geral\/"},"img":{"alt_text":"","src":"https:\/\/i0.wp.com\/www.jornalja.com.br\/geral\/wp-content\/uploads\/sites\/4\/2026\/04\/20260228-104423-scaled-1.jpg?resize=350%2C200&ssl=1","width":350,"height":200,"srcset":"https:\/\/i0.wp.com\/www.jornalja.com.br\/geral\/wp-content\/uploads\/sites\/4\/2026\/04\/20260228-104423-scaled-1.jpg?resize=350%2C200&ssl=1 1x, https:\/\/i0.wp.com\/www.jornalja.com.br\/geral\/wp-content\/uploads\/sites\/4\/2026\/04\/20260228-104423-scaled-1.jpg?resize=525%2C300&ssl=1 1.5x, https:\/\/i0.wp.com\/www.jornalja.com.br\/geral\/wp-content\/uploads\/sites\/4\/2026\/04\/20260228-104423-scaled-1.jpg?resize=700%2C400&ssl=1 2x, https:\/\/i0.wp.com\/www.jornalja.com.br\/geral\/wp-content\/uploads\/sites\/4\/2026\/04\/20260228-104423-scaled-1.jpg?resize=1050%2C600&ssl=1 3x"},"classes":[]},{"id":100965,"url":"https:\/\/www.jornalja.com.br\/geral\/debate-o-novo-plano-diretor-respeita-o-direito-a-cidade\/","url_meta":{"origin":91392,"position":3},"title":"Debate: &#8220;O Novo Plano Diretor Respeita o Direito \u00e0 Cidade?&#8221;","author":"da Reda\u00e7\u00e3o","date":"30 de mar\u00e7o de 2026","format":false,"excerpt":"Sul21, Brasil de Fato e IAB-RS promovem um debate sobre o Plano Diretor de Porto Alegre, no dia 30 de mar\u00e7o. O evento \u201cO Novo Plano Diretor Respeita o Direito \u00e0 Cidade?\u201d ser\u00e1 realizado a partir das 19h30, no solar do IAB, que fica na Rua General Canabarro, n\u00ba 363,\u2026","rel":"","context":"Em &quot;Geral-MAT\u00c9RIA&quot;","block_context":{"text":"Geral-MAT\u00c9RIA","link":"https:\/\/www.jornalja.com.br\/geral\/category\/geral\/"},"img":{"alt_text":"","src":"https:\/\/i0.wp.com\/www.jornalja.com.br\/geral\/wp-content\/uploads\/sites\/4\/2026\/03\/ede-8942.jpg?resize=350%2C200&ssl=1","width":350,"height":200,"srcset":"https:\/\/i0.wp.com\/www.jornalja.com.br\/geral\/wp-content\/uploads\/sites\/4\/2026\/03\/ede-8942.jpg?resize=350%2C200&ssl=1 1x, https:\/\/i0.wp.com\/www.jornalja.com.br\/geral\/wp-content\/uploads\/sites\/4\/2026\/03\/ede-8942.jpg?resize=525%2C300&ssl=1 1.5x, https:\/\/i0.wp.com\/www.jornalja.com.br\/geral\/wp-content\/uploads\/sites\/4\/2026\/03\/ede-8942.jpg?resize=700%2C400&ssl=1 2x, https:\/\/i0.wp.com\/www.jornalja.com.br\/geral\/wp-content\/uploads\/sites\/4\/2026\/03\/ede-8942.jpg?resize=1050%2C600&ssl=1 3x, https:\/\/i0.wp.com\/www.jornalja.com.br\/geral\/wp-content\/uploads\/sites\/4\/2026\/03\/ede-8942.jpg?resize=1400%2C800&ssl=1 4x"},"classes":[]},{"id":100886,"url":"https:\/\/www.jornalja.com.br\/geral\/moradores-e-ambientalistas-protestam-contra-espigao-na-goncalo-de-carvalho\/","url_meta":{"origin":91392,"position":4},"title":"Moradores e ambientalistas protestam contra espig\u00e3o na Gon\u00e7alo de Carvalho","author":"da Reda\u00e7\u00e3o","date":"28 de fevereiro de 2026","format":false,"excerpt":"Em manifesta\u00e7\u00e3o neste s\u00e1bado, 28 de fevereiro, cerca de 300 pessoas, entre moradores da rua\u00a0Gon\u00e7alo de Carvalho e ambientalistas, protestaram contra o projeto da construtora Melnick, que pretende erguer\u00a0um pr\u00e9dio de 20 andares e 163 apartamentos na \u00e1rea de estacionamento do Shopping Total. Uma das entradas do novo empreendimento ser\u00e1\u2026","rel":"","context":"Em &quot;Geral-MAT\u00c9RIA&quot;","block_context":{"text":"Geral-MAT\u00c9RIA","link":"https:\/\/www.jornalja.com.br\/geral\/category\/geral\/"},"img":{"alt_text":"","src":"https:\/\/i0.wp.com\/www.jornalja.com.br\/geral\/wp-content\/uploads\/sites\/4\/2026\/02\/protesto-goncalo-de-carvalho-scaled.jpg?resize=350%2C200&ssl=1","width":350,"height":200,"srcset":"https:\/\/i0.wp.com\/www.jornalja.com.br\/geral\/wp-content\/uploads\/sites\/4\/2026\/02\/protesto-goncalo-de-carvalho-scaled.jpg?resize=350%2C200&ssl=1 1x, https:\/\/i0.wp.com\/www.jornalja.com.br\/geral\/wp-content\/uploads\/sites\/4\/2026\/02\/protesto-goncalo-de-carvalho-scaled.jpg?resize=525%2C300&ssl=1 1.5x, https:\/\/i0.wp.com\/www.jornalja.com.br\/geral\/wp-content\/uploads\/sites\/4\/2026\/02\/protesto-goncalo-de-carvalho-scaled.jpg?resize=700%2C400&ssl=1 2x, https:\/\/i0.wp.com\/www.jornalja.com.br\/geral\/wp-content\/uploads\/sites\/4\/2026\/02\/protesto-goncalo-de-carvalho-scaled.jpg?resize=1050%2C600&ssl=1 3x, https:\/\/i0.wp.com\/www.jornalja.com.br\/geral\/wp-content\/uploads\/sites\/4\/2026\/02\/protesto-goncalo-de-carvalho-scaled.jpg?resize=1400%2C800&ssl=1 4x"},"classes":[]},{"id":89022,"url":"https:\/\/www.jornalja.com.br\/geral\/plano-diretor-de-porto-alegre-revisao-sera-adiada-mais-uma-vez-para-2022\/","url_meta":{"origin":91392,"position":5},"title":"Plano Diretor de Porto Alegre: revis\u00e3o ser\u00e1 adiada mais uma vez, para 2022","author":"Felipe Uhr","date":"29 de julho de 2021","format":false,"excerpt":"A revis\u00e3o do Plano Diretor de Desenvolvimento Urbano Ambiental (PDDUA) de Porto Alegre ficar\u00e1 para 2022. Quem confirmou foi o assessor especial do Gabinete do Prefeito, Reginaldo Pujol. \"Seria um crime contra a cidade. Temos que ouvir as pessoas\" comentou o ex-vereador e agora integrante da equipe que revisa o\u2026","rel":"","context":"Em &quot;Geral-MAT\u00c9RIA&quot;","block_context":{"text":"Geral-MAT\u00c9RIA","link":"https:\/\/www.jornalja.com.br\/geral\/category\/geral\/"},"img":{"alt_text":"","src":"https:\/\/i0.wp.com\/www.jornalja.com.br\/geral\/wp-content\/uploads\/sites\/4\/2021\/07\/180921-luciano-lanes-pmpa-01-e1638539332293.jpg?resize=350%2C200&ssl=1","width":350,"height":200,"srcset":"https:\/\/i0.wp.com\/www.jornalja.com.br\/geral\/wp-content\/uploads\/sites\/4\/2021\/07\/180921-luciano-lanes-pmpa-01-e1638539332293.jpg?resize=350%2C200&ssl=1 1x, https:\/\/i0.wp.com\/www.jornalja.com.br\/geral\/wp-content\/uploads\/sites\/4\/2021\/07\/180921-luciano-lanes-pmpa-01-e1638539332293.jpg?resize=525%2C300&ssl=1 1.5x, https:\/\/i0.wp.com\/www.jornalja.com.br\/geral\/wp-content\/uploads\/sites\/4\/2021\/07\/180921-luciano-lanes-pmpa-01-e1638539332293.jpg?resize=700%2C400&ssl=1 2x"},"classes":[]}],"jetpack_sharing_enabled":true,"_links":{"self":[{"href":"https:\/\/www.jornalja.com.br\/geral\/wp-json\/wp\/v2\/posts\/91392","targetHints":{"allow":["GET"]}}],"collection":[{"href":"https:\/\/www.jornalja.com.br\/geral\/wp-json\/wp\/v2\/posts"}],"about":[{"href":"https:\/\/www.jornalja.com.br\/geral\/wp-json\/wp\/v2\/types\/post"}],"author":[{"embeddable":true,"href":"https:\/\/www.jornalja.com.br\/geral\/wp-json\/wp\/v2\/users\/4"}],"replies":[{"embeddable":true,"href":"https:\/\/www.jornalja.com.br\/geral\/wp-json\/wp\/v2\/comments?post=91392"}],"version-history":[{"count":1,"href":"https:\/\/www.jornalja.com.br\/geral\/wp-json\/wp\/v2\/posts\/91392\/revisions"}],"predecessor-version":[{"id":91394,"href":"https:\/\/www.jornalja.com.br\/geral\/wp-json\/wp\/v2\/posts\/91392\/revisions\/91394"}],"wp:featuredmedia":[{"embeddable":true,"href":"https:\/\/www.jornalja.com.br\/geral\/wp-json\/wp\/v2\/media\/91393"}],"wp:attachment":[{"href":"https:\/\/www.jornalja.com.br\/geral\/wp-json\/wp\/v2\/media?parent=91392"}],"wp:term":[{"taxonomy":"category","embeddable":true,"href":"https:\/\/www.jornalja.com.br\/geral\/wp-json\/wp\/v2\/categories?post=91392"},{"taxonomy":"post_tag","embeddable":true,"href":"https:\/\/www.jornalja.com.br\/geral\/wp-json\/wp\/v2\/tags?post=91392"}],"curies":[{"name":"wp","href":"https:\/\/api.w.org\/{rel}","templated":true}]}}