{"id":91422,"date":"2021-12-22T23:01:19","date_gmt":"2021-12-23T02:01:19","guid":{"rendered":"https:\/\/www.jornalja.com.br\/geral\/?p=91422"},"modified":"2021-12-25T09:43:11","modified_gmt":"2021-12-25T12:43:11","slug":"telescopio-de-10-bilhoes-de-dolares-sera-lancado-no-natal-para-explorar-as-origens-do-universo","status":"publish","type":"post","link":"https:\/\/www.jornalja.com.br\/geral\/telescopio-de-10-bilhoes-de-dolares-sera-lancado-no-natal-para-explorar-as-origens-do-universo\/","title":{"rendered":"Telesc\u00f3pio de 10 bilh\u00f5es de d\u00f3lares ser\u00e1 lan\u00e7ado no Natal para explorar as origens do universo"},"content":{"rendered":"<p>O telesc\u00f3pio James Webb, o maior e mais potente instrumento de observa\u00e7\u00e3o j\u00e1 constru\u00eddo, ser\u00e1 lan\u00e7ado ao espa\u00e7o neste dia 25, para\u00a0 explorar as origens do Universo.<\/p>\n<p>A decolagem ser\u00e1 em &#8220;uma janela de lan\u00e7amento que come\u00e7a \u00e0s 12h20min GMT,\u00a0 e durar\u00e1 32 minutos, segundo informou a Ag\u00eancia Espacial Europeia (ESA) nesta quarta-feira, 22.<\/p>\n<p>O telesc\u00f3pio gigante seguir\u00e1 os passos do m\u00edtico Hubble, com a ambi\u00e7\u00e3o de esclarecer duas perguntas essenciais: &#8220;De onde viemos?&#8221; e &#8220;Estamos sozinhos no universo?&#8221;.<\/p>\n<p>Concebido em 1989 e nomeado &#8220;JWST&#8221; (James Webb Space Telescope, em homenagem a um ex-diretor da Nasa), o telesc\u00f3pio foi desenvolvido em colabora\u00e7\u00e3o com a Ag\u00eancia Espacial Europeia (ESA) e a Ag\u00eancia Espacial Canadense (CSA).<\/p>\n<p>Seu projeto foi marcado por muitos problemas que adiaram o lan\u00e7amento durante anos e que quadruplicaram os custos iniciais, que hoje chegam aos 10 bilh\u00f5es de d\u00f3lares.<\/p>\n<p>O aparelho foi fabricado nos Estados Unidos e seu lan\u00e7amento acontecer\u00e1 em Kourou, na Guiana Francesa, a bordo de um foguete Ariane 5.<\/p>\n<p>&#8220;Estamos muito emocionados, esperamos este momento h\u00e1 muito tempo&#8221;, declarou Pierre Ferruit, um dos cientistas encarregados do projeto do telesc\u00f3pio na ag\u00eancia ESA.<\/p>\n<p>Para Ferruit, assim como para muitos outros cientistas e engenheiros, esta miss\u00e3o representa uma conquista na carreira.<\/p>\n<p>A lista de espera para acessar os hor\u00e1rios de observa\u00e7\u00e3o cresce e a ag\u00eancia ESA j\u00e1 recebeu mais de 1.000 solicita\u00e7\u00f5es s\u00f3 para o primeiro ano de funcionamento.<\/p>\n<p>Para o cientista, isso mostra que &#8220;as quest\u00f5es pelas quais o &#8216;Webb&#8217; foi concebido continuam sendo atuais, &#8220;30 anos depois&#8221;.<\/p>\n<p>Este &#8220;observat\u00f3rio generalista&#8221;, incompar\u00e1vel, tanto em tamanho e em complexidade, est\u00e1 equipado com um imenso espelho composto por 18 segmentos hexagonais. Seu di\u00e2metro \u00e9 de 6,5 metros, tr\u00eas vezes o do Hubble.<\/p>\n<p>O espelho \u00e9 t\u00e3o grande que precisou ser dobrado como um origami para ser colocado na nave que o levar\u00e1 ao espa\u00e7o. Assim que chegar ao seu destino, a opera\u00e7\u00e3o para coloc\u00e1-lo na posi\u00e7\u00e3o ser\u00e1 extremamente delicada, j\u00e1 que seu guarda-sol \u00e9 do tamanho de uma quadra de t\u00eanis.<\/p>\n<p>Este &#8220;gigante&#8221; ser\u00e1 colocado na \u00f3rbita do Sol, a cerca de 1,5 milh\u00e3o de quil\u00f4metros da Terra, ultrapassando de longe o Hubble, situado a &#8220;apenas&#8221; 600 km do nosso planeta.<\/p>\n<p>A localiza\u00e7\u00e3o do Webb, conhecida como Lagrange 2, foi minuciosamente escolhida. Sua posi\u00e7\u00e3o permite que &#8220;a Terra, o Sol e a Lua estejam situados do mesmo lado de seu guarda-sol, o que lhe permite permanecer na escurid\u00e3o e sob um grande frio&#8221;, explica Pierre Ferruit.<\/p>\n<p>Deste modo, o telesc\u00f3pio ficar\u00e1 protegido de qualquer perturba\u00e7\u00e3o, condi\u00e7\u00e3o indispens\u00e1vel para sua grande miss\u00e3o: rastrear o mundo invis\u00edvel dos raios infravermelhos, um espectro ao qual o Hubble n\u00e3o tem acesso.<\/p>\n<p>A lista de espera para acessar os hor\u00e1rios de observa\u00e7\u00e3o cresce e a ag\u00eancia ESA j\u00e1 recebeu mais de 1.000 solicita\u00e7\u00f5es s\u00f3 para o primeiro ano de funcionamento.<\/p>\n<p>Para os cientistas, isso mostra que &#8220;as quest\u00f5es pelas quais o &#8216;Webb&#8217; foi concebido continuam sendo atuais, &#8220;20 anos depois&#8221;.<\/p>\n<p>Este &#8220;observat\u00f3rio generalista&#8221;, incompar\u00e1vel, tanto em tamanho e em complexidade, est\u00e1 equipado com um imenso espelho composto por 18 segmentos hexagonais. Seu di\u00e2metro \u00e9 de 6,5 metros, tr\u00eas vezes o do Hubble.<\/p>\n<p>O espelho \u00e9 t\u00e3o grande que precisou ser dobrado como um origami para ser colocado na nave que o levar\u00e1 ao espa\u00e7o. Assim que chegar ao seu destino, a opera\u00e7\u00e3o para coloc\u00e1-lo na posi\u00e7\u00e3o ser\u00e1 extremamente delicada, j\u00e1 que seu guarda-sol \u00e9 do tamanho de uma quadra de t\u00eanis.<\/p>\n<p>Este &#8220;gigante&#8221; ser\u00e1 colocado na \u00f3rbita do Sol, a cerca de 1,5 milh\u00e3o de quil\u00f4metros da Terra, ultrapassando de longe o Hubble, situado a &#8220;apenas&#8221; 600 km do nosso planeta.<\/p>\n<p>A localiza\u00e7\u00e3o do Webb, conhecida como Lagrange 2, foi minuciosamente escolhida. Sua posi\u00e7\u00e3o permite que &#8220;a Terra, o Sol e a Lua estejam situados do mesmo lado de seu guarda-sol, o que lhe permite permanecer na escurid\u00e3o e sob um grande frio&#8221;, explica Pierre Ferruit.<\/p>\n<p>Deste modo, o telesc\u00f3pio ficar\u00e1 protegido de qualquer perturba\u00e7\u00e3o, condi\u00e7\u00e3o indispens\u00e1vel para sua grande miss\u00e3o: rastrear o mundo invis\u00edvel dos raios infravermelhos, um espectro ao qual o Hubble n\u00e3o tem acesso.<\/p>\n","protected":false},"excerpt":{"rendered":"<p>O telesc\u00f3pio James Webb, o maior e mais potente instrumento de observa\u00e7\u00e3o j\u00e1 constru\u00eddo, ser\u00e1 lan\u00e7ado ao espa\u00e7o neste dia 25, para\u00a0 explorar as origens do Universo. A decolagem ser\u00e1 em &#8220;uma janela de lan\u00e7amento que come\u00e7a \u00e0s 12h20min GMT,\u00a0 e durar\u00e1 32 minutos, segundo informou a Ag\u00eancia Espacial Europeia (ESA) nesta quarta-feira, 22. O [&hellip;]<\/p>\n","protected":false},"author":4,"featured_media":91423,"comment_status":"open","ping_status":"open","sticky":false,"template":"","format":"standard","meta":{"jetpack_post_was_ever_published":false,"_jetpack_newsletter_access":"","_jetpack_dont_email_post_to_subs":false,"_jetpack_newsletter_tier_id":0,"_jetpack_memberships_contains_paywalled_content":false,"_jetpack_memberships_contains_paid_content":false,"footnotes":"","jetpack_publicize_message":"","jetpack_publicize_feature_enabled":true,"jetpack_social_post_already_shared":true,"jetpack_social_options":{"image_generator_settings":{"template":"highway","default_image_id":0,"font":"","enabled":false},"version":2}},"categories":[2],"tags":[],"class_list":["post-91422","post","type-post","status-publish","format-standard","has-post-thumbnail","hentry","category-geral"],"aioseo_notices":[],"jetpack_publicize_connections":[],"jetpack_featured_media_url":"https:\/\/www.jornalja.com.br\/geral\/wp-content\/uploads\/sites\/4\/2021\/12\/telescopio-2.png","jetpack_shortlink":"https:\/\/wp.me\/pbKhrD-nMy","jetpack-related-posts":[{"id":95532,"url":"https:\/\/www.jornalja.com.br\/geral\/chineses-substituem-tripulacao-em-estacao-espacial\/","url_meta":{"origin":91422,"position":0},"title":"Chineses substituem tripula\u00e7\u00e3o em esta\u00e7\u00e3o espacial","author":"da Reda\u00e7\u00e3o","date":"5 de junho de 2023","format":false,"excerpt":"Chegaram a Pequim neste domingo, 4, os tr\u00eas astronautas da espa\u00e7onave tripulada Shenzhou-15, ap\u00f3s o seu regresso seguro \u00e0 Terra, depois da miss\u00e3o de seis meses na esta\u00e7\u00e3o espacial. A tripula\u00e7\u00e3o entrar\u00e1 em um per\u00edodo de quarentena m\u00e9dica e passar\u00e1 por exames m\u00e9dicos e avalia\u00e7\u00f5es de sa\u00fade abrangentes, de acordo\u2026","rel":"","context":"Em &quot;Geral-MAT\u00c9RIA&quot;","block_context":{"text":"Geral-MAT\u00c9RIA","link":"https:\/\/www.jornalja.com.br\/geral\/category\/geral\/"},"img":{"alt_text":"","src":"https:\/\/i0.wp.com\/www.jornalja.com.br\/geral\/wp-content\/uploads\/sites\/4\/2023\/06\/china-astronauta-retorna-de-estacao-espacial.png?resize=350%2C200&ssl=1","width":350,"height":200,"srcset":"https:\/\/i0.wp.com\/www.jornalja.com.br\/geral\/wp-content\/uploads\/sites\/4\/2023\/06\/china-astronauta-retorna-de-estacao-espacial.png?resize=350%2C200&ssl=1 1x, https:\/\/i0.wp.com\/www.jornalja.com.br\/geral\/wp-content\/uploads\/sites\/4\/2023\/06\/china-astronauta-retorna-de-estacao-espacial.png?resize=525%2C300&ssl=1 1.5x, https:\/\/i0.wp.com\/www.jornalja.com.br\/geral\/wp-content\/uploads\/sites\/4\/2023\/06\/china-astronauta-retorna-de-estacao-espacial.png?resize=700%2C400&ssl=1 2x"},"classes":[]},{"id":91748,"url":"https:\/\/www.jornalja.com.br\/geral\/as-manchetes-de-um-jornalismo-sem-apetite\/","url_meta":{"origin":91422,"position":1},"title":"As manchetes de um jornalismo sem apetite","author":"Elmar Bones","date":"14 de fevereiro de 2022","format":false,"excerpt":"A semana findou sob o ribombar de manchetes: o governo\u00a0 fechou as contas de 2021 com um super\u00e1vit de 2,5 bilh\u00f5es. N\u00e3o era pra menos. Em 50 anos foi o oitavo em que isso aconteceu no Rio Grande do Sul.. O problema \u00e9 que as manchetes dizem tudo o que\u2026","rel":"","context":"Em &quot;Geral-MAT\u00c9RIA&quot;","block_context":{"text":"Geral-MAT\u00c9RIA","link":"https:\/\/www.jornalja.com.br\/geral\/category\/geral\/"},"img":{"alt_text":"","src":"","width":0,"height":0},"classes":[]},{"id":78232,"url":"https:\/\/www.jornalja.com.br\/geral\/nobel-de-fisica-probabilidades-de-que-haja-vida-no-universo-sao-descomunais\/","url_meta":{"origin":91422,"position":2},"title":"Nobel de F\u00edsica: \u201cProbabilidades de que haja vida no universo s\u00e3o descomunais\u201d\u00a0","author":"Elmar Bones","date":"11 de outubro de 2019","format":false,"excerpt":"O astrof\u00edsico Michel Mayor ficou mundialmente conhecido em 1994, quando anunciou a descoberta da 51 Pegasi, uma estrela a 50 anos-luz da Terra. Naquele mesmo ano, ele confirmou a descoberta do\u00a0primeiro exoplaneta. Michel Mayor e seu assistente Didier Queloz inauguraram um novo campo da astrof\u00edsica. O universo dos \u201cplanetas inconceb\u00edveis\u201d,\u2026","rel":"","context":"Em &quot;Geral-MAT\u00c9RIA&quot;","block_context":{"text":"Geral-MAT\u00c9RIA","link":"https:\/\/www.jornalja.com.br\/geral\/category\/geral\/"},"img":{"alt_text":"","src":"","width":0,"height":0},"classes":[]},{"id":84363,"url":"https:\/\/www.jornalja.com.br\/geral\/china-explora-o-lado-oculto-da-lua\/","url_meta":{"origin":91422,"position":3},"title":"China explora o lado oculto da lua","author":"da Reda\u00e7\u00e3o","date":"29 de junho de 2020","format":false,"excerpt":"O ve\u00edculo explorador chin\u00eas Yutu-2, ou Coelho de Jade-2, percorreu 463 metros no lado oculto da Lua para conduzir a explora\u00e7\u00e3o cient\u00edfica do territ\u00f3rio inexplorado. Tanto o pousador como o ve\u00edculo explorador da sonda chinesa, Chang'e-4, terminaram seu trabalho no 19\u00ba dia lunar, e entraram em modo dormente para a\u2026","rel":"","context":"Em &quot;Geral-NOTAS&quot;","block_context":{"text":"Geral-NOTAS","link":"https:\/\/www.jornalja.com.br\/geral\/category\/geral-notas\/"},"img":{"alt_text":"","src":"https:\/\/i0.wp.com\/www.jornalja.com.br\/geral\/wp-content\/uploads\/sites\/4\/2020\/06\/china-explora-o-lado-oculto-da-lua.jpg?resize=350%2C200&ssl=1","width":350,"height":200,"srcset":"https:\/\/i0.wp.com\/www.jornalja.com.br\/geral\/wp-content\/uploads\/sites\/4\/2020\/06\/china-explora-o-lado-oculto-da-lua.jpg?resize=350%2C200&ssl=1 1x, https:\/\/i0.wp.com\/www.jornalja.com.br\/geral\/wp-content\/uploads\/sites\/4\/2020\/06\/china-explora-o-lado-oculto-da-lua.jpg?resize=525%2C300&ssl=1 1.5x, https:\/\/i0.wp.com\/www.jornalja.com.br\/geral\/wp-content\/uploads\/sites\/4\/2020\/06\/china-explora-o-lado-oculto-da-lua.jpg?resize=700%2C400&ssl=1 2x"},"classes":[]},{"id":95192,"url":"https:\/\/www.jornalja.com.br\/geral\/aproximacao-entre-lula-e-xi-o-mais-importante-da-visita\/","url_meta":{"origin":91422,"position":4},"title":"Aproxima\u00e7\u00e3o entre Lula e Xi,  o mais importante da visita","author":"da Reda\u00e7\u00e3o","date":"16 de abril de 2023","format":false,"excerpt":"O presidente classificou a viagem como \"extraordin\u00e1ria\". Na China, os acordos somaram R$ 50 bilh\u00f5es e, nos Emirados \u00c1rabes, mais de R$ 12 bilh\u00f5es. \"Mais importante do que a soma de dinheiro, \u00e9 a possibilidade de novos acordos. N\u00e3o s\u00f3 do ponto de vista comercial, mas do cultural, digital, educacional\u201d,\u2026","rel":"","context":"Em &quot;Geral-MAT\u00c9RIA&quot;","block_context":{"text":"Geral-MAT\u00c9RIA","link":"https:\/\/www.jornalja.com.br\/geral\/category\/geral\/"},"img":{"alt_text":"","src":"https:\/\/i0.wp.com\/www.jornalja.com.br\/geral\/wp-content\/uploads\/sites\/4\/2023\/04\/lula-com-xi-jinping.jpg?resize=350%2C200&ssl=1","width":350,"height":200,"srcset":"https:\/\/i0.wp.com\/www.jornalja.com.br\/geral\/wp-content\/uploads\/sites\/4\/2023\/04\/lula-com-xi-jinping.jpg?resize=350%2C200&ssl=1 1x, https:\/\/i0.wp.com\/www.jornalja.com.br\/geral\/wp-content\/uploads\/sites\/4\/2023\/04\/lula-com-xi-jinping.jpg?resize=525%2C300&ssl=1 1.5x, https:\/\/i0.wp.com\/www.jornalja.com.br\/geral\/wp-content\/uploads\/sites\/4\/2023\/04\/lula-com-xi-jinping.jpg?resize=700%2C400&ssl=1 2x, https:\/\/i0.wp.com\/www.jornalja.com.br\/geral\/wp-content\/uploads\/sites\/4\/2023\/04\/lula-com-xi-jinping.jpg?resize=1050%2C600&ssl=1 3x"},"classes":[]},{"id":96466,"url":"https:\/\/www.jornalja.com.br\/geral\/manuel-domingos-traz-meio-seculo-de-reflexao-sobre-os-militares\/","url_meta":{"origin":91422,"position":5},"title":"Manuel Domingos traz meio s\u00e9culo de reflex\u00e3o sobre os militares","author":"da Reda\u00e7\u00e3o","date":"6 de outubro de 2023","format":false,"excerpt":"Manuel Domingos Neto, autor do livro \u201cO que fazer com o militar\u201d, participa hoje de debate no audit\u00f3rio da Faculdade de Economia da UFRGS, \u00e0s 19hs, junto com Tatiana Vargas Maia, professora de Rela\u00e7\u00f5es Internacionais, e de Eduardo Munhoz Svartman, professor de Ci\u00eancia Pol\u00edtica e Estudos Estrat\u00e9gicos, ambos da UFRGS.\u2026","rel":"","context":"Em &quot;Geral-MAT\u00c9RIA&quot;","block_context":{"text":"Geral-MAT\u00c9RIA","link":"https:\/\/www.jornalja.com.br\/geral\/category\/geral\/"},"img":{"alt_text":"","src":"https:\/\/i0.wp.com\/www.jornalja.com.br\/geral\/wp-content\/uploads\/sites\/4\/2023\/10\/whatsapp-image-2023-10-02-at-182421.jpeg?resize=350%2C200&ssl=1","width":350,"height":200,"srcset":"https:\/\/i0.wp.com\/www.jornalja.com.br\/geral\/wp-content\/uploads\/sites\/4\/2023\/10\/whatsapp-image-2023-10-02-at-182421.jpeg?resize=350%2C200&ssl=1 1x, https:\/\/i0.wp.com\/www.jornalja.com.br\/geral\/wp-content\/uploads\/sites\/4\/2023\/10\/whatsapp-image-2023-10-02-at-182421.jpeg?resize=525%2C300&ssl=1 1.5x, https:\/\/i0.wp.com\/www.jornalja.com.br\/geral\/wp-content\/uploads\/sites\/4\/2023\/10\/whatsapp-image-2023-10-02-at-182421.jpeg?resize=700%2C400&ssl=1 2x, https:\/\/i0.wp.com\/www.jornalja.com.br\/geral\/wp-content\/uploads\/sites\/4\/2023\/10\/whatsapp-image-2023-10-02-at-182421.jpeg?resize=1050%2C600&ssl=1 3x"},"classes":[]}],"jetpack_sharing_enabled":true,"_links":{"self":[{"href":"https:\/\/www.jornalja.com.br\/geral\/wp-json\/wp\/v2\/posts\/91422","targetHints":{"allow":["GET"]}}],"collection":[{"href":"https:\/\/www.jornalja.com.br\/geral\/wp-json\/wp\/v2\/posts"}],"about":[{"href":"https:\/\/www.jornalja.com.br\/geral\/wp-json\/wp\/v2\/types\/post"}],"author":[{"embeddable":true,"href":"https:\/\/www.jornalja.com.br\/geral\/wp-json\/wp\/v2\/users\/4"}],"replies":[{"embeddable":true,"href":"https:\/\/www.jornalja.com.br\/geral\/wp-json\/wp\/v2\/comments?post=91422"}],"version-history":[{"count":1,"href":"https:\/\/www.jornalja.com.br\/geral\/wp-json\/wp\/v2\/posts\/91422\/revisions"}],"predecessor-version":[{"id":91424,"href":"https:\/\/www.jornalja.com.br\/geral\/wp-json\/wp\/v2\/posts\/91422\/revisions\/91424"}],"wp:featuredmedia":[{"embeddable":true,"href":"https:\/\/www.jornalja.com.br\/geral\/wp-json\/wp\/v2\/media\/91423"}],"wp:attachment":[{"href":"https:\/\/www.jornalja.com.br\/geral\/wp-json\/wp\/v2\/media?parent=91422"}],"wp:term":[{"taxonomy":"category","embeddable":true,"href":"https:\/\/www.jornalja.com.br\/geral\/wp-json\/wp\/v2\/categories?post=91422"},{"taxonomy":"post_tag","embeddable":true,"href":"https:\/\/www.jornalja.com.br\/geral\/wp-json\/wp\/v2\/tags?post=91422"}],"curies":[{"name":"wp","href":"https:\/\/api.w.org\/{rel}","templated":true}]}}