{"id":91448,"date":"2021-12-28T10:49:11","date_gmt":"2021-12-28T13:49:11","guid":{"rendered":"https:\/\/www.jornalja.com.br\/geral\/?p=91448"},"modified":"2021-12-29T22:16:58","modified_gmt":"2021-12-30T01:16:58","slug":"dez-empresas-disputam-contrato-de-66-milhoes-para-coleta-de-lixo-em-porto-alegre","status":"publish","type":"post","link":"https:\/\/www.jornalja.com.br\/geral\/dez-empresas-disputam-contrato-de-66-milhoes-para-coleta-de-lixo-em-porto-alegre\/","title":{"rendered":"Dez empresas disputam contrato de 66 milh\u00f5es para coleta de lixo em Porto Alegre"},"content":{"rendered":"<p>Dez empresas entregaram proposta para assumir a coleta de res\u00edduos s\u00f3lidos urbanos (domiciliares e p\u00fablicos) em Porto Alegr.<\/p>\n<p>S\u00e3o elas:<\/p>\n<p>-Urban Servi\u00e7os e Transportes Ltda;<\/p>\n<p>-Cons\u00f3rcio POA+Limpa;<\/p>\n<p>-Cons\u00f3rcio Porto Alegre Limpa;<\/p>\n<p>-Locar Saneamento Ambiental Ltda;<\/p>\n<p>-Cootravipa (Cooperativa de Trabalho, Produ\u00e7\u00e3o e Comercializa\u00e7\u00e3o dos Trabalhadores Aut\u00f4nomos das Vilas de Porto Alegre);<\/p>\n<p>-Cons\u00f3rcio Porto Alegre Res\u00edduos;<\/p>\n<p>-Sistemma Assessoria e Constru\u00e7\u00f5es Ltda;<\/p>\n<p>-Cons\u00f3rcio Porto Limp;<\/p>\n<p>-Cons\u00f3rcio CK<\/p>\n<p>-Localix Servi\u00e7os Ambientais Ltda.<\/p>\n<p>O primeiro passo \u00e9 a an\u00e1lise da documenta\u00e7\u00e3o e s\u00f3 os \u00a0interessados considerados habilitados ter\u00e3o suas propostas conhecidas.<\/p>\n<p>O tipo da licita\u00e7\u00e3o \u00e9 concorrencial e vencer\u00e1 quem oferecer o\u00a0 menor pre\u00e7o global, com o valor m\u00e1ximo do contrato estipulado em R$ 66,8 milh\u00f5es<\/p>\n<p>H\u00e1 seis meses a coleta \u00e9 feita pela empresa Litucera Limpeza Engenharia, em contrato emergencial. Ela assumiu em junho, quando uma greve de funcion\u00e1rios levou a rescis\u00e3o do contrato com a B.A. Meio Ambiente, que era respons\u00e1vel pelo servi\u00e7o.<\/p>\n<p>Ap\u00f3s o t\u00e9rmino do contrato emergencial de seis meses, a prefeitura assinou novo contrato em car\u00e1ter emergencial com a Litucera, no valor de R$ 28,9 milh\u00f5es, a fim de assegurar a coleta de res\u00edduos domiciliares enquanto a empresa definitiva n\u00e3o \u00e9 escolhida.<\/p>\n<p>Com base nisso, a Litucera Limpeza Engenharia Ltda recorreu \u00e0 Justi\u00e7a tentando suspender a nova licita\u00e7\u00e3o, mas n\u00e3o teve seu pedido aceito. Uma representa\u00e7\u00e3o ao Tribunal de Contas do Estado (TCE-RS) pedindo a impugna\u00e7\u00e3o do edital, tamb\u00e9m n\u00e3o foi atendida, uma vez que o contrato possui uma cl\u00e1usula que prev\u00ea a suspens\u00e3o dos servi\u00e7os quando a licita\u00e7\u00e3o da coleta regular estiver finalizada.<\/p>\n<p>A licita\u00e7\u00e3o prev\u00ea um contrato de cinco anos com a nova prestadora do servi\u00e7o.<\/p>\n<p>&nbsp;<\/p>\n<p>&nbsp;<\/p>\n","protected":false},"excerpt":{"rendered":"<p>Dez empresas entregaram proposta para assumir a coleta de res\u00edduos s\u00f3lidos urbanos (domiciliares e p\u00fablicos) em Porto Alegr. S\u00e3o elas: -Urban Servi\u00e7os e Transportes Ltda; -Cons\u00f3rcio POA+Limpa; -Cons\u00f3rcio Porto Alegre Limpa; -Locar Saneamento Ambiental Ltda; -Cootravipa (Cooperativa de Trabalho, Produ\u00e7\u00e3o e Comercializa\u00e7\u00e3o dos Trabalhadores Aut\u00f4nomos das Vilas de Porto Alegre); -Cons\u00f3rcio Porto Alegre Res\u00edduos; -Sistemma [&hellip;]<\/p>\n","protected":false},"author":4,"featured_media":91449,"comment_status":"open","ping_status":"open","sticky":false,"template":"","format":"standard","meta":{"jetpack_post_was_ever_published":false,"_jetpack_newsletter_access":"","_jetpack_dont_email_post_to_subs":false,"_jetpack_newsletter_tier_id":0,"_jetpack_memberships_contains_paywalled_content":false,"_jetpack_memberships_contains_paid_content":false,"footnotes":"","jetpack_publicize_message":"","jetpack_publicize_feature_enabled":true,"jetpack_social_post_already_shared":true,"jetpack_social_options":{"image_generator_settings":{"template":"highway","default_image_id":0,"font":"","enabled":false},"version":2}},"categories":[2],"tags":[],"class_list":["post-91448","post","type-post","status-publish","format-standard","has-post-thumbnail","hentry","category-geral"],"aioseo_notices":[],"jetpack_publicize_connections":[],"jetpack_featured_media_url":"https:\/\/www.jornalja.com.br\/geral\/wp-content\/uploads\/sites\/4\/2021\/12\/lixo-concorrencia.jpg","jetpack_shortlink":"https:\/\/wp.me\/pbKhrD-nMY","jetpack-related-posts":[{"id":100955,"url":"https:\/\/www.jornalja.com.br\/geral\/pedro-ruas-denuncia-isencoes-abusivas-de-iptu-para-grandes-construtoras\/","url_meta":{"origin":91448,"position":0},"title":"Pedro Ruas denuncia &#8220;isen\u00e7\u00f5es abusivas&#8221; de IPTU para grandes construtoras","author":"da Reda\u00e7\u00e3o","date":"25 de mar\u00e7o de 2026","format":false,"excerpt":"No ano passado, a prefeitura de Porto Alegre deixou de arrecadar R$ 74 milh\u00f5es por isen\u00e7\u00f5es de IPTU. Deste total, R$ 55 milh\u00f5es (74.5%) correspondem a 40 grandes empresas, como a Frapport Brasil, concession\u00e1ria do aeroporto Salgado Filho; o grupo Melnick; a construtora Cyrella; a OAS; e at\u00e9 o Country\u2026","rel":"","context":"Em &quot;Geral-MAT\u00c9RIA&quot;","block_context":{"text":"Geral-MAT\u00c9RIA","link":"https:\/\/www.jornalja.com.br\/geral\/category\/geral\/"},"img":{"alt_text":"","src":"https:\/\/i0.wp.com\/www.jornalja.com.br\/geral\/wp-content\/uploads\/sites\/4\/2026\/03\/lco9398.jpg?resize=350%2C200&ssl=1","width":350,"height":200,"srcset":"https:\/\/i0.wp.com\/www.jornalja.com.br\/geral\/wp-content\/uploads\/sites\/4\/2026\/03\/lco9398.jpg?resize=350%2C200&ssl=1 1x, https:\/\/i0.wp.com\/www.jornalja.com.br\/geral\/wp-content\/uploads\/sites\/4\/2026\/03\/lco9398.jpg?resize=525%2C300&ssl=1 1.5x, https:\/\/i0.wp.com\/www.jornalja.com.br\/geral\/wp-content\/uploads\/sites\/4\/2026\/03\/lco9398.jpg?resize=700%2C400&ssl=1 2x, https:\/\/i0.wp.com\/www.jornalja.com.br\/geral\/wp-content\/uploads\/sites\/4\/2026\/03\/lco9398.jpg?resize=1050%2C600&ssl=1 3x, https:\/\/i0.wp.com\/www.jornalja.com.br\/geral\/wp-content\/uploads\/sites\/4\/2026\/03\/lco9398.jpg?resize=1400%2C800&ssl=1 4x"},"classes":[]},{"id":100773,"url":"https:\/\/www.jornalja.com.br\/geral\/cais-maua-dois-anos-depois-da-concessao-e-incerto-futuro-do-projeto\/","url_meta":{"origin":91448,"position":1},"title":"Cais Mau\u00e1: dois anos depois da concess\u00e3o, \u00e9 incerto futuro do projeto","author":"Elmar Bones","date":"18 de fevereiro de 2026","format":false,"excerpt":"Dois anos depois da concess\u00e3o do Cais Mau\u00e1 a um cons\u00f3rcio privado, \u00e9 incerto o futuro do projeto para devolver \u00e0 popula\u00e7\u00e3o aquela \u00e1rea simb\u00f3lica de Porto Alegre, abandonada h\u00e1 mais de 30 anos. Come\u00e7a que o contrato que formaliza a concess\u00e3o ainda n\u00e3o foi assinado. Em entrevista ao Jornal\u2026","rel":"","context":"Em &quot;Geral-MAT\u00c9RIA&quot;","block_context":{"text":"Geral-MAT\u00c9RIA","link":"https:\/\/www.jornalja.com.br\/geral\/category\/geral\/"},"img":{"alt_text":"","src":"https:\/\/i0.wp.com\/www.jornalja.com.br\/geral\/wp-content\/uploads\/sites\/4\/2026\/02\/cais-armazens2-scaled-1.jpeg?resize=350%2C200&ssl=1","width":350,"height":200,"srcset":"https:\/\/i0.wp.com\/www.jornalja.com.br\/geral\/wp-content\/uploads\/sites\/4\/2026\/02\/cais-armazens2-scaled-1.jpeg?resize=350%2C200&ssl=1 1x, https:\/\/i0.wp.com\/www.jornalja.com.br\/geral\/wp-content\/uploads\/sites\/4\/2026\/02\/cais-armazens2-scaled-1.jpeg?resize=525%2C300&ssl=1 1.5x, https:\/\/i0.wp.com\/www.jornalja.com.br\/geral\/wp-content\/uploads\/sites\/4\/2026\/02\/cais-armazens2-scaled-1.jpeg?resize=700%2C400&ssl=1 2x"},"classes":[]},{"id":90115,"url":"https:\/\/www.jornalja.com.br\/geral\/porto-alegre-vai-gastar-r-21-milhoes-para-limpar-arroios-valas-e-canais\/","url_meta":{"origin":91448,"position":2},"title":"Porto Alegre vai gastar R$ 21 milh\u00f5es para limpar arroios, valas e canais","author":"da Reda\u00e7\u00e3o","date":"21 de setembro de 2021","format":false,"excerpt":"A prefeitura de Porto Alegre anunciou investimentos que chegaram a R$ 21 milh\u00f5es, para dragar e desassorear mais de 73,9 quil\u00f4metros de arroios, valas e canais em um ano no munic\u00edpio. Atrav\u00e9s de preg\u00f5es eletr\u00f4nicos,\u00a0 tr\u00eas empresas foram escolhidas para os servi\u00e7os: Komak M\u00e1quinas e Euipamentos Ltda, Dratec Engenharia Ltda\u2026","rel":"","context":"Em &quot;Geral-MAT\u00c9RIA&quot;","block_context":{"text":"Geral-MAT\u00c9RIA","link":"https:\/\/www.jornalja.com.br\/geral\/category\/geral\/"},"img":{"alt_text":"","src":"https:\/\/i0.wp.com\/www.jornalja.com.br\/geral\/wp-content\/uploads\/sites\/4\/2021\/09\/200813-ll-1500-smsurb-008-2.jpg?resize=350%2C200&ssl=1","width":350,"height":200,"srcset":"https:\/\/i0.wp.com\/www.jornalja.com.br\/geral\/wp-content\/uploads\/sites\/4\/2021\/09\/200813-ll-1500-smsurb-008-2.jpg?resize=350%2C200&ssl=1 1x, https:\/\/i0.wp.com\/www.jornalja.com.br\/geral\/wp-content\/uploads\/sites\/4\/2021\/09\/200813-ll-1500-smsurb-008-2.jpg?resize=525%2C300&ssl=1 1.5x, https:\/\/i0.wp.com\/www.jornalja.com.br\/geral\/wp-content\/uploads\/sites\/4\/2021\/09\/200813-ll-1500-smsurb-008-2.jpg?resize=700%2C400&ssl=1 2x"},"classes":[]},{"id":101182,"url":"https:\/\/www.jornalja.com.br\/geral\/viaduto-restaurado-1-guarda-municipal-vigia-24-horas-para-evitar-pichacoes-antes-da-inauguracao\/","url_meta":{"origin":91448,"position":3},"title":"Viaduto restaurado (1): Guarda Municipal vigia 24 horas para evitar picha\u00e7\u00f5es antes da inaugura\u00e7\u00e3o","author":"Elmar Bones","date":"28 de abril de 2026","format":false,"excerpt":"Desde 1\u00ba de abril, est\u00e1 oficialmente conclu\u00edda a mais completa restaura\u00e7\u00e3o do Viaduto Ot\u00e1vio Rocha, uma das maiores obras vi\u00e1rias e, ao mesmo tempo, o principal monumento de Porto Alegre. Retirados os tapumes e aberto ao p\u00fablico e ao tr\u00e2nsito, o viaduto est\u00e1, desde ent\u00e3o, sob a vigil\u00e2ncia permanente da\u2026","rel":"","context":"Em &quot;Geral-MAT\u00c9RIA&quot;","block_context":{"text":"Geral-MAT\u00c9RIA","link":"https:\/\/www.jornalja.com.br\/geral\/category\/geral\/"},"img":{"alt_text":"","src":"https:\/\/i0.wp.com\/www.jornalja.com.br\/geral\/wp-content\/uploads\/sites\/4\/2026\/04\/img-20260426-160651-scaled.jpg?resize=350%2C200&ssl=1","width":350,"height":200,"srcset":"https:\/\/i0.wp.com\/www.jornalja.com.br\/geral\/wp-content\/uploads\/sites\/4\/2026\/04\/img-20260426-160651-scaled.jpg?resize=350%2C200&ssl=1 1x, https:\/\/i0.wp.com\/www.jornalja.com.br\/geral\/wp-content\/uploads\/sites\/4\/2026\/04\/img-20260426-160651-scaled.jpg?resize=525%2C300&ssl=1 1.5x, https:\/\/i0.wp.com\/www.jornalja.com.br\/geral\/wp-content\/uploads\/sites\/4\/2026\/04\/img-20260426-160651-scaled.jpg?resize=700%2C400&ssl=1 2x, https:\/\/i0.wp.com\/www.jornalja.com.br\/geral\/wp-content\/uploads\/sites\/4\/2026\/04\/img-20260426-160651-scaled.jpg?resize=1050%2C600&ssl=1 3x, https:\/\/i0.wp.com\/www.jornalja.com.br\/geral\/wp-content\/uploads\/sites\/4\/2026\/04\/img-20260426-160651-scaled.jpg?resize=1400%2C800&ssl=1 4x"},"classes":[]},{"id":100689,"url":"https:\/\/www.jornalja.com.br\/geral\/nova-ipiranga-megaprojeto-vai-impactar-186-mil-moradores-em-11-bairros\/","url_meta":{"origin":91448,"position":4},"title":"Nova Ipiranga: megaprojeto vai impactar 186 mil moradores em 11 bairros","author":"da Reda\u00e7\u00e3o","date":"3 de fevereiro de 2026","format":false,"excerpt":"Come\u00e7ou, com uma audi\u00eancia p\u00fablica na quarta-feira, 28\/01, a discuss\u00e3o do projeto de reurbaniza\u00e7\u00e3o do entorno da avenida Ipiranga,\u00a0 um dos eixos vi\u00e1rios de Porto Alegre. O projeto, no formato de uma Opera\u00e7\u00e3o Urbana Consorciada, \u00e9 presentado como \"um instrumento urban\u00edstico que busca despoluir o Arroio Dil\u00favio por meio de\u2026","rel":"","context":"Em &quot;Geral-MAT\u00c9RIA&quot;","block_context":{"text":"Geral-MAT\u00c9RIA","link":"https:\/\/www.jornalja.com.br\/geral\/category\/geral\/"},"img":{"alt_text":"","src":"https:\/\/i0.wp.com\/www.jornalja.com.br\/geral\/wp-content\/uploads\/sites\/4\/2026\/02\/ipiranga-espigoes.png?resize=350%2C200&ssl=1","width":350,"height":200,"srcset":"https:\/\/i0.wp.com\/www.jornalja.com.br\/geral\/wp-content\/uploads\/sites\/4\/2026\/02\/ipiranga-espigoes.png?resize=350%2C200&ssl=1 1x, https:\/\/i0.wp.com\/www.jornalja.com.br\/geral\/wp-content\/uploads\/sites\/4\/2026\/02\/ipiranga-espigoes.png?resize=525%2C300&ssl=1 1.5x, https:\/\/i0.wp.com\/www.jornalja.com.br\/geral\/wp-content\/uploads\/sites\/4\/2026\/02\/ipiranga-espigoes.png?resize=700%2C400&ssl=1 2x"},"classes":[]},{"id":98633,"url":"https:\/\/www.jornalja.com.br\/geral\/lixo-em-porto-alegre-novos-conteiners-velhos-problemas\/","url_meta":{"origin":91448,"position":5},"title":"\u00a0Lixo em Porto Alegre: novo contrato, novos cont\u00eainers, velhos problemas","author":"da Reda\u00e7\u00e3o","date":"3 de abril de 2025","format":false,"excerpt":"Est\u00e3o sendo instalados os 2.250 novos conteiners para a coleta automatizada, que atende 19 bairros e recolhe cerca de 20% do lixo domiciliar de Porto Alegre. Importados da It\u00e1lia, ao custo de R$ 18 mil cada um, s\u00e3o mais robustos e 20% deles possuem \"bocas de lobo\" para evitar o\u2026","rel":"","context":"Em &quot;Geral-MAT\u00c9RIA&quot;","block_context":{"text":"Geral-MAT\u00c9RIA","link":"https:\/\/www.jornalja.com.br\/geral\/category\/geral\/"},"img":{"alt_text":"","src":"https:\/\/i0.wp.com\/www.jornalja.com.br\/geral\/wp-content\/uploads\/sites\/4\/2025\/04\/lixo-em-porto-alegre-boca-de-lobo-scaled.jpg?resize=350%2C200&ssl=1","width":350,"height":200,"srcset":"https:\/\/i0.wp.com\/www.jornalja.com.br\/geral\/wp-content\/uploads\/sites\/4\/2025\/04\/lixo-em-porto-alegre-boca-de-lobo-scaled.jpg?resize=350%2C200&ssl=1 1x, https:\/\/i0.wp.com\/www.jornalja.com.br\/geral\/wp-content\/uploads\/sites\/4\/2025\/04\/lixo-em-porto-alegre-boca-de-lobo-scaled.jpg?resize=525%2C300&ssl=1 1.5x, https:\/\/i0.wp.com\/www.jornalja.com.br\/geral\/wp-content\/uploads\/sites\/4\/2025\/04\/lixo-em-porto-alegre-boca-de-lobo-scaled.jpg?resize=700%2C400&ssl=1 2x, https:\/\/i0.wp.com\/www.jornalja.com.br\/geral\/wp-content\/uploads\/sites\/4\/2025\/04\/lixo-em-porto-alegre-boca-de-lobo-scaled.jpg?resize=1050%2C600&ssl=1 3x, https:\/\/i0.wp.com\/www.jornalja.com.br\/geral\/wp-content\/uploads\/sites\/4\/2025\/04\/lixo-em-porto-alegre-boca-de-lobo-scaled.jpg?resize=1400%2C800&ssl=1 4x"},"classes":[]}],"jetpack_sharing_enabled":true,"_links":{"self":[{"href":"https:\/\/www.jornalja.com.br\/geral\/wp-json\/wp\/v2\/posts\/91448","targetHints":{"allow":["GET"]}}],"collection":[{"href":"https:\/\/www.jornalja.com.br\/geral\/wp-json\/wp\/v2\/posts"}],"about":[{"href":"https:\/\/www.jornalja.com.br\/geral\/wp-json\/wp\/v2\/types\/post"}],"author":[{"embeddable":true,"href":"https:\/\/www.jornalja.com.br\/geral\/wp-json\/wp\/v2\/users\/4"}],"replies":[{"embeddable":true,"href":"https:\/\/www.jornalja.com.br\/geral\/wp-json\/wp\/v2\/comments?post=91448"}],"version-history":[{"count":1,"href":"https:\/\/www.jornalja.com.br\/geral\/wp-json\/wp\/v2\/posts\/91448\/revisions"}],"predecessor-version":[{"id":91450,"href":"https:\/\/www.jornalja.com.br\/geral\/wp-json\/wp\/v2\/posts\/91448\/revisions\/91450"}],"wp:featuredmedia":[{"embeddable":true,"href":"https:\/\/www.jornalja.com.br\/geral\/wp-json\/wp\/v2\/media\/91449"}],"wp:attachment":[{"href":"https:\/\/www.jornalja.com.br\/geral\/wp-json\/wp\/v2\/media?parent=91448"}],"wp:term":[{"taxonomy":"category","embeddable":true,"href":"https:\/\/www.jornalja.com.br\/geral\/wp-json\/wp\/v2\/categories?post=91448"},{"taxonomy":"post_tag","embeddable":true,"href":"https:\/\/www.jornalja.com.br\/geral\/wp-json\/wp\/v2\/tags?post=91448"}],"curies":[{"name":"wp","href":"https:\/\/api.w.org\/{rel}","templated":true}]}}