{"id":91455,"date":"2021-12-28T22:33:31","date_gmt":"2021-12-29T01:33:31","guid":{"rendered":"https:\/\/www.jornalja.com.br\/geral\/?p=91455"},"modified":"2021-12-29T22:43:56","modified_gmt":"2021-12-30T01:43:56","slug":"efeito-do-lockdown-sem-tetos-aumentam-na-europa","status":"publish","type":"post","link":"https:\/\/www.jornalja.com.br\/geral\/efeito-do-lockdown-sem-tetos-aumentam-na-europa\/","title":{"rendered":"Aumenta o n\u00famero de pessoas sem teto na Alemanha"},"content":{"rendered":"<p><span style=\"font-weight: 400\">N\u00e3o existem estat\u00edsticas oficiais sobre quantas pessoas de fato moram nas ruas da Alemanha. At\u00e9 o momento, organiza\u00e7\u00f5es sociais e autarquias, que trabalham com os sem teto, se valem de estimativas por amostragem para determinar o total aproximado.\u00a0<\/span><\/p>\n<p><span style=\"font-weight: 400\">A \u00faltima estimativa nesse sentido foi feita em 2018 pelo Coletivo de Trabalho e Associa\u00e7\u00e3o Federal de Ajuda aos Sem Teto (Bundesarbeitsgemeinschaft Wohnungslosenhilfe e.V. &#8211; BAG W). <a href=\"https:\/\/www.deutschlandfunknova.de\/beitrag\/obdachlosigkeit-was-an-daten-zur-obdachlosigkeit-bekannt-ist\">Segundo esse c\u00e1lculo<\/a>, naquele ano viviam no pa\u00eds cerca de 680 mil pessoas sem domic\u00edlio oficial. Segundo a pr\u00f3pria ONG, o n\u00famero deve ter aumentado desde o in\u00edcio da pandemia, ultrapassando a marca de um milh\u00e3o de pessoas.<\/span><\/p>\n<figure id=\"attachment_91457\" aria-describedby=\"caption-attachment-91457\" style=\"width: 708px\" class=\"wp-caption aligncenter\"><img decoding=\"async\" data-attachment-id=\"91457\" data-permalink=\"https:\/\/www.jornalja.com.br\/geral\/efeito-do-lockdown-sem-tetos-aumentam-na-europa\/semtetodepaulzinken_dpa\/\" data-orig-file=\"https:\/\/www.jornalja.com.br\/geral\/wp-content\/uploads\/sites\/4\/2021\/12\/semtetodepaulzinken-dpa.jpg\" data-orig-size=\"708,398\" data-comments-opened=\"1\" data-image-meta=\"{&quot;aperture&quot;:&quot;0&quot;,&quot;credit&quot;:&quot;&quot;,&quot;camera&quot;:&quot;&quot;,&quot;caption&quot;:&quot;&quot;,&quot;created_timestamp&quot;:&quot;0&quot;,&quot;copyright&quot;:&quot;&quot;,&quot;focal_length&quot;:&quot;0&quot;,&quot;iso&quot;:&quot;0&quot;,&quot;shutter_speed&quot;:&quot;0&quot;,&quot;title&quot;:&quot;&quot;,&quot;orientation&quot;:&quot;0&quot;}\" data-image-title=\"semtetoDEPaulZinken_dpa\" data-image-description=\"\" data-image-caption=\"&lt;p&gt;O n\u00famero de pessoas vivendo em barracas por toda a Alemanha aumentou a olhos vistos desdo o in\u00edcio da pandemia (Paul Zinken\/dpa)&lt;\/p&gt;\n\" data-large-file=\"https:\/\/www.jornalja.com.br\/geral\/wp-content\/uploads\/sites\/4\/2021\/12\/semtetodepaulzinken-dpa.jpg\" class=\"size-full wp-image-91457\" src=\"https:\/\/www.jornalja.com.br\/geral\/wp-content\/uploads\/sites\/4\/2021\/12\/semtetodepaulzinken-dpa.jpg\" alt=\"\" width=\"708\" height=\"398\" srcset=\"https:\/\/www.jornalja.com.br\/geral\/wp-content\/uploads\/sites\/4\/2021\/12\/semtetodepaulzinken-dpa.jpg 708w, https:\/\/www.jornalja.com.br\/geral\/wp-content\/uploads\/sites\/4\/2021\/12\/semtetodepaulzinken-dpa-450x253.jpg 450w\" sizes=\"(max-width: 708px) 100vw, 708px\" \/><figcaption id=\"caption-attachment-91457\" class=\"wp-caption-text\">O n\u00famero de pessoas vivendo em barracas por toda a Alemanha aumentou a olhos vistos desdo o in\u00edcio da pandemia (Paul Zinken\/dpa)<\/figcaption><\/figure>\n<p><span style=\"font-weight: 400\">H\u00e1 distin\u00e7\u00f5es importantes para compreender o fen\u00f4meno corretamente. Desse total estimado, pelo menos metade s\u00e3o refugiados. Um ter\u00e7o deles vive informalmente na casa de algum amigo, parceiro ou parente. Pouco mais de 70% das pessoas sem casa s\u00e3o homens, e aproximadamente 8% s\u00e3o menores de idade. Vivendo na rua mesmo, os assistentes sociais da BAG-W calculam entre 50 e 100 mil pessoas, dependendo da \u00e9poca do ano.\u00a0<\/span><\/p>\n<p class=\"intertit\">Ponta do iceberg<\/p>\n<p><span style=\"font-weight: 400\">Em n\u00edvel continental, a Federa\u00e7\u00e3o Europ\u00e9ia das <\/span><span style=\"font-weight: 400\">Organiza\u00e7\u00f5es<\/span><span style=\"font-weight: 400\"> de Aux\u00edlio aos Sem Teto (<a href=\"https:\/\/www.feantsa.org\/\">FEANTSA<\/a>) aponta para um aumento de <a href=\"https:\/\/www.tagesschau.de\/ausland\/eu-obdachlosigkeit-101.html\">70% do n\u00famero de pessoas desabrigadas nos pa\u00edses da UE durante a \u00faltima d\u00e9cada<\/a>. A maior parte desse aumento se deve \u00e0 migra\u00e7\u00e3o de pa\u00edses do leste europeu e \u00e0 cont\u00ednua chegada de refugiados aos pa\u00edses da Europa Ocidental.<\/span><\/p>\n<figure id=\"attachment_91458\" aria-describedby=\"caption-attachment-91458\" style=\"width: 708px\" class=\"wp-caption aligncenter\"><img decoding=\"async\" data-attachment-id=\"91458\" data-permalink=\"https:\/\/www.jornalja.com.br\/geral\/efeito-do-lockdown-sem-tetos-aumentam-na-europa\/semtetoberlincharlotenburgjritter\/\" data-orig-file=\"https:\/\/www.jornalja.com.br\/geral\/wp-content\/uploads\/sites\/4\/2021\/12\/semtetoberlincharlotenburgjritter.jpg\" data-orig-size=\"708,398\" data-comments-opened=\"1\" data-image-meta=\"{&quot;aperture&quot;:&quot;0&quot;,&quot;credit&quot;:&quot;&quot;,&quot;camera&quot;:&quot;&quot;,&quot;caption&quot;:&quot;&quot;,&quot;created_timestamp&quot;:&quot;0&quot;,&quot;copyright&quot;:&quot;&quot;,&quot;focal_length&quot;:&quot;0&quot;,&quot;iso&quot;:&quot;0&quot;,&quot;shutter_speed&quot;:&quot;0&quot;,&quot;title&quot;:&quot;&quot;,&quot;orientation&quot;:&quot;0&quot;}\" data-image-title=\"semtetoBerlinCharlotenburgJRitter\" data-image-description=\"\" data-image-caption=\"&lt;p&gt;Durante os meses mais frios do ano, at\u00e9 mesmo estacoes de metr\u00f4 de bairros requintados da capital Berlim, como Charlottenburg, acabaram ocupados por barracas e sacos de dormir. (J.Ritter \/ dpa)&lt;\/p&gt;\n\" data-large-file=\"https:\/\/www.jornalja.com.br\/geral\/wp-content\/uploads\/sites\/4\/2021\/12\/semtetoberlincharlotenburgjritter.jpg\" class=\"size-full wp-image-91458\" src=\"https:\/\/www.jornalja.com.br\/geral\/wp-content\/uploads\/sites\/4\/2021\/12\/semtetoberlincharlotenburgjritter.jpg\" alt=\"\" width=\"708\" height=\"398\" srcset=\"https:\/\/www.jornalja.com.br\/geral\/wp-content\/uploads\/sites\/4\/2021\/12\/semtetoberlincharlotenburgjritter.jpg 708w, https:\/\/www.jornalja.com.br\/geral\/wp-content\/uploads\/sites\/4\/2021\/12\/semtetoberlincharlotenburgjritter-450x253.jpg 450w\" sizes=\"(max-width: 708px) 100vw, 708px\" \/><figcaption id=\"caption-attachment-91458\" class=\"wp-caption-text\">Durante os meses mais frios do ano, at\u00e9 mesmo estacoes de metr\u00f4 de bairros requintados da capital Berlim, como Charlottenburg, acabaram ocupados por barracas e sacos de dormir. (J.Ritter \/ dpa)<\/figcaption><\/figure>\n<p><span style=\"font-weight: 400\">&#8220;O processo de asilo pode levar at\u00e9 dois anos, e durante essa espera os refugiados s\u00e3o obrigados a viverem em alojamentos provis\u00f3rios&#8221;, explica Freek Spinnewijn, diretor da FEANTSA. No caso dos migrantes do leste europeu, a dificuldade pode ser ainda maior. Pessoas vindas de pa\u00edses como Hungria, Bulg\u00e1ria ou Pol\u00f4nia, que n\u00e3o tiverem trabalhado pelo menos um ano dentro da UE, n\u00e3o t\u00eam direito a nenhum tipo de seguro social.<\/span><\/p>\n<p><span style=\"font-weight: 400\">&#8220;S\u00e3o pessoas que v\u00e3o de um pa\u00eds a outro dentro da UE, em busca de estabilidade, ficando menos de um ano em um s\u00f3 local&#8221;, explica o assistente social, Johan Gra\u00dfhoff. Atuando h\u00e1 oito anos junto aos sem teto na cidade portu\u00e1ria de Hamburgo, ele acredita que o dado oficial represente apenas &#8220;a ponta do iceberg&#8221;.<\/span><\/p>\n<p class=\"intertit\">Problema estrutural<\/p>\n<p><span style=\"font-weight: 400\">&#8220;Por tr\u00e1s dos sem teto escondem-se graves problemas estruturais da sociedade que, em momentos de crise como agora, amea\u00e7am atingir muito mais gente do que se imagina&#8221;, acredita Gra\u00dfhoff, citando a <a href=\"https:\/\/www.armuts-und-reichtumsbericht.de\/SharedDocs\/Downloads\/Service\/fb-566-auswirkungen-covid-19-auf-wohnungsnotfallhilfen.pdf?__blob=publicationFile&amp;v=3\">pesquisa feita pelo Minist\u00e9rio do Trabalho e Assuntos Sociais<\/a> publicada em dezembro do ano passado. O relat\u00f3rio aponta que, ap\u00f3s uma morat\u00f3ria inicial, o n\u00famero de despejos no pa\u00eds explodiu devido aos efeitos da infind\u00e1vel pol\u00edtica de Lockdown adotada pelo governo federal em Berlim.<\/span><\/p>\n<figure id=\"attachment_91459\" aria-describedby=\"caption-attachment-91459\" style=\"width: 768px\" class=\"wp-caption aligncenter\"><img decoding=\"async\" data-attachment-id=\"91459\" data-permalink=\"https:\/\/www.jornalja.com.br\/geral\/efeito-do-lockdown-sem-tetos-aumentam-na-europa\/erding-obdachlos-caritas-w70tobiashase_dpa\/\" data-orig-file=\"https:\/\/www.jornalja.com.br\/geral\/wp-content\/uploads\/sites\/4\/2021\/12\/erding-obdachlos-caritas-w70tobiashase-dpa.jpg\" data-orig-size=\"768,432\" data-comments-opened=\"1\" data-image-meta=\"{&quot;aperture&quot;:&quot;0&quot;,&quot;credit&quot;:&quot;&quot;,&quot;camera&quot;:&quot;&quot;,&quot;caption&quot;:&quot;&quot;,&quot;created_timestamp&quot;:&quot;0&quot;,&quot;copyright&quot;:&quot;&quot;,&quot;focal_length&quot;:&quot;0&quot;,&quot;iso&quot;:&quot;0&quot;,&quot;shutter_speed&quot;:&quot;0&quot;,&quot;title&quot;:&quot;&quot;,&quot;orientation&quot;:&quot;0&quot;}\" data-image-title=\"erding-obdachlos-caritas-w70tobiashase_dpa\" data-image-description=\"\" data-image-caption=\"&lt;p&gt;Quando a temperatura cai abaixo de zero, como \u00e0s v\u00e9speras do Natal, associa\u00e7\u00f5es de ajuda recolhem os sem teto das ruas para evitar a morte por hipotermia. (Tobias Hase \/dpa)&lt;\/p&gt;\n\" data-large-file=\"https:\/\/www.jornalja.com.br\/geral\/wp-content\/uploads\/sites\/4\/2021\/12\/erding-obdachlos-caritas-w70tobiashase-dpa.jpg\" class=\"size-full wp-image-91459\" src=\"https:\/\/www.jornalja.com.br\/geral\/wp-content\/uploads\/sites\/4\/2021\/12\/erding-obdachlos-caritas-w70tobiashase-dpa.jpg\" alt=\"\" width=\"768\" height=\"432\" srcset=\"https:\/\/www.jornalja.com.br\/geral\/wp-content\/uploads\/sites\/4\/2021\/12\/erding-obdachlos-caritas-w70tobiashase-dpa.jpg 768w, https:\/\/www.jornalja.com.br\/geral\/wp-content\/uploads\/sites\/4\/2021\/12\/erding-obdachlos-caritas-w70tobiashase-dpa-450x253.jpg 450w\" sizes=\"(max-width: 768px) 100vw, 768px\" \/><figcaption id=\"caption-attachment-91459\" class=\"wp-caption-text\">Quando a temperatura cai abaixo de zero, como \u00e0s v\u00e9speras do Natal, associa\u00e7\u00f5es de ajuda recolhem os sem teto das ruas para evitar a morte por hipotermia. (Tobias Hase \/dpa)<\/figcaption><\/figure>\n<p><span style=\"font-weight: 400\">Outro fator relacionado a isso \u00e9 a sistem\u00e1tica infla\u00e7\u00e3o do mercado de alugu\u00e9is. S\u00f3 na Alemanha, o n\u00famero de resid\u00eancias com car\u00e1ter &#8220;social&#8221; e, por isso com um aluguel mais em conta, foi reduzido a menos da metade nos \u00faltimos 30 anos. Eram 300 mil em 1990 e hoje s\u00e3o pouco mais de 100 mil em todo o territ\u00f3rio alem\u00e3o.<\/span><\/p>\n<p><span style=\"font-weight: 400\">A partir de 2022 o Escrit\u00f3rio Federal de Estat\u00edstica (Statistische Bundesamt) promete come\u00e7ar a acompanhar a quest\u00e3o e apresentar um c\u00e1lculo oficial a respeito do n\u00famero de sem tetos a cada ano. O problema \u00e9 que o n\u00famero ser\u00e1 baseado apenas nos dados coletados junto aos abrigos p\u00fablicos, deixando de lado a realidade das pessoas que n\u00e3o acessam esses locais.<\/span><\/p>\n","protected":false},"excerpt":{"rendered":"<p>N\u00e3o existem estat\u00edsticas oficiais sobre quantas pessoas de fato moram nas ruas da Alemanha. At\u00e9 o momento, organiza\u00e7\u00f5es sociais e autarquias, que trabalham com os sem teto, se valem de estimativas por amostragem para determinar o total aproximado.\u00a0 A \u00faltima estimativa nesse sentido foi feita em 2018 pelo Coletivo de Trabalho e Associa\u00e7\u00e3o Federal de [&hellip;]<\/p>\n","protected":false},"author":22,"featured_media":91456,"comment_status":"open","ping_status":"open","sticky":false,"template":"","format":"standard","meta":{"jetpack_post_was_ever_published":false,"_jetpack_newsletter_access":"","_jetpack_dont_email_post_to_subs":false,"_jetpack_newsletter_tier_id":0,"_jetpack_memberships_contains_paywalled_content":false,"_jetpack_memberships_contains_paid_content":false,"footnotes":"","jetpack_publicize_message":"","jetpack_publicize_feature_enabled":true,"jetpack_social_post_already_shared":true,"jetpack_social_options":{"image_generator_settings":{"template":"highway","default_image_id":0,"font":"","enabled":false},"version":2}},"categories":[2],"tags":[287,516,515],"class_list":["post-91455","post","type-post","status-publish","format-standard","has-post-thumbnail","hentry","category-geral","tag-moradia","tag-moradores-de-rua","tag-sem-teto"],"aioseo_notices":[],"jetpack_publicize_connections":[],"jetpack_featured_media_url":"https:\/\/www.jornalja.com.br\/geral\/wp-content\/uploads\/sites\/4\/2021\/12\/genaue-zahlen-zu-wohnungslosen-menschen-gibt-es-in-deutschland-nicht.jpg","jetpack_shortlink":"https:\/\/wp.me\/pbKhrD-nN5","jetpack-related-posts":[{"id":92809,"url":"https:\/\/www.jornalja.com.br\/geral\/sem-teto-ocupam-shopping-na-faria-lima-para-protestar-contra-a-fome\/","url_meta":{"origin":91455,"position":0},"title":"Sem teto ocupam shopping na Faria Lima para protestar contra a fome","author":"da Reda\u00e7\u00e3o","date":"8 de junho de 2022","format":false,"excerpt":"O Movimento dos \u00a0Trabalhadores Sem-Teto escolheu o Shopping Iuatemi, um dos mais luxuosos de S\u00e3o Paulo, na avenida Faria Lima, para protestar contra a fome, nesta quarta-feira, 8. O protesto chama aten\u00e7\u00e3o para uma pesquisa divulgada h\u00e1 um dia mostrando que 33,1 milh\u00f5es de pessoas passam fome no Brasil. \u00c9\u2026","rel":"","context":"Em &quot;Geral-MAT\u00c9RIA&quot;","block_context":{"text":"Geral-MAT\u00c9RIA","link":"https:\/\/www.jornalja.com.br\/geral\/category\/geral\/"},"img":{"alt_text":"","src":"https:\/\/i0.wp.com\/www.jornalja.com.br\/geral\/wp-content\/uploads\/sites\/4\/2022\/06\/fome-protesto-em-shopping.jpg?resize=350%2C200&ssl=1","width":350,"height":200,"srcset":"https:\/\/i0.wp.com\/www.jornalja.com.br\/geral\/wp-content\/uploads\/sites\/4\/2022\/06\/fome-protesto-em-shopping.jpg?resize=350%2C200&ssl=1 1x, https:\/\/i0.wp.com\/www.jornalja.com.br\/geral\/wp-content\/uploads\/sites\/4\/2022\/06\/fome-protesto-em-shopping.jpg?resize=525%2C300&ssl=1 1.5x"},"classes":[]},{"id":75082,"url":"https:\/\/www.jornalja.com.br\/geral\/militantes-do-movimento-sem-teto-mantem-vigilia-pela-liberdade-de-liderancas\/","url_meta":{"origin":91455,"position":1},"title":"Militantes do movimento sem teto mant\u00e9m vig\u00edlia pela liberdade de lideran\u00e7as","author":"da Reda\u00e7\u00e3o","date":"25 de junho de 2019","format":false,"excerpt":"Militantes de movimentos sociais iniciaram uma vig\u00edlia em frente ao 89\u00ba Departamento de Pol\u00edcia (DP), exigindo a liberta\u00e7\u00e3o dos quatro l\u00edderes sem-teto presos na segunda-feira, 25, em a\u00e7\u00e3o da Pol\u00edcia Civil. No local est\u00e3o detidas Ang\u00e9lica dos Santos Lima, Janice Ferreira Silva (a Preta Ferreira) e Ednalva Silva Franco. Sidney\u2026","rel":"","context":"Em &quot;Geral-MAT\u00c9RIA&quot;","block_context":{"text":"Geral-MAT\u00c9RIA","link":"https:\/\/www.jornalja.com.br\/geral\/category\/geral\/"},"img":{"alt_text":"","src":"","width":0,"height":0},"classes":[]},{"id":94335,"url":"https:\/\/www.jornalja.com.br\/geral\/economistas-a-lula-teto-de-gastos-e-falacia-problema-e-a-divida-que-esta-ausente-do-debate\/","url_meta":{"origin":91455,"position":2},"title":"Economistas a Lula: &#8220;teto de gastos \u00e9 fal\u00e1cia&#8221;, problema \u00e9 a d\u00edvida que &#8220;est\u00e1 ausente do debate&#8221;","author":"da Reda\u00e7\u00e3o","date":"20 de novembro de 2022","format":false,"excerpt":"A carta que tr\u00eas economistas - Pedro Malan, Arm\u00ednio Fraga e Edmar Bacha - enviaram a Lula advertindo para os riscos de abolir o \"teto de gastos\" para fazer pol\u00edticas sociais, gerou uma resposta de outros quatro economistas: Jos\u00e9 Luis Oreiro, Luiz Carlos Bresser-Pereira, Luiz Fernando Rodrigues de Paula, Kalinka\u2026","rel":"","context":"Em &quot;Geral-MAT\u00c9RIA&quot;","block_context":{"text":"Geral-MAT\u00c9RIA","link":"https:\/\/www.jornalja.com.br\/geral\/category\/geral\/"},"img":{"alt_text":"","src":"https:\/\/i0.wp.com\/www.jornalja.com.br\/geral\/wp-content\/uploads\/sites\/4\/2022\/11\/divida-grafico-ampliado.png?resize=350%2C200&ssl=1","width":350,"height":200,"srcset":"https:\/\/i0.wp.com\/www.jornalja.com.br\/geral\/wp-content\/uploads\/sites\/4\/2022\/11\/divida-grafico-ampliado.png?resize=350%2C200&ssl=1 1x, https:\/\/i0.wp.com\/www.jornalja.com.br\/geral\/wp-content\/uploads\/sites\/4\/2022\/11\/divida-grafico-ampliado.png?resize=525%2C300&ssl=1 1.5x, https:\/\/i0.wp.com\/www.jornalja.com.br\/geral\/wp-content\/uploads\/sites\/4\/2022\/11\/divida-grafico-ampliado.png?resize=700%2C400&ssl=1 2x"},"classes":[]},{"id":84862,"url":"https:\/\/www.jornalja.com.br\/geral\/guedes\/","url_meta":{"origin":91455,"position":3},"title":"Sem privatiza\u00e7\u00f5es e com gastos estourando, Guedes perde a fun\u00e7\u00e3o no governo Bolsonaro","author":"da Reda\u00e7\u00e3o","date":"14 de agosto de 2020","format":false,"excerpt":"\u201cAgora o Guedes tem que achar um jeito de cair fora\u201d. A declara\u00e7\u00e3o, em off,\u00a0 de um conhecido l\u00edder empresarial, reflete o sentimento dominante no meio econ\u00f4mico esta semana: o superministro da Economia, Paulo Guedes est\u00e1 com seus dias contados no governo Bolsonaro. Na hist\u00f3rica reuni\u00e3o ministerial de 22 de\u2026","rel":"","context":"Em &quot;Geral-MAT\u00c9RIA&quot;","block_context":{"text":"Geral-MAT\u00c9RIA","link":"https:\/\/www.jornalja.com.br\/geral\/category\/geral\/"},"img":{"alt_text":"","src":"https:\/\/i0.wp.com\/www.jornalja.com.br\/geral\/wp-content\/uploads\/sites\/4\/2020\/08\/guedes-com-bolsonaro-scaled.jpg?resize=350%2C200&ssl=1","width":350,"height":200,"srcset":"https:\/\/i0.wp.com\/www.jornalja.com.br\/geral\/wp-content\/uploads\/sites\/4\/2020\/08\/guedes-com-bolsonaro-scaled.jpg?resize=350%2C200&ssl=1 1x, https:\/\/i0.wp.com\/www.jornalja.com.br\/geral\/wp-content\/uploads\/sites\/4\/2020\/08\/guedes-com-bolsonaro-scaled.jpg?resize=525%2C300&ssl=1 1.5x, https:\/\/i0.wp.com\/www.jornalja.com.br\/geral\/wp-content\/uploads\/sites\/4\/2020\/08\/guedes-com-bolsonaro-scaled.jpg?resize=700%2C400&ssl=1 2x"},"classes":[]},{"id":95868,"url":"https:\/\/www.jornalja.com.br\/geral\/iphan-garante-r-15-milhao-para-reformar-teto-da-matriz-de-viamao\/","url_meta":{"origin":91455,"position":4},"title":"IPHAN garante R$ 1,5 milh\u00e3o para reformar a cobertura da matriz de Viam\u00e3o","author":"Elmar Bones","date":"21 de julho de 2023","format":false,"excerpt":"O superintendente do IPHAN no Rio Grande do Sul, arquiteto Rafael Passos, j\u00e1 sabe de onde vai obter o dinheiro para reformar o teto da matriz de Viam\u00e3o. Ter\u00e1 que remanejar verbas de outros programas para a obra, que \u00e9 urgente,\u00a0 e por isso ele n\u00e3o pode garantir se a\u00a0\u2026","rel":"","context":"Em &quot;Geral-MAT\u00c9RIA&quot;","block_context":{"text":"Geral-MAT\u00c9RIA","link":"https:\/\/www.jornalja.com.br\/geral\/category\/geral\/"},"img":{"alt_text":"","src":"https:\/\/i0.wp.com\/www.jornalja.com.br\/geral\/wp-content\/uploads\/sites\/4\/2023\/07\/20230720-0001-iphan-sinaliza-restauro-igreja-fortaleza-viamao-ramiro-sanchez-mg-8065.jpg?resize=350%2C200&ssl=1","width":350,"height":200,"srcset":"https:\/\/i0.wp.com\/www.jornalja.com.br\/geral\/wp-content\/uploads\/sites\/4\/2023\/07\/20230720-0001-iphan-sinaliza-restauro-igreja-fortaleza-viamao-ramiro-sanchez-mg-8065.jpg?resize=350%2C200&ssl=1 1x, https:\/\/i0.wp.com\/www.jornalja.com.br\/geral\/wp-content\/uploads\/sites\/4\/2023\/07\/20230720-0001-iphan-sinaliza-restauro-igreja-fortaleza-viamao-ramiro-sanchez-mg-8065.jpg?resize=525%2C300&ssl=1 1.5x, https:\/\/i0.wp.com\/www.jornalja.com.br\/geral\/wp-content\/uploads\/sites\/4\/2023\/07\/20230720-0001-iphan-sinaliza-restauro-igreja-fortaleza-viamao-ramiro-sanchez-mg-8065.jpg?resize=700%2C400&ssl=1 2x"},"classes":[]},{"id":89039,"url":"https:\/\/www.jornalja.com.br\/geral\/guedes-diz-que-vai-cortar-gastos-inesperados-para-aumentar-bolsa-familia-sem-furar-teto\/","url_meta":{"origin":91455,"position":5},"title":"Guedes diz que vai cortar \u201cgastos inesperados\u201d para aumentar Bolsa Familia sem furar teto","author":"da Reda\u00e7\u00e3o","date":"30 de julho de 2021","format":false,"excerpt":"\u201c\u00c9 poss\u00edvel acomodar no Or\u00e7amento um valor mais elevado para o Bolsa Fam\u00edlia\u201d. Foi o que disse o ministro da Economia nesta sexta-feira num evento no Rio de Janeiro. H\u00e1 duas semanas, o presidente Bolsonaro disse que quer aumentar o Bolsa Familia para R$ 300 reais. De olho em 2022,\u2026","rel":"","context":"Em &quot;Geral-MAT\u00c9RIA&quot;","block_context":{"text":"Geral-MAT\u00c9RIA","link":"https:\/\/www.jornalja.com.br\/geral\/category\/geral\/"},"img":{"alt_text":"","src":"https:\/\/i0.wp.com\/www.jornalja.com.br\/geral\/wp-content\/uploads\/sites\/4\/2021\/06\/guedes-populista-anuncia-auxilio-e-bolsa-familia-reforcada.jpg?resize=350%2C200&ssl=1","width":350,"height":200,"srcset":"https:\/\/i0.wp.com\/www.jornalja.com.br\/geral\/wp-content\/uploads\/sites\/4\/2021\/06\/guedes-populista-anuncia-auxilio-e-bolsa-familia-reforcada.jpg?resize=350%2C200&ssl=1 1x, https:\/\/i0.wp.com\/www.jornalja.com.br\/geral\/wp-content\/uploads\/sites\/4\/2021\/06\/guedes-populista-anuncia-auxilio-e-bolsa-familia-reforcada.jpg?resize=525%2C300&ssl=1 1.5x, https:\/\/i0.wp.com\/www.jornalja.com.br\/geral\/wp-content\/uploads\/sites\/4\/2021\/06\/guedes-populista-anuncia-auxilio-e-bolsa-familia-reforcada.jpg?resize=700%2C400&ssl=1 2x, https:\/\/i0.wp.com\/www.jornalja.com.br\/geral\/wp-content\/uploads\/sites\/4\/2021\/06\/guedes-populista-anuncia-auxilio-e-bolsa-familia-reforcada.jpg?resize=1050%2C600&ssl=1 3x"},"classes":[]}],"jetpack_sharing_enabled":true,"_links":{"self":[{"href":"https:\/\/www.jornalja.com.br\/geral\/wp-json\/wp\/v2\/posts\/91455","targetHints":{"allow":["GET"]}}],"collection":[{"href":"https:\/\/www.jornalja.com.br\/geral\/wp-json\/wp\/v2\/posts"}],"about":[{"href":"https:\/\/www.jornalja.com.br\/geral\/wp-json\/wp\/v2\/types\/post"}],"author":[{"embeddable":true,"href":"https:\/\/www.jornalja.com.br\/geral\/wp-json\/wp\/v2\/users\/22"}],"replies":[{"embeddable":true,"href":"https:\/\/www.jornalja.com.br\/geral\/wp-json\/wp\/v2\/comments?post=91455"}],"version-history":[{"count":5,"href":"https:\/\/www.jornalja.com.br\/geral\/wp-json\/wp\/v2\/posts\/91455\/revisions"}],"predecessor-version":[{"id":91475,"href":"https:\/\/www.jornalja.com.br\/geral\/wp-json\/wp\/v2\/posts\/91455\/revisions\/91475"}],"wp:featuredmedia":[{"embeddable":true,"href":"https:\/\/www.jornalja.com.br\/geral\/wp-json\/wp\/v2\/media\/91456"}],"wp:attachment":[{"href":"https:\/\/www.jornalja.com.br\/geral\/wp-json\/wp\/v2\/media?parent=91455"}],"wp:term":[{"taxonomy":"category","embeddable":true,"href":"https:\/\/www.jornalja.com.br\/geral\/wp-json\/wp\/v2\/categories?post=91455"},{"taxonomy":"post_tag","embeddable":true,"href":"https:\/\/www.jornalja.com.br\/geral\/wp-json\/wp\/v2\/tags?post=91455"}],"curies":[{"name":"wp","href":"https:\/\/api.w.org\/{rel}","templated":true}]}}