{"id":91469,"date":"2021-12-29T21:50:15","date_gmt":"2021-12-30T00:50:15","guid":{"rendered":"https:\/\/www.jornalja.com.br\/geral\/?p=91469"},"modified":"2022-01-07T18:42:57","modified_gmt":"2022-01-07T21:42:57","slug":"como-serao-os-nove-anos-sob-o-regime-de-recuperacao-fiscal-no-rio-grande-do-sul","status":"publish","type":"post","link":"https:\/\/www.jornalja.com.br\/geral\/como-serao-os-nove-anos-sob-o-regime-de-recuperacao-fiscal-no-rio-grande-do-sul\/","title":{"rendered":"Como ser\u00e3o os nove anos sob o Regime de Recupera\u00e7\u00e3o Fiscal no Rio Grande do Sul"},"content":{"rendered":"<p>O Rio Grande do Sul encaminhou ao Tesouro Nacional seu pedido de ades\u00e3o ao Regime de Recupera\u00e7\u00e3o Fiscal (RRF).<\/p>\n<p>Se o pedido for aceito, o \u00faltimo ano de Eduardo Leite e os dois governos seguintes estar\u00e3o\u00a0 &#8220;engessados&#8221; por regras r\u00edgidas de corte de gastos e controle estreito das contas estaduais pela Secretaria do Tesouro nacional.<\/p>\n<p>\u00c9 um &#8220;rem\u00e9dio amargo&#8221; com muitos efeitos colaterais.<\/p>\n<p>Trata-se de um contrato que o Rio Grande do Sul\u00a0 busca assinar com a Uni\u00e3o, para renegociar a d\u00edvida com o Tesouro Federal, que se tornou impag\u00e1vel. A d\u00edvida total do Estado chega aos R$ 70 bilh\u00f5es, mais de R$ 59 bilh\u00f5es correspondem ao montante devido ao governo federal.<\/p>\n<p>Desde 2017, com base numa liminar, o governo ga\u00facho n\u00e3o paga as parcelas da d\u00edvida, que j\u00e1 acumulam mais de R$ 14 bilh\u00f5es.<\/p>\n<p>Se a Uni\u00e3o aceitar o pedido de ades\u00e3o (a decis\u00e3o final ser\u00e1 de Bolsonaro) os pagamentos atrasados ser\u00e3o &#8220;rolados&#8221; por mais 30 anos, o governo ganha tempo e retoma o pagamento em parcelas menores e o Estado recupera sua capacidade de receber financiamentos para resolver os outros passivos.<\/p>\n<p>O governador Eduardo Leite mencionou uma poss\u00edvel opera\u00e7\u00e3o de cr\u00e9dito de US$ 500 milh\u00f5es (cerca de R$ 3 bilh\u00f5es), junto ao BID. para pagamentos em acordos diretos com credores de precat\u00f3rios, que tem R$ 16 bilh\u00f5es a receber.<\/p>\n<p>A ades\u00e3o, no entanto,\u00a0 tem contrapartidas.<\/p>\n<p>O que o governo do RS n\u00e3o pode fazer:<\/p>\n<p>1) Concess\u00e3o de reajustes a servidores e empregados p\u00fablicos e militares (exceto a revis\u00e3o anual assegurada pela Constitui\u00e7\u00e3o Federal e de casos envolvendo senten\u00e7a judicial)<\/p>\n<p>2) Cria\u00e7\u00e3o de cargo, emprego ou fun\u00e7\u00e3o e altera\u00e7\u00e3o de estrutura de carreira que impliquem mais despesa<\/p>\n<p>3) Admiss\u00e3o ou contrata\u00e7\u00e3o de pessoal, ressalvadas as reposi\u00e7\u00f5es de cargos de chefia e de dire\u00e7\u00e3o que n\u00e3o acarretem aumento de despesa e de contratos tempor\u00e1rios<\/p>\n<p>4) Realiza\u00e7\u00e3o de concurso p\u00fablico que n\u00e3o seja para reposi\u00e7\u00e3o de quadros<\/p>\n<p>5) Cria\u00e7\u00e3o ou majora\u00e7\u00e3o de aux\u00edlios, vantagens, b\u00f4nus, abonos, verbas de representa\u00e7\u00e3o ou benef\u00edcios de qualquer natureza a servidores e empregados p\u00fablicos e de militares<\/p>\n<p>6) Concess\u00e3o, prorroga\u00e7\u00e3o, renova\u00ad\u00e7\u00e3o ou amplia\u00e7\u00e3o de incen\u00adti\u00advo ou benef\u00edcio de natureza tribut\u00e1ria da qual decorra ren\u00fancia de receita<\/p>\n<p>7) Empenho ou contrata\u00e7\u00e3o de despesas com publicidade e propaganda, exceto para as \u00e1reas de sa\u00fade, seguran\u00e7a, educa\u00e7\u00e3o e outras de demonstrada utilidade p\u00fablica<\/p>\n<p>8) Altera\u00e7\u00e3o de al\u00edquotas ou bases de c\u00e1lculo de tributos que implique redu\u00e7\u00e3o da arrecada\u00e7\u00e3o<\/p>\n<p>H\u00e1 quase cinco anos, desde que o governador Sartori n\u00e3o conseguiu\u00a0 mais pagar a d\u00edvida, o Estado vem fazendo ajustes para se credenciar ao acordo com a Uni\u00e3o.<\/p>\n<p>O governo Eduardo Leite deu continuidade e aprofundou as reformas iniciadas por Sartori, para reduzir o d\u00e9ficit cr\u00f4nico das contas p\u00fablicas.\u00a0 Venceu uma resist\u00eancia hist\u00f3rica na Assembleia Estatual ao obter autoriza\u00e7\u00e3o para privatizar o setor de energia (Companhia Estadual de Energia El\u00e9trica, Companhia Riograndense de Minera\u00e7\u00e3o\u00a0 e Companhia de G\u00e1s do Estado do Rio Grande do Sul (Sulg\u00e1s).<\/p>\n<p>Visando o acordo, privatizou tamb\u00e9m a Corsan,\u00a0 a estatal do saneamento.<\/p>\n<p>Em 30 de novembro, foi aprovado o\u00a0 Teto de Gastos para as despesas do Estado, limitando o crescimento \u00e0 infla\u00e7\u00e3o por dez anos. A medida era uma das imposi\u00e7\u00f5es do governo federal para ades\u00e3o ao RRF.<\/p>\n<p>Das exig\u00eancias para ter acesso ao Regime de Recupera\u00e7\u00e3o Fiscal, s\u00f3 falta a privatiza\u00e7\u00e3o na \u00e1rea financeira,\u00a0 que no caso do Rio Grande do Sul seria o Banrisul, o \u00faltimo dos bancos estaduais. O governador Eduardo Leite j\u00e1 declarou que considera &#8220;inevit\u00e1vel&#8221; a privatiza\u00e7\u00e3o do &#8220;banco dos ga\u00fachos&#8221;<\/p>\n<p>Em seu relat\u00f3rio divulgado em setembro, a Comiss\u00e3o Especial\u00a0 da Assembl\u00e9ia sobre a Crise Fiscal sugeriu que o governo do Estado n\u00e3o aderisse ao Regime de Recupera\u00e7\u00e3o Fiscal.<\/p>\n<p>Seria, segundo a conclus\u00e3o, um caminho que exige enorme sacrif\u00edcio, com precariza\u00e7\u00e3o de servi\u00e7os p\u00fablicos e sem garantia de que v\u00e1 resolver o desajuste financeiro.<\/p>\n<p>Essa d\u00edvida que o Estado est\u00e1 renegociando agora, de R$ 59 bilh\u00f5es, resulta de uma renegocia\u00e7\u00e3o feita em 1998, quanto o total devido chegava a R$ 26 bilh\u00f5es (valores atualizados).<\/p>\n<p>Embora, desde ent\u00e3o,\u00a0 tenha pago todas as parcelas at\u00e9 a suspens\u00e3o dos pagamentos em 2017,\u00a0 essa d\u00edvida s\u00f3 cresceu.<\/p>\n<p>&nbsp;<\/p>\n<p>&nbsp;<\/p>\n<p>&nbsp;<\/p>\n<p>&nbsp;<\/p>\n","protected":false},"excerpt":{"rendered":"<p>O Rio Grande do Sul encaminhou ao Tesouro Nacional seu pedido de ades\u00e3o ao Regime de Recupera\u00e7\u00e3o Fiscal (RRF). Se o pedido for aceito, o \u00faltimo ano de Eduardo Leite e os dois governos seguintes estar\u00e3o\u00a0 &#8220;engessados&#8221; por regras r\u00edgidas de corte de gastos e controle estreito das contas estaduais pela Secretaria do Tesouro nacional. [&hellip;]<\/p>\n","protected":false},"author":4,"featured_media":91470,"comment_status":"open","ping_status":"open","sticky":false,"template":"","format":"standard","meta":{"jetpack_post_was_ever_published":false,"_jetpack_newsletter_access":"","_jetpack_dont_email_post_to_subs":false,"_jetpack_newsletter_tier_id":0,"_jetpack_memberships_contains_paywalled_content":false,"_jetpack_memberships_contains_paid_content":false,"footnotes":"","jetpack_publicize_message":"","jetpack_publicize_feature_enabled":true,"jetpack_social_post_already_shared":true,"jetpack_social_options":{"image_generator_settings":{"template":"highway","default_image_id":0,"font":"","enabled":false},"version":2}},"categories":[2],"tags":[87,456,89,372,31,138,32,45,200,257,212,236,283,114,434,335,479,179,14,15,374,16,38,149,361,95,20,509],"class_list":["post-91469","post","type-post","status-publish","format-standard","has-post-thumbnail","hentry","category-geral","tag-ari","tag-banrisul","tag-bolsonaro","tag-corsan","tag-crise-fiscal","tag-divida","tag-eduardo-leite","tag-educacao","tag-efeitos","tag-emprego","tag-energia","tag-governo","tag-governo-do-estado","tag-governo-do-rs","tag-militares","tag-privatizacao","tag-red","tag-reformas","tag-rio-grande-do-sul","tag-rs","tag-saneamento","tag-sartori","tag-saude","tag-sc","tag-seguranca","tag-sp","tag-sus","tag-uniao"],"aioseo_notices":[],"jetpack_publicize_connections":[],"jetpack_featured_media_url":"https:\/\/www.jornalja.com.br\/geral\/wp-content\/uploads\/sites\/4\/2021\/12\/regme-de-recuperacao.jpeg","jetpack_shortlink":"https:\/\/wp.me\/pbKhrD-nNj","jetpack-related-posts":[{"id":95387,"url":"https:\/\/www.jornalja.com.br\/geral\/uniao-paga-r-785-milhoes-de-estados-caloteiros-rs-e-um-deles\/","url_meta":{"origin":91469,"position":0},"title":"Uni\u00e3o paga R$ 785 milh\u00f5es de Estados caloteiros; RS \u00e9 um deles","author":"da Reda\u00e7\u00e3o","date":"8 de maio de 2023","format":false,"excerpt":"O Tesouro Nacional divulgou nesta segunda 8, o Relat\u00f3rio de Garantias Honradas pela Uni\u00e3o com os valores pagos em abril pelo governo federal para cobrir d\u00edvidas que Estados e Munic\u00edpios n\u00e3o conseguiram pagar. Foram R$ 785,03 milh\u00f5es em d\u00edvidas atrasadas de estados, no m\u00eas de abril. Do total, R$ 318,40\u2026","rel":"","context":"Em &quot;Geral-NOTAS&quot;","block_context":{"text":"Geral-NOTAS","link":"https:\/\/www.jornalja.com.br\/geral\/category\/geral-notas\/"},"img":{"alt_text":"","src":"","width":0,"height":0},"classes":[]},{"id":72307,"url":"https:\/\/www.jornalja.com.br\/geral\/nenhum-dos-estados-tem-condicoes-de-assinar-o-acordo-com-uniao\/","url_meta":{"origin":91469,"position":1},"title":"Nenhum dos Estados tem condi\u00e7\u00f5es de assinar o acordo com Uni\u00e3o","author":"da Reda\u00e7\u00e3o","date":"20 de janeiro de 2019","format":false,"excerpt":"Com exce\u00e7\u00e3o do Rio de Janeiro, que j\u00e1 assinou o acordo com o governo Federal em 2016, nenhum dos seis estados, que j\u00e1 decretaram calamidade financeira, atende as exig\u00eancias para aderir ao Regime de Recupera\u00e7\u00e3o Fiscal, que suspende por tr\u00eas anos (prorrog\u00e1veis por mais tr\u00eas) o pagamento da d\u00edvida com\u2026","rel":"","context":"Em &quot;Geral-MAT\u00c9RIA&quot;","block_context":{"text":"Geral-MAT\u00c9RIA","link":"https:\/\/www.jornalja.com.br\/geral\/category\/geral\/"},"img":{"alt_text":"","src":"","width":0,"height":0},"classes":[]},{"id":93363,"url":"https:\/\/www.jornalja.com.br\/geral\/uniao-ja-honrou-r-399-milhoes-em-dividas-nao-pagas-pelo-rs-este-ano\/","url_meta":{"origin":91469,"position":2},"title":"Uni\u00e3o j\u00e1 honrou R$ 399 milh\u00f5es em dividas n\u00e3o pagas pelo RS este ano","author":"da Reda\u00e7\u00e3o","date":"8 de agosto de 2022","format":false,"excerpt":"S\u00f3 no m\u00eas de julho,\u00a0 a Uni\u00e3o pagou R$ 400 milh\u00f5es em d\u00edvidas atrasadas de estados, segundo o Relat\u00f3rio de Garantias Honradas pela Uni\u00e3o em Opera\u00e7\u00f5es de Cr\u00e9dito e Recupera\u00e7\u00e3o de Contragarantias, divulgado hoje (8) pelo Tesouro Nacional. Do total, R$ 162,95 milh\u00f5es s\u00e3o d\u00e9bitos n\u00e3o quitados pelos estados de\u2026","rel":"","context":"Em &quot;Geral-MAT\u00c9RIA&quot;","block_context":{"text":"Geral-MAT\u00c9RIA","link":"https:\/\/www.jornalja.com.br\/geral\/category\/geral\/"},"img":{"alt_text":"","src":"https:\/\/i0.wp.com\/www.jornalja.com.br\/geral\/wp-content\/uploads\/sites\/4\/2021\/09\/17161816-1634856-gd.jpg?resize=350%2C200&ssl=1","width":350,"height":200,"srcset":"https:\/\/i0.wp.com\/www.jornalja.com.br\/geral\/wp-content\/uploads\/sites\/4\/2021\/09\/17161816-1634856-gd.jpg?resize=350%2C200&ssl=1 1x, https:\/\/i0.wp.com\/www.jornalja.com.br\/geral\/wp-content\/uploads\/sites\/4\/2021\/09\/17161816-1634856-gd.jpg?resize=525%2C300&ssl=1 1.5x, https:\/\/i0.wp.com\/www.jornalja.com.br\/geral\/wp-content\/uploads\/sites\/4\/2021\/09\/17161816-1634856-gd.jpg?resize=700%2C400&ssl=1 2x"},"classes":[]},{"id":92620,"url":"https:\/\/www.jornalja.com.br\/geral\/orcamento-congelado-por-dez-anos-aprovacao-antecipa-debate-eleitoral-no-rio-grande-do-sul\/","url_meta":{"origin":91469,"position":3},"title":"Or\u00e7amento congelado por dez anos: aprova\u00e7\u00e3o antecipa campanha eleitoral no Rio Grande do Sul","author":"Elmar Bones","date":"18 de maio de 2022","format":false,"excerpt":"Por 32 votos a 13 votos, a Assembleia do Rio Grande do Sul aprovou nesta ter\u00e7a, 17, o Projeto de Lei Complementar 48,\u00a0 que o governo ga\u00facho apresentou em regime de urg\u00eancia para atender \u00e0 \u00faltima exig\u00eancia do Programa de Recupera\u00e7\u00e3o Fiscal e renegociar a d\u00edvida do Estado com a\u2026","rel":"","context":"Em &quot;Geral-MAT\u00c9RIA&quot;","block_context":{"text":"Geral-MAT\u00c9RIA","link":"https:\/\/www.jornalja.com.br\/geral\/category\/geral\/"},"img":{"alt_text":"","src":"https:\/\/i0.wp.com\/www.jornalja.com.br\/geral\/wp-content\/uploads\/sites\/4\/2022\/05\/assembeia-aprova-teto-para-investimentos-scaled.jpg?resize=350%2C200&ssl=1","width":350,"height":200,"srcset":"https:\/\/i0.wp.com\/www.jornalja.com.br\/geral\/wp-content\/uploads\/sites\/4\/2022\/05\/assembeia-aprova-teto-para-investimentos-scaled.jpg?resize=350%2C200&ssl=1 1x, https:\/\/i0.wp.com\/www.jornalja.com.br\/geral\/wp-content\/uploads\/sites\/4\/2022\/05\/assembeia-aprova-teto-para-investimentos-scaled.jpg?resize=525%2C300&ssl=1 1.5x, https:\/\/i0.wp.com\/www.jornalja.com.br\/geral\/wp-content\/uploads\/sites\/4\/2022\/05\/assembeia-aprova-teto-para-investimentos-scaled.jpg?resize=700%2C400&ssl=1 2x, https:\/\/i0.wp.com\/www.jornalja.com.br\/geral\/wp-content\/uploads\/sites\/4\/2022\/05\/assembeia-aprova-teto-para-investimentos-scaled.jpg?resize=1050%2C600&ssl=1 3x, https:\/\/i0.wp.com\/www.jornalja.com.br\/geral\/wp-content\/uploads\/sites\/4\/2022\/05\/assembeia-aprova-teto-para-investimentos-scaled.jpg?resize=1400%2C800&ssl=1 4x"},"classes":[]},{"id":100908,"url":"https:\/\/www.jornalja.com.br\/geral\/com-pressao-de-cpi-e-auditoria-do-tce-governo-leite-adia-leilao-para-concessao-de-rodovias\/","url_meta":{"origin":91469,"position":4},"title":"Com press\u00e3o de CPI e auditoria do TCE, governo Leite adia leil\u00e3o para concess\u00e3o de rodovias","author":"da Reda\u00e7\u00e3o","date":"3 de mar\u00e7o de 2026","format":false,"excerpt":"O governador Eduardo Leite, em coletiva de imprensa realizada no Pal\u00e1cio Piratini nesta ter\u00e7a-feira (3\/3), prometeu uma redu\u00e7\u00e3o da tarifa e mudan\u00e7a na data do leil\u00e3o do Bloco 2 de rodovias no Estado. O bloco envolve estradas localizadas no Vale do Taquari e Norte do Rio Grande Sul. A tarifa\u2026","rel":"","context":"Em &quot;Geral-MAT\u00c9RIA&quot;","block_context":{"text":"Geral-MAT\u00c9RIA","link":"https:\/\/www.jornalja.com.br\/geral\/category\/geral\/"},"img":{"alt_text":"","src":"https:\/\/i0.wp.com\/www.jornalja.com.br\/geral\/wp-content\/uploads\/sites\/4\/2026\/03\/leite-faz-anuncio-no-palacio-piratini-sobre-bloco-2-de-rodovias-fev26.jpg?resize=350%2C200&ssl=1","width":350,"height":200,"srcset":"https:\/\/i0.wp.com\/www.jornalja.com.br\/geral\/wp-content\/uploads\/sites\/4\/2026\/03\/leite-faz-anuncio-no-palacio-piratini-sobre-bloco-2-de-rodovias-fev26.jpg?resize=350%2C200&ssl=1 1x, https:\/\/i0.wp.com\/www.jornalja.com.br\/geral\/wp-content\/uploads\/sites\/4\/2026\/03\/leite-faz-anuncio-no-palacio-piratini-sobre-bloco-2-de-rodovias-fev26.jpg?resize=525%2C300&ssl=1 1.5x, https:\/\/i0.wp.com\/www.jornalja.com.br\/geral\/wp-content\/uploads\/sites\/4\/2026\/03\/leite-faz-anuncio-no-palacio-piratini-sobre-bloco-2-de-rodovias-fev26.jpg?resize=700%2C400&ssl=1 2x, https:\/\/i0.wp.com\/www.jornalja.com.br\/geral\/wp-content\/uploads\/sites\/4\/2026\/03\/leite-faz-anuncio-no-palacio-piratini-sobre-bloco-2-de-rodovias-fev26.jpg?resize=1050%2C600&ssl=1 3x, https:\/\/i0.wp.com\/www.jornalja.com.br\/geral\/wp-content\/uploads\/sites\/4\/2026\/03\/leite-faz-anuncio-no-palacio-piratini-sobre-bloco-2-de-rodovias-fev26.jpg?resize=1400%2C800&ssl=1 4x"},"classes":[]},{"id":80524,"url":"https:\/\/www.jornalja.com.br\/geral\/ajuste-fiscal-relator-diz-que-rs-precisara-de-nove-ou-dez-anos-sem-pagar-a-divida\/","url_meta":{"origin":91469,"position":5},"title":"Ajuste fiscal: Relator diz que RS precisar\u00e1 de \u201cnove ou dez anos\u201d sem pagar a d\u00edvida","author":"Elmar Bones","date":"14 de janeiro de 2020","format":false,"excerpt":"A ades\u00e3o ao Programa de Recupera\u00e7\u00e3o Fiscal nas condi\u00e7\u00f5es atuais n\u00e3o ser\u00e1 suficiente para dar f\u00f4lego aos estados em emerg\u00eancia financeira. A conclus\u00e3o \u00e9 do deputado Pedro Paulo (DEM\/RJ), relator de um outro programa de socorro aos estados que tramita na C\u00e2mara Federal, o Plano de Promo\u00e7\u00e3o do Equil\u00edbrio Fiscal,\u2026","rel":"","context":"Em &quot;Geral-MAT\u00c9RIA&quot;","block_context":{"text":"Geral-MAT\u00c9RIA","link":"https:\/\/www.jornalja.com.br\/geral\/category\/geral\/"},"img":{"alt_text":"","src":"https:\/\/i0.wp.com\/www.jornalja.com.br\/geral\/wp-content\/uploads\/sites\/4\/2020\/01\/Deputado-Pedro-Paulo.jpg?resize=350%2C200&ssl=1","width":350,"height":200,"srcset":"https:\/\/i0.wp.com\/www.jornalja.com.br\/geral\/wp-content\/uploads\/sites\/4\/2020\/01\/Deputado-Pedro-Paulo.jpg?resize=350%2C200&ssl=1 1x, https:\/\/i0.wp.com\/www.jornalja.com.br\/geral\/wp-content\/uploads\/sites\/4\/2020\/01\/Deputado-Pedro-Paulo.jpg?resize=525%2C300&ssl=1 1.5x"},"classes":[]}],"jetpack_sharing_enabled":true,"_links":{"self":[{"href":"https:\/\/www.jornalja.com.br\/geral\/wp-json\/wp\/v2\/posts\/91469","targetHints":{"allow":["GET"]}}],"collection":[{"href":"https:\/\/www.jornalja.com.br\/geral\/wp-json\/wp\/v2\/posts"}],"about":[{"href":"https:\/\/www.jornalja.com.br\/geral\/wp-json\/wp\/v2\/types\/post"}],"author":[{"embeddable":true,"href":"https:\/\/www.jornalja.com.br\/geral\/wp-json\/wp\/v2\/users\/4"}],"replies":[{"embeddable":true,"href":"https:\/\/www.jornalja.com.br\/geral\/wp-json\/wp\/v2\/comments?post=91469"}],"version-history":[{"count":1,"href":"https:\/\/www.jornalja.com.br\/geral\/wp-json\/wp\/v2\/posts\/91469\/revisions"}],"predecessor-version":[{"id":91471,"href":"https:\/\/www.jornalja.com.br\/geral\/wp-json\/wp\/v2\/posts\/91469\/revisions\/91471"}],"wp:featuredmedia":[{"embeddable":true,"href":"https:\/\/www.jornalja.com.br\/geral\/wp-json\/wp\/v2\/media\/91470"}],"wp:attachment":[{"href":"https:\/\/www.jornalja.com.br\/geral\/wp-json\/wp\/v2\/media?parent=91469"}],"wp:term":[{"taxonomy":"category","embeddable":true,"href":"https:\/\/www.jornalja.com.br\/geral\/wp-json\/wp\/v2\/categories?post=91469"},{"taxonomy":"post_tag","embeddable":true,"href":"https:\/\/www.jornalja.com.br\/geral\/wp-json\/wp\/v2\/tags?post=91469"}],"curies":[{"name":"wp","href":"https:\/\/api.w.org\/{rel}","templated":true}]}}