{"id":91534,"date":"2022-01-06T08:02:26","date_gmt":"2022-01-06T11:02:26","guid":{"rendered":"https:\/\/www.jornalja.com.br\/geral\/?p=91534"},"modified":"2022-01-06T09:10:52","modified_gmt":"2022-01-06T12:10:52","slug":"brasil-recebe-primeiro-lote-de-vacina-para-criancas-entre-5-e-11-anos","status":"publish","type":"post","link":"https:\/\/www.jornalja.com.br\/geral\/brasil-recebe-primeiro-lote-de-vacina-para-criancas-entre-5-e-11-anos\/","title":{"rendered":"Brasil recebe primeiro lote de vacina para crian\u00e7as entre 5 e 11 anos"},"content":{"rendered":"<p>O Minist\u00e9rio da Sa\u00fade anunciou que as primeiras doses de vacinas contra a doen\u00e7a destinadas a crian\u00e7as de 5 a 11 anos dever\u00e3o chegar ao Brasil no dia 13 de janeiro.<\/p>\n<p>Est\u00e1 prevista uma remessa de 1,2 milh\u00e3o de doses da Pfizer \u2013 a \u00a0\u00fanica aprovada at\u00e9 o momento pela Ag\u00eancia Nacional de Vigil\u00e2ncia Sanit\u00e1ria (Anvisa).<\/p>\n<p>No primeiro trimestre de 2022, o pa\u00eds receber\u00e1 20 milh\u00f5es de doses pedi\u00e1tricas destinadas a este p\u00fablico-alvo, que \u00e9 de cerca de 20,5 milh\u00f5es de crian\u00e7as.<\/p>\n<p>\u201cN\u00e3o faltar\u00e1 vacina para nenhum pai que queria vacinar seus filhos\u201d, disse o ministro da Sa\u00fade, Marcelo Queiroga.<\/p>\n<p>Outras 20 milh\u00f5es de doses foram reservadas. O envio est\u00e1 condicionado \u00e0 confirma\u00e7\u00e3o pelo laborat\u00f3rio e pelo andamento do ritmo de vacina\u00e7\u00e3o.<\/p>\n<p>O esquema vacinal ser\u00e1 com duas doses, com intervalo de oito semanas entre as aplica\u00e7\u00f5es. O tempo \u00e9 superior ao previsto na bula da vacina da Pfizer. Na indica\u00e7\u00e3o da marca, as duas doses do imunizante poderiam ser aplicadas com tr\u00eas semanas de diferen\u00e7a.<\/p>\n<p>Segundo o Minist\u00e9rio da Sa\u00fade, ser\u00e1 preciso que a crian\u00e7a v\u00e1 vacinar acompanhada dos pais ou respons\u00e1veis ou leve uma autoriza\u00e7\u00e3o por escrito.<\/p>\n<p>O Minist\u00e9rio tamb\u00e9m recomendar\u00e1 uma ordem de prioridade, privilegiando pessoas com comorbidades e com defici\u00eancias permanentes; ind\u00edgenas e quilombolas; crian\u00e7as que vivem com pessoas com riscos de evoluir para quadros graves da covid-19; e em seguida crian\u00e7as sem comorbidades.<\/p>\n<p>A obriga\u00e7\u00e3o de prescri\u00e7\u00e3o m\u00e9dica para aplica\u00e7\u00e3o da vacina n\u00e3o foi inclu\u00edda como uma exig\u00eancia, conforme foi ventilado por membros do governo durante as discuss\u00f5es nas \u00faltimas semanas.<\/p>\n<p>A\u00a0Anvisa autorizou a aplica\u00e7\u00e3o da vacina\u00a0da Pfizer nessa faixa et\u00e1ria em 16 de dezembro, mas o Minist\u00e9rio decidiu realizar uma consulta p\u00fablica e uma audi\u00eancia p\u00fablica antes de anunciar a inclus\u00e3o hoje.<\/p>\n<p>\u201cN\u00e3o h\u00e1 atraso. N\u00e3o podemos trazer doses antes da aprova\u00e7\u00e3o da Anvisa. Consulta p\u00fablica foi importante sim para tomada de posi\u00e7\u00e3o do Minist\u00e9rio\u201d, declarou Marcelo Queiroga. \u201cTivemos cuidado e n\u00e3o foi excessivo, muito pelo contr\u00e1rio\u201d.<\/p>\n<p>Marcelo Queiroga informou, ainda, que o custo total da vacina\u00e7\u00e3o da popula\u00e7\u00e3o de 5 a 11 anos deve ser em torno de R$ 2,6 bilh\u00f5es.<\/p>\n<p>Em nota, a Pfizer confirmou a assinatura do contrato de aquisi\u00e7\u00e3o das 20 milh\u00f5es de doses e o in\u00edcio da entrega na \u201csemana do dia 10 de janeiro\u201d.<\/p>\n<p><strong>(Com Ag\u00eancia Brasil)<\/strong><\/p>\n","protected":false},"excerpt":{"rendered":"<p>O Minist\u00e9rio da Sa\u00fade anunciou que as primeiras doses de vacinas contra a doen\u00e7a destinadas a crian\u00e7as de 5 a 11 anos dever\u00e3o chegar ao Brasil no dia 13 de janeiro. Est\u00e1 prevista uma remessa de 1,2 milh\u00e3o de doses da Pfizer \u2013 a \u00a0\u00fanica aprovada at\u00e9 o momento pela Ag\u00eancia Nacional de Vigil\u00e2ncia Sanit\u00e1ria [&hellip;]<\/p>\n","protected":false},"author":4,"featured_media":91535,"comment_status":"open","ping_status":"open","sticky":false,"template":"","format":"standard","meta":{"jetpack_post_was_ever_published":false,"_jetpack_newsletter_access":"","_jetpack_dont_email_post_to_subs":false,"_jetpack_newsletter_tier_id":0,"_jetpack_memberships_contains_paywalled_content":false,"_jetpack_memberships_contains_paid_content":false,"footnotes":"","jetpack_publicize_message":"","jetpack_publicize_feature_enabled":true,"jetpack_social_post_already_shared":true,"jetpack_social_options":{"image_generator_settings":{"template":"highway","default_image_id":0,"font":"","enabled":false},"version":2}},"categories":[2],"tags":[35,238,462,91,236,460,38,149,95],"class_list":["post-91534","post","type-post","status-publish","format-standard","has-post-thumbnail","hentry","category-geral","tag-anvisa","tag-brasil","tag-covid","tag-covid-19","tag-governo","tag-ovid","tag-saude","tag-sc","tag-sp"],"aioseo_notices":[],"jetpack_publicize_connections":[],"jetpack_featured_media_url":"https:\/\/www.jornalja.com.br\/geral\/wp-content\/uploads\/sites\/4\/2022\/01\/ministro-da-saude-marcelo-queiroga.jpg","jetpack_shortlink":"https:\/\/wp.me\/pbKhrD-nOm","jetpack-related-posts":[{"id":91566,"url":"https:\/\/www.jornalja.com.br\/geral\/anvisa-analisa-pedido-de-uso-da-coronavac-para-ampliar-vacinacao-infantil\/","url_meta":{"origin":91534,"position":0},"title":"Anvisa analisa pedido de uso da Coronavac para ampliar vacina\u00e7\u00e3o infantil","author":"da Reda\u00e7\u00e3o","date":"10 de janeiro de 2022","format":false,"excerpt":"O Minist\u00e9rio da Sa\u00fade avalia usar a CoronaVac para vacinar crian\u00e7as e adolescentes de 3 a 17 anos, caso a Ag\u00eancia Nacional de Vigil\u00e2ncia Sanit\u00e1ria (Anvisa) aprove a aplica\u00e7\u00e3o das doses. O Instituto Butantan entrou com novo pedido para a aprova\u00e7\u00e3o do uso da CoronaVac no p\u00fablico infantil em 15\u2026","rel":"","context":"Em &quot;Geral-MAT\u00c9RIA&quot;","block_context":{"text":"Geral-MAT\u00c9RIA","link":"https:\/\/www.jornalja.com.br\/geral\/category\/geral\/"},"img":{"alt_text":"","src":"https:\/\/i0.wp.com\/www.jornalja.com.br\/geral\/wp-content\/uploads\/sites\/4\/2021\/09\/vacina-manchete-myke-sena-ms.jpg?resize=350%2C200&ssl=1","width":350,"height":200,"srcset":"https:\/\/i0.wp.com\/www.jornalja.com.br\/geral\/wp-content\/uploads\/sites\/4\/2021\/09\/vacina-manchete-myke-sena-ms.jpg?resize=350%2C200&ssl=1 1x, https:\/\/i0.wp.com\/www.jornalja.com.br\/geral\/wp-content\/uploads\/sites\/4\/2021\/09\/vacina-manchete-myke-sena-ms.jpg?resize=525%2C300&ssl=1 1.5x, https:\/\/i0.wp.com\/www.jornalja.com.br\/geral\/wp-content\/uploads\/sites\/4\/2021\/09\/vacina-manchete-myke-sena-ms.jpg?resize=700%2C400&ssl=1 2x, https:\/\/i0.wp.com\/www.jornalja.com.br\/geral\/wp-content\/uploads\/sites\/4\/2021\/09\/vacina-manchete-myke-sena-ms.jpg?resize=1050%2C600&ssl=1 3x"},"classes":[]},{"id":87256,"url":"https:\/\/www.jornalja.com.br\/geral\/vacina-contra-covid-india-manda-mais-2-milhoes-de-doses-para-o-brasil-e-pede-pacienciaen\/","url_meta":{"origin":91534,"position":1},"title":"Vacina contra Covid: India manda mais 2 milh\u00f5es de doses para o Brasil e pede &#8220;paci\u00eancia&#8221;","author":"da Reda\u00e7\u00e3o","date":"22 de fevereiro de 2021","format":false,"excerpt":"Um avi\u00e3o da companhia Emirates chega a S\u00e3o Paulo na madrugada desta ter\u00e7a-feira,23,\u00a0 com\u00a0 2 milh\u00f5es de doses da vacina Oxford\/AstraZeneca contra covid-19, O avi\u00e3o decolou na madrugada de hoje (22) de Mumbai,\u00a0 por volta das\u00a010h30\u00a0da manh\u00e3 (hor\u00e1rio local), o que equivale a 2h da madrugada de hoje no hor\u00e1rio\u2026","rel":"","context":"Em &quot;Geral-MAT\u00c9RIA&quot;","block_context":{"text":"Geral-MAT\u00c9RIA","link":"https:\/\/www.jornalja.com.br\/geral\/category\/geral\/"},"img":{"alt_text":"","src":"https:\/\/i0.wp.com\/www.jornalja.com.br\/geral\/wp-content\/uploads\/sites\/4\/2021\/02\/vacina-de-oxford-astrazeneca-2701214147-1.jpg?resize=350%2C200&ssl=1","width":350,"height":200,"srcset":"https:\/\/i0.wp.com\/www.jornalja.com.br\/geral\/wp-content\/uploads\/sites\/4\/2021\/02\/vacina-de-oxford-astrazeneca-2701214147-1.jpg?resize=350%2C200&ssl=1 1x, https:\/\/i0.wp.com\/www.jornalja.com.br\/geral\/wp-content\/uploads\/sites\/4\/2021\/02\/vacina-de-oxford-astrazeneca-2701214147-1.jpg?resize=525%2C300&ssl=1 1.5x, https:\/\/i0.wp.com\/www.jornalja.com.br\/geral\/wp-content\/uploads\/sites\/4\/2021\/02\/vacina-de-oxford-astrazeneca-2701214147-1.jpg?resize=700%2C400&ssl=1 2x, https:\/\/i0.wp.com\/www.jornalja.com.br\/geral\/wp-content\/uploads\/sites\/4\/2021\/02\/vacina-de-oxford-astrazeneca-2701214147-1.jpg?resize=1050%2C600&ssl=1 3x"},"classes":[]},{"id":92361,"url":"https:\/\/www.jornalja.com.br\/geral\/passe-livre-para-dia-d-da-vacinacao-contra-sarampo-e-gripe-em-porto-alegre\/","url_meta":{"origin":91534,"position":2},"title":"Passe livre para dia D da vacina\u00e7\u00e3o contra sarampo e gripe em Porto Alegre","author":"da Reda\u00e7\u00e3o","date":"27 de abril de 2022","format":false,"excerpt":"A prefeitura de Porto Alegre promove no s\u00e1bado, 30, o Dia D da vacina\u00e7\u00e3o contra o sarampo e gripe (influenza). A atividade ir\u00e1 acontecer em 108 unidades de sa\u00fade, das 8h \u00e0s 17h (confira aqui: http:\/\/lproweb.procempa.com.br\/pmpa\/prefpoa\/cs\/usu_doc\/unidades_saude_dia_d.pdf. Tamb\u00e9m ser\u00e3o oferecidas primeira e segunda doses de vacinas contra a Covid-19 para crian\u00e7as,\u2026","rel":"","context":"Em &quot;Geral-NOTAS&quot;","block_context":{"text":"Geral-NOTAS","link":"https:\/\/www.jornalja.com.br\/geral\/category\/geral-notas\/"},"img":{"alt_text":"","src":"","width":0,"height":0},"classes":[]},{"id":94555,"url":"https:\/\/www.jornalja.com.br\/geral\/covid-em-porto-alegre-confira-a-vacinacao-em-criancas-e-adultos\/","url_meta":{"origin":91534,"position":3},"title":"Covid em Porto Alegre: confira a vacina\u00e7\u00e3o em crian\u00e7as e adultos","author":"da Reda\u00e7\u00e3o","date":"18 de dezembro de 2022","format":false,"excerpt":"A Secretaria Municipal de Sa\u00fade (SMS) prossegue nesta segunda-feira, 19, com a vacina\u00e7\u00e3o contra Covid-19 de beb\u00eas a partir de seis meses at\u00e9 menores de 3 anos com comorbidades. A vacina pedi\u00e1trica Pfizer baby estar\u00e1 dispon\u00edvel em dez unidades de sa\u00fade (Santa Marta, Tristeza, Primeiro de Maio, \u00c1lvaro Difini, Navegantes,\u2026","rel":"","context":"Em &quot;Geral-NOTAS&quot;","block_context":{"text":"Geral-NOTAS","link":"https:\/\/www.jornalja.com.br\/geral\/category\/geral-notas\/"},"img":{"alt_text":"","src":"","width":0,"height":0},"classes":[]},{"id":88856,"url":"https:\/\/www.jornalja.com.br\/geral\/vicina-contra-covid-anvisa-autoriza-estudo-sobre-terceira-dose-da-astrazeneca\/","url_meta":{"origin":91534,"position":4},"title":"Vacina contra Covid: dez mil volunt\u00e1rios para testar a terceira dose da AstraZeneca","author":"da Reda\u00e7\u00e3o","date":"19 de julho de 2021","format":false,"excerpt":"Da Ag\u00eancia Brasil Ag\u00eancia Nacional de Vigil\u00e2ncia Sanit\u00e1ria (Anvisa) autorizou, nesta segunda-feira (19), a realiza\u00e7\u00e3o de estudo cl\u00ednico para avaliar a seguran\u00e7a, a efic\u00e1cia e a imunogenicidade da aplica\u00e7\u00e3o de terceira dose da vacina contra covid-19 da AstraZeneca. Segundo a Anvisa, o estudo inicial ser\u00e1 feito em participantes que j\u00e1\u2026","rel":"","context":"Em &quot;Geral-MAT\u00c9RIA&quot;","block_context":{"text":"Geral-MAT\u00c9RIA","link":"https:\/\/www.jornalja.com.br\/geral\/category\/geral\/"},"img":{"alt_text":"","src":"https:\/\/i0.wp.com\/www.jornalja.com.br\/geral\/wp-content\/uploads\/sites\/4\/2021\/07\/covid-vacina-raquel-portugal-fiocruz.jpg?resize=350%2C200&ssl=1","width":350,"height":200,"srcset":"https:\/\/i0.wp.com\/www.jornalja.com.br\/geral\/wp-content\/uploads\/sites\/4\/2021\/07\/covid-vacina-raquel-portugal-fiocruz.jpg?resize=350%2C200&ssl=1 1x, https:\/\/i0.wp.com\/www.jornalja.com.br\/geral\/wp-content\/uploads\/sites\/4\/2021\/07\/covid-vacina-raquel-portugal-fiocruz.jpg?resize=525%2C300&ssl=1 1.5x, https:\/\/i0.wp.com\/www.jornalja.com.br\/geral\/wp-content\/uploads\/sites\/4\/2021\/07\/covid-vacina-raquel-portugal-fiocruz.jpg?resize=700%2C400&ssl=1 2x, https:\/\/i0.wp.com\/www.jornalja.com.br\/geral\/wp-content\/uploads\/sites\/4\/2021\/07\/covid-vacina-raquel-portugal-fiocruz.jpg?resize=1050%2C600&ssl=1 3x"},"classes":[]},{"id":86195,"url":"https:\/\/www.jornalja.com.br\/geral\/bolsonaro-diz-que-governo-federal-nao-comprara-vacina-chinesa\/","url_meta":{"origin":91534,"position":5},"title":"Bolsonaro diz que governo federal n\u00e3o comprar\u00e1 vacina chinesa","author":"da Reda\u00e7\u00e3o","date":"21 de outubro de 2020","format":false,"excerpt":"O presidente Jair Bolsonaro afirmou nesta quarta-feira, (21\/10), que o governo federal n\u00e3o comprar\u00e1 a vacina CoronaVac, que est\u00e1 sendo desenvolvida pela farmac\u00eautica chinesa Sinovac em parceria com o Instituto Butantan. De acordo com ele, antes de ser disponibilizada para a popula\u00e7\u00e3o, a vacina dever\u00e1 ser \u201ccomprovada cientificamente\u201d pelo Minist\u00e9rio\u2026","rel":"","context":"Em &quot;Geral-MAT\u00c9RIA&quot;","block_context":{"text":"Geral-MAT\u00c9RIA","link":"https:\/\/www.jornalja.com.br\/geral\/category\/geral\/"},"img":{"alt_text":"","src":"https:\/\/i0.wp.com\/www.jornalja.com.br\/geral\/wp-content\/uploads\/sites\/4\/2020\/10\/07-10-2020-voo-simples1-5.jpg?resize=350%2C200&ssl=1","width":350,"height":200,"srcset":"https:\/\/i0.wp.com\/www.jornalja.com.br\/geral\/wp-content\/uploads\/sites\/4\/2020\/10\/07-10-2020-voo-simples1-5.jpg?resize=350%2C200&ssl=1 1x, https:\/\/i0.wp.com\/www.jornalja.com.br\/geral\/wp-content\/uploads\/sites\/4\/2020\/10\/07-10-2020-voo-simples1-5.jpg?resize=525%2C300&ssl=1 1.5x, https:\/\/i0.wp.com\/www.jornalja.com.br\/geral\/wp-content\/uploads\/sites\/4\/2020\/10\/07-10-2020-voo-simples1-5.jpg?resize=700%2C400&ssl=1 2x, https:\/\/i0.wp.com\/www.jornalja.com.br\/geral\/wp-content\/uploads\/sites\/4\/2020\/10\/07-10-2020-voo-simples1-5.jpg?resize=1050%2C600&ssl=1 3x"},"classes":[]}],"jetpack_sharing_enabled":true,"_links":{"self":[{"href":"https:\/\/www.jornalja.com.br\/geral\/wp-json\/wp\/v2\/posts\/91534","targetHints":{"allow":["GET"]}}],"collection":[{"href":"https:\/\/www.jornalja.com.br\/geral\/wp-json\/wp\/v2\/posts"}],"about":[{"href":"https:\/\/www.jornalja.com.br\/geral\/wp-json\/wp\/v2\/types\/post"}],"author":[{"embeddable":true,"href":"https:\/\/www.jornalja.com.br\/geral\/wp-json\/wp\/v2\/users\/4"}],"replies":[{"embeddable":true,"href":"https:\/\/www.jornalja.com.br\/geral\/wp-json\/wp\/v2\/comments?post=91534"}],"version-history":[{"count":1,"href":"https:\/\/www.jornalja.com.br\/geral\/wp-json\/wp\/v2\/posts\/91534\/revisions"}],"predecessor-version":[{"id":91536,"href":"https:\/\/www.jornalja.com.br\/geral\/wp-json\/wp\/v2\/posts\/91534\/revisions\/91536"}],"wp:featuredmedia":[{"embeddable":true,"href":"https:\/\/www.jornalja.com.br\/geral\/wp-json\/wp\/v2\/media\/91535"}],"wp:attachment":[{"href":"https:\/\/www.jornalja.com.br\/geral\/wp-json\/wp\/v2\/media?parent=91534"}],"wp:term":[{"taxonomy":"category","embeddable":true,"href":"https:\/\/www.jornalja.com.br\/geral\/wp-json\/wp\/v2\/categories?post=91534"},{"taxonomy":"post_tag","embeddable":true,"href":"https:\/\/www.jornalja.com.br\/geral\/wp-json\/wp\/v2\/tags?post=91534"}],"curies":[{"name":"wp","href":"https:\/\/api.w.org\/{rel}","templated":true}]}}