{"id":91560,"date":"2022-01-08T23:57:48","date_gmt":"2022-01-09T02:57:48","guid":{"rendered":"https:\/\/www.jornalja.com.br\/geral\/?p=91560"},"modified":"2022-01-11T09:08:11","modified_gmt":"2022-01-11T12:08:11","slug":"czar-putin-amplia-o-front-no-cazaquistao","status":"publish","type":"post","link":"https:\/\/www.jornalja.com.br\/geral\/czar-putin-amplia-o-front-no-cazaquistao\/","title":{"rendered":"Putin amplia o front no Cazaquist\u00e3o"},"content":{"rendered":"<p><span style=\"font-weight: 400\">A recente revolta popular no Cazaquist\u00e3o confirma a consci\u00eancia geopol\u00edtica do presidente russo, Vladimir Putin. H\u00e1 meses fustigando as fronteiras da Europa com exerc\u00edcios b\u00e9licos, ele agora teve que atender o pedido de socorro do presidente, Tokajew.\u00a0 Milhares de soldados e equipamentos militares foram deslocados para o pa\u00eds sob a bandeira de<a href=\"https:\/\/www.zeit.de\/politik\/ausland\/2022-01\/massenunruhen-kasachstan-russland-friedenstruppe\"> &#8220;tropas de paz&#8221;.<\/a>\u00a0<\/span><\/p>\n<p><span style=\"font-weight: 400\">A chefe da Uni\u00e3o Europ\u00e9ia, Ursula von der Leyen, foi a Paris tratar da transi\u00e7\u00e3o do pr\u00f3prio cargo e abordou o conflito com o presidente Macron. &#8220;Devemos trabalhar para reduzir a viol\u00eancia e promover o di\u00e1logo n\u00e3o s\u00f3 com os Russos, mas com todos, em todas as esferas&#8221;, defendeu o l\u00edder franc\u00eas, indicando a dire\u00e7\u00e3o do futuro mandato na UE.<\/span><\/p>\n<figure id=\"attachment_91562\" aria-describedby=\"caption-attachment-91562\" style=\"width: 840px\" class=\"wp-caption aligncenter\"><img decoding=\"async\" data-attachment-id=\"91562\" data-permalink=\"https:\/\/www.jornalja.com.br\/geral\/czar-putin-amplia-o-front-no-cazaquistao\/kasachstan001\/\" data-orig-file=\"https:\/\/www.jornalja.com.br\/geral\/wp-content\/uploads\/sites\/4\/2022\/01\/kasachstan001.jpg\" data-orig-size=\"1200,821\" data-comments-opened=\"1\" data-image-meta=\"{&quot;aperture&quot;:&quot;0&quot;,&quot;credit&quot;:&quot;&quot;,&quot;camera&quot;:&quot;&quot;,&quot;caption&quot;:&quot;&quot;,&quot;created_timestamp&quot;:&quot;0&quot;,&quot;copyright&quot;:&quot;&quot;,&quot;focal_length&quot;:&quot;0&quot;,&quot;iso&quot;:&quot;0&quot;,&quot;shutter_speed&quot;:&quot;0&quot;,&quot;title&quot;:&quot;&quot;,&quot;orientation&quot;:&quot;1&quot;}\" data-image-title=\"kasachstan001\" data-image-description=\"\" data-image-caption=\"&lt;p&gt;Revolta popular no Cazaquistao \u00e9 reprimida com total viol\u00eancia pelas forcas militares. O presidente,\tKassym-Jomart Tokayev deu ordem de &amp;#8220;atirar para matar&amp;#8221; em rede nacional.&lt;\/p&gt;\n\" data-large-file=\"https:\/\/www.jornalja.com.br\/geral\/wp-content\/uploads\/sites\/4\/2022\/01\/kasachstan001-900x616.jpg\" class=\"size-large wp-image-91562\" src=\"https:\/\/www.jornalja.com.br\/geral\/wp-content\/uploads\/sites\/4\/2022\/01\/kasachstan001-900x616.jpg\" alt=\"\" width=\"840\" height=\"575\" srcset=\"https:\/\/www.jornalja.com.br\/geral\/wp-content\/uploads\/sites\/4\/2022\/01\/kasachstan001-900x616.jpg 900w, https:\/\/www.jornalja.com.br\/geral\/wp-content\/uploads\/sites\/4\/2022\/01\/kasachstan001-450x308.jpg 450w, https:\/\/www.jornalja.com.br\/geral\/wp-content\/uploads\/sites\/4\/2022\/01\/kasachstan001-768x525.jpg 768w, https:\/\/www.jornalja.com.br\/geral\/wp-content\/uploads\/sites\/4\/2022\/01\/kasachstan001.jpg 1200w\" sizes=\"(max-width: 840px) 100vw, 840px\" \/><figcaption id=\"caption-attachment-91562\" class=\"wp-caption-text\">Revolta popular no Cazaquist\u00e3o \u00e9 reprimida com total viol\u00eancia pelas forcas militares. O presidente, Kassym-Jomart Tokayev deu ordem de &#8220;atirar para matar&#8221; em rede nacional. (dpa)<\/figcaption><\/figure>\n<p><span style=\"font-weight: 400\">A Europa depende muito da R\u00fassia e de todos os pa\u00edses da regi\u00e3o. A crise do g\u00e1s, raz\u00e3o para a revolta no Cazaquist\u00e3o, \u00e9 um fato em muitos outros pa\u00edses, confrontados com um aumento de 400% no pre\u00e7o da commodity. Na Alemanha, o g\u00e1s \u00e9 o principal substituto no curto prazo para as usinas nucleares e a carv\u00e3o que o pa\u00eds pretende desligar.\u00a0<\/span><\/p>\n<p><span style=\"font-weight: 400\">Com a vantagem de quem fornece a mat\u00e9ria-prima, e assim define a demanda, o Czar russo parece estar fazendo o seu Reset geopol\u00edtico.<\/span><\/p>\n<p><span style=\"font-weight: 400\">Putin fez um duplo movimento antes da virada do ano. Falou com Biden por telefone sobre a Ucr\u00e2nia, e seguiu viagem no mesmo dia para Minsk, na Bielorr\u00fassia, onde encontrou o ditador, Alexander Lukashenko. Juntos, anunciaram manobras militares conjuntas para Fevereiro e Mar\u00e7o, num sinal de prolongar ainda mais a press\u00e3o na fronteira com a UE.<\/span><\/p>\n<p><span style=\"font-weight: 400\">A R\u00fassia realiza manobras militares nas bordas da Ucr\u00e2nia desde marco do ano passado. As opera\u00e7\u00f5es chegaram a concentrar mais de 200 mil soldados. Hoje o contingente baixou para 10 mil, segundo a pr\u00f3pria R\u00fassia, mas a Otan anda alertada.<\/span><\/p>\n<p><span style=\"font-weight: 400\">&#8220;Di\u00e1logo sim, mas n\u00e3o a qualquer pre\u00e7o&#8221;, declarou o secret\u00e1rio geral da Otan, Jens Stoltenberg, por v\u00eddeo confer\u00eancia dia 07.01.2022.<\/span><\/p>\n<p><span style=\"font-weight: 400\">Os argumentos do presidente russo s\u00e3o claros: &#8220;n\u00e3o aceitaremos mais um sistema de m\u00edsseis da OTAN na nossa fronteira&#8221;. Em troca das facilidades da participa\u00e7\u00e3o na Uni\u00e3o Europ\u00e9ia (UE), o presidente Ucr\u00e2niano, Volodymyr Zelensky, aceitou a instala\u00e7\u00e3o de um sistema de m\u00edsseis dos ocidentais em seu territ\u00f3rio. Dos pa\u00edses do leste europeu, seria o terceiro, depois de Pol\u00f4nia e Rep\u00fablica Checa, fechando um cerco estrat\u00e9gico sobre os russos.<\/span><\/p>\n<p><span style=\"font-weight: 400\">A crise militar na antiga rep\u00fablica sovi\u00e9tica revela agora n\u00e3o s\u00f3 a atual for\u00e7a dos la\u00e7os hist\u00f3ricos ao leste da Europa. Ela aponta para uma tomada de posi\u00e7\u00e3o estrat\u00e9gica em um mundo cada vez mais polarizado.<\/span><\/p>\n","protected":false},"excerpt":{"rendered":"<p>A recente revolta popular no Cazaquist\u00e3o confirma a consci\u00eancia geopol\u00edtica do presidente russo, Vladimir Putin. H\u00e1 meses fustigando as fronteiras da Europa com exerc\u00edcios b\u00e9licos, ele agora teve que atender o pedido de socorro do presidente, Tokajew.\u00a0 Milhares de soldados e equipamentos militares foram deslocados para o pa\u00eds sob a bandeira de &#8220;tropas de paz&#8221;.\u00a0 [&hellip;]<\/p>\n","protected":false},"author":22,"featured_media":91561,"comment_status":"open","ping_status":"open","sticky":false,"template":"","format":"standard","meta":{"jetpack_post_was_ever_published":false,"_jetpack_newsletter_access":"","_jetpack_dont_email_post_to_subs":false,"_jetpack_newsletter_tier_id":0,"_jetpack_memberships_contains_paywalled_content":false,"_jetpack_memberships_contains_paid_content":false,"footnotes":"","jetpack_publicize_message":"","jetpack_publicize_feature_enabled":true,"jetpack_social_post_already_shared":true,"jetpack_social_options":{"image_generator_settings":{"template":"highway","default_image_id":0,"font":"","enabled":false},"version":2}},"categories":[28],"tags":[87,500,482,523,434,120,247,161,479,522,15,149,509,239,521],"class_list":["post-91560","post","type-post","status-publish","format-standard","has-post-thumbnail","hentry","category-geral-notas","tag-ari","tag-etica","tag-geopolitica","tag-guerra-fria","tag-militares","tag-obras","tag-politica","tag-pt","tag-red","tag-revolta-popular","tag-rs","tag-sc","tag-uniao","tag-violencia","tag-vladimir-putin"],"aioseo_notices":[],"jetpack_publicize_connections":[],"jetpack_featured_media_url":"https:\/\/www.jornalja.com.br\/geral\/wp-content\/uploads\/sites\/4\/2022\/01\/vladimir-putin-2018-03-01-03-cropped.jpg","jetpack_shortlink":"https:\/\/wp.me\/pbKhrD-nOM","jetpack-related-posts":[{"id":84877,"url":"https:\/\/www.jornalja.com.br\/geral\/novo-foco-da-tensao-internacional-bielorrussia-tem-apoio-de-putin-para-conter-protestos\/","url_meta":{"origin":91560,"position":0},"title":"Novo foco da tens\u00e3o internacional, Bielorr\u00fassia tem apoio de Putin para conter protestos","author":"da Reda\u00e7\u00e3o","date":"17 de agosto de 2020","format":false,"excerpt":"O governo da R\u00fassia anunciou, nesse domingo (16), que est\u00e1 pronto para oferecer assist\u00eancia militar ao l\u00edder da Bielorr\u00fassia, Alexander Lukashenko, alvo de intensos protestos por suspeita de fraude nas elei\u00e7\u00f5es nacionais realizadas h\u00e1 uma semana. No mesmo dia, manifestantes que pedem a ren\u00fancia de Lukashenko, realizaram o maior protesto\u2026","rel":"","context":"Em &quot;Geral-MAT\u00c9RIA&quot;","block_context":{"text":"Geral-MAT\u00c9RIA","link":"https:\/\/www.jornalja.com.br\/geral\/category\/geral\/"},"img":{"alt_text":"","src":"https:\/\/i0.wp.com\/www.jornalja.com.br\/geral\/wp-content\/uploads\/sites\/4\/2020\/08\/putin-apoia-scaled.jpg?resize=350%2C200&ssl=1","width":350,"height":200,"srcset":"https:\/\/i0.wp.com\/www.jornalja.com.br\/geral\/wp-content\/uploads\/sites\/4\/2020\/08\/putin-apoia-scaled.jpg?resize=350%2C200&ssl=1 1x, https:\/\/i0.wp.com\/www.jornalja.com.br\/geral\/wp-content\/uploads\/sites\/4\/2020\/08\/putin-apoia-scaled.jpg?resize=525%2C300&ssl=1 1.5x, https:\/\/i0.wp.com\/www.jornalja.com.br\/geral\/wp-content\/uploads\/sites\/4\/2020\/08\/putin-apoia-scaled.jpg?resize=700%2C400&ssl=1 2x"},"classes":[]},{"id":98063,"url":"https:\/\/www.jornalja.com.br\/geral\/cupula-do-brics-deixa-um-recado-dilma-vem-ai\/","url_meta":{"origin":91560,"position":1},"title":"C\u00fapula do Brics deixa um recado: &#8220;Dilma vem a\u00ed&#8221;","author":"Elmar Bones","date":"26 de outubro de 2024","format":false,"excerpt":"Quem\u00a0 acha que a ex-presidente Dilma Rousseff \u00e9 \"carta fora do baralho\" da pol\u00edtica brasileira precisa prestar aten\u00e7\u00e3o na movimenta\u00e7\u00e3o dela no cen\u00e1rio internacional. Elogiada pelo presidente chin\u00eas, Xi Ginping, Dilma foi ungida pelo presidente russo,\u00a0 Vladimir Putin para mais um mandato na presid\u00eancia do Banco do Brics. Seu mandato\u2026","rel":"","context":"Em &quot;Geral-MAT\u00c9RIA&quot;","block_context":{"text":"Geral-MAT\u00c9RIA","link":"https:\/\/www.jornalja.com.br\/geral\/category\/geral\/"},"img":{"alt_text":"","src":"https:\/\/i0.wp.com\/www.jornalja.com.br\/geral\/wp-content\/uploads\/sites\/4\/2024\/10\/dilma-vem-ai.jpeg?resize=350%2C200&ssl=1","width":350,"height":200,"srcset":"https:\/\/i0.wp.com\/www.jornalja.com.br\/geral\/wp-content\/uploads\/sites\/4\/2024\/10\/dilma-vem-ai.jpeg?resize=350%2C200&ssl=1 1x, https:\/\/i0.wp.com\/www.jornalja.com.br\/geral\/wp-content\/uploads\/sites\/4\/2024\/10\/dilma-vem-ai.jpeg?resize=525%2C300&ssl=1 1.5x, https:\/\/i0.wp.com\/www.jornalja.com.br\/geral\/wp-content\/uploads\/sites\/4\/2024\/10\/dilma-vem-ai.jpeg?resize=700%2C400&ssl=1 2x"},"classes":[]},{"id":99635,"url":"https:\/\/www.jornalja.com.br\/geral\/xi-jinping-e-putin-celebram-as-relacoes-exemplares-entre-china-e-russia\/","url_meta":{"origin":91560,"position":2},"title":"Xi Jinping e Putin celebram as &#8220;rela\u00e7\u00f5es exemplares&#8221; entre China e Russia","author":"da Reda\u00e7\u00e3o","date":"3 de setembro de 2025","format":false,"excerpt":"Reunidos em Pequim, nesta ter\u00e7a feira, os presidentes da China e da Russia aproveitaram para dar uma demonstra\u00e7\u00e3o de amizade e unidade de prop\u00f3sitos entre as duas grandes pot\u00eancias, que lideram o movimento por uma nova ordem mundial, que j\u00e1 envolve 11 pa\u00edses, incluindo o Brasil, e \u00e9 a principal\u2026","rel":"","context":"Em &quot;Geral-MAT\u00c9RIA&quot;","block_context":{"text":"Geral-MAT\u00c9RIA","link":"https:\/\/www.jornalja.com.br\/geral\/category\/geral\/"},"img":{"alt_text":"","src":"https:\/\/i0.wp.com\/www.jornalja.com.br\/geral\/wp-content\/uploads\/sites\/4\/2025\/09\/xi-e-putin.jpeg?resize=350%2C200&ssl=1","width":350,"height":200,"srcset":"https:\/\/i0.wp.com\/www.jornalja.com.br\/geral\/wp-content\/uploads\/sites\/4\/2025\/09\/xi-e-putin.jpeg?resize=350%2C200&ssl=1 1x, https:\/\/i0.wp.com\/www.jornalja.com.br\/geral\/wp-content\/uploads\/sites\/4\/2025\/09\/xi-e-putin.jpeg?resize=525%2C300&ssl=1 1.5x, https:\/\/i0.wp.com\/www.jornalja.com.br\/geral\/wp-content\/uploads\/sites\/4\/2025\/09\/xi-e-putin.jpeg?resize=700%2C400&ssl=1 2x"},"classes":[]},{"id":92257,"url":"https:\/\/www.jornalja.com.br\/geral\/macron-vence-extrema-direita-mas-franca-sai-dividida-da-eleicao\/","url_meta":{"origin":91560,"position":3},"title":"Macron vence extrema direita mas Fran\u00e7a sai dividida da elei\u00e7\u00e3o","author":"da Reda\u00e7\u00e3o","date":"25 de abril de 2022","format":false,"excerpt":"O presidente da Fran\u00e7a, Emmanuel Macron, foi reeleito neste domingo (24) para um novo mandato de cinco anos. Ele derrotou a candidata de extrema-direita Marine Le Pen. Ap\u00f3s o reconhecimento da vit\u00f3ria de Macron, que obteve 58% dos votos, ele foi recebido por milhares de apoiadores que estavam reunidos nas\u2026","rel":"","context":"Em &quot;Geral-MAT\u00c9RIA&quot;","block_context":{"text":"Geral-MAT\u00c9RIA","link":"https:\/\/www.jornalja.com.br\/geral\/category\/geral\/"},"img":{"alt_text":"","src":"","width":0,"height":0},"classes":[]},{"id":99227,"url":"https:\/\/www.jornalja.com.br\/geral\/eua-atacam-instalacoes-no-ira-fantasma-da-guerra-nuclear-assombra-o-mundo\/","url_meta":{"origin":91560,"position":4},"title":"Eua atacam instala\u00e7\u00f5es no Ir\u00e3: fantasma da guerra nuclear assombra o mundo","author":"da Reda\u00e7\u00e3o","date":"21 de junho de 2025","format":false,"excerpt":"Donald Trump informou pelas redes sociais que os Estados Unidos entraram na guerra contra o Ir\u00e3, em apoio a Israel. \"Uma carga completa de BOMBAS foi lan\u00e7ada no local principal, Fordow. Todos os avi\u00f5es est\u00e3o a caminho de casa em seguran\u00e7a\", escreveu Trump. Foram tr\u00eas ataques a instala\u00e7\u00f5es nucleares no\u2026","rel":"","context":"Em &quot;Geral-MAT\u00c9RIA&quot;","block_context":{"text":"Geral-MAT\u00c9RIA","link":"https:\/\/www.jornalja.com.br\/geral\/category\/geral\/"},"img":{"alt_text":"","src":"https:\/\/i0.wp.com\/www.jornalja.com.br\/geral\/wp-content\/uploads\/sites\/4\/2025\/06\/trump-na-casa-branca-fala-do-ataque-ao-ira.png?resize=350%2C200&ssl=1","width":350,"height":200,"srcset":"https:\/\/i0.wp.com\/www.jornalja.com.br\/geral\/wp-content\/uploads\/sites\/4\/2025\/06\/trump-na-casa-branca-fala-do-ataque-ao-ira.png?resize=350%2C200&ssl=1 1x, https:\/\/i0.wp.com\/www.jornalja.com.br\/geral\/wp-content\/uploads\/sites\/4\/2025\/06\/trump-na-casa-branca-fala-do-ataque-ao-ira.png?resize=525%2C300&ssl=1 1.5x"},"classes":[]},{"id":100476,"url":"https:\/\/www.jornalja.com.br\/geral\/china-e-russia-foram-avisadas-antes-do-ataque-a-venezuela-ha-um-acordo-com-trump-para-uma-nova-divisao-mundial\/","url_meta":{"origin":91560,"position":5},"title":"China e R\u00fassia foram avisadas antes do ataque \u00e0 Venezuela? H\u00e1 um acordo com Trump para uma nova divis\u00e3o mundial?","author":"da Reda\u00e7\u00e3o","date":"3 de janeiro de 2026","format":false,"excerpt":"S\u00e3o muitas as perguntas sem resposta neste s\u00e1bado em que o mundo acompanha, estarrecido, o ataque dos Estados Unidos \u00e0 Venezuela e o sequestro do presidente Nicolas Maduro e sua esposa, Cilia Flores. A principal e a mais inquietante das perguntas \u00e9 esta: esse movimento de Trump na Venezuela faz\u2026","rel":"","context":"Em &quot;Geral-MAT\u00c9RIA&quot;","block_context":{"text":"Geral-MAT\u00c9RIA","link":"https:\/\/www.jornalja.com.br\/geral\/category\/geral\/"},"img":{"alt_text":"","src":"https:\/\/i0.wp.com\/www.jornalja.com.br\/geral\/wp-content\/uploads\/sites\/4\/2026\/01\/ataque-a-venezuela-esta-1.png?resize=350%2C200&ssl=1","width":350,"height":200,"srcset":"https:\/\/i0.wp.com\/www.jornalja.com.br\/geral\/wp-content\/uploads\/sites\/4\/2026\/01\/ataque-a-venezuela-esta-1.png?resize=350%2C200&ssl=1 1x, https:\/\/i0.wp.com\/www.jornalja.com.br\/geral\/wp-content\/uploads\/sites\/4\/2026\/01\/ataque-a-venezuela-esta-1.png?resize=525%2C300&ssl=1 1.5x, https:\/\/i0.wp.com\/www.jornalja.com.br\/geral\/wp-content\/uploads\/sites\/4\/2026\/01\/ataque-a-venezuela-esta-1.png?resize=700%2C400&ssl=1 2x"},"classes":[]}],"jetpack_sharing_enabled":true,"_links":{"self":[{"href":"https:\/\/www.jornalja.com.br\/geral\/wp-json\/wp\/v2\/posts\/91560","targetHints":{"allow":["GET"]}}],"collection":[{"href":"https:\/\/www.jornalja.com.br\/geral\/wp-json\/wp\/v2\/posts"}],"about":[{"href":"https:\/\/www.jornalja.com.br\/geral\/wp-json\/wp\/v2\/types\/post"}],"author":[{"embeddable":true,"href":"https:\/\/www.jornalja.com.br\/geral\/wp-json\/wp\/v2\/users\/22"}],"replies":[{"embeddable":true,"href":"https:\/\/www.jornalja.com.br\/geral\/wp-json\/wp\/v2\/comments?post=91560"}],"version-history":[{"count":4,"href":"https:\/\/www.jornalja.com.br\/geral\/wp-json\/wp\/v2\/posts\/91560\/revisions"}],"predecessor-version":[{"id":91572,"href":"https:\/\/www.jornalja.com.br\/geral\/wp-json\/wp\/v2\/posts\/91560\/revisions\/91572"}],"wp:featuredmedia":[{"embeddable":true,"href":"https:\/\/www.jornalja.com.br\/geral\/wp-json\/wp\/v2\/media\/91561"}],"wp:attachment":[{"href":"https:\/\/www.jornalja.com.br\/geral\/wp-json\/wp\/v2\/media?parent=91560"}],"wp:term":[{"taxonomy":"category","embeddable":true,"href":"https:\/\/www.jornalja.com.br\/geral\/wp-json\/wp\/v2\/categories?post=91560"},{"taxonomy":"post_tag","embeddable":true,"href":"https:\/\/www.jornalja.com.br\/geral\/wp-json\/wp\/v2\/tags?post=91560"}],"curies":[{"name":"wp","href":"https:\/\/api.w.org\/{rel}","templated":true}]}}