{"id":91566,"date":"2022-01-10T08:22:31","date_gmt":"2022-01-10T11:22:31","guid":{"rendered":"https:\/\/www.jornalja.com.br\/geral\/?p=91566"},"modified":"2022-01-11T17:20:35","modified_gmt":"2022-01-11T20:20:35","slug":"anvisa-analisa-pedido-de-uso-da-coronavac-para-ampliar-vacinacao-infantil","status":"publish","type":"post","link":"https:\/\/www.jornalja.com.br\/geral\/anvisa-analisa-pedido-de-uso-da-coronavac-para-ampliar-vacinacao-infantil\/","title":{"rendered":"Anvisa analisa pedido de uso da Coronavac para ampliar vacina\u00e7\u00e3o infantil"},"content":{"rendered":"<p>O Minist\u00e9rio da Sa\u00fade avalia usar a CoronaVac para vacinar crian\u00e7as e adolescentes de 3 a 17 anos, caso a Ag\u00eancia Nacional de Vigil\u00e2ncia Sanit\u00e1ria (Anvisa) aprove a aplica\u00e7\u00e3o das doses.<\/p>\n<p>O Instituto Butantan entrou com novo pedido para a aprova\u00e7\u00e3o do uso da CoronaVac no p\u00fablico infantil em 15 de dezembro. O prazo de avalia\u00e7\u00e3o da Anvisa ainda n\u00e3o terminou. As informa\u00e7\u00f5es s\u00e3o da Folha de SP.<\/p>\n<p>A previs\u00e3o do Minist\u00e9rio da Sa\u00fade \u00e9 receber at\u00e9 mar\u00e7o 20 milh\u00f5es de doses pedi\u00e1tricas da Pfizer contra a Covid-19, suficientes para imunizar cerca de metade da popula\u00e7\u00e3o de 5 a 11 anos.<\/p>\n<p>Em nota, o minist\u00e9rio afirmou que \u201cadquire e distribui apenas os imunizantes aprovados pela Anvisa, inclusive em casos de amplia\u00e7\u00e3o de faixas et\u00e1rias\u201d.<\/p>\n<p>Em nota, o Minist\u00e9rio da Sa\u00fade afirmou que, \u201cdesde o in\u00edcio da campanha de vacina\u00e7\u00e3o, todas as decis\u00f5es foram tomadas de forma conjunta\u201d entre a pasta e representantes de estados e munic\u00edpios.<\/p>\n<p>\u201cA pasta refor\u00e7a que todas as orienta\u00e7\u00f5es t\u00e9cnicas s\u00e3o comunicadas imediatamente aos estados e munic\u00edpios desde o in\u00edcio da campanha e refor\u00e7a a orienta\u00e7\u00e3o para que todos sigam as medidas pactuadas\u201d.<\/p>\n<p>&nbsp;<\/p>\n","protected":false},"excerpt":{"rendered":"<p>O Minist\u00e9rio da Sa\u00fade avalia usar a CoronaVac para vacinar crian\u00e7as e adolescentes de 3 a 17 anos, caso a Ag\u00eancia Nacional de Vigil\u00e2ncia Sanit\u00e1ria (Anvisa) aprove a aplica\u00e7\u00e3o das doses. O Instituto Butantan entrou com novo pedido para a aprova\u00e7\u00e3o do uso da CoronaVac no p\u00fablico infantil em 15 de dezembro. O prazo de [&hellip;]<\/p>\n","protected":false},"author":4,"featured_media":90305,"comment_status":"open","ping_status":"open","sticky":false,"template":"","format":"standard","meta":{"jetpack_post_was_ever_published":false,"_jetpack_newsletter_access":"","_jetpack_dont_email_post_to_subs":false,"_jetpack_newsletter_tier_id":0,"_jetpack_memberships_contains_paywalled_content":false,"_jetpack_memberships_contains_paid_content":false,"footnotes":"","jetpack_publicize_message":"","jetpack_publicize_feature_enabled":true,"jetpack_social_post_already_shared":true,"jetpack_social_options":{"image_generator_settings":{"template":"highway","default_image_id":0,"font":"","enabled":false},"version":2}},"categories":[2],"tags":[35,321,462,91,460,38,149,95],"class_list":["post-91566","post","type-post","status-publish","format-standard","has-post-thumbnail","hentry","category-geral","tag-anvisa","tag-campanha","tag-covid","tag-covid-19","tag-ovid","tag-saude","tag-sc","tag-sp"],"aioseo_notices":[],"jetpack_publicize_connections":[],"jetpack_featured_media_url":"https:\/\/www.jornalja.com.br\/geral\/wp-content\/uploads\/sites\/4\/2021\/09\/vacina-manchete-myke-sena-ms.jpg","jetpack_shortlink":"https:\/\/wp.me\/pbKhrD-nOS","jetpack-related-posts":[{"id":86195,"url":"https:\/\/www.jornalja.com.br\/geral\/bolsonaro-diz-que-governo-federal-nao-comprara-vacina-chinesa\/","url_meta":{"origin":91566,"position":0},"title":"Bolsonaro diz que governo federal n\u00e3o comprar\u00e1 vacina chinesa","author":"da Reda\u00e7\u00e3o","date":"21 de outubro de 2020","format":false,"excerpt":"O presidente Jair Bolsonaro afirmou nesta quarta-feira, (21\/10), que o governo federal n\u00e3o comprar\u00e1 a vacina CoronaVac, que est\u00e1 sendo desenvolvida pela farmac\u00eautica chinesa Sinovac em parceria com o Instituto Butantan. De acordo com ele, antes de ser disponibilizada para a popula\u00e7\u00e3o, a vacina dever\u00e1 ser \u201ccomprovada cientificamente\u201d pelo Minist\u00e9rio\u2026","rel":"","context":"Em &quot;Geral-MAT\u00c9RIA&quot;","block_context":{"text":"Geral-MAT\u00c9RIA","link":"https:\/\/www.jornalja.com.br\/geral\/category\/geral\/"},"img":{"alt_text":"","src":"https:\/\/i0.wp.com\/www.jornalja.com.br\/geral\/wp-content\/uploads\/sites\/4\/2020\/10\/07-10-2020-voo-simples1-5.jpg?resize=350%2C200&ssl=1","width":350,"height":200,"srcset":"https:\/\/i0.wp.com\/www.jornalja.com.br\/geral\/wp-content\/uploads\/sites\/4\/2020\/10\/07-10-2020-voo-simples1-5.jpg?resize=350%2C200&ssl=1 1x, https:\/\/i0.wp.com\/www.jornalja.com.br\/geral\/wp-content\/uploads\/sites\/4\/2020\/10\/07-10-2020-voo-simples1-5.jpg?resize=525%2C300&ssl=1 1.5x, https:\/\/i0.wp.com\/www.jornalja.com.br\/geral\/wp-content\/uploads\/sites\/4\/2020\/10\/07-10-2020-voo-simples1-5.jpg?resize=700%2C400&ssl=1 2x, https:\/\/i0.wp.com\/www.jornalja.com.br\/geral\/wp-content\/uploads\/sites\/4\/2020\/10\/07-10-2020-voo-simples1-5.jpg?resize=1050%2C600&ssl=1 3x"},"classes":[]},{"id":86786,"url":"https:\/\/www.jornalja.com.br\/geral\/bolsonaro-diz-que-vacina-vai-ser-gratuita-e-nao-obrigatoria\/","url_meta":{"origin":91566,"position":1},"title":"Bolsonaro diz que vacina vai ser &#8220;gratuita e n\u00e3o obrigat\u00f3ria&#8221;","author":"da Reda\u00e7\u00e3o","date":"8 de dezembro de 2020","format":false,"excerpt":"Depois que o governador\u00a0 de S\u00e3o Paulo,\u00a0 Jo\u00e3o D\u00f3ria, anunciou um plano para vacina\u00e7\u00e3o a partir de janeiro, o governo federal se apressou\u00a0 em garantir que vai oferecer vacina contra a covid-19 para toda a popula\u00e7\u00e3o \"de forma gratuita e n\u00e3o obrigat\u00f3ria\". O an\u00fancio foi feito pelo presidente Jair Bolsonaro,\u2026","rel":"","context":"Em &quot;Geral-MAT\u00c9RIA&quot;","block_context":{"text":"Geral-MAT\u00c9RIA","link":"https:\/\/www.jornalja.com.br\/geral\/category\/geral\/"},"img":{"alt_text":"","src":"https:\/\/i0.wp.com\/www.jornalja.com.br\/geral\/wp-content\/uploads\/sites\/4\/2020\/11\/doria-mostra-caixa-da-vacina.jpg?resize=350%2C200&ssl=1","width":350,"height":200,"srcset":"https:\/\/i0.wp.com\/www.jornalja.com.br\/geral\/wp-content\/uploads\/sites\/4\/2020\/11\/doria-mostra-caixa-da-vacina.jpg?resize=350%2C200&ssl=1 1x, https:\/\/i0.wp.com\/www.jornalja.com.br\/geral\/wp-content\/uploads\/sites\/4\/2020\/11\/doria-mostra-caixa-da-vacina.jpg?resize=525%2C300&ssl=1 1.5x, https:\/\/i0.wp.com\/www.jornalja.com.br\/geral\/wp-content\/uploads\/sites\/4\/2020\/11\/doria-mostra-caixa-da-vacina.jpg?resize=700%2C400&ssl=1 2x"},"classes":[]},{"id":91534,"url":"https:\/\/www.jornalja.com.br\/geral\/brasil-recebe-primeiro-lote-de-vacina-para-criancas-entre-5-e-11-anos\/","url_meta":{"origin":91566,"position":2},"title":"Brasil recebe primeiro lote de vacina para crian\u00e7as entre 5 e 11 anos","author":"da Reda\u00e7\u00e3o","date":"6 de janeiro de 2022","format":false,"excerpt":"O Minist\u00e9rio da Sa\u00fade anunciou que as primeiras doses de vacinas contra a doen\u00e7a destinadas a crian\u00e7as de 5 a 11 anos dever\u00e3o chegar ao Brasil no dia 13 de janeiro. Est\u00e1 prevista uma remessa de 1,2 milh\u00e3o de doses da Pfizer \u2013 a \u00a0\u00fanica aprovada at\u00e9 o momento pela\u2026","rel":"","context":"Em &quot;Geral-MAT\u00c9RIA&quot;","block_context":{"text":"Geral-MAT\u00c9RIA","link":"https:\/\/www.jornalja.com.br\/geral\/category\/geral\/"},"img":{"alt_text":"","src":"https:\/\/i0.wp.com\/www.jornalja.com.br\/geral\/wp-content\/uploads\/sites\/4\/2022\/01\/ministro-da-saude-marcelo-queiroga.jpg?resize=350%2C200&ssl=1","width":350,"height":200,"srcset":"https:\/\/i0.wp.com\/www.jornalja.com.br\/geral\/wp-content\/uploads\/sites\/4\/2022\/01\/ministro-da-saude-marcelo-queiroga.jpg?resize=350%2C200&ssl=1 1x, https:\/\/i0.wp.com\/www.jornalja.com.br\/geral\/wp-content\/uploads\/sites\/4\/2022\/01\/ministro-da-saude-marcelo-queiroga.jpg?resize=525%2C300&ssl=1 1.5x, https:\/\/i0.wp.com\/www.jornalja.com.br\/geral\/wp-content\/uploads\/sites\/4\/2022\/01\/ministro-da-saude-marcelo-queiroga.jpg?resize=700%2C400&ssl=1 2x, https:\/\/i0.wp.com\/www.jornalja.com.br\/geral\/wp-content\/uploads\/sites\/4\/2022\/01\/ministro-da-saude-marcelo-queiroga.jpg?resize=1050%2C600&ssl=1 3x"},"classes":[]},{"id":86455,"url":"https:\/\/www.jornalja.com.br\/geral\/dois-dias-apos-suspender-pesquisa-anvisa-autoriza-retomada-de-estudos-clinicos-com-a-coronavac\/","url_meta":{"origin":91566,"position":3},"title":"Dois dias ap\u00f3s suspender pesquisa, Anvisa autoriza retomada de estudos cl\u00ednicos com a CoronaVac","author":"da Reda\u00e7\u00e3o","date":"11 de novembro de 2020","format":false,"excerpt":"A Ag\u00eancia Nacional de Vigil\u00e2ncia Sanit\u00e1ria (Anvisa) autorizou hoje (11,11) a retomada do estudo cl\u00ednico da vacina CoronaVac, uma das que est\u00e3o em fase de testes no pa\u00eds, conduzidos pelo Instituto Butantan. A ag\u00eancia disse ter recebido do Butantan novas informa\u00e7\u00f5es sobre o \u201cevento adverso grave\u201d (EAG) que levou a\u2026","rel":"","context":"Em &quot;Geral-NOTAS&quot;","block_context":{"text":"Geral-NOTAS","link":"https:\/\/www.jornalja.com.br\/geral\/category\/geral-notas\/"},"img":{"alt_text":"","src":"","width":0,"height":0},"classes":[]},{"id":88856,"url":"https:\/\/www.jornalja.com.br\/geral\/vicina-contra-covid-anvisa-autoriza-estudo-sobre-terceira-dose-da-astrazeneca\/","url_meta":{"origin":91566,"position":4},"title":"Vacina contra Covid: dez mil volunt\u00e1rios para testar a terceira dose da AstraZeneca","author":"da Reda\u00e7\u00e3o","date":"19 de julho de 2021","format":false,"excerpt":"Da Ag\u00eancia Brasil Ag\u00eancia Nacional de Vigil\u00e2ncia Sanit\u00e1ria (Anvisa) autorizou, nesta segunda-feira (19), a realiza\u00e7\u00e3o de estudo cl\u00ednico para avaliar a seguran\u00e7a, a efic\u00e1cia e a imunogenicidade da aplica\u00e7\u00e3o de terceira dose da vacina contra covid-19 da AstraZeneca. Segundo a Anvisa, o estudo inicial ser\u00e1 feito em participantes que j\u00e1\u2026","rel":"","context":"Em &quot;Geral-MAT\u00c9RIA&quot;","block_context":{"text":"Geral-MAT\u00c9RIA","link":"https:\/\/www.jornalja.com.br\/geral\/category\/geral\/"},"img":{"alt_text":"","src":"https:\/\/i0.wp.com\/www.jornalja.com.br\/geral\/wp-content\/uploads\/sites\/4\/2021\/07\/covid-vacina-raquel-portugal-fiocruz.jpg?resize=350%2C200&ssl=1","width":350,"height":200,"srcset":"https:\/\/i0.wp.com\/www.jornalja.com.br\/geral\/wp-content\/uploads\/sites\/4\/2021\/07\/covid-vacina-raquel-portugal-fiocruz.jpg?resize=350%2C200&ssl=1 1x, https:\/\/i0.wp.com\/www.jornalja.com.br\/geral\/wp-content\/uploads\/sites\/4\/2021\/07\/covid-vacina-raquel-portugal-fiocruz.jpg?resize=525%2C300&ssl=1 1.5x, https:\/\/i0.wp.com\/www.jornalja.com.br\/geral\/wp-content\/uploads\/sites\/4\/2021\/07\/covid-vacina-raquel-portugal-fiocruz.jpg?resize=700%2C400&ssl=1 2x, https:\/\/i0.wp.com\/www.jornalja.com.br\/geral\/wp-content\/uploads\/sites\/4\/2021\/07\/covid-vacina-raquel-portugal-fiocruz.jpg?resize=1050%2C600&ssl=1 3x"},"classes":[]},{"id":86824,"url":"https:\/\/www.jornalja.com.br\/geral\/vacina-anvisa-abre-possibilidade-mas-nenhum-laboratorio-pede-autorizacao\/","url_meta":{"origin":91566,"position":5},"title":"Anvisa publica guia para autorizar uso emergencial da vacina","author":"da Reda\u00e7\u00e3o","date":"11 de dezembro de 2020","format":false,"excerpt":"A Ag\u00eancia Nacional de Vigil\u00e2ncia Sanit\u00e1ria (Anvisa) aprovou resolu\u00e7\u00e3o que \u201cabre possibilidade aos laborat\u00f3rios de solicitarem autoriza\u00e7\u00e3o para uso emergencial, em car\u00e1ter experimental, de vacinas contra covid 19\u201d. A decis\u00e3o, nesta quinta-feira 10, oficializa o pedido de uso emergencial de vacina anunciado no dia 2 de dezembro pela pr\u00f3pria Anvisa.\u2026","rel":"","context":"Em &quot;Geral-MAT\u00c9RIA&quot;","block_context":{"text":"Geral-MAT\u00c9RIA","link":"https:\/\/www.jornalja.com.br\/geral\/category\/geral\/"},"img":{"alt_text":"","src":"","width":0,"height":0},"classes":[]}],"jetpack_sharing_enabled":true,"_links":{"self":[{"href":"https:\/\/www.jornalja.com.br\/geral\/wp-json\/wp\/v2\/posts\/91566","targetHints":{"allow":["GET"]}}],"collection":[{"href":"https:\/\/www.jornalja.com.br\/geral\/wp-json\/wp\/v2\/posts"}],"about":[{"href":"https:\/\/www.jornalja.com.br\/geral\/wp-json\/wp\/v2\/types\/post"}],"author":[{"embeddable":true,"href":"https:\/\/www.jornalja.com.br\/geral\/wp-json\/wp\/v2\/users\/4"}],"replies":[{"embeddable":true,"href":"https:\/\/www.jornalja.com.br\/geral\/wp-json\/wp\/v2\/comments?post=91566"}],"version-history":[{"count":1,"href":"https:\/\/www.jornalja.com.br\/geral\/wp-json\/wp\/v2\/posts\/91566\/revisions"}],"predecessor-version":[{"id":91567,"href":"https:\/\/www.jornalja.com.br\/geral\/wp-json\/wp\/v2\/posts\/91566\/revisions\/91567"}],"wp:featuredmedia":[{"embeddable":true,"href":"https:\/\/www.jornalja.com.br\/geral\/wp-json\/wp\/v2\/media\/90305"}],"wp:attachment":[{"href":"https:\/\/www.jornalja.com.br\/geral\/wp-json\/wp\/v2\/media?parent=91566"}],"wp:term":[{"taxonomy":"category","embeddable":true,"href":"https:\/\/www.jornalja.com.br\/geral\/wp-json\/wp\/v2\/categories?post=91566"},{"taxonomy":"post_tag","embeddable":true,"href":"https:\/\/www.jornalja.com.br\/geral\/wp-json\/wp\/v2\/tags?post=91566"}],"curies":[{"name":"wp","href":"https:\/\/api.w.org\/{rel}","templated":true}]}}