{"id":91586,"date":"2022-01-13T11:56:21","date_gmt":"2022-01-13T14:56:21","guid":{"rendered":"https:\/\/www.jornalja.com.br\/geral\/?p=91586"},"modified":"2022-01-13T11:56:21","modified_gmt":"2022-01-13T14:56:21","slug":"guedes-negocia-com-auditores-fiscais-em-greve-1-288-ja-entregaram-cargos-de-chefia","status":"publish","type":"post","link":"https:\/\/www.jornalja.com.br\/geral\/guedes-negocia-com-auditores-fiscais-em-greve-1-288-ja-entregaram-cargos-de-chefia\/","title":{"rendered":"Guedes negocia com auditores fiscais em greve: 1.288 j\u00e1 entregaram cargos de chefia"},"content":{"rendered":"<p>Chega a 1.288 o n\u00famero de auditores fiscais da Receita Federal que j\u00e1 entregaram cargos de chefia,\u00a0 seguindo a orienta\u00e7\u00e3o do Sindifisco em rea\u00e7\u00e3o ao corte no or\u00e7amento para o setor.<\/p>\n<p>Segundo o Sindicato Nacional dos Auditores-Fiscais da Receita Federal do Brasil (Sindifisco Nacional), as primeiras exonera\u00e7\u00f5es come\u00e7aram a ser publicadas no Di\u00e1rio Oficial da Uni\u00e3o na quarta-feira (12). As demais demiss\u00f5es ser\u00e3o registradas nos pr\u00f3ximos dias.<\/p>\n<p>A entrega de cargos da categoria teve in\u00edcio em dezembro, depois de o Congresso aprovar o Or\u00e7amento de 2022 com cortes de recursos da autarquia, e reajuste apenas para as categorias policiais. O movimento de entrega dos cargos \u00e9 uma forma de pressionar o governo a ampliar recursos para a Receita e regulamentar o pagamento de b\u00f4nus de produtividade.<\/p>\n<p>Segundo o sindicato, no pa\u00eds existem 7.500 auditores fiscais, sendo que 2 mil deles est\u00e3o em cargo de chefia. A greve do \u00f3rg\u00e3o faz parte de um movimento de, pelo menos, 19 categorias que est\u00e3o mobilizadas pelo reajuste salarial.<\/p>\n<p>Caso n\u00e3o haja um acordo com o governo de\u00a0Jair Bolsonaro, as atividades desempenhadas pela Receita poder\u00e3o ficar comprometidas. Isto inclui a fiscaliza\u00e7\u00e3o de transporte de carga, opera\u00e7\u00e3o padr\u00e3o nos portos e aeroportos.<\/p>\n<p>O impacto das paralisa\u00e7\u00f5es j\u00e1 \u00e9 sentido pelo governo com a suspens\u00e3o de julgamentos pelo Conselho Administrativo de Recursos Federais (Carf), filas de caminh\u00f5es nas fronteiras esperando inspe\u00e7\u00e3o e at\u00e9 poss\u00edvel aumento nos combust\u00edveis devido \u00e0 lentid\u00e3o no abastecimento dos postos.<\/p>\n<p>As negocia\u00e7\u00f5es para o fim da greve seguem a passos lentos.<\/p>\n<p>O ministro da Economia, Paulo Guedes, receber\u00e1 Isac Falc\u00e3o, presidente da Sindifisco Nacional, nesta quinta-feira (13). Na pauta, o corte no Or\u00e7amento da Receita Federal e a demora no cumprimento de um acordo assinado em 2016, pelo Governo com os Auditores Fiscais, que estabelece um b\u00f4nus de efici\u00eancia para a categoria.<\/p>\n<p>Por conta das rea\u00e7\u00f5es no funcionalismo, Paulo Guedes tem defendido que o governo desista de qualquer reajuste este ano, desfazendo o compromisso com as carreiras policiais.<\/p>\n<p>&nbsp;<\/p>\n","protected":false},"excerpt":{"rendered":"<p>Chega a 1.288 o n\u00famero de auditores fiscais da Receita Federal que j\u00e1 entregaram cargos de chefia,\u00a0 seguindo a orienta\u00e7\u00e3o do Sindifisco em rea\u00e7\u00e3o ao corte no or\u00e7amento para o setor. Segundo o Sindicato Nacional dos Auditores-Fiscais da Receita Federal do Brasil (Sindifisco Nacional), as primeiras exonera\u00e7\u00f5es come\u00e7aram a ser publicadas no Di\u00e1rio Oficial da [&hellip;]<\/p>\n","protected":false},"author":4,"featured_media":0,"comment_status":"open","ping_status":"open","sticky":false,"template":"","format":"standard","meta":{"jetpack_post_was_ever_published":false,"_jetpack_newsletter_access":"","_jetpack_dont_email_post_to_subs":false,"_jetpack_newsletter_tier_id":0,"_jetpack_memberships_contains_paywalled_content":false,"_jetpack_memberships_contains_paid_content":false,"footnotes":"","jetpack_publicize_message":"","jetpack_publicize_feature_enabled":true,"jetpack_social_post_already_shared":true,"jetpack_social_options":{"image_generator_settings":{"template":"highway","default_image_id":0,"font":"","enabled":false},"version":2}},"categories":[28],"tags":[34,87,89,238,318,494,424,7,381,236,313,5,43,37,75,15,149,95,20,509],"class_list":["post-91586","post","type-post","status-publish","format-standard","hentry","category-geral-notas","tag-aeroportos","tag-ari","tag-bolsonaro","tag-brasil","tag-carf","tag-combustiveis","tag-diario-oficial","tag-economia","tag-funcionalismo","tag-governo","tag-greve","tag-jair-bolsonaro","tag-paulo-guedes","tag-portos","tag-receita-federal","tag-rs","tag-sc","tag-sp","tag-sus","tag-uniao"],"aioseo_notices":[],"jetpack_publicize_connections":[],"jetpack_featured_media_url":"","jetpack_shortlink":"https:\/\/wp.me\/pbKhrD-nPc","jetpack-related-posts":[{"id":84194,"url":"https:\/\/www.jornalja.com.br\/geral\/auditor-de-financas-assume-interinamente-no-lugar-de-weintraub\/","url_meta":{"origin":91586,"position":0},"title":"Auditor de finan\u00e7as assume interinamente no lugar de Weintraub","author":"Elmar Bones","date":"20 de junho de 2020","format":false,"excerpt":"O presidente Jair Bolsonaro nomeou Antonio Paulo Vogel de Medeiros\u00a0 como ministro interino em substitui\u00e7\u00e3o a Abraham Weintraub no Minist\u00e9rio da Educa\u00e7\u00e3o. A exonera\u00e7\u00e3o de Weintraub foi publicada neste domingo. Vogel ocupava o cargo de secret\u00e1rio-executivo, considerado o n\u00famero 2 da pasta, desde que Weintraub tomou posse, em abril de\u2026","rel":"","context":"Em &quot;Geral-MAT\u00c9RIA&quot;","block_context":{"text":"Geral-MAT\u00c9RIA","link":"https:\/\/www.jornalja.com.br\/geral\/category\/geral\/"},"img":{"alt_text":"","src":"https:\/\/i0.wp.com\/www.jornalja.com.br\/geral\/wp-content\/uploads\/sites\/4\/2020\/06\/Minist%C3%A9rio-da-Educa%C3%A7%C3%A3o-interino-Antonio-Paulo-Vogel-e1592717205583.jpg?resize=350%2C200&ssl=1","width":350,"height":200,"srcset":"https:\/\/i0.wp.com\/www.jornalja.com.br\/geral\/wp-content\/uploads\/sites\/4\/2020\/06\/Minist%C3%A9rio-da-Educa%C3%A7%C3%A3o-interino-Antonio-Paulo-Vogel-e1592717205583.jpg?resize=350%2C200&ssl=1 1x, https:\/\/i0.wp.com\/www.jornalja.com.br\/geral\/wp-content\/uploads\/sites\/4\/2020\/06\/Minist%C3%A9rio-da-Educa%C3%A7%C3%A3o-interino-Antonio-Paulo-Vogel-e1592717205583.jpg?resize=525%2C300&ssl=1 1.5x"},"classes":[]},{"id":93265,"url":"https:\/\/www.jornalja.com.br\/geral\/incentivos-fiscais-a-empresas-chegam-a-440-bilhoes-este-ano-mais-de-22-da-arrecadacao-federal\/","url_meta":{"origin":91586,"position":1},"title":"Incentivos fiscais a empresas chegam a 440 bilh\u00f5es este ano, 22% da arrecada\u00e7\u00e3o federal","author":"da Reda\u00e7\u00e3o","date":"23 de julho de 2022","format":false,"excerpt":"Em 2022, o governo federal deixar\u00e1 de arrecadar R$ 440 bilh\u00f5es em impostos, por conta dos chamados incentivos fiscais, concedidos as empresas a t\u00edtulo de estimular o cresimento e o emprego. Esse valor representa 22,4% da arrecada\u00e7\u00e3o da Uni\u00e3o e aproximadamente 4,4% do PIB nacional. Os n\u00fameros foram obtidos numa\u2026","rel":"","context":"Em &quot;Geral-MAT\u00c9RIA&quot;","block_context":{"text":"Geral-MAT\u00c9RIA","link":"https:\/\/www.jornalja.com.br\/geral\/category\/geral\/"},"img":{"alt_text":"","src":"https:\/\/i0.wp.com\/www.jornalja.com.br\/geral\/wp-content\/uploads\/sites\/4\/2022\/07\/renuncia-fiscal-premio-1.jpg?resize=350%2C200&ssl=1","width":350,"height":200,"srcset":"https:\/\/i0.wp.com\/www.jornalja.com.br\/geral\/wp-content\/uploads\/sites\/4\/2022\/07\/renuncia-fiscal-premio-1.jpg?resize=350%2C200&ssl=1 1x, https:\/\/i0.wp.com\/www.jornalja.com.br\/geral\/wp-content\/uploads\/sites\/4\/2022\/07\/renuncia-fiscal-premio-1.jpg?resize=525%2C300&ssl=1 1.5x, https:\/\/i0.wp.com\/www.jornalja.com.br\/geral\/wp-content\/uploads\/sites\/4\/2022\/07\/renuncia-fiscal-premio-1.jpg?resize=700%2C400&ssl=1 2x"},"classes":[]},{"id":93267,"url":"https:\/\/www.jornalja.com.br\/geral\/incentivos-fiscais-a-empresas-chegam-a-440-bilhoes-este-ano-mais-de-22-da-arrecadacao-federal-2\/","url_meta":{"origin":91586,"position":2},"title":"Incentivos fiscais a empresas chegam a 440 bilh\u00f5es este ano, mais de 22% da arrecada\u00e7\u00e3o federal","author":"da Reda\u00e7\u00e3o","date":"23 de julho de 2022","format":false,"excerpt":"Em 2022, o governo federal deixar\u00e1 de arrecadar R$ 440 bilh\u00f5es em impostos, por conta dos chamados incentivos fiscais, concedidos as empresas a t\u00edtulo de estimular o cresimento e o emprego. Esse valor representa 22,4% da arrecada\u00e7\u00e3o da Uni\u00e3o e aproximadamente 4,4% do PIB nacional. Os n\u00fameros foram obtidos numa\u2026","rel":"","context":"Em &quot;Geral-MAT\u00c9RIA&quot;","block_context":{"text":"Geral-MAT\u00c9RIA","link":"https:\/\/www.jornalja.com.br\/geral\/category\/geral\/"},"img":{"alt_text":"","src":"","width":0,"height":0},"classes":[]},{"id":78979,"url":"https:\/\/www.jornalja.com.br\/geral\/pacote-de-guedes-aprofunda-o-corte-nos-gastos-do-governo\/","url_meta":{"origin":91586,"position":3},"title":"Pacote de Guedes aprofunda o corte nos gastos do governo","author":"da Reda\u00e7\u00e3o","date":"6 de novembro de 2019","format":false,"excerpt":"A transfer\u00eancia para estados e munic\u00edpios de R$ 400 bilh\u00f5es a R$ 500 bilh\u00f5es nos pr\u00f3ximos 15 anos. Este foi o destaque apontado pelo ministro da Economia, Paulo Guedes, que acompanhou o presidente Jair Bolsonaro ao Congresso Nacional para a entrega de um pacote de tr\u00eas propostas de emenda \u00e0\u2026","rel":"","context":"Em &quot;Geral-MAT\u00c9RIA&quot;","block_context":{"text":"Geral-MAT\u00c9RIA","link":"https:\/\/www.jornalja.com.br\/geral\/category\/geral\/"},"img":{"alt_text":"","src":"","width":0,"height":0},"classes":[]},{"id":91574,"url":"https:\/\/www.jornalja.com.br\/geral\/analistas-da-receita-federal-aprovam-operacao-padrao-e-entrega-de-cargos-em-todo-pais\/","url_meta":{"origin":91586,"position":4},"title":"Analistas da Receita Federal aprovam opera\u00e7\u00e3o padr\u00e3o e entrega de cargos em todo pa\u00eds","author":"da Reda\u00e7\u00e3o","date":"11 de janeiro de 2022","format":false,"excerpt":"\u00a0Analistas-Tribut\u00e1rios da Receita Federal do Brasil (RFB), reunidos em Assembleia Geral Nacional Unificada (AGNU) ocorrida dos dias 3 a 7 de janeiro, aprovaram os indicativos de mobiliza\u00e7\u00e3o encaminhados pela Diretoria Executiva Nacional (DEN) do Sindireceita. Em conformidade com os indicativos, a categoria deliberou pelo estado de assembl\u00e9ia permanente, pela a\u2026","rel":"","context":"Em &quot;Geral-MAT\u00c9RIA&quot;","block_context":{"text":"Geral-MAT\u00c9RIA","link":"https:\/\/www.jornalja.com.br\/geral\/category\/geral\/"},"img":{"alt_text":"","src":"https:\/\/i0.wp.com\/www.jornalja.com.br\/geral\/wp-content\/uploads\/sites\/4\/2022\/01\/sindireceitac.jpg?resize=350%2C200&ssl=1","width":350,"height":200,"srcset":"https:\/\/i0.wp.com\/www.jornalja.com.br\/geral\/wp-content\/uploads\/sites\/4\/2022\/01\/sindireceitac.jpg?resize=350%2C200&ssl=1 1x, https:\/\/i0.wp.com\/www.jornalja.com.br\/geral\/wp-content\/uploads\/sites\/4\/2022\/01\/sindireceitac.jpg?resize=525%2C300&ssl=1 1.5x, https:\/\/i0.wp.com\/www.jornalja.com.br\/geral\/wp-content\/uploads\/sites\/4\/2022\/01\/sindireceitac.jpg?resize=700%2C400&ssl=1 2x, https:\/\/i0.wp.com\/www.jornalja.com.br\/geral\/wp-content\/uploads\/sites\/4\/2022\/01\/sindireceitac.jpg?resize=1050%2C600&ssl=1 3x"},"classes":[]},{"id":85656,"url":"https:\/\/www.jornalja.com.br\/geral\/estudo-inedito-comprova-que-incentivos-fiscais-falharam-e-devem-ser-revistos\/","url_meta":{"origin":91586,"position":5},"title":"Estudo in\u00e9dito comprova que incentivos fiscais &#8220;falharam e devem ser revistos&#8221;","author":"da Reda\u00e7\u00e3o","date":"15 de setembro de 2020","format":false,"excerpt":"Uma equipe de especialistas* coordenada pelo economista S\u00e9rgio Wulff Gobetti, do Instituto de Pesquisa Econ\u00f4mica Aplicada, trabalhou um ano num estudo in\u00e9dito sobre as isen\u00e7\u00f5es de impostos como forma de atrair investimentos - pol\u00edtica largamente utilizada nas \u00faltimas d\u00e9cadas na maioria dos Estados. Os resultados est\u00e3o publicados no relat\u00f3rio \u201cBenef\u00edcios\u2026","rel":"","context":"Em &quot;Geral-MAT\u00c9RIA&quot;","block_context":{"text":"Geral-MAT\u00c9RIA","link":"https:\/\/www.jornalja.com.br\/geral\/category\/geral\/"},"img":{"alt_text":"","src":"https:\/\/i0.wp.com\/www.jornalja.com.br\/geral\/wp-content\/uploads\/sites\/4\/2020\/09\/sefaz.jpeg?resize=350%2C200&ssl=1","width":350,"height":200,"srcset":"https:\/\/i0.wp.com\/www.jornalja.com.br\/geral\/wp-content\/uploads\/sites\/4\/2020\/09\/sefaz.jpeg?resize=350%2C200&ssl=1 1x, https:\/\/i0.wp.com\/www.jornalja.com.br\/geral\/wp-content\/uploads\/sites\/4\/2020\/09\/sefaz.jpeg?resize=525%2C300&ssl=1 1.5x, https:\/\/i0.wp.com\/www.jornalja.com.br\/geral\/wp-content\/uploads\/sites\/4\/2020\/09\/sefaz.jpeg?resize=700%2C400&ssl=1 2x, https:\/\/i0.wp.com\/www.jornalja.com.br\/geral\/wp-content\/uploads\/sites\/4\/2020\/09\/sefaz.jpeg?resize=1050%2C600&ssl=1 3x"},"classes":[]}],"jetpack_sharing_enabled":true,"_links":{"self":[{"href":"https:\/\/www.jornalja.com.br\/geral\/wp-json\/wp\/v2\/posts\/91586","targetHints":{"allow":["GET"]}}],"collection":[{"href":"https:\/\/www.jornalja.com.br\/geral\/wp-json\/wp\/v2\/posts"}],"about":[{"href":"https:\/\/www.jornalja.com.br\/geral\/wp-json\/wp\/v2\/types\/post"}],"author":[{"embeddable":true,"href":"https:\/\/www.jornalja.com.br\/geral\/wp-json\/wp\/v2\/users\/4"}],"replies":[{"embeddable":true,"href":"https:\/\/www.jornalja.com.br\/geral\/wp-json\/wp\/v2\/comments?post=91586"}],"version-history":[{"count":1,"href":"https:\/\/www.jornalja.com.br\/geral\/wp-json\/wp\/v2\/posts\/91586\/revisions"}],"predecessor-version":[{"id":91587,"href":"https:\/\/www.jornalja.com.br\/geral\/wp-json\/wp\/v2\/posts\/91586\/revisions\/91587"}],"wp:attachment":[{"href":"https:\/\/www.jornalja.com.br\/geral\/wp-json\/wp\/v2\/media?parent=91586"}],"wp:term":[{"taxonomy":"category","embeddable":true,"href":"https:\/\/www.jornalja.com.br\/geral\/wp-json\/wp\/v2\/categories?post=91586"},{"taxonomy":"post_tag","embeddable":true,"href":"https:\/\/www.jornalja.com.br\/geral\/wp-json\/wp\/v2\/tags?post=91586"}],"curies":[{"name":"wp","href":"https:\/\/api.w.org\/{rel}","templated":true}]}}