{"id":91615,"date":"2022-01-22T23:34:33","date_gmt":"2022-01-23T02:34:33","guid":{"rendered":"https:\/\/www.jornalja.com.br\/geral\/?p=91615"},"modified":"2022-01-24T11:27:59","modified_gmt":"2022-01-24T14:27:59","slug":"recado-de-lula-e-claro-o-vice-e-escolha-do-candidato-e-o-nome-dele-e-alckmin","status":"publish","type":"post","link":"https:\/\/www.jornalja.com.br\/geral\/recado-de-lula-e-claro-o-vice-e-escolha-do-candidato-e-o-nome-dele-e-alckmin\/","title":{"rendered":"Recado de Lula \u00e9 claro: o vice \u00e9 escolha do candidato e o nome dele \u00e9 Geraldo Alckmin"},"content":{"rendered":"<p>O fato pol\u00edtico da semana foi a entrevista do ex-presidente Lula, na quarta-feira, 19, a oito jornalistas*\u00a0 da m\u00eddia alternativa.<\/p>\n<p>Por raz\u00f5es \u00f3bvias, teve pouca repercuss\u00e3o na m\u00eddia empresarial, embora o Valor tenha vinculado a queda do d\u00f3lar e a alta na bolsa, naquele dia, ao tom moderado do discurso do l\u00edder nas pesquisas para a presid\u00eancia.da Rep\u00fablica.<\/p>\n<p>Lula come\u00e7ou dizendo que n\u00e3o seria &#8220;uma entrevista convencional&#8221; mas &#8220;uma conversa verdadeira&#8221; , com profissionais que defenderam sua inoc\u00eancia quando toda a imprensa se pautava-se pela Opera\u00e7\u00e3o Lava Jato, que o levou \u00e0 pris\u00e3o.<\/p>\n<p>Na verdade, foi um discurso program\u00e1tico, de duas horas, em que o pr\u00e9-candidato petista tra\u00e7ou as linhas gerais do governo que pretende fazer se for eleito.<\/p>\n<p>E deixou um recado bem claro: ele quer ser candidato, est\u00e1 imbu\u00eddo da miss\u00e3o de reconstruir o Brasil, mas s\u00f3 vai em condi\u00e7\u00f5es de vencer e governar.<\/p>\n<p>As perguntas, quase todas longas e cheias de voltas, ele as usou como &#8220;escada&#8221; para encadear seu bem articulado discurso e o que se viu foi um l\u00edder de massas no melhor de sua forma, aos 76 anos.<\/p>\n<p>A quest\u00e3o do vice, que divide opini\u00f5es no PT e na esquerda, foi levantada j\u00e1 na primeira pergunta, de Laura Capriglione, do &#8220;Jornalistas Livres&#8221;.<\/p>\n<p>Ela enumerou as raz\u00f5es por que uma parcela do PT e da esquerda\u00a0 recha\u00e7a o nome de Geraldo Alckmin como vice na chapa de Lula: &#8220;o massacre do Pinheirinho, a repress\u00e3o a estudantes, persegui\u00e7\u00e3o a professores, as chacinas na periferia em 2016&#8221;. E perguntou: &#8220;\u00c9 poss\u00edvel compor uma alian\u00e7a com um cara desses?&#8221;<\/p>\n<p>Lula respondeu paternal: &#8220;Sinto que voc\u00ea construiu uma s\u00e9rie de defeitos para poder falar do Alckmin&#8221;.\u00a0 E, em tom condescendente: &#8220;Deixa eu te dizer uma coisa:\u00a0 todo o mundo fala dessa quest\u00e3o do vice, s\u00f3 n\u00e3o t\u00eam falado do assunto o Alckmin e eu, por uma raz\u00e3o muito simples: o Alckmin est\u00e1 sem partido, ainda n\u00e3o se definiu e eu ainda n\u00e3o defini se vou ser candidato&#8221;.<\/p>\n<p>Em seguida mandou o recado aos dissidentes, que rejeitam Alckmin como vice. \u00a0Explicou que n\u00e3o vai ser &#8220;protagonista&#8221;. Se for candidato \u00e9 para ganhar e para fazer mudan\u00e7as, por isso est\u00e1 &#8220;construindo&#8221; parcerias, entre as quais est\u00e1 Geraldo Alckmin.<\/p>\n<p>Relatou seu relacionamento com Alckmin,\u00a0 como governador de S\u00e3o Paulo, nos quatro anos do seu primeiro mandato de presidente: &#8220;N\u00e3o tivemos nenhuma diverg\u00eancia, nem ele, nem eu. Foi uma rela\u00e7\u00e3o extraordin\u00e1ria&#8221;.<\/p>\n<p>E emendou: &#8220;N\u00e3o terei nenhum problema se tiver que fazer uma alian\u00e7a com o Alckmin para ganhar, nenhum problema. Vamos trabalhar em cima de um programa voltado para os interesses do povo&#8221;.<\/p>\n<p>Minimizou os fatos passados e disse que\u00a0 Alckmin assumiu &#8220;oposi\u00e7\u00e3o definitiva&#8221; ao governo Bolsonaro e ao &#8220;dorismo&#8221; (do governador Jo\u00e3o D\u00f3ria, pr\u00e9-candidato do PSDB) e que hoje representa o PSDB social-democrata de Mario Covas, Jos\u00e9 Serra, Fernando Henrique e Franco Montoro&#8221;.<\/p>\n<p>&#8220;As pessoas podem evoluir&#8221;, sentenciou. E lembrou Teot\u00f4nio Villela, o senador alagoano que se tornou um s\u00edmbolo da luta pelas elei\u00e7\u00f5es diretas em 1984.<\/p>\n<p>&#8220;O Teot\u00f4nio tinha uma metralhadora\u00a0 para atirar nos comunistas em Macei\u00f3 na \u00e9poca do golpe de 64&#8230; depois foi um grande l\u00edder da campanha das (elei\u00e7\u00f5es) diretas&#8221;.<\/p>\n<p>Disse que vai ganhar as elei\u00e7\u00f5es com um programa definido e claro, com o qual o vice-presidente e todos os aliados v\u00e3o estar comprometidos:\u00a0 &#8220;S\u00f3 n\u00e3o posso dizer que vou fazer (a alian\u00e7a com o Alckmin) porque ele ainda n\u00e3o tem partido e o meu partido precisa definir se vou realmente ser candidato&#8221;.<\/p>\n<p>Rematou o recado contando &#8220;uma\u00a0 hist\u00f3ria exemplar&#8221;: a maneira\u00a0 como escolheu o empres\u00e1rio Jos\u00e9 Alencar para vice-presidente em 2002.<\/p>\n<p>Alencar dono de um grupo que tinha 17 mil funcion\u00e1rios estava comemorando 50 anos de vida empresarial, Lula foi convidado. &#8220;N\u00e3o estava a fim de ir. Esse cara \u00e9 um burgues\u00e3o l\u00e1 de Minas, o que vou fazer l\u00e1?&#8221;.<\/p>\n<p>Acabou indo e sentindo-se deslocado na festa, mas no fim o anfitri\u00e3o fez um discurso, contou sua vida e ele gostou muito do que ouviu: &#8220;Eu disse ao Z\u00e9 Dirceu: achei o meu vice&#8221;.\u00a0 N\u00e3o conhecia o Alencar.<\/p>\n<p>Segundo Lula, Jos\u00e9 Alencar, escolha pessoal sua,\u00a0 foi um vice dos sonhos &#8220;Duvido, que algu\u00e9m tenha a sorte que tive de ter um vice como o Z\u00e9. O Alckmin ter\u00e1 que ser igual ou melhor que o Z\u00e9 Alencar&#8221;.<\/p>\n<ul>\n<li><strong>Entrevistadores:<\/strong><\/li>\n<\/ul>\n<p>Laura Capriglione \/ Jornalistas Livres<\/p>\n<p>Luiz Nassif \/ jornal GGN<\/p>\n<p>Mauro Lopes\/ Brasil 247<\/p>\n<p>Jos\u00e9 Cassio \/ DCM<\/p>\n<p>Ivan Longo \/ Revista F\u00f3rum<\/p>\n<p>Eduardo Guimar\u00e3es \/ Blog da Cidadania<\/p>\n<p>Rodolfo Lucena \/ Tutameia<\/p>\n<p>Paulo Donizetti \/ Rede Brasil Atual e Brasil de Fato<\/p>\n<p>&nbsp;<\/p>\n","protected":false},"excerpt":{"rendered":"<p>O fato pol\u00edtico da semana foi a entrevista do ex-presidente Lula, na quarta-feira, 19, a oito jornalistas*\u00a0 da m\u00eddia alternativa. Por raz\u00f5es \u00f3bvias, teve pouca repercuss\u00e3o na m\u00eddia empresarial, embora o Valor tenha vinculado a queda do d\u00f3lar e a alta na bolsa, naquele dia, ao tom moderado do discurso do l\u00edder nas pesquisas para [&hellip;]<\/p>\n","protected":false},"author":5,"featured_media":91624,"comment_status":"open","ping_status":"open","sticky":false,"template":"","format":"standard","meta":{"jetpack_post_was_ever_published":false,"_jetpack_newsletter_access":"","_jetpack_dont_email_post_to_subs":false,"_jetpack_newsletter_tier_id":0,"_jetpack_memberships_contains_paywalled_content":false,"_jetpack_memberships_contains_paid_content":false,"footnotes":"","jetpack_publicize_message":"","jetpack_publicize_feature_enabled":true,"jetpack_social_post_already_shared":true,"jetpack_social_options":{"image_generator_settings":{"template":"highway","default_image_id":0,"font":"","enabled":false},"version":2}},"categories":[2],"tags":[87,89,238,321,200,261,324,477,236,294,4,6,246,158,356,160,69,161,479,15,186,149,95],"class_list":["post-91615","post","type-post","status-publish","format-standard","has-post-thumbnail","hentry","category-geral","tag-ari","tag-bolsonaro","tag-brasil","tag-campanha","tag-efeitos","tag-eleicoes","tag-estudantes","tag-golpe","tag-governo","tag-governo-bolsonaro","tag-imprensa","tag-jornalistas","tag-lava-jato","tag-lula","tag-mel","tag-prisao","tag-professores","tag-pt","tag-red","tag-rs","tag-sao-paulo","tag-sc","tag-sp"],"aioseo_notices":[],"jetpack_publicize_connections":[],"jetpack_featured_media_url":"https:\/\/www.jornalja.com.br\/geral\/wp-content\/uploads\/sites\/4\/2022\/01\/lula-entrevisa-a-blogs.png","jetpack_shortlink":"https:\/\/wp.me\/pbKhrD-nPF","jetpack-related-posts":[{"id":87362,"url":"https:\/\/www.jornalja.com.br\/geral\/lula-fala-a-imprensa-vai-pedir-mutirao-para-vacinas-e-interdicao-de-bolsonaro\/","url_meta":{"origin":91615,"position":0},"title":"Lula fala \u00e0 imprensa: vai pedir mutir\u00e3o para vacinas e interdi\u00e7\u00e3o de Bolsonaro","author":"da Reda\u00e7\u00e3o","date":"9 de mar\u00e7o de 2021","format":false,"excerpt":"O ex-presidente Lula vai falar \u00e0 imprensa nesta ter\u00e7a-feira \u00e0s 13h30 (*). Ser\u00e1 a primeira entrevista depois da decis\u00e3o do STF que anulou os processos contra ele na Lava Jato. A maioria de correspondentes estrangeiros inscritos para fazer perguntas demonstra a repercuss\u00e3o internacional da anula\u00e7\u00e3o dos processos contra o ex-presidente.\u2026","rel":"","context":"Em &quot;Geral-MAT\u00c9RIA&quot;","block_context":{"text":"Geral-MAT\u00c9RIA","link":"https:\/\/www.jornalja.com.br\/geral\/category\/geral\/"},"img":{"alt_text":"","src":"https:\/\/i0.wp.com\/www.jornalja.com.br\/geral\/wp-content\/uploads\/sites\/4\/2020\/09\/lula-candidato-ricardo-stuckert.jpeg?resize=350%2C200&ssl=1","width":350,"height":200,"srcset":"https:\/\/i0.wp.com\/www.jornalja.com.br\/geral\/wp-content\/uploads\/sites\/4\/2020\/09\/lula-candidato-ricardo-stuckert.jpeg?resize=350%2C200&ssl=1 1x, https:\/\/i0.wp.com\/www.jornalja.com.br\/geral\/wp-content\/uploads\/sites\/4\/2020\/09\/lula-candidato-ricardo-stuckert.jpeg?resize=525%2C300&ssl=1 1.5x, https:\/\/i0.wp.com\/www.jornalja.com.br\/geral\/wp-content\/uploads\/sites\/4\/2020\/09\/lula-candidato-ricardo-stuckert.jpeg?resize=700%2C400&ssl=1 2x"},"classes":[]},{"id":74760,"url":"https:\/\/www.jornalja.com.br\/geral\/crise-da-lava-jato-chega-ao-supremo-com-julgamento-do-habeas-de-lula\/","url_meta":{"origin":91615,"position":1},"title":"Crise da Lava Jato chega ao Supremo com julgamento do habeas de Lula","author":"Elmar Bones","date":"11 de junho de 2019","format":false,"excerpt":"A imprensa tradicional tentou minimizar a crise detonada pelo concorrente Intercept Brasil com a revela\u00e7\u00e3o de mensagens entre o juiz\u00a0 S\u00e9rgio Moro com os procuradores em Curitiba durante\u00a0 a Opera\u00e7\u00e3o LavaJato. O site do Globo s\u00f3 deu manchete depois que S\u00e9rgio Moro deu entrevista dizendo que n\u00e3o via nada demais\u2026","rel":"","context":"Em &quot;Geral-MAT\u00c9RIA&quot;","block_context":{"text":"Geral-MAT\u00c9RIA","link":"https:\/\/www.jornalja.com.br\/geral\/category\/geral\/"},"img":{"alt_text":"","src":"","width":0,"height":0},"classes":[]},{"id":93576,"url":"https:\/\/www.jornalja.com.br\/geral\/lula-no-jn-a-entrevista-de-um-estadista\/","url_meta":{"origin":91615,"position":2},"title":"Lula no JN: a entrevista de um estadista","author":"Elmar Bones","date":"25 de agosto de 2022","format":false,"excerpt":"Lula mostrou na entrevista do Jornal Nacional porque \u00e9 l\u00edder nas pesquisas para a Presid\u00eancia da Rep\u00fablica, mantendo-se desde o in\u00edcio acima dos 40% das inten\u00e7\u00f5es de voto. As perguntas foram \u00f3bvias e viciadas, o candidato, que busca o terceiro mandato presidencial, tirou de letra. Da Lava Jato ao Mensal\u00e3o.\u2026","rel":"","context":"Em &quot;Geral-MAT\u00c9RIA&quot;","block_context":{"text":"Geral-MAT\u00c9RIA","link":"https:\/\/www.jornalja.com.br\/geral\/category\/geral\/"},"img":{"alt_text":"","src":"https:\/\/i0.wp.com\/www.jornalja.com.br\/geral\/wp-content\/uploads\/sites\/4\/2022\/08\/eleicoes-2022-lula-no-jornal-nacional.jpg?resize=350%2C200&ssl=1","width":350,"height":200},"classes":[]},{"id":74753,"url":"https:\/\/www.jornalja.com.br\/geral\/mensagens-divulgadas-pelo-intercept-implodem-a-operacao-lava-jato\/","url_meta":{"origin":91615,"position":3},"title":"Mensagens divulgadas pelo Intercept implodem a Opera\u00e7\u00e3o Lava Jato","author":"Elmar Bones","date":"10 de junho de 2019","format":false,"excerpt":"Mensagens trocadas por meio do Telegram entre o ent\u00e3o juiz S\u00e9rgio Moro e os procuradores da Opera\u00e7\u00e3o Lava Jato, divulgadas neste domingo pelo site Intercept Brasil, detonam a imparcialidade das investiga\u00e7\u00f5es que levaram \u00e0 pris\u00e3o de Lula e jogam gasolina na crise pol\u00edtica brasileira. Apesar do esfor\u00e7o de alguns jornais,\u2026","rel":"","context":"Em &quot;Geral-MAT\u00c9RIA&quot;","block_context":{"text":"Geral-MAT\u00c9RIA","link":"https:\/\/www.jornalja.com.br\/geral\/category\/geral\/"},"img":{"alt_text":"","src":"","width":0,"height":0},"classes":[]},{"id":92441,"url":"https:\/\/www.jornalja.com.br\/geral\/onu-diz-que-juiz-sergio-moro-foi-parcial-no-julgamento-de-lula\/","url_meta":{"origin":91615,"position":4},"title":"ONU conclui que juiz S\u00e9rgio Moro foi parcial no julgamento de Lula","author":"da Reda\u00e7\u00e3o","date":"28 de abril de 2022","format":false,"excerpt":"De O Globo O Comit\u00ea de Direitos Humanos da Organiza\u00e7\u00e3o das Na\u00e7\u00f5es Unidas (ONU) afirmou nesta quinta-feira que o ex-ministro da Justi\u00e7a e Seguran\u00e7a P\u00fablica Sergio Moro atuou com parcialidade no julgamento do ex-presidente Luiz In\u00e1cio Lula da Silva no \u00e2mbito da opera\u00e7\u00e3o Lava-Jato. O colegiado concluiu que o mandado\u2026","rel":"","context":"Em &quot;Geral-MAT\u00c9RIA&quot;","block_context":{"text":"Geral-MAT\u00c9RIA","link":"https:\/\/www.jornalja.com.br\/geral\/category\/geral\/"},"img":{"alt_text":"","src":"https:\/\/i0.wp.com\/www.jornalja.com.br\/geral\/wp-content\/uploads\/sites\/4\/2022\/01\/lula-entrevisa-a-blogs.png?resize=350%2C200&ssl=1","width":350,"height":200},"classes":[]},{"id":79256,"url":"https:\/\/www.jornalja.com.br\/geral\/festivais-lula-livre-misturam-politica-e-festa-popular\/","url_meta":{"origin":91615,"position":5},"title":"Festivais Lula Livre misturam pol\u00edtica e festa popular","author":"da Reda\u00e7\u00e3o","date":"18 de novembro de 2019","format":false,"excerpt":"\u201cA luta ser\u00e1 para libertar o pa\u00eds desse bando de milicianos que tomou conta do Brasil\u201d, disse Lula em seu discurso no segundo \"Festival com Lula Livre\", o novo formato de manifesta\u00e7\u00e3o, esp\u00e9cie de showm\u00edcio, que o ex-presidente est\u00e1 adotando. Ao sair da pris\u00e3o, onde ficou 580 dias, Lula disse\u2026","rel":"","context":"Em &quot;Geral-MAT\u00c9RIA&quot;","block_context":{"text":"Geral-MAT\u00c9RIA","link":"https:\/\/www.jornalja.com.br\/geral\/category\/geral\/"},"img":{"alt_text":"","src":"","width":0,"height":0},"classes":[]}],"jetpack_sharing_enabled":true,"_links":{"self":[{"href":"https:\/\/www.jornalja.com.br\/geral\/wp-json\/wp\/v2\/posts\/91615","targetHints":{"allow":["GET"]}}],"collection":[{"href":"https:\/\/www.jornalja.com.br\/geral\/wp-json\/wp\/v2\/posts"}],"about":[{"href":"https:\/\/www.jornalja.com.br\/geral\/wp-json\/wp\/v2\/types\/post"}],"author":[{"embeddable":true,"href":"https:\/\/www.jornalja.com.br\/geral\/wp-json\/wp\/v2\/users\/5"}],"replies":[{"embeddable":true,"href":"https:\/\/www.jornalja.com.br\/geral\/wp-json\/wp\/v2\/comments?post=91615"}],"version-history":[{"count":5,"href":"https:\/\/www.jornalja.com.br\/geral\/wp-json\/wp\/v2\/posts\/91615\/revisions"}],"predecessor-version":[{"id":91640,"href":"https:\/\/www.jornalja.com.br\/geral\/wp-json\/wp\/v2\/posts\/91615\/revisions\/91640"}],"wp:featuredmedia":[{"embeddable":true,"href":"https:\/\/www.jornalja.com.br\/geral\/wp-json\/wp\/v2\/media\/91624"}],"wp:attachment":[{"href":"https:\/\/www.jornalja.com.br\/geral\/wp-json\/wp\/v2\/media?parent=91615"}],"wp:term":[{"taxonomy":"category","embeddable":true,"href":"https:\/\/www.jornalja.com.br\/geral\/wp-json\/wp\/v2\/categories?post=91615"},{"taxonomy":"post_tag","embeddable":true,"href":"https:\/\/www.jornalja.com.br\/geral\/wp-json\/wp\/v2\/tags?post=91615"}],"curies":[{"name":"wp","href":"https:\/\/api.w.org\/{rel}","templated":true}]}}