{"id":91643,"date":"2022-01-24T11:27:28","date_gmt":"2022-01-24T14:27:28","guid":{"rendered":"https:\/\/www.jornalja.com.br\/geral\/?p=91643"},"modified":"2022-01-25T07:58:53","modified_gmt":"2022-01-25T10:58:53","slug":"sao-paulo-seis-de-cada-dez-moradores-de-rua-chegaram-a-cidade-em-busca-de-vida-melhor","status":"publish","type":"post","link":"https:\/\/www.jornalja.com.br\/geral\/sao-paulo-seis-de-cada-dez-moradores-de-rua-chegaram-a-cidade-em-busca-de-vida-melhor\/","title":{"rendered":"S\u00e3o Paulo: seis de cada dez moradores de rua chegaram \u00e0 cidade em busca de vida melhor"},"content":{"rendered":"<p>Uma reportagem do Fant\u00e1stico neste domingo abordou um problema que est\u00e1 nas ruas de todas as grandes cidades do pa\u00eds, mas que as autoridades e a m\u00eddia de modo geral parece n\u00e3o enxergar: os moradores de rua, ou as \u201cpessoas em situa\u00e7\u00e3o de rua\u201d, como quer o jarg\u00e3o sociol\u00f3gico.<\/p>\n<p>A reportagem se restringiu a S\u00e3o Paulo, onde um\u00a0novo Censo da Popula\u00e7\u00e3o de Rua aponta que em dois anos esse contingente de desabrigados dobrou na maior cidade do Pais.<\/p>\n<p>S\u00e3o 32 mil pessoas nas ruas da capital paulista neste in\u00edcio de 2022. A maioria s\u00e3o homens, idade m\u00e9dia de 41,7 anos e 70% deles s\u00e3o pretos ou pardos.<\/p>\n<p>Em cada dez, apenas quatro s\u00e3o naturais da cidade, dois s\u00e3o de outras cidades do Estado os quatro restantes s\u00e3o de outros Estados.<\/p>\n<p>Ou seja, seis em cada dez moradores das ruas de S\u00e3o Paulo s\u00e3o pessoas que sa\u00edram de suas cidades em busca de vida melhor na capital paulista.<\/p>\n<p>O Censo da popula\u00e7\u00e3o de rua em S\u00e3o Paulo \u00e9 feito periodicamente. O pr\u00f3ximo seria em 2023, mas a prefeitura decidiu antecip\u00e1-lo diante de um cen\u00e1rio de urg\u00eancia: o vis\u00edvel aumento do n\u00famero de pessoas vivendo nas ruas da cidade.<\/p>\n<p>Em 2019 eram cerca de 24 mil pessoas, agora s\u00e3o quase 32 mil pessoas. Em dois anos, essa popula\u00e7\u00e3o cresceu 31%. Isso contando tamb\u00e9m quem pernoita em abrigos.<\/p>\n<p>Levando em considera\u00e7\u00e3o apenas os que ficam o tempo todo na rua, o aumento registrado pelo Censo \u00e9 ainda maior: 54%. O novo Censo tamb\u00e9m mostra que 18 em cada 100 pessoas vivem h\u00e1 menos de um ano nas ruas.<\/p>\n<p>O primeiro levantamento foi feito em 2000.<\/p>\n<p>Na \u00e9poca, em cada 10 mil paulistanos, 8 viviam na rua. Em pouco mais de duas d\u00e9cadas, a propor\u00e7\u00e3o saltou para 26 moradores de rua em cada 10 mil paulistanos.<\/p>\n<p>Os movimentos e agentes sociais que d\u00e3o assist\u00eancia a essa popula\u00e7\u00e3o consideram os n\u00fameros do censo est\u00e3o aqu\u00e9m da realidade. O Padre J\u00falio Lancellotti, por exemplo, diz que muitos moradores de rua n\u00e3o s\u00e3o sequer localizados.<\/p>\n<p>\u201cN\u00e3o \u00e9 s\u00f3 aquele que est\u00e1 na rua ou est\u00e1 no abrigo. \u00c0s vezes ele est\u00e1 em buracos, em lugares inacess\u00edveis. E se voc\u00ea n\u00e3o tem contato com essas pessoas, voc\u00ea n\u00e3o \u00e9 capaz de saber que elas existem\u201d, afirma J\u00falio Lancellotti.<\/p>\n<p><strong>Perfil do morador de rua de SP &#8211; 2021<\/strong><\/p>\n<p>96,44% das pessoas em situa\u00e7\u00e3o de rua na cidade s\u00e3o nascidas no Brasil<br \/>\n39,2% das pessoas s\u00e3o naturais da cidade de\u00a0S\u00e3o Paulo<br \/>\n19,86% s\u00e3o de outras cidades do estado de SP<br \/>\n40,94% s\u00e3o naturais de outros estados brasileiros<br \/>\n3,56% s\u00e3o estrangeiros<br \/>\nIdade m\u00e9dia: 41,7 anos<br \/>\n70,8% deles s\u00e3o pretos ou pardos.<br \/>\n93,5% das pessoas frequentaram escola<br \/>\n92,9% sabem ler e escrever<br \/>\n21,4% t\u00eam ensino m\u00e9dio completo<br \/>\n15,3% conclu\u00edram o ensino fundamental<br \/>\n4,2% conclu\u00edram o ensino superior<br \/>\n<strong>Fonte: Instituto Qualitest\/IPP<\/strong><\/p>\n<p>](Com informa\u00e7\u00f5es do G1)<\/p>\n","protected":false},"excerpt":{"rendered":"<p>Uma reportagem do Fant\u00e1stico neste domingo abordou um problema que est\u00e1 nas ruas de todas as grandes cidades do pa\u00eds, mas que as autoridades e a m\u00eddia de modo geral parece n\u00e3o enxergar: os moradores de rua, ou as \u201cpessoas em situa\u00e7\u00e3o de rua\u201d, como quer o jarg\u00e3o sociol\u00f3gico. A reportagem se restringiu a S\u00e3o [&hellip;]<\/p>\n","protected":false},"author":4,"featured_media":91644,"comment_status":"open","ping_status":"open","sticky":false,"template":"","format":"standard","meta":{"jetpack_post_was_ever_published":false,"_jetpack_newsletter_access":"","_jetpack_dont_email_post_to_subs":false,"_jetpack_newsletter_tier_id":0,"_jetpack_memberships_contains_paywalled_content":false,"_jetpack_memberships_contains_paid_content":false,"footnotes":"","jetpack_publicize_message":"","jetpack_publicize_feature_enabled":true,"jetpack_social_post_already_shared":true,"jetpack_social_options":{"image_generator_settings":{"template":"highway","default_image_id":0,"font":"","enabled":false},"version":2}},"categories":[2],"tags":[238,83,356,516,300,186,149,95],"class_list":["post-91643","post","type-post","status-publish","format-standard","has-post-thumbnail","hentry","category-geral","tag-brasil","tag-ensino","tag-mel","tag-moradores-de-rua","tag-prefeitura","tag-sao-paulo","tag-sc","tag-sp"],"aioseo_notices":[],"jetpack_publicize_connections":[],"jetpack_featured_media_url":"https:\/\/www.jornalja.com.br\/geral\/wp-content\/uploads\/sites\/4\/2022\/01\/padre-julio-lancelotti.png","jetpack_shortlink":"https:\/\/wp.me\/pbKhrD-nQ7","jetpack-related-posts":[{"id":96845,"url":"https:\/\/www.jornalja.com.br\/geral\/cidade-dos-que-moram-na-rua-seria-uma-das-100-maiores-do-brasil\/","url_meta":{"origin":91643,"position":0},"title":"Cidade dos que moram na rua seria uma das 100 maiores do Brasil","author":"da Reda\u00e7\u00e3o","date":"4 de janeiro de 2024","format":false,"excerpt":"Se fossem reunidos num \u00fanico local todos os brasileiros que est\u00e3o vivendo em situa\u00e7\u00e3o de rua, eles formariam uma das 100 maiores cidades do pa\u00eds, em popula\u00e7\u00e3o. N\u00e3o h\u00e1 um n\u00famero exato.\u00a0 O \u00faltimo levantamento de julho deste ano revela que o \u00a0n\u00famero de \"pessoas sem resid\u00eancia formal\" no Brasil\u2026","rel":"","context":"Em &quot;Geral-MAT\u00c9RIA&quot;","block_context":{"text":"Geral-MAT\u00c9RIA","link":"https:\/\/www.jornalja.com.br\/geral\/category\/geral\/"},"img":{"alt_text":"","src":"https:\/\/i0.wp.com\/www.jornalja.com.br\/geral\/wp-content\/uploads\/sites\/4\/2024\/01\/moradores-em-situacao-de-rua.png?resize=350%2C200&ssl=1","width":350,"height":200},"classes":[]},{"id":91429,"url":"https:\/\/www.jornalja.com.br\/geral\/natal-ao-relento-cidade-dos-moradores-de-rua-estaria-entre-as-150-maiores-do-brasil\/","url_meta":{"origin":91643,"position":1},"title":"Natal ao relento: cidade dos moradores de rua estaria entre as 150 maiores do Brasil","author":"da Reda\u00e7\u00e3o","date":"24 de dezembro de 2021","format":false,"excerpt":"Se fossem reunidos num s\u00f3 lugar, eles formariam uma das 150 maiores cidades brasileiras. S\u00e3o os moradores de rua, ou as \"pessoas em situa\u00e7\u00e3o de rua\" como quer o pol\u00edticamente correto. Os brasileiros que passaram o Natal ao relento neste 25 de dezembro de 2021. O n\u00famero real \u00e9 incerto,\u2026","rel":"","context":"Em &quot;Geral-MAT\u00c9RIA&quot;","block_context":{"text":"Geral-MAT\u00c9RIA","link":"https:\/\/www.jornalja.com.br\/geral\/category\/geral\/"},"img":{"alt_text":"","src":"https:\/\/i0.wp.com\/www.jornalja.com.br\/geral\/wp-content\/uploads\/sites\/4\/2021\/10\/a6fdb0ad-fbaf-4e45-ba0d-f877a9c69b30-scaled.jpeg?resize=350%2C200&ssl=1","width":350,"height":200,"srcset":"https:\/\/i0.wp.com\/www.jornalja.com.br\/geral\/wp-content\/uploads\/sites\/4\/2021\/10\/a6fdb0ad-fbaf-4e45-ba0d-f877a9c69b30-scaled.jpeg?resize=350%2C200&ssl=1 1x, https:\/\/i0.wp.com\/www.jornalja.com.br\/geral\/wp-content\/uploads\/sites\/4\/2021\/10\/a6fdb0ad-fbaf-4e45-ba0d-f877a9c69b30-scaled.jpeg?resize=525%2C300&ssl=1 1.5x, https:\/\/i0.wp.com\/www.jornalja.com.br\/geral\/wp-content\/uploads\/sites\/4\/2021\/10\/a6fdb0ad-fbaf-4e45-ba0d-f877a9c69b30-scaled.jpeg?resize=700%2C400&ssl=1 2x, https:\/\/i0.wp.com\/www.jornalja.com.br\/geral\/wp-content\/uploads\/sites\/4\/2021\/10\/a6fdb0ad-fbaf-4e45-ba0d-f877a9c69b30-scaled.jpeg?resize=1050%2C600&ssl=1 3x, https:\/\/i0.wp.com\/www.jornalja.com.br\/geral\/wp-content\/uploads\/sites\/4\/2021\/10\/a6fdb0ad-fbaf-4e45-ba0d-f877a9c69b30-scaled.jpeg?resize=1400%2C800&ssl=1 4x"},"classes":[]},{"id":86700,"url":"https:\/\/www.jornalja.com.br\/geral\/o-ataque-a-criciuma-e-o-novo-cangaco\/","url_meta":{"origin":91643,"position":2},"title":"O ataque a Crici\u00fama e o &#8220;Novo Canga\u00e7o&#8221;","author":"da Reda\u00e7\u00e3o","date":"1 de dezembro de 2020","format":false,"excerpt":"A a\u00e7\u00e3o durou uma hora e quarenta e cinco minutos. Pelo menos 30 homens participaram da opera\u00e7\u00e3o, na madrugada da segunda-feira. Foram usados dez ve\u00edculos e armamento pesado: fuzis de alto calibre , uma metralhadora .50, de uso restrito das for\u00e7as armadas, \"capaz de perfurar blindados e derrubar pequenas aeronaves\".\u2026","rel":"","context":"Em &quot;Geral-MAT\u00c9RIA&quot;","block_context":{"text":"Geral-MAT\u00c9RIA","link":"https:\/\/www.jornalja.com.br\/geral\/category\/geral\/"},"img":{"alt_text":"","src":"https:\/\/i0.wp.com\/www.jornalja.com.br\/geral\/wp-content\/uploads\/sites\/4\/2020\/12\/asssalto-em-criciuma-banco.jpg?resize=350%2C200&ssl=1","width":350,"height":200,"srcset":"https:\/\/i0.wp.com\/www.jornalja.com.br\/geral\/wp-content\/uploads\/sites\/4\/2020\/12\/asssalto-em-criciuma-banco.jpg?resize=350%2C200&ssl=1 1x, https:\/\/i0.wp.com\/www.jornalja.com.br\/geral\/wp-content\/uploads\/sites\/4\/2020\/12\/asssalto-em-criciuma-banco.jpg?resize=525%2C300&ssl=1 1.5x"},"classes":[]},{"id":100670,"url":"https:\/\/www.jornalja.com.br\/geral\/chega-a-300-cidades-o-movimento-iniciado-em-minneapolis-jornal-fala-em-colapso-de-trump\/","url_meta":{"origin":91643,"position":3},"title":"Chega a 300 cidades o movimento iniciado em Minneapolis; jornal fala em &#8220;Colapso de Trump&#8221;","author":"da Reda\u00e7\u00e3o","date":"3 de fevereiro de 2026","format":false,"excerpt":"Pelo terceiro dia consecutivo manifestantes foram \u00e0s ruas nos Estados Unidos em protesto contra a pol\u00edcia de Donald Trump para a imigra\u00e7\u00e3o. Mais de 300 atos e manifesta\u00e7\u00f5es foram registrados em todos os 50 estados e no Distrito de Columbia,\u00a0 neste domingo, 1\u00ba de fevereiro de 2026. \u201cICE Out\" \u00e9\u00a0\u2026","rel":"","context":"Em &quot;Geral-MAT\u00c9RIA&quot;","block_context":{"text":"Geral-MAT\u00c9RIA","link":"https:\/\/www.jornalja.com.br\/geral\/category\/geral\/"},"img":{"alt_text":"","src":"https:\/\/i0.wp.com\/www.jornalja.com.br\/geral\/wp-content\/uploads\/sites\/4\/2026\/02\/nyt-eua-em-colapso-450x301.png?resize=350%2C200&ssl=1","width":350,"height":200,"srcset":"https:\/\/i0.wp.com\/www.jornalja.com.br\/geral\/wp-content\/uploads\/sites\/4\/2026\/02\/nyt-eua-em-colapso-450x301.png?resize=350%2C200&ssl=1 1x, https:\/\/i0.wp.com\/www.jornalja.com.br\/geral\/wp-content\/uploads\/sites\/4\/2026\/02\/nyt-eua-em-colapso-450x301.png?resize=525%2C300&ssl=1 1.5x, https:\/\/i0.wp.com\/www.jornalja.com.br\/geral\/wp-content\/uploads\/sites\/4\/2026\/02\/nyt-eua-em-colapso-450x301.png?resize=700%2C400&ssl=1 2x"},"classes":[]},{"id":101200,"url":"https:\/\/www.jornalja.com.br\/geral\/viaduto-restaurado-2-quase-centenaria-a-grande-obra-nunca-teve-uma-inauguracao-oficial\/","url_meta":{"origin":91643,"position":4},"title":"Viaduto restaurado (2): Quase centen\u00e1ria, a grande obra nunca teve  uma inaugura\u00e7\u00e3o oficial","author":"Elmar Bones","date":"30 de abril de 2026","format":false,"excerpt":"Depois de aberta a passagem, a primeira etapa foi restabelecer o tr\u00e1fego na Rua da Igreja, hoje Duque de Caxias. Pela primeira vez, quase aos cem anos, o Viaduto Ot\u00e1vio Rocha ter\u00e1 uma \u201cinaugura\u00e7\u00e3o festiva\u201d. Pelo menos \u00e9 o que est\u00e1 previsto para marcar a \u00a0restaura\u00e7\u00e3o rec\u00e9m conclu\u00edda. Quando foi\u2026","rel":"","context":"Em &quot;Geral-MAT\u00c9RIA&quot;","block_context":{"text":"Geral-MAT\u00c9RIA","link":"https:\/\/www.jornalja.com.br\/geral\/category\/geral\/"},"img":{"alt_text":"","src":"https:\/\/i0.wp.com\/www.jornalja.com.br\/geral\/wp-content\/uploads\/sites\/4\/2026\/04\/viaduto-concluido.png?resize=350%2C200&ssl=1","width":350,"height":200,"srcset":"https:\/\/i0.wp.com\/www.jornalja.com.br\/geral\/wp-content\/uploads\/sites\/4\/2026\/04\/viaduto-concluido.png?resize=350%2C200&ssl=1 1x, https:\/\/i0.wp.com\/www.jornalja.com.br\/geral\/wp-content\/uploads\/sites\/4\/2026\/04\/viaduto-concluido.png?resize=525%2C300&ssl=1 1.5x, https:\/\/i0.wp.com\/www.jornalja.com.br\/geral\/wp-content\/uploads\/sites\/4\/2026\/04\/viaduto-concluido.png?resize=700%2C400&ssl=1 2x"},"classes":[]},{"id":73600,"url":"https:\/\/www.jornalja.com.br\/geral\/joao-alfredo-sera-rua-completa\/","url_meta":{"origin":91643,"position":5},"title":"Jo\u00e3o Alfredo ser\u00e1 &quot;Rua Completa&quot;","author":"da Reda\u00e7\u00e3o","date":"1 de abril de 2019","format":false,"excerpt":"A prefeitura apresentou, neste s\u00e1bado, 30, o conceito de \"Ruas Completas\" no evento \"P\u00e1tio Cultural\". A rua Jo\u00e3o Alfredo, na Cidade Baixa, foi a rua escolhida para inaugurar a iniciativa em Porto Alegre. Com o objetivo de promover a ocupa\u00e7\u00e3o do espa\u00e7o p\u00fablico durante o dia e ampliar a seguran\u00e7a\u2026","rel":"","context":"Em &quot;Geral-MAT\u00c9RIA&quot;","block_context":{"text":"Geral-MAT\u00c9RIA","link":"https:\/\/www.jornalja.com.br\/geral\/category\/geral\/"},"img":{"alt_text":"","src":"","width":0,"height":0},"classes":[]}],"jetpack_sharing_enabled":true,"_links":{"self":[{"href":"https:\/\/www.jornalja.com.br\/geral\/wp-json\/wp\/v2\/posts\/91643","targetHints":{"allow":["GET"]}}],"collection":[{"href":"https:\/\/www.jornalja.com.br\/geral\/wp-json\/wp\/v2\/posts"}],"about":[{"href":"https:\/\/www.jornalja.com.br\/geral\/wp-json\/wp\/v2\/types\/post"}],"author":[{"embeddable":true,"href":"https:\/\/www.jornalja.com.br\/geral\/wp-json\/wp\/v2\/users\/4"}],"replies":[{"embeddable":true,"href":"https:\/\/www.jornalja.com.br\/geral\/wp-json\/wp\/v2\/comments?post=91643"}],"version-history":[{"count":1,"href":"https:\/\/www.jornalja.com.br\/geral\/wp-json\/wp\/v2\/posts\/91643\/revisions"}],"predecessor-version":[{"id":91645,"href":"https:\/\/www.jornalja.com.br\/geral\/wp-json\/wp\/v2\/posts\/91643\/revisions\/91645"}],"wp:featuredmedia":[{"embeddable":true,"href":"https:\/\/www.jornalja.com.br\/geral\/wp-json\/wp\/v2\/media\/91644"}],"wp:attachment":[{"href":"https:\/\/www.jornalja.com.br\/geral\/wp-json\/wp\/v2\/media?parent=91643"}],"wp:term":[{"taxonomy":"category","embeddable":true,"href":"https:\/\/www.jornalja.com.br\/geral\/wp-json\/wp\/v2\/categories?post=91643"},{"taxonomy":"post_tag","embeddable":true,"href":"https:\/\/www.jornalja.com.br\/geral\/wp-json\/wp\/v2\/tags?post=91643"}],"curies":[{"name":"wp","href":"https:\/\/api.w.org\/{rel}","templated":true}]}}