{"id":91649,"date":"2022-01-25T08:06:20","date_gmt":"2022-01-25T11:06:20","guid":{"rendered":"https:\/\/www.jornalja.com.br\/geral\/?p=91649"},"modified":"2022-01-25T13:22:46","modified_gmt":"2022-01-25T16:22:46","slug":"olavo-de-carvalho-guru-de-bolsonaro-morre-aos-74-nos-estados-unidos","status":"publish","type":"post","link":"https:\/\/www.jornalja.com.br\/geral\/olavo-de-carvalho-guru-de-bolsonaro-morre-aos-74-nos-estados-unidos\/","title":{"rendered":"Bolsonaro diz que Olavo de Carvalho &#8220;foi gigante na luta pela liberdade&#8221;"},"content":{"rendered":"<p>O guru do governo Bolsonaro, Olavo de Carvalho morreu nessa segunda-feira (24), aos 74 anos, nos Estados Unidos, onde vivia. A informa\u00e7\u00e3o foi dada pela fam\u00edlia nas redes sociais do escritor. <img decoding=\"async\" src=\"https:\/\/agenciabrasil.ebc.com.br\/ebc.png?id=1438490&amp;o=node\" \/><img decoding=\"async\" src=\"https:\/\/agenciabrasil.ebc.com.br\/ebc.gif?id=1438490&amp;o=node\" \/><\/p>\n<p>\u201cCom grande pesar, a fam\u00edlia do professor Olavo de Carvalho comunica sua morte na noite de\u00a0<span id=\"OBJ_PREFIX_DWT217_com_zimbra_date\" role=\"link\">24 de janeiro<\/span>, na regi\u00e3o de Richmond, na Virg\u00ednia, onde se encontrava hospitalizado\u201d, segundo a Ag\u00eancia Brasil.<\/p>\n<p>Natural de Campinas, S\u00e3o Paulo, ele deixa a esposa, Roxane, oito filhos e 18 netos. A causa da morte n\u00e3o foi divulgada. Recentemente, Olavo esteve internado em hospital no Brasil com\u00a0problemas card\u00edacos.<\/p>\n<p>No Twitter, o presidente Jair Bolsonaro\u00a0lamentou a morte do escritor.\u00a0\u201cNos deixa\u00a0<span id=\"OBJ_PREFIX_DWT218_com_zimbra_date\" role=\"link\">hoje<\/span>\u00a0um dos maiores pensadores da hist\u00f3ria do pa\u00eds, o fil\u00f3sofo e professor Olavo Luiz Pimentel de Carvalho. Olavo foi gigante na luta pela liberdade e farol para milh\u00f5es de brasileiros. Seu exemplo e seus ensinamentos nos marcar\u00e3o para sempre\u201d, afirmou.<\/p>\n<p>Olavo de Carvalho foi o mentor de toda uma agenda negacionista que influencia o governo de Jair Bolsonaro. Nos \u00faltimos tempos, ele se dizia abandonado pelo presidente e pelos filhos.<\/p>\n<p>&nbsp;<\/p>\n","protected":false},"excerpt":{"rendered":"<p>O guru do governo Bolsonaro, Olavo de Carvalho morreu nessa segunda-feira (24), aos 74 anos, nos Estados Unidos, onde vivia. A informa\u00e7\u00e3o foi dada pela fam\u00edlia nas redes sociais do escritor. \u201cCom grande pesar, a fam\u00edlia do professor Olavo de Carvalho comunica sua morte na noite de\u00a024 de janeiro, na regi\u00e3o de Richmond, na Virg\u00ednia, [&hellip;]<\/p>\n","protected":false},"author":4,"featured_media":91652,"comment_status":"open","ping_status":"open","sticky":false,"template":"","format":"standard","meta":{"jetpack_post_was_ever_published":false,"_jetpack_newsletter_access":"","_jetpack_dont_email_post_to_subs":false,"_jetpack_newsletter_tier_id":0,"_jetpack_memberships_contains_paywalled_content":false,"_jetpack_memberships_contains_paid_content":false,"footnotes":"","jetpack_publicize_message":"","jetpack_publicize_feature_enabled":true,"jetpack_social_post_already_shared":true,"jetpack_social_options":{"image_generator_settings":{"template":"highway","default_image_id":0,"font":"","enabled":false},"version":2}},"categories":[2],"tags":[89,238,236,294,5,479,186,149,95,196],"class_list":["post-91649","post","type-post","status-publish","format-standard","has-post-thumbnail","hentry","category-geral","tag-bolsonaro","tag-brasil","tag-governo","tag-governo-bolsonaro","tag-jair-bolsonaro","tag-red","tag-sao-paulo","tag-sc","tag-sp","tag-twitter"],"aioseo_notices":[],"jetpack_publicize_connections":[],"jetpack_featured_media_url":"https:\/\/www.jornalja.com.br\/geral\/wp-content\/uploads\/sites\/4\/2022\/01\/olavo-de-carvalho-1.jpg","jetpack_shortlink":"https:\/\/wp.me\/pbKhrD-nQd","jetpack-related-posts":[{"id":100261,"url":"https:\/\/www.jornalja.com.br\/geral\/elevado-risco-de-fuga-diz-alexandre-de-moraes-ao-decretar-a-prisao-de-bolsonaro\/","url_meta":{"origin":91649,"position":0},"title":"&#8220;Elevado risco de fuga&#8221;, diz Alexandre de Moraes ao decretar a pris\u00e3o de Bolsonaro","author":"da Reda\u00e7\u00e3o","date":"22 de novembro de 2025","format":false,"excerpt":"O ex-presidente Jair Bolsonaro foi preso por volta das seis horas da manh\u00e3 deste s\u00e1bado (22). Em nota, a Pol\u00edcia Federal informou que cumpriu um mandado de pris\u00e3o preventiva expedido pelo Supremo Tribunal Federal (STF). Na sexta-feira (21) o senador Fl\u00e1vio Bolsonaro (PL) convocou, pelas redes sociais uma vig\u00edlia de\u2026","rel":"","context":"Em &quot;Geral-MAT\u00c9RIA&quot;","block_context":{"text":"Geral-MAT\u00c9RIA","link":"https:\/\/www.jornalja.com.br\/geral\/category\/geral\/"},"img":{"alt_text":"","src":"https:\/\/i0.wp.com\/www.jornalja.com.br\/geral\/wp-content\/uploads\/sites\/4\/2025\/11\/bolsonaro-preso-2.png?resize=350%2C200&ssl=1","width":350,"height":200,"srcset":"https:\/\/i0.wp.com\/www.jornalja.com.br\/geral\/wp-content\/uploads\/sites\/4\/2025\/11\/bolsonaro-preso-2.png?resize=350%2C200&ssl=1 1x, https:\/\/i0.wp.com\/www.jornalja.com.br\/geral\/wp-content\/uploads\/sites\/4\/2025\/11\/bolsonaro-preso-2.png?resize=525%2C300&ssl=1 1.5x"},"classes":[]},{"id":100277,"url":"https:\/\/www.jornalja.com.br\/geral\/unanimidade-stf-mantem-prisao-preventiva-do-ex-presidente-jair-bolsonaro\/","url_meta":{"origin":91649,"position":1},"title":"Unanimidade:  STF mant\u00e9m pris\u00e3o preventiva do ex-presidente Jair Bolsonaro","author":"da Reda\u00e7\u00e3o","date":"24 de novembro de 2025","format":false,"excerpt":"Por unanimidade, a Primeira Turma do Supremo Tribunal Federal (STF) manteve, nesta segunda-feira (24), a decis\u00e3o do ministro Alexandre de Moraes que decretou a pris\u00e3o preventiva do ex-presidente da Rep\u00fablica Jair Bolsonaro. A medida foi analisada em sess\u00e3o extraordin\u00e1ria virtual,\u00a0 com encerramento \u00e0s 20h, mas no fim da manh\u00e3 todos\u2026","rel":"","context":"Em &quot;Geral-MAT\u00c9RIA&quot;","block_context":{"text":"Geral-MAT\u00c9RIA","link":"https:\/\/www.jornalja.com.br\/geral\/category\/geral\/"},"img":{"alt_text":"","src":"https:\/\/i0.wp.com\/www.jornalja.com.br\/geral\/wp-content\/uploads\/sites\/4\/2025\/11\/bolsonaro-stf-mantem-prisao.jpg?resize=350%2C200&ssl=1","width":350,"height":200,"srcset":"https:\/\/i0.wp.com\/www.jornalja.com.br\/geral\/wp-content\/uploads\/sites\/4\/2025\/11\/bolsonaro-stf-mantem-prisao.jpg?resize=350%2C200&ssl=1 1x, https:\/\/i0.wp.com\/www.jornalja.com.br\/geral\/wp-content\/uploads\/sites\/4\/2025\/11\/bolsonaro-stf-mantem-prisao.jpg?resize=525%2C300&ssl=1 1.5x, https:\/\/i0.wp.com\/www.jornalja.com.br\/geral\/wp-content\/uploads\/sites\/4\/2025\/11\/bolsonaro-stf-mantem-prisao.jpg?resize=700%2C400&ssl=1 2x, https:\/\/i0.wp.com\/www.jornalja.com.br\/geral\/wp-content\/uploads\/sites\/4\/2025\/11\/bolsonaro-stf-mantem-prisao.jpg?resize=1050%2C600&ssl=1 3x, https:\/\/i0.wp.com\/www.jornalja.com.br\/geral\/wp-content\/uploads\/sites\/4\/2025\/11\/bolsonaro-stf-mantem-prisao.jpg?resize=1400%2C800&ssl=1 4x"},"classes":[]},{"id":73235,"url":"https:\/\/www.jornalja.com.br\/geral\/guru-dos-bolsonaro-diz-que-governo-esta-repleto-de-inimigos-do-presidente\/","url_meta":{"origin":91649,"position":2},"title":"Guru dos Bolsonaro diz que &quot;governo est\u00e1 repleto de inimigos do presidente&quot;","author":"da Reda\u00e7\u00e3o","date":"9 de mar\u00e7o de 2019","format":false,"excerpt":"Apontado como \u201cguru\u201d da fam\u00edlia Bolsonaro, o professor Olavo de Carvalho trouxe a p\u00fablico uma crise no interior do governo de Jair Bolsonaro. Em post em sua p\u00e1gina no Facebook, Carvalho recomendou aos alunos de seu curso online a deixarem o governo, no MEC espec\u00edficamente, onde sua influ\u00eancia come\u00e7a pelo\u2026","rel":"","context":"Em &quot;Geral-MAT\u00c9RIA&quot;","block_context":{"text":"Geral-MAT\u00c9RIA","link":"https:\/\/www.jornalja.com.br\/geral\/category\/geral\/"},"img":{"alt_text":"","src":"","width":0,"height":0},"classes":[]},{"id":100289,"url":"https:\/\/www.jornalja.com.br\/geral\/stf-encerra-julgamento-de-bolsonaro-27-anos-e-seis-meses-de-prisao\/","url_meta":{"origin":91649,"position":3},"title":"STF encerra julgamento de Bolsonaro: 27 anos e tr\u00eas meses de pris\u00e3o","author":"da Reda\u00e7\u00e3o","date":"25 de novembro de 2025","format":false,"excerpt":"O Supremo Tribunal Federal (STF) considerou que o processo do ex-presidente Jair Bolsonaro por golpe de Estado transitou em julgado. Ou seja: n\u00e3o cabem mais recursos. A decis\u00e3o foi anunciada no in\u00edcio da tarde desta ter\u00e7a-feira, 25 de novembro Al\u00e9m de Bolsonaro,\u00a0 foi concluso tamb\u00e9m julgamento de Alexandre Ramagem (PL-RJ),\u2026","rel":"","context":"Em &quot;Geral-MAT\u00c9RIA&quot;","block_context":{"text":"Geral-MAT\u00c9RIA","link":"https:\/\/www.jornalja.com.br\/geral\/category\/geral\/"},"img":{"alt_text":"","src":"https:\/\/i0.wp.com\/www.jornalja.com.br\/geral\/wp-content\/uploads\/sites\/4\/2025\/11\/bolsonaro-preso-2.png?resize=350%2C200&ssl=1","width":350,"height":200,"srcset":"https:\/\/i0.wp.com\/www.jornalja.com.br\/geral\/wp-content\/uploads\/sites\/4\/2025\/11\/bolsonaro-preso-2.png?resize=350%2C200&ssl=1 1x, https:\/\/i0.wp.com\/www.jornalja.com.br\/geral\/wp-content\/uploads\/sites\/4\/2025\/11\/bolsonaro-preso-2.png?resize=525%2C300&ssl=1 1.5x"},"classes":[]},{"id":73382,"url":"https:\/\/www.jornalja.com.br\/geral\/olavo-diz-que-generais-querem-restaurar-64-e-usam-bolsonaro-como-camisinha\/","url_meta":{"origin":91649,"position":4},"title":"Olavo diz que generais querem restaurar 64 e usam Bolsonaro como &quot;camisinha&quot;","author":"da Reda\u00e7\u00e3o","date":"17 de mar\u00e7o de 2019","format":false,"excerpt":"Em entrevista ao Valor, no s\u00e1bado \u00e0 noite, em Washington, o guru da familia Bolsonaro\u00a0, o fil\u00f3sofo Olavo de Carvalho repetiu sua avalia\u00e7\u00e3o, de\u00a0que o presidente est\u00e1 de m\u00e3os amarradas por militares pr\u00f3ximos com \"mentalidade golpista\". Advertiu sobre a necessidade de uma mudan\u00e7a de rumo para o governo n\u00e3o acabar\u2026","rel":"","context":"Em &quot;Geral-MAT\u00c9RIA&quot;","block_context":{"text":"Geral-MAT\u00c9RIA","link":"https:\/\/www.jornalja.com.br\/geral\/category\/geral\/"},"img":{"alt_text":"","src":"","width":0,"height":0},"classes":[]},{"id":84099,"url":"https:\/\/www.jornalja.com.br\/geral\/olavista-vai-substituir-weintraub-no-ministerio-da-educacao\/","url_meta":{"origin":91649,"position":5},"title":"Nada vai mudar no MEC: Weintraub ser\u00e1 substitu\u00eddo por secret\u00e1rio olavista","author":"da Reda\u00e7\u00e3o","date":"18 de junho de 2020","format":false,"excerpt":"O presidente Jair Bolsonaro vai demitir o ministro da Educa\u00e7\u00e3o, Abraham Weintraub. O atual secret\u00e1rio de Alfabetiza\u00e7\u00e3o da pasta, Carlos Nadalim, deve ser nomeado ministro interino enquanto um nome definitivo n\u00e3o \u00e9 escolhido. A informa\u00e7\u00e3o foi confirmada pelo\u00a0Congresso em Foco\u00a0com auxiliares de Bolsonaro. A decis\u00e3o deve ser publicada no Di\u00e1rio\u2026","rel":"","context":"Em &quot;Geral-MAT\u00c9RIA&quot;","block_context":{"text":"Geral-MAT\u00c9RIA","link":"https:\/\/www.jornalja.com.br\/geral\/category\/geral\/"},"img":{"alt_text":"","src":"https:\/\/i0.wp.com\/www.jornalja.com.br\/geral\/wp-content\/uploads\/sites\/4\/2020\/06\/Weintraub-Abraham-deixa-o-governo-foto-Luis-Fontes-MEC.jpg?resize=350%2C200&ssl=1","width":350,"height":200,"srcset":"https:\/\/i0.wp.com\/www.jornalja.com.br\/geral\/wp-content\/uploads\/sites\/4\/2020\/06\/Weintraub-Abraham-deixa-o-governo-foto-Luis-Fontes-MEC.jpg?resize=350%2C200&ssl=1 1x, https:\/\/i0.wp.com\/www.jornalja.com.br\/geral\/wp-content\/uploads\/sites\/4\/2020\/06\/Weintraub-Abraham-deixa-o-governo-foto-Luis-Fontes-MEC.jpg?resize=525%2C300&ssl=1 1.5x, https:\/\/i0.wp.com\/www.jornalja.com.br\/geral\/wp-content\/uploads\/sites\/4\/2020\/06\/Weintraub-Abraham-deixa-o-governo-foto-Luis-Fontes-MEC.jpg?resize=700%2C400&ssl=1 2x"},"classes":[]}],"jetpack_sharing_enabled":true,"_links":{"self":[{"href":"https:\/\/www.jornalja.com.br\/geral\/wp-json\/wp\/v2\/posts\/91649","targetHints":{"allow":["GET"]}}],"collection":[{"href":"https:\/\/www.jornalja.com.br\/geral\/wp-json\/wp\/v2\/posts"}],"about":[{"href":"https:\/\/www.jornalja.com.br\/geral\/wp-json\/wp\/v2\/types\/post"}],"author":[{"embeddable":true,"href":"https:\/\/www.jornalja.com.br\/geral\/wp-json\/wp\/v2\/users\/4"}],"replies":[{"embeddable":true,"href":"https:\/\/www.jornalja.com.br\/geral\/wp-json\/wp\/v2\/comments?post=91649"}],"version-history":[{"count":5,"href":"https:\/\/www.jornalja.com.br\/geral\/wp-json\/wp\/v2\/posts\/91649\/revisions"}],"predecessor-version":[{"id":91656,"href":"https:\/\/www.jornalja.com.br\/geral\/wp-json\/wp\/v2\/posts\/91649\/revisions\/91656"}],"wp:featuredmedia":[{"embeddable":true,"href":"https:\/\/www.jornalja.com.br\/geral\/wp-json\/wp\/v2\/media\/91652"}],"wp:attachment":[{"href":"https:\/\/www.jornalja.com.br\/geral\/wp-json\/wp\/v2\/media?parent=91649"}],"wp:term":[{"taxonomy":"category","embeddable":true,"href":"https:\/\/www.jornalja.com.br\/geral\/wp-json\/wp\/v2\/categories?post=91649"},{"taxonomy":"post_tag","embeddable":true,"href":"https:\/\/www.jornalja.com.br\/geral\/wp-json\/wp\/v2\/tags?post=91649"}],"curies":[{"name":"wp","href":"https:\/\/api.w.org\/{rel}","templated":true}]}}