{"id":91707,"date":"2022-02-03T11:59:50","date_gmt":"2022-02-03T14:59:50","guid":{"rendered":"https:\/\/www.jornalja.com.br\/geral\/?p=91707"},"modified":"2022-02-03T13:13:06","modified_gmt":"2022-02-03T16:13:06","slug":"agora-ate-comprovante-de-consignado-serve-como-prova-de-vida-para-o-inss","status":"publish","type":"post","link":"https:\/\/www.jornalja.com.br\/geral\/agora-ate-comprovante-de-consignado-serve-como-prova-de-vida-para-o-inss\/","title":{"rendered":"Novas regras: comprovante de consignado j\u00e1 serve como prova de vida para o INSS"},"content":{"rendered":"<p>O Minist\u00e9rio do Trabalho e Previd\u00eancia publicou, no\u00a0Di\u00e1rio Oficial da Uni\u00e3o\u00a0de\u00a0hoje\u00a0(3), portaria que disciplina os procedimentos a serem adotados para a comprova\u00e7\u00e3o de vida anual dos benefici\u00e1rios do Instituto Nacional do Seguro Social (INSS).<\/p>\n<p>A\u00a0Portaria n\u00ba 1.408\u00a0apresenta algumas situa\u00e7\u00f5es (atos, meios, informa\u00e7\u00f5es ou bases de dados) que passar\u00e3o a ser consideras v\u00e1lidas como prova de vida.<\/p>\n<p>Uma delas \u00e9 a realiza\u00e7\u00e3o de empr\u00e9stimo consignado, desde que seja efetuado por reconhecimento biom\u00e9trico. Considera tamb\u00e9m, para o mesmo efeito, o acesso ao aplicativo Meu INSS \u201ccom o selo outro ou outros aplicativos e sistemas dos \u00f3rg\u00e3os e entidades p\u00fablicas que possuam certifica\u00e7\u00e3o e controle de acessos\u201d, tanto no Brasil como no exterior.<\/p>\n<p>Tamb\u00e9m ser\u00e3o consideradas prova de vida atendimentos feitos de forma presencial nas ag\u00eancias do INSS ou por reconhecimento biom\u00e9trico em entidades ou institui\u00e7\u00f5es parceiras. Per\u00edcias m\u00e9dicas, por telemedicina ou presencial, bem como vacina\u00e7\u00e3o ou atendimentos no sistema p\u00fablico de sa\u00fade ou em rede conveniada tamb\u00e9m servir\u00e3o como prova de vida.<\/p>\n<p>Outras situa\u00e7\u00f5es que passam a se enquadrar como prova de vida s\u00e3o cadastro ou recadastramento nos \u00f3rg\u00e3os de tr\u00e2nsito ou seguran\u00e7a p\u00fablica; recebimento do pagamento de benef\u00edcio com reconhecimento biom\u00e9trico; atualiza\u00e7\u00f5es no Cad\u00danico (quando efetuada pelo respons\u00e1vel pelo grupo; vota\u00e7\u00e3o nas elei\u00e7\u00f5es; e emiss\u00f5es ou renova\u00e7\u00f5es de passaporte, carteira de motorista, de identidade ou de trabalho; alistamento militar; declara\u00e7\u00e3o de Imposto de Renda, como titular ou dependente; ou \u201coutros documentos oficiais que necessitem da presen\u00e7a f\u00edsica do usu\u00e1rio ou reconhecimento biom\u00e9trico\u201d.<\/p>\n<p>De acordo com a portaria, caber\u00e1 ao INSS notificar o benefici\u00e1rio quando n\u00e3o for poss\u00edvel a comprova\u00e7\u00e3o de vida por esses meios. Nas situa\u00e7\u00f5es em que o benefici\u00e1rio n\u00e3o for identificado em nenhuma dessas bases, o INSS \u201cprover\u00e1 meios para realiza\u00e7\u00e3o da prova de vida sem deslocamentos dos benefici\u00e1rios de suas resid\u00eancias\u201d, acrescenta a portaria.<\/p>\n<p>Cerca de 36 milh\u00f5es de benefici\u00e1rios fazem a prova de vida todos os anos. Desses, cerca de 5 milh\u00f5es t\u00eam mais de 80 anos de idade.<\/p>\n<p>A prova de vida serve para evitar fraudes e pagamentos indevidos. As mudan\u00e7as valem para os benefici\u00e1rios que fizerem anivers\u00e1rio a partir da data da publica\u00e7\u00e3o da portaria.<\/p>\n<p>O instituto tem at\u00e9 o dia\u00a031 de dezembro\u00a0deste ano para implementar as novidades. At\u00e9 l\u00e1, o bloqueio de pagamento por falta da comprova\u00e7\u00e3o de vida fica suspenso.<\/p>\n","protected":false},"excerpt":{"rendered":"<p>O Minist\u00e9rio do Trabalho e Previd\u00eancia publicou, no\u00a0Di\u00e1rio Oficial da Uni\u00e3o\u00a0de\u00a0hoje\u00a0(3), portaria que disciplina os procedimentos a serem adotados para a comprova\u00e7\u00e3o de vida anual dos benefici\u00e1rios do Instituto Nacional do Seguro Social (INSS). A\u00a0Portaria n\u00ba 1.408\u00a0apresenta algumas situa\u00e7\u00f5es (atos, meios, informa\u00e7\u00f5es ou bases de dados) que passar\u00e3o a ser consideras v\u00e1lidas como prova de [&hellip;]<\/p>\n","protected":false},"author":4,"featured_media":91708,"comment_status":"open","ping_status":"open","sticky":false,"template":"","format":"standard","meta":{"jetpack_post_was_ever_published":false,"_jetpack_newsletter_access":"","_jetpack_dont_email_post_to_subs":false,"_jetpack_newsletter_tier_id":0,"_jetpack_memberships_contains_paywalled_content":false,"_jetpack_memberships_contains_paid_content":false,"footnotes":"","jetpack_publicize_message":"","jetpack_publicize_feature_enabled":true,"jetpack_social_post_already_shared":true,"jetpack_social_options":{"image_generator_settings":{"template":"highway","default_image_id":0,"font":"","enabled":false},"version":2}},"categories":[2],"tags":[87,238,424,261,496,74,501,460,237,479,15,38,149,361,95,20,509],"class_list":["post-91707","post","type-post","status-publish","format-standard","has-post-thumbnail","hentry","category-geral","tag-ari","tag-brasil","tag-diario-oficial","tag-eleicoes","tag-emprestimo","tag-imposto-de-renda","tag-medicina","tag-ovid","tag-previdencia","tag-red","tag-rs","tag-saude","tag-sc","tag-seguranca","tag-sp","tag-sus","tag-uniao"],"aioseo_notices":[],"jetpack_publicize_connections":[],"jetpack_featured_media_url":"https:\/\/www.jornalja.com.br\/geral\/wp-content\/uploads\/sites\/4\/2022\/02\/inss-foto-tomaz-silva-agencia-brasil.jpg","jetpack_shortlink":"https:\/\/wp.me\/pbKhrD-nR9","jetpack-related-posts":[{"id":100646,"url":"https:\/\/www.jornalja.com.br\/geral\/corrida-aos-consignados-causa-colapso-no-sistema-do-meu-inss-em-porto-alegre-houve-tumulto\/","url_meta":{"origin":91707,"position":0},"title":"Corrida aos consignados causa colapso no sistema do INSS; em Porto Alegre houve tumulto","author":"Elmar Bones","date":"26 de janeiro de 2026","format":false,"excerpt":"\u00c0 v\u00e9spera de uma paralisa\u00e7\u00e3o programada para atualiza\u00e7\u00e3o do sistema, o INSS foi surpreendido com uma avalanche de acessos em busca de empr\u00e9stimos consignados. O presidente do INSS, Gilberto Waller,\u00a0 disse em entrevista \u00e0 Ga\u00facha que o aplicativo Meu INSS colapsou diante de uma demanda seis vezes maior nos \u00faltimos\u2026","rel":"","context":"Em &quot;MANCHETE do Site&quot;","block_context":{"text":"MANCHETE do Site","link":"https:\/\/www.jornalja.com.br\/geral\/category\/manchete-do-site\/"},"img":{"alt_text":"","src":"https:\/\/i0.wp.com\/www.jornalja.com.br\/geral\/wp-content\/uploads\/sites\/4\/2026\/01\/inss-consignados-demanda.png?resize=350%2C200&ssl=1","width":350,"height":200},"classes":[]},{"id":87143,"url":"https:\/\/www.jornalja.com.br\/geral\/prova-de-vida-de-aposentados-prazo-prorrogado\/","url_meta":{"origin":91707,"position":1},"title":"Prova de vida de aposentados; prazo prorrogado","author":"da Reda\u00e7\u00e3o","date":"9 de fevereiro de 2021","format":false,"excerpt":"Os aposentados e pensionistas do Instituto Nacional do Seguro Social (INSS) que n\u00e3o fizeram a prova de vida entre mar\u00e7o de 2020 e fevereiro deste ano n\u00e3o ter\u00e3o seus benef\u00edcios bloqueados. A Portaria n\u00ba 1.266\/2021, publicada em\u00a0 20\/01\u00a0 no Di\u00e1rio Oficial da Uni\u00e3o, prorroga a interrup\u00e7\u00e3o do bloqueio de benef\u00edcios\u2026","rel":"","context":"Em &quot;Geral-NOTAS&quot;","block_context":{"text":"Geral-NOTAS","link":"https:\/\/www.jornalja.com.br\/geral\/category\/geral-notas\/"},"img":{"alt_text":"","src":"","width":0,"height":0},"classes":[]},{"id":99239,"url":"https:\/\/www.jornalja.com.br\/geral\/consignado-para-trabalhadores-do-setor-privado-inclui-motoristas-de-aplicativo\/","url_meta":{"origin":91707,"position":2},"title":"Consignado para trabalhadores do setor privado inclui motoristas de aplicativo","author":"da Reda\u00e7\u00e3o","date":"23 de junho de 2025","format":false,"excerpt":"A comiss\u00e3o mista da medida provis\u00f3ria\u00a0que regula o empr\u00e9stimo consignado para trabalhadores do setor privado aprovou nesta quarta-feira (18) o relat\u00f3rio do senador Rog\u00e9rio Carvalho (PT-SE). Editada em 12 de mar\u00e7o, a MP 1.292\/2025 j\u00e1 est\u00e1 em vigor, mas precisa ser aprovada pelo Congresso Nacional at\u00e9 9 de julho para\u2026","rel":"","context":"Em &quot;Geral-MAT\u00c9RIA&quot;","block_context":{"text":"Geral-MAT\u00c9RIA","link":"https:\/\/www.jornalja.com.br\/geral\/category\/geral\/"},"img":{"alt_text":"","src":"https:\/\/i0.wp.com\/www.jornalja.com.br\/geral\/wp-content\/uploads\/sites\/4\/2025\/06\/consignado-relator-da-mp-rogerio-carvalho-pt-se.jpeg?resize=350%2C200&ssl=1","width":350,"height":200,"srcset":"https:\/\/i0.wp.com\/www.jornalja.com.br\/geral\/wp-content\/uploads\/sites\/4\/2025\/06\/consignado-relator-da-mp-rogerio-carvalho-pt-se.jpeg?resize=350%2C200&ssl=1 1x, https:\/\/i0.wp.com\/www.jornalja.com.br\/geral\/wp-content\/uploads\/sites\/4\/2025\/06\/consignado-relator-da-mp-rogerio-carvalho-pt-se.jpeg?resize=525%2C300&ssl=1 1.5x, https:\/\/i0.wp.com\/www.jornalja.com.br\/geral\/wp-content\/uploads\/sites\/4\/2025\/06\/consignado-relator-da-mp-rogerio-carvalho-pt-se.jpeg?resize=700%2C400&ssl=1 2x"},"classes":[]},{"id":76962,"url":"https:\/\/www.jornalja.com.br\/geral\/aposentados-e-pensionistas-do-inss-terao-que-apresentar-prova-de-vida-anual\/","url_meta":{"origin":91707,"position":3},"title":"Aposentados e pensionistas do INSS ter\u00e3o que apresentar prova de vida anual","author":"da Reda\u00e7\u00e3o","date":"3 de setembro de 2019","format":false,"excerpt":"Da Ag\u00eancia Brasil Foi publicada no Di\u00e1rio Oficial da Uni\u00e3o desta ter\u00e7a-feira, 3, a resolu\u00e7\u00e3o que regulamenta a comprova\u00e7\u00e3o de vida e renova\u00e7\u00e3o de senha para os benefici\u00e1rios do Instituto Nacional de Seguro Social (INSS), bem como a presta\u00e7\u00e3o de informa\u00e7\u00f5es por meio das institui\u00e7\u00f5es financeiras pagadoras. A comprova\u00e7\u00e3o de\u2026","rel":"","context":"Em &quot;Geral-MAT\u00c9RIA&quot;","block_context":{"text":"Geral-MAT\u00c9RIA","link":"https:\/\/www.jornalja.com.br\/geral\/category\/geral\/"},"img":{"alt_text":"","src":"","width":0,"height":0},"classes":[]},{"id":74020,"url":"https:\/\/www.jornalja.com.br\/geral\/cartao-de-credito-consignado-mais-uma-brecha-para-endividar-aposentados\/","url_meta":{"origin":91707,"position":4},"title":"Cart\u00e3o de cr\u00e9dito consignado, mais uma brecha para endividar aposentados","author":"Elmar Bones","date":"15 de abril de 2019","format":false,"excerpt":"A Caixa Econ\u00f4mica Federal acaba de\u00a0lan\u00e7ar o cart\u00e3o de cr\u00e9dito consignado. A taxa de juros ficar\u00e1 em 2,85% ao m\u00eas e \u00e9 baixa se comparada a do cart\u00e3o de cr\u00e9dito tradicional\u00a0 \u00a0que muitas vezes supera os 15%. O limite ser\u00e1 de at\u00e9 1,4 vez o valor recebido mensalmente e s\u00f3\u2026","rel":"","context":"Em &quot;Geral-MAT\u00c9RIA&quot;","block_context":{"text":"Geral-MAT\u00c9RIA","link":"https:\/\/www.jornalja.com.br\/geral\/category\/geral\/"},"img":{"alt_text":"","src":"","width":0,"height":0},"classes":[]},{"id":98861,"url":"https:\/\/www.jornalja.com.br\/geral\/fraudes-no-inss-vitimas-formariam-a-terceira-maior-cidade-do-brasil\/","url_meta":{"origin":91707,"position":5},"title":"Fraudes no INSS: v\u00edtimas formariam a terceira maior cidade do Brasil","author":"Elmar Bones","date":"7 de maio de 2025","format":false,"excerpt":"As primeiras not\u00edcias falavam em 7,7 milh\u00f5es de v\u00edtimas - aposentados e pensionistas lesados com descontos ilegais em suas contas no INSS desde 2019, num total de R$ 6,5 bilh\u00f5es. Eram extrapola\u00e7\u00f5es de dados colhidos por amostragem numa auditoria da Controladoria Geral da Uni\u00e3o, feita de abril a julho de\u2026","rel":"","context":"Em &quot;Geral-MAT\u00c9RIA&quot;","block_context":{"text":"Geral-MAT\u00c9RIA","link":"https:\/\/www.jornalja.com.br\/geral\/category\/geral\/"},"img":{"alt_text":"","src":"https:\/\/i0.wp.com\/www.jornalja.com.br\/geral\/wp-content\/uploads\/sites\/4\/2025\/05\/inss-centro-de-sao-paulo-044-16-foto-marcos-santos-jornal-da-usp-45-scaled.jpg?resize=350%2C200&ssl=1","width":350,"height":200,"srcset":"https:\/\/i0.wp.com\/www.jornalja.com.br\/geral\/wp-content\/uploads\/sites\/4\/2025\/05\/inss-centro-de-sao-paulo-044-16-foto-marcos-santos-jornal-da-usp-45-scaled.jpg?resize=350%2C200&ssl=1 1x, https:\/\/i0.wp.com\/www.jornalja.com.br\/geral\/wp-content\/uploads\/sites\/4\/2025\/05\/inss-centro-de-sao-paulo-044-16-foto-marcos-santos-jornal-da-usp-45-scaled.jpg?resize=525%2C300&ssl=1 1.5x, https:\/\/i0.wp.com\/www.jornalja.com.br\/geral\/wp-content\/uploads\/sites\/4\/2025\/05\/inss-centro-de-sao-paulo-044-16-foto-marcos-santos-jornal-da-usp-45-scaled.jpg?resize=700%2C400&ssl=1 2x, https:\/\/i0.wp.com\/www.jornalja.com.br\/geral\/wp-content\/uploads\/sites\/4\/2025\/05\/inss-centro-de-sao-paulo-044-16-foto-marcos-santos-jornal-da-usp-45-scaled.jpg?resize=1050%2C600&ssl=1 3x, https:\/\/i0.wp.com\/www.jornalja.com.br\/geral\/wp-content\/uploads\/sites\/4\/2025\/05\/inss-centro-de-sao-paulo-044-16-foto-marcos-santos-jornal-da-usp-45-scaled.jpg?resize=1400%2C800&ssl=1 4x"},"classes":[]}],"jetpack_sharing_enabled":true,"_links":{"self":[{"href":"https:\/\/www.jornalja.com.br\/geral\/wp-json\/wp\/v2\/posts\/91707","targetHints":{"allow":["GET"]}}],"collection":[{"href":"https:\/\/www.jornalja.com.br\/geral\/wp-json\/wp\/v2\/posts"}],"about":[{"href":"https:\/\/www.jornalja.com.br\/geral\/wp-json\/wp\/v2\/types\/post"}],"author":[{"embeddable":true,"href":"https:\/\/www.jornalja.com.br\/geral\/wp-json\/wp\/v2\/users\/4"}],"replies":[{"embeddable":true,"href":"https:\/\/www.jornalja.com.br\/geral\/wp-json\/wp\/v2\/comments?post=91707"}],"version-history":[{"count":3,"href":"https:\/\/www.jornalja.com.br\/geral\/wp-json\/wp\/v2\/posts\/91707\/revisions"}],"predecessor-version":[{"id":91713,"href":"https:\/\/www.jornalja.com.br\/geral\/wp-json\/wp\/v2\/posts\/91707\/revisions\/91713"}],"wp:featuredmedia":[{"embeddable":true,"href":"https:\/\/www.jornalja.com.br\/geral\/wp-json\/wp\/v2\/media\/91708"}],"wp:attachment":[{"href":"https:\/\/www.jornalja.com.br\/geral\/wp-json\/wp\/v2\/media?parent=91707"}],"wp:term":[{"taxonomy":"category","embeddable":true,"href":"https:\/\/www.jornalja.com.br\/geral\/wp-json\/wp\/v2\/categories?post=91707"},{"taxonomy":"post_tag","embeddable":true,"href":"https:\/\/www.jornalja.com.br\/geral\/wp-json\/wp\/v2\/tags?post=91707"}],"curies":[{"name":"wp","href":"https:\/\/api.w.org\/{rel}","templated":true}]}}