{"id":91715,"date":"2022-02-04T00:03:28","date_gmt":"2022-02-04T03:03:28","guid":{"rendered":"https:\/\/www.jornalja.com.br\/geral\/?p=91715"},"modified":"2022-03-03T22:48:35","modified_gmt":"2022-03-04T01:48:35","slug":"passagem-de-onibus-em-porto-alegre-so-fica-abaixo-de-r-6oo-se-houver-subsidio","status":"publish","type":"post","link":"https:\/\/www.jornalja.com.br\/geral\/passagem-de-onibus-em-porto-alegre-so-fica-abaixo-de-r-6oo-se-houver-subsidio\/","title":{"rendered":"Passagem de \u00f4nibus em Porto Alegre s\u00f3 fica abaixo de R$ 6,oo se houver subs\u00eddio"},"content":{"rendered":"<p>Uma nova tarifa para o transporte coletivo em Porto Alegre, para vigorar a partir desse m\u00eas,\u00a0 est\u00e1 em estudo.<\/p>\n<p>Informa\u00e7\u00f5es vazadas para a imprensa cont\u00e9m um recado ao prefeito Sebasti\u00e3o Melo: para ficar abaixo dos R$ 6 reais, como ele quer,\u00a0 a passagem ter\u00e1 que ser subsidiada.<\/p>\n<p>Em entrevista \u00e0 GZH, o engenheiro Antonio Augusto Lovatto, da ATP, \u00a0disse que a tarifa calculada pelas empresas chega a R$ 6,65.<\/p>\n<p>As empresas alegam que o valor atual da passagem j\u00e1 est\u00e1 abaixo do que foi calculado como \u201ctarifa t\u00e9cnica\u201d no ano passado.<\/p>\n<p>Em vez dos R$ 5,20 aprovados pelo Conselho Municipal de Transportes Urbanos (Comtu), a Prefeitura determinou o valor atual, de\u00a0 R$ 4,80, cobrindo a diferen\u00e7a com subs\u00eddios, contrariando uma antiga pol\u00edtica de n\u00e3o financiar diretamente o setor.<\/p>\n<p>Em 2021, foram quase R$ 40 milh\u00f5es (o n\u00famero \u00e9 incerto, o prefeito em uma entrevista falou em mais de 50 milh\u00f5es) que a Prefeitura teve que repassar \u00e0s empresas para manter o servi\u00e7o.<\/p>\n<p>A diminui\u00e7\u00e3o de passageiros devido a covid e seus efeitos colaterais, como o desemprego e a perda do poder aquisitivo dos trabalhadores, colocou em xeque um sistema que j\u00e1 vinha claudicante.<\/p>\n<p>A eleva\u00e7\u00e3o dos custos, com a reposi\u00e7\u00e3o salarial dos rodovi\u00e1rios em 10%, (depois de dois anos sem reajuste) \u00a0e a disparada no pre\u00e7o dos combust\u00edveis e pe\u00e7as completam o quadro.<\/p>\n<p>Promessa de campanha do prefeito Sebasti\u00e3o Melo, a \u201crepactua\u00e7\u00e3o\u201d dos contratos de concess\u00e3o dos servi\u00e7os de transporte p\u00fablico em Porto Alegre, ainda n\u00e3o ganhou contornos vis\u00edveis.<\/p>\n<p>Com folgada maioria na C\u00e2mara, onde aprovou todos os projetos de seu interesse no primeiro ano de governo, Melo j\u00e1 promoveu a revis\u00e3o de isen\u00e7\u00f5es, a extin\u00e7\u00e3o do cargo de cobrador, obteve autoriza\u00e7\u00e3o para privatizar a Carris, entre outras medidas de interesse das concession\u00e1rias.<\/p>\n<p>Os contratos de concess\u00e3o assinados em 2015 com quatro cons\u00f3rcios privados s\u00e3o considerados \u201cdefasados\u201d pelo pr\u00f3prio prefeito.<\/p>\n<p>O presidente da Agergs, Luiz Afonso Sena, definiu-os como \u201cprimitivos\u201d num artigo em que defendeu sua revis\u00e3o dentro de uma nova vis\u00e3o do transporte p\u00fablico.<\/p>\n<p>Mas a prometida \u201crepactua\u00e7\u00e3o\u201d saiu do discurso.<\/p>\n<p>Desde meados do ano passado o prefeito Melo se engajou numa campanha da Frente Nacional dos Prefeitos que cobra apoio do governo federal, j\u00e1 que a crise do transporte coletivo \u00e9 um problema nacional.<\/p>\n<p>Fala-se at\u00e9 em um \u201cSUS do transporte coletivo\u201d, num contrassenso com o governo privativista de Melo. \u00a0V\u00e1rias reuni\u00f5es j\u00e1 foram feitas, inclusive com o presidente Bolsonaro, mas de concreto, at\u00e9 agora quase nada.<\/p>\n<p>Na verdade, o movimento dos prefeitos em busca de subs\u00eddios federais para o transporte p\u00fablico municipal \u00a0ainda n\u00e3o rendeu sequer uma manchete na imprensa.<\/p>\n<p>&nbsp;<\/p>\n<p>&nbsp;<\/p>\n","protected":false},"excerpt":{"rendered":"<p>Uma nova tarifa para o transporte coletivo em Porto Alegre, para vigorar a partir desse m\u00eas,\u00a0 est\u00e1 em estudo. Informa\u00e7\u00f5es vazadas para a imprensa cont\u00e9m um recado ao prefeito Sebasti\u00e3o Melo: para ficar abaixo dos R$ 6 reais, como ele quer,\u00a0 a passagem ter\u00e1 que ser subsidiada. Em entrevista \u00e0 GZH, o engenheiro Antonio Augusto [&hellip;]<\/p>\n","protected":false},"author":4,"featured_media":91716,"comment_status":"open","ping_status":"open","sticky":false,"template":"","format":"standard","meta":{"jetpack_post_was_ever_published":false,"_jetpack_newsletter_access":"","_jetpack_dont_email_post_to_subs":false,"_jetpack_newsletter_tier_id":0,"_jetpack_memberships_contains_paywalled_content":false,"_jetpack_memberships_contains_paid_content":false,"footnotes":"","jetpack_publicize_message":"","jetpack_publicize_feature_enabled":true,"jetpack_social_post_already_shared":true,"jetpack_social_options":{"image_generator_settings":{"template":"highway","default_image_id":0,"font":"","enabled":false},"version":2}},"categories":[2],"tags":[87,89,240,321,487,494,462,420,200,257,236,4,356,489,460,247,132,300,488,15,149,95,20,510,73],"class_list":["post-91715","post","type-post","status-publish","format-standard","has-post-thumbnail","hentry","category-geral","tag-ari","tag-bolsonaro","tag-camara","tag-campanha","tag-carris","tag-combustiveis","tag-covid","tag-desemprego","tag-efeitos","tag-emprego","tag-governo","tag-imprensa","tag-mel","tag-melo","tag-ovid","tag-politica","tag-porto-alegre","tag-prefeitura","tag-projeto","tag-rs","tag-sc","tag-sp","tag-sus","tag-transporte-publico","tag-transportes"],"aioseo_notices":[],"jetpack_publicize_connections":[],"jetpack_featured_media_url":"https:\/\/www.jornalja.com.br\/geral\/wp-content\/uploads\/sites\/4\/2022\/02\/transporte-publico-em-porto-alegre-cena.jpg","jetpack_shortlink":"https:\/\/wp.me\/pbKhrD-nRh","jetpack-related-posts":[{"id":100243,"url":"https:\/\/www.jornalja.com.br\/geral\/governo-federal-financia-compra-de-100-onibus-eletricos-para-porto-alegre\/","url_meta":{"origin":91715,"position":0},"title":"Governo federal financia compra de 100 \u00f4nibus el\u00e9tricos para Porto Alegre","author":"Elmar Bones","date":"18 de novembro de 2025","format":false,"excerpt":"O Banco Nacional de Desenvolvimento Econ\u00f4mico vai financiar a compra de 100 \u00f4nibus el\u00e9tricos para o transporte coletivo de Porto Alegre. A C\u00e2mara Municipal autorizou nesta segunda-feira o prefeito Sebasti\u00e3o Melo a contratar o financiamento no valor de R$ 447 milh\u00f5es com o banco estatal. O financiamento integra o programa\u2026","rel":"","context":"Em &quot;Geral-MAT\u00c9RIA&quot;","block_context":{"text":"Geral-MAT\u00c9RIA","link":"https:\/\/www.jornalja.com.br\/geral\/category\/geral\/"},"img":{"alt_text":"","src":"","width":0,"height":0},"classes":[]},{"id":91958,"url":"https:\/\/www.jornalja.com.br\/geral\/onibus-em-porto-alegre-melo-diz-que-sem-subsidio-federal-vai-atualizar-a-tarifa\/","url_meta":{"origin":91715,"position":1},"title":"\u00d4nibus em Porto Alegre: Melo diz que sem subs\u00eddio federal vai &#8220;atualizar&#8221; a tarifa","author":"da Reda\u00e7\u00e3o","date":"24 de mar\u00e7o de 2022","format":false,"excerpt":"O prefeito Sebasti\u00e3o Melo assumiu nesta quinta-feira, 24, a vice-presid\u00eancia de mobilidade urbana da Frente Nacional de Prefeitos (FNP). \u201cFui convidado pelo presidente Edvaldo Nogueira (prefeito de Aracaju) e aceitei o desafio de liderar a constru\u00e7\u00e3o de solu\u00e7\u00f5es conjuntas para o transporte p\u00fablico\u201d, afirma Melo. Na campanha eleitoral, o prefeito\u2026","rel":"","context":"Em &quot;Geral-MAT\u00c9RIA&quot;","block_context":{"text":"Geral-MAT\u00c9RIA","link":"https:\/\/www.jornalja.com.br\/geral\/category\/geral\/"},"img":{"alt_text":"","src":"https:\/\/i0.wp.com\/www.jornalja.com.br\/geral\/wp-content\/uploads\/sites\/4\/2022\/03\/whatsapp-image-2022-03-24-at-180643-1.jpeg?resize=350%2C200&ssl=1","width":350,"height":200,"srcset":"https:\/\/i0.wp.com\/www.jornalja.com.br\/geral\/wp-content\/uploads\/sites\/4\/2022\/03\/whatsapp-image-2022-03-24-at-180643-1.jpeg?resize=350%2C200&ssl=1 1x, https:\/\/i0.wp.com\/www.jornalja.com.br\/geral\/wp-content\/uploads\/sites\/4\/2022\/03\/whatsapp-image-2022-03-24-at-180643-1.jpeg?resize=525%2C300&ssl=1 1.5x, https:\/\/i0.wp.com\/www.jornalja.com.br\/geral\/wp-content\/uploads\/sites\/4\/2022\/03\/whatsapp-image-2022-03-24-at-180643-1.jpeg?resize=700%2C400&ssl=1 2x"},"classes":[]},{"id":88497,"url":"https:\/\/www.jornalja.com.br\/geral\/passagem-de-onibus-vai-a-r-480-em-porto-alegre\/","url_meta":{"origin":91715,"position":2},"title":"Passagem de \u00f4nibus vai a R$ 4,80 em Porto Alegre","author":"da Reda\u00e7\u00e3o","date":"30 de junho de 2021","format":false,"excerpt":"O prefeito Sebasti\u00e3o Melo anunciou a nova tarifa para o transporte coletivo em Porto Alegre, que passar\u00e1 a custar R$4,80 a partir de primeiro de julho. Justificou o aumento com o aporte de R$16 milh\u00f5es para as empresas privadas e de R$ 40 milh\u00f5es \u00e0 Carris. Melo come\u00e7ou a coletiva\u2026","rel":"","context":"Em &quot;Geral-MAT\u00c9RIA&quot;","block_context":{"text":"Geral-MAT\u00c9RIA","link":"https:\/\/www.jornalja.com.br\/geral\/category\/geral\/"},"img":{"alt_text":"","src":"https:\/\/i0.wp.com\/www.jornalja.com.br\/geral\/wp-content\/uploads\/sites\/4\/2021\/06\/29jan2021-alex-rocha-3.jpg?resize=350%2C200&ssl=1","width":350,"height":200,"srcset":"https:\/\/i0.wp.com\/www.jornalja.com.br\/geral\/wp-content\/uploads\/sites\/4\/2021\/06\/29jan2021-alex-rocha-3.jpg?resize=350%2C200&ssl=1 1x, https:\/\/i0.wp.com\/www.jornalja.com.br\/geral\/wp-content\/uploads\/sites\/4\/2021\/06\/29jan2021-alex-rocha-3.jpg?resize=525%2C300&ssl=1 1.5x, https:\/\/i0.wp.com\/www.jornalja.com.br\/geral\/wp-content\/uploads\/sites\/4\/2021\/06\/29jan2021-alex-rocha-3.jpg?resize=700%2C400&ssl=1 2x, https:\/\/i0.wp.com\/www.jornalja.com.br\/geral\/wp-content\/uploads\/sites\/4\/2021\/06\/29jan2021-alex-rocha-3.jpg?resize=1050%2C600&ssl=1 3x, https:\/\/i0.wp.com\/www.jornalja.com.br\/geral\/wp-content\/uploads\/sites\/4\/2021\/06\/29jan2021-alex-rocha-3.jpg?resize=1400%2C800&ssl=1 4x"},"classes":[]},{"id":91077,"url":"https:\/\/www.jornalja.com.br\/geral\/camara-aprova-projeto-que-corta-isencoes-no-transporte-publico-de-porto-alegre\/","url_meta":{"origin":91715,"position":3},"title":"C\u00e2mara aprova projeto que corta isen\u00e7\u00f5es no transporte p\u00fablico de Porto Alegre","author":"Felipe Uhr","date":"24 de novembro de 2021","format":false,"excerpt":"Foi aprovado por 24 favor\u00e1veis e oito contr\u00e1rios o projeto que retira oito isen\u00e7\u00f5es do transporte p\u00fablico em Porto Alegre. Permanecer\u00e3o isentos idosos acima de 65 anos, brigadianos em servi\u00e7o, assistidos da FASE,FASC e FPE e acompanhantes, pessoas com defici\u00eancia e acompanhantes, portadores de HIV\u00a0 e estudantes de baixa renda.\u2026","rel":"","context":"Em &quot;Geral-MAT\u00c9RIA&quot;","block_context":{"text":"Geral-MAT\u00c9RIA","link":"https:\/\/www.jornalja.com.br\/geral\/category\/geral\/"},"img":{"alt_text":"","src":"https:\/\/i0.wp.com\/www.jornalja.com.br\/geral\/wp-content\/uploads\/sites\/4\/2021\/11\/ede-9031.jpg?resize=350%2C200&ssl=1","width":350,"height":200,"srcset":"https:\/\/i0.wp.com\/www.jornalja.com.br\/geral\/wp-content\/uploads\/sites\/4\/2021\/11\/ede-9031.jpg?resize=350%2C200&ssl=1 1x, https:\/\/i0.wp.com\/www.jornalja.com.br\/geral\/wp-content\/uploads\/sites\/4\/2021\/11\/ede-9031.jpg?resize=525%2C300&ssl=1 1.5x"},"classes":[]},{"id":89832,"url":"https:\/\/www.jornalja.com.br\/geral\/em-carta-publica-oposicao-pede-a-melo-que-retire-urgencia-dos-projetos-sobre-transporte-coletivo\/","url_meta":{"origin":91715,"position":4},"title":"Em carta p\u00fablica, oposi\u00e7\u00e3o pede a Melo que retire urg\u00eancia dos projetos sobre transporte coletivo","author":"Felipe Uhr","date":"6 de setembro de 2021","format":false,"excerpt":"Sem a reuni\u00e3o que pediram, os vereadores da oposi\u00e7\u00e3o enviaram nesta segunda-feira, por e-mail, uma carta p\u00fablica ao prefeito Sebasti\u00e3o Melo sobre o transporte p\u00fablico de Porto Alegre. O governo alega que a reuni\u00e3o n\u00e3o aconteceu por quest\u00f5es de agenda: \u201cN\u00f3s oferecemos duas ou tr\u00eas datas e eles disseram que\u2026","rel":"","context":"Em &quot;Geral-MAT\u00c9RIA&quot;","block_context":{"text":"Geral-MAT\u00c9RIA","link":"https:\/\/www.jornalja.com.br\/geral\/category\/geral\/"},"img":{"alt_text":"","src":"","width":0,"height":0},"classes":[]},{"id":80815,"url":"https:\/\/www.jornalja.com.br\/geral\/pacote-de-marchezan-sobre-transporte-coletivo-e-um-bode-na-sala\/","url_meta":{"origin":91715,"position":5},"title":"Pacote de Marchezan sobre transporte coletivo \u00e9 um &quot;bode na sala&quot;","author":"da Reda\u00e7\u00e3o","date":"3 de fevereiro de 2020","format":false,"excerpt":"O pacote de projetos que o prefeito Nelson Marchezan mandou \u00e0 C\u00e2mara para vota\u00e7\u00e3o em regime de urg\u00eancia, embaralhou de vez o debate sobre o transporte coletivo em Porto Alegre, que tem a tarifa mais cara entre as capitais brasileiras e, mesmo assim, est\u00e1 \u00e0 beira de um colapso pela\u2026","rel":"","context":"Em &quot;Geral-MAT\u00c9RIA&quot;","block_context":{"text":"Geral-MAT\u00c9RIA","link":"https:\/\/www.jornalja.com.br\/geral\/category\/geral\/"},"img":{"alt_text":"","src":"https:\/\/i0.wp.com\/www.jornalja.com.br\/geral\/wp-content\/uploads\/sites\/4\/2020\/01\/Onibus-em-Porto-Alegre.jpg?resize=350%2C200&ssl=1","width":350,"height":200,"srcset":"https:\/\/i0.wp.com\/www.jornalja.com.br\/geral\/wp-content\/uploads\/sites\/4\/2020\/01\/Onibus-em-Porto-Alegre.jpg?resize=350%2C200&ssl=1 1x, https:\/\/i0.wp.com\/www.jornalja.com.br\/geral\/wp-content\/uploads\/sites\/4\/2020\/01\/Onibus-em-Porto-Alegre.jpg?resize=525%2C300&ssl=1 1.5x"},"classes":[]}],"jetpack_sharing_enabled":true,"_links":{"self":[{"href":"https:\/\/www.jornalja.com.br\/geral\/wp-json\/wp\/v2\/posts\/91715","targetHints":{"allow":["GET"]}}],"collection":[{"href":"https:\/\/www.jornalja.com.br\/geral\/wp-json\/wp\/v2\/posts"}],"about":[{"href":"https:\/\/www.jornalja.com.br\/geral\/wp-json\/wp\/v2\/types\/post"}],"author":[{"embeddable":true,"href":"https:\/\/www.jornalja.com.br\/geral\/wp-json\/wp\/v2\/users\/4"}],"replies":[{"embeddable":true,"href":"https:\/\/www.jornalja.com.br\/geral\/wp-json\/wp\/v2\/comments?post=91715"}],"version-history":[{"count":4,"href":"https:\/\/www.jornalja.com.br\/geral\/wp-json\/wp\/v2\/posts\/91715\/revisions"}],"predecessor-version":[{"id":91721,"href":"https:\/\/www.jornalja.com.br\/geral\/wp-json\/wp\/v2\/posts\/91715\/revisions\/91721"}],"wp:featuredmedia":[{"embeddable":true,"href":"https:\/\/www.jornalja.com.br\/geral\/wp-json\/wp\/v2\/media\/91716"}],"wp:attachment":[{"href":"https:\/\/www.jornalja.com.br\/geral\/wp-json\/wp\/v2\/media?parent=91715"}],"wp:term":[{"taxonomy":"category","embeddable":true,"href":"https:\/\/www.jornalja.com.br\/geral\/wp-json\/wp\/v2\/categories?post=91715"},{"taxonomy":"post_tag","embeddable":true,"href":"https:\/\/www.jornalja.com.br\/geral\/wp-json\/wp\/v2\/tags?post=91715"}],"curies":[{"name":"wp","href":"https:\/\/api.w.org\/{rel}","templated":true}]}}