{"id":91763,"date":"2022-02-14T07:52:53","date_gmt":"2022-02-14T10:52:53","guid":{"rendered":"https:\/\/www.jornalja.com.br\/geral\/?p=91763"},"modified":"2022-03-03T22:43:25","modified_gmt":"2022-03-04T01:43:25","slug":"dinheiro-esquecido-nos-bancos-primeira-etapa-vai-devolver-r-39-bilhoes-a-24-milhoes-de-clientes","status":"publish","type":"post","link":"https:\/\/www.jornalja.com.br\/geral\/dinheiro-esquecido-nos-bancos-primeira-etapa-vai-devolver-r-39-bilhoes-a-24-milhoes-de-clientes\/","title":{"rendered":"Dinheiro &#8220;esquecido&#8221; nos bancos: primeira etapa vai devolver R$ 3,9 bilh\u00f5es a 24 milh\u00f5es de clientes"},"content":{"rendered":"<p>Est\u00e1 liberada novamente a consulta a dinheiro &#8220;esquecido&#8221; pelos brasileiros nos bancos, depois da interrup\u00e7\u00e3o do servi\u00e7o em janeiro, quando o volume de acessos derrubou o site do Banco Central.<\/p>\n<p>O servi\u00e7o foi restabelecido em uma p\u00e1gina espec\u00edfica. Mas, no primeiro acesso, o cliente pode apenas consultar se h\u00e1 ou n\u00e3o recursos dispon\u00edveis (veja abaixo como fazer consulta).<\/p>\n<p>Ao fazer esta primeira consulta, o cliente do banco recebe uma data e per\u00edodo para consultar e solicitar o resgate do saldo existente. As datas s\u00e3o agendadas de acordo com o ano de nascimento da pessoa ou da cria\u00e7\u00e3o da empresa, conforme o calend\u00e1rio abaixo.<\/p>\n<p><img decoding=\"async\" data-attachment-id=\"91766\" data-permalink=\"https:\/\/www.jornalja.com.br\/geral\/dinheiro-esquecido-nos-bancos-primeira-etapa-vai-devolver-r-39-bilhoes-a-24-milhoes-de-clientes\/calendario-banco-central\/\" data-orig-file=\"https:\/\/www.jornalja.com.br\/geral\/wp-content\/uploads\/sites\/4\/2022\/02\/calendario-banco-central.jpg\" data-orig-size=\"1061,264\" data-comments-opened=\"1\" data-image-meta=\"{&quot;aperture&quot;:&quot;0&quot;,&quot;credit&quot;:&quot;&quot;,&quot;camera&quot;:&quot;&quot;,&quot;caption&quot;:&quot;&quot;,&quot;created_timestamp&quot;:&quot;0&quot;,&quot;copyright&quot;:&quot;&quot;,&quot;focal_length&quot;:&quot;0&quot;,&quot;iso&quot;:&quot;0&quot;,&quot;shutter_speed&quot;:&quot;0&quot;,&quot;title&quot;:&quot;&quot;,&quot;orientation&quot;:&quot;0&quot;}\" data-image-title=\"Calendario Banco Central\" data-image-description=\"\" data-image-caption=\"\" data-large-file=\"https:\/\/www.jornalja.com.br\/geral\/wp-content\/uploads\/sites\/4\/2022\/02\/calendario-banco-central-900x224.jpg\" class=\"alignnone wp-image-91766\" src=\"https:\/\/www.jornalja.com.br\/geral\/wp-content\/uploads\/sites\/4\/2022\/02\/calendario-banco-central-450x112.jpg\" alt=\"\" width=\"781\" height=\"194\" srcset=\"https:\/\/www.jornalja.com.br\/geral\/wp-content\/uploads\/sites\/4\/2022\/02\/calendario-banco-central-450x112.jpg 450w, https:\/\/www.jornalja.com.br\/geral\/wp-content\/uploads\/sites\/4\/2022\/02\/calendario-banco-central-900x224.jpg 900w, https:\/\/www.jornalja.com.br\/geral\/wp-content\/uploads\/sites\/4\/2022\/02\/calendario-banco-central-768x191.jpg 768w, https:\/\/www.jornalja.com.br\/geral\/wp-content\/uploads\/sites\/4\/2022\/02\/calendario-banco-central.jpg 1061w\" sizes=\"(max-width: 781px) 100vw, 781px\" \/><\/p>\n<p>Acesse o site\u00a0https:\/\/valoresareceber.bcb.gov.br\/<\/p>\n<p>Os clientes precisam do CPF, no caso das pessoas f\u00edsicas, e do CNPJ, no caso das empresas, para consultar a exist\u00eancia de recursos para saque.<\/p>\n<p>A p\u00e1gina vai informar uma data para consultar os valores e solicitar o saque. Na data informada, retorne \u00e0\u00a0 p\u00e1gina https:\/\/valoresareceber.bcb.gov.br\/<\/p>\n<p>Ap\u00f3s o acesso,\u00a0consulte o valor e solicite a transfer\u00eancia<\/p>\n<p>Segundo o BC, a consulta inicial poder\u00e1 ser feita a qualquer momento.<\/p>\n<p>Caso o cliente n\u00e3o acesse novamente na data que ser\u00e1 informada no primeiro acesso, ele dever\u00e1 retornar \u00e0 p\u00e1gina e refazer a consulta inicial. O sistema ir\u00e1 informar ent\u00e3o uma nova data para que seja feita a consulta dos valores e o pedido de resgate.<\/p>\n<p>Segundo o Banco Central, os\u00a0valores esquecidos nos bancos ser\u00e3o devolvidos somente a partir de 7 de mar\u00e7o.<\/p>\n<p>A devolu\u00e7\u00e3o ser\u00e1 preferencialmente por PIX. Ap\u00f3s acessar o sistema, se o cliente solicitar o resgate sem a chave PIX, a institui\u00e7\u00e3o financeira escolhida entrar\u00e1 em contato para realizar a transfer\u00eancia.<\/p>\n<p>O BC faz um alerta em rela\u00e7\u00e3o a tentativas de golpe, e d\u00e1 as seguintes instru\u00e7\u00f5es:<\/p>\n<p>O \u00fanico site para consulta ao SVR (sistema de valores a receber) e para solicita\u00e7\u00e3o de valores \u00e9\u00a0valoresareceber.bcb.gov.br.<\/p>\n<p>O Banco Central N\u00c3O envia links NEM entra em contato com o cidad\u00e3o para tratar sobre valores a receber ou para confirmar seus dados pessoais.<br \/>\nNINGU\u00c9M est\u00e1 autorizado a entrar em contato com o cidad\u00e3o em nome do Banco Central ou do Sistema Valores a Receber.<\/p>\n<p>Portanto, o cidad\u00e3o NUNCA deve clicar em links suspeitos enviados por e-mail, SMS, WhatsApp ou Telegram.<\/p>\n<p>O cidad\u00e3o N\u00c3O deve fazer qualquer tipo de pagamento para ter acesso aos valores.<\/p>\n<p>Segundo o Banco Central, nesta primeira fase do servi\u00e7o s\u00e3o cerca de R$ 3,9 bilh\u00f5es de valores a serem devolvidos para 24 milh\u00f5es de pessoas f\u00edsicas e jur\u00eddicas.<\/p>\n<p>Os valores decorrem de: contas-correntes ou poupan\u00e7a encerradas com saldo dispon\u00edvel; tarifas e parcelas ou obriga\u00e7\u00f5es relativas a opera\u00e7\u00f5es de cr\u00e9dito cobradas indevidamente, desde que a devolu\u00e7\u00e3o esteja prevista em Termo de Compromisso assinado pelo banco com o Banco Central;<br \/>\ncotas de capital e rateio de sobras l\u00edquidas de benefici\u00e1rios e participantes de cooperativas de cr\u00e9dito; e recursos n\u00e3o procurados relativos a grupos de cons\u00f3rcio encerrados.<\/p>\n<p>Ao todo, o Banco Central estima que os clientes tenham a receber cerca de R$ 8 bilh\u00f5es.\u00a0Deste total, R$ 900 mil foram resgatados.\u00a0O restante dos valores ser\u00e1 disponibilizado no decorrer deste ano de 2022, fruto de:<br \/>\ntarifas e parcelas ou obriga\u00e7\u00f5es relativas a opera\u00e7\u00f5es de cr\u00e9dito cobradas indevidamente, previstas ou n\u00e3o em Termo de Compromisso com o BC;<br \/>\ncontas de pagamento pr\u00e9-paga e p\u00f3s-paga encerradas com saldo dispon\u00edvel; contas de registro mantidas por corretoras e distribuidoras de t\u00edtulos e valores mobili\u00e1rios encerradas com saldo dispon\u00edvel; e<br \/>\noutras situa\u00e7\u00f5es que impliquem em valores a devolver reconhecidas pelas institui\u00e7\u00f5es.<\/p>\n","protected":false},"excerpt":{"rendered":"<p>Est\u00e1 liberada novamente a consulta a dinheiro &#8220;esquecido&#8221; pelos brasileiros nos bancos, depois da interrup\u00e7\u00e3o do servi\u00e7o em janeiro, quando o volume de acessos derrubou o site do Banco Central. O servi\u00e7o foi restabelecido em uma p\u00e1gina espec\u00edfica. Mas, no primeiro acesso, o cliente pode apenas consultar se h\u00e1 ou n\u00e3o recursos dispon\u00edveis (veja abaixo [&hellip;]<\/p>\n","protected":false},"author":4,"featured_media":91770,"comment_status":"open","ping_status":"open","sticky":false,"template":"","format":"standard","meta":{"jetpack_post_was_ever_published":false,"_jetpack_newsletter_access":"","_jetpack_dont_email_post_to_subs":false,"_jetpack_newsletter_tier_id":0,"_jetpack_memberships_contains_paywalled_content":false,"_jetpack_memberships_contains_paid_content":false,"footnotes":"","jetpack_publicize_message":"","jetpack_publicize_feature_enabled":true,"jetpack_social_post_already_shared":true,"jetpack_social_options":{"image_generator_settings":{"template":"highway","default_image_id":0,"font":"","enabled":false},"version":2}},"categories":[2],"tags":[87,238,477,120,15,149,95,20,27],"class_list":["post-91763","post","type-post","status-publish","format-standard","has-post-thumbnail","hentry","category-geral","tag-ari","tag-brasil","tag-golpe","tag-obras","tag-rs","tag-sc","tag-sp","tag-sus","tag-veja"],"aioseo_notices":[],"jetpack_publicize_connections":[],"jetpack_featured_media_url":"https:\/\/www.jornalja.com.br\/geral\/wp-content\/uploads\/sites\/4\/2022\/02\/banco-centraldinheiro-a-receber.jpg","jetpack_shortlink":"https:\/\/wp.me\/pbKhrD-nS3","jetpack-related-posts":[{"id":93588,"url":"https:\/\/www.jornalja.com.br\/geral\/pis-pasep-r-24-bilhoes-em-contas-esquecidas\/","url_meta":{"origin":91763,"position":0},"title":"PIS\/Pasep: R$ 24 bilh\u00f5es em contas esquecidas","author":"da Reda\u00e7\u00e3o","date":"26 de agosto de 2022","format":false,"excerpt":"Liberado desde agosto de 2019, o saque das contas dos fundos do Programa de Integra\u00e7\u00e3o Social (PIS) e do Programa de Forma\u00e7\u00e3o do Patrim\u00f4nio do Servidor P\u00fablico (Pasep) est\u00e1 esquecido por muitos trabalhadores. Segundo balan\u00e7o divulgado hoje (25) pela Caixa Econ\u00f4mica Federal, cerca de 10,6 milh\u00f5es de brasileiros ainda n\u00e3o\u2026","rel":"","context":"Em &quot;materiasecundaria&quot;","block_context":{"text":"materiasecundaria","link":"https:\/\/www.jornalja.com.br\/geral\/category\/materiasecundaria\/"},"img":{"alt_text":"","src":"","width":0,"height":0},"classes":[]},{"id":81407,"url":"https:\/\/www.jornalja.com.br\/geral\/carnaval-bancos-so-abrem-na-quarta-a-partir-do-meio-dia\/","url_meta":{"origin":91763,"position":1},"title":"Carnaval: bancos s\u00f3 abrem na quarta a partir do meio dia","author":"da Reda\u00e7\u00e3o","date":"23 de fevereiro de 2020","format":false,"excerpt":"Os bancos v\u00e3o ficar fechados na segunda (24) e ter\u00e7a (25) de carnaval. Na Quarta-feira de Cinzas, o atendimento ser\u00e1 feito a partir do meio-dia nas ag\u00eancias que normalmente fecham \u00e0s 16 horas e um pouco mais cedo naquelas que fecham antes das 15h. Com isso, neste feriado, quem precisar\u2026","rel":"","context":"Em &quot;Geral-NOTAS&quot;","block_context":{"text":"Geral-NOTAS","link":"https:\/\/www.jornalja.com.br\/geral\/category\/geral-notas\/"},"img":{"alt_text":"","src":"","width":0,"height":0},"classes":[]},{"id":83124,"url":"https:\/\/www.jornalja.com.br\/geral\/caixa-diz-que-atendeu-44-milhoes-mas-filas-em-todo-o-pais-deixam-duvidas\/","url_meta":{"origin":91763,"position":2},"title":"Caixa diz que atendeu 44 milh\u00f5es, mas filas em todo o pa\u00eds deixam d\u00favidas","author":"da Reda\u00e7\u00e3o","date":"28 de abril de 2020","format":false,"excerpt":"O\u00a0 cadastramento e pagamento do abono emergencial a milh\u00f5es de brasileiros \u00e9 o maior programa de inclus\u00e3o banc\u00e1ria e digital j\u00e1 realizado no pa\u00eds. A caixa j\u00e1 contabiliza 44,3 milh\u00f5es de pessoas beneficiadas. Mas h\u00e1 muita reclama\u00e7\u00e3o e as enormes filas em todo o pa\u00eds n\u00e3o deixam d\u00favidas que h\u00e1\u2026","rel":"","context":"Em &quot;Geral-MAT\u00c9RIA&quot;","block_context":{"text":"Geral-MAT\u00c9RIA","link":"https:\/\/www.jornalja.com.br\/geral\/category\/geral\/"},"img":{"alt_text":"","src":"https:\/\/i0.wp.com\/www.jornalja.com.br\/geral\/wp-content\/uploads\/sites\/4\/2020\/04\/8481906_x720-scaled.jpg?resize=350%2C200&ssl=1","width":350,"height":200,"srcset":"https:\/\/i0.wp.com\/www.jornalja.com.br\/geral\/wp-content\/uploads\/sites\/4\/2020\/04\/8481906_x720-scaled.jpg?resize=350%2C200&ssl=1 1x, https:\/\/i0.wp.com\/www.jornalja.com.br\/geral\/wp-content\/uploads\/sites\/4\/2020\/04\/8481906_x720-scaled.jpg?resize=525%2C300&ssl=1 1.5x, https:\/\/i0.wp.com\/www.jornalja.com.br\/geral\/wp-content\/uploads\/sites\/4\/2020\/04\/8481906_x720-scaled.jpg?resize=700%2C400&ssl=1 2x"},"classes":[]},{"id":101048,"url":"https:\/\/www.jornalja.com.br\/geral\/governo-gaucho-abre-consulta-publica-para-ppp-de-ampliacao-do-centro-administrativo-fernando-ferrari\/","url_meta":{"origin":91763,"position":3},"title":"Governo ga\u00facho abre consulta p\u00fablica para PPP de amplia\u00e7\u00e3o do Centro Administrativo Fernando Ferrari","author":"da Reda\u00e7\u00e3o","date":"7 de abril de 2026","format":false,"excerpt":"O governo do Estado lan\u00e7ou, na segunda-feira (6\/4), uma consulta p\u00fablica sobre\u00a0a parceria p\u00fablico-privada (PPP) do Centro Administrativo Fernando Ferrari (Caff), localizado em Porto Alegre. O per\u00edodo de escuta da popula\u00e7\u00e3o, para acolher sugest\u00f5es e cr\u00edticas ao projeto, vai at\u00e9 15 de maio. A Parceria P\u00fablico-Privada visa modernizar, reformar e\u2026","rel":"","context":"Em &quot;Geral-MAT\u00c9RIA&quot;","block_context":{"text":"Geral-MAT\u00c9RIA","link":"https:\/\/www.jornalja.com.br\/geral\/category\/geral\/"},"img":{"alt_text":"","src":"https:\/\/i0.wp.com\/www.jornalja.com.br\/geral\/wp-content\/uploads\/sites\/4\/2026\/04\/07103328-3175-gdo.jpg?resize=350%2C200&ssl=1","width":350,"height":200,"srcset":"https:\/\/i0.wp.com\/www.jornalja.com.br\/geral\/wp-content\/uploads\/sites\/4\/2026\/04\/07103328-3175-gdo.jpg?resize=350%2C200&ssl=1 1x, https:\/\/i0.wp.com\/www.jornalja.com.br\/geral\/wp-content\/uploads\/sites\/4\/2026\/04\/07103328-3175-gdo.jpg?resize=525%2C300&ssl=1 1.5x, https:\/\/i0.wp.com\/www.jornalja.com.br\/geral\/wp-content\/uploads\/sites\/4\/2026\/04\/07103328-3175-gdo.jpg?resize=700%2C400&ssl=1 2x"},"classes":[]},{"id":78362,"url":"https:\/\/www.jornalja.com.br\/geral\/caixa-e-banco-do-brasil-comecam-a-pagar-abono-do-pis-pasep\/","url_meta":{"origin":91763,"position":4},"title":"Caixa e Banco do Brasil come\u00e7am a pagar abono do PIS\/Pasep","author":"da Reda\u00e7\u00e3o","date":"17 de outubro de 2019","format":false,"excerpt":"O abono salarial dos programas PIS\/Pasep, do\u00a0 calend\u00e1rio 2019\/2020, come\u00e7a a ser pago nesta quinta-feira (17) para os benefici\u00e1rios nascidos em outubro e servidores p\u00fablicos com final de inscri\u00e7\u00e3o 03. A Caixa Econ\u00f4mica Federal \u00e9 respons\u00e1vel pelo pagamento do abono salarial do PIS. Os pagamentos s\u00e3o disponibilizados de forma escalonada\u2026","rel":"","context":"Em &quot;Geral-MAT\u00c9RIA&quot;","block_context":{"text":"Geral-MAT\u00c9RIA","link":"https:\/\/www.jornalja.com.br\/geral\/category\/geral\/"},"img":{"alt_text":"","src":"","width":0,"height":0},"classes":[]},{"id":83758,"url":"https:\/\/www.jornalja.com.br\/geral\/76-milhoes-recebem-a-segunda-parcela-do-auxilio-emergencial\/","url_meta":{"origin":91763,"position":5},"title":"7,6 milh\u00f5es recebem a segunda parcela do aux\u00edlio emergencial","author":"da Reda\u00e7\u00e3o","date":"26 de maio de 2020","format":false,"excerpt":"Nesta ter\u00e7a, 26, a Caixa Econ\u00f4mica Federal (CEF) credita novos lotes do Aux\u00edlio Emergencial, tanto da primeira parcela, para novos aprovados, quanto da segunda, para quem recebeu a anterior at\u00e9 30 de abril. Ao todo, o benef\u00edcio ser\u00e1 pago a 7,6 milh\u00f5es de trabalhadores, segundo o banco. Com os pagamentos\u2026","rel":"","context":"Em &quot;Geral-MAT\u00c9RIA&quot;","block_context":{"text":"Geral-MAT\u00c9RIA","link":"https:\/\/www.jornalja.com.br\/geral\/category\/geral\/"},"img":{"alt_text":"","src":"","width":0,"height":0},"classes":[]}],"jetpack_sharing_enabled":true,"_links":{"self":[{"href":"https:\/\/www.jornalja.com.br\/geral\/wp-json\/wp\/v2\/posts\/91763","targetHints":{"allow":["GET"]}}],"collection":[{"href":"https:\/\/www.jornalja.com.br\/geral\/wp-json\/wp\/v2\/posts"}],"about":[{"href":"https:\/\/www.jornalja.com.br\/geral\/wp-json\/wp\/v2\/types\/post"}],"author":[{"embeddable":true,"href":"https:\/\/www.jornalja.com.br\/geral\/wp-json\/wp\/v2\/users\/4"}],"replies":[{"embeddable":true,"href":"https:\/\/www.jornalja.com.br\/geral\/wp-json\/wp\/v2\/comments?post=91763"}],"version-history":[{"count":3,"href":"https:\/\/www.jornalja.com.br\/geral\/wp-json\/wp\/v2\/posts\/91763\/revisions"}],"predecessor-version":[{"id":91769,"href":"https:\/\/www.jornalja.com.br\/geral\/wp-json\/wp\/v2\/posts\/91763\/revisions\/91769"}],"wp:featuredmedia":[{"embeddable":true,"href":"https:\/\/www.jornalja.com.br\/geral\/wp-json\/wp\/v2\/media\/91770"}],"wp:attachment":[{"href":"https:\/\/www.jornalja.com.br\/geral\/wp-json\/wp\/v2\/media?parent=91763"}],"wp:term":[{"taxonomy":"category","embeddable":true,"href":"https:\/\/www.jornalja.com.br\/geral\/wp-json\/wp\/v2\/categories?post=91763"},{"taxonomy":"post_tag","embeddable":true,"href":"https:\/\/www.jornalja.com.br\/geral\/wp-json\/wp\/v2\/tags?post=91763"}],"curies":[{"name":"wp","href":"https:\/\/api.w.org\/{rel}","templated":true}]}}