{"id":91778,"date":"2022-02-15T11:23:37","date_gmt":"2022-02-15T14:23:37","guid":{"rendered":"https:\/\/www.jornalja.com.br\/geral\/?p=91778"},"modified":"2022-02-15T11:23:37","modified_gmt":"2022-02-15T14:23:37","slug":"terminal-de-gas-e-usina-termica-em-rio-grande-ganham-licenca-ambiental","status":"publish","type":"post","link":"https:\/\/www.jornalja.com.br\/geral\/terminal-de-gas-e-usina-termica-em-rio-grande-ganham-licenca-ambiental\/","title":{"rendered":"Terminal de g\u00e1s e usina t\u00e9rmica em Rio Grande ganham licen\u00e7a ambiental"},"content":{"rendered":"<p>Est\u00e1 autorizada pela Funda\u00e7\u00e3o Estadual de Meio Ambiente a constru\u00e7\u00e3o de duas plantas industriais em Rio Grande: um terminal para processar g\u00e1s importado e uma usina t\u00e9rmica que vai gerar energia el\u00e9trica a partir do g\u00e1s.<\/p>\n<p>O investimento total supera os R$ bilh\u00f5es, segundo o governo do Estado, que nesta ter\u00e7a-feir, 15 anunciou a aprova\u00e7\u00e3o ambiental do projeto, que tramitava desde 2008.<\/p>\n<p>Originalmente o projeto foi apresentado pela Bolognesi Engenharia, que com os atrasos no licenciamento ficou sem condi\u00e7\u00f5es de levar adiante o investimento. O grupo Cobra, grupo espanhol privado, assumiu a obra.<\/p>\n<p>O g\u00e1s natural ser\u00e1 importado, chegando a Rio Grande em navios, liquefeito para reduzir o volume. No terminal ser\u00e1 regaseificado e distribuido para consumo industrial e para a gera\u00e7\u00e3o de energia na usina t\u00e9rmica.<\/p>\n<p>A previs\u00e3o dos investidores \u00e9 entrar em opera\u00e7\u00e3o em 2024, mas o projeto ainda depende de alguns tr\u00e2mites.<\/p>\n<p>Depende, por exemplo,\u00a0 de uma decis\u00e3o da Ag\u00eancia Nacional de Energia El\u00e9trica (Aneel) que ainda n\u00e3o\u00a0 transferiu a concess\u00e3o da Bolognesi para os atuais investidores.<\/p>\n<p>\u00c9 que a ag\u00eancia revogou a outorga em 2017, alegando dificuldades da Bolognesi em cumprir o cronograma. A decis\u00e3o foi contestada na Justi\u00e7a, que deu parecer\u00a0 para aguardar a emiss\u00e3o das licen\u00e7as pela Fepam.<\/p>\n<p>Foram duas licen\u00e7as. A Licen\u00e7a Pr\u00e9via (LP) para a produ\u00e7\u00e3o de gases industriais para a empresa Regas Brasil Sul S\/A, autorizando a implanta\u00e7\u00e3o de uma &#8220;Esta\u00e7\u00e3o Onshore de Recebimento, Armazenamento e Regaseifica\u00e7\u00e3o de G\u00e1s Natural Liquefeito (GNL)&#8221;,\u00a0 no Superporto de Rio Grande.<\/p>\n<p>O segundo documento emitido foi a Licen\u00e7a de Instala\u00e7\u00e3o (LI) para a usina termel\u00e9trica a g\u00e1s natural ao empreendedor Termel\u00e9trica de Rio Grande. A licen\u00e7a autoriza o in\u00edcio das obras de implanta\u00e7\u00e3o da usina de energia termel\u00e9trica a g\u00e1s natural, com uma capacidade de 1.280 MW.<\/p>\n<p>Al\u00e9m da decis\u00e3o da Aneel, o empreendimento ainda depende de uma a\u00e7\u00e3o do Minist\u00e9rio P\u00fablico Federal, relativa a medidas de preven\u00e7\u00e3o de riscos na implanta\u00e7\u00e3o do regaseificador.<\/p>\n<p>&nbsp;<\/p>\n<p>&nbsp;<\/p>\n<p>&nbsp;<\/p>\n<p>&nbsp;<\/p>\n<p>&nbsp;<\/p>\n<p>&nbsp;<\/p>\n<p>&nbsp;<\/p>\n<p>&nbsp;<\/p>\n<p>&nbsp;<\/p>\n<p>&nbsp;<\/p>\n<p>&nbsp;<\/p>\n<p>&nbsp;<\/p>\n<p>&nbsp;<\/p>\n<p>&nbsp;<\/p>\n<p>&nbsp;<\/p>\n<p>&nbsp;<\/p>\n<p>&nbsp;<\/p>\n<p>&nbsp;<\/p>\n<p>&nbsp;<\/p>\n<p>&nbsp;<\/p>\n<p>&nbsp;<\/p>\n<p>&nbsp;<\/p>\n<p>&nbsp;<\/p>\n<p>&nbsp;<\/p>\n<p>&nbsp;<\/p>\n<p>&nbsp;<\/p>\n<p>&nbsp;<\/p>\n<p>&nbsp;<\/p>\n<p>&nbsp;<\/p>\n<p>&nbsp;<\/p>\n<p>&nbsp;<\/p>\n<p>&nbsp;<\/p>\n<p>&nbsp;<\/p>\n<p>&nbsp;<\/p>\n<p>&nbsp;<\/p>\n<p>&nbsp;<\/p>\n<p>&nbsp;<\/p>\n<p>&nbsp;<\/p>\n<p>&nbsp;<\/p>\n<p>&nbsp;<\/p>\n<p>&nbsp;<\/p>\n<p>&nbsp;<\/p>\n<p>&nbsp;<\/p>\n<p>&nbsp;<\/p>\n<p>&nbsp;<\/p>\n<p>&nbsp;<\/p>\n<p>&nbsp;<\/p>\n<p>&nbsp;<\/p>\n<p>&nbsp;<\/p>\n<p>&nbsp;<\/p>\n<p>&nbsp;<\/p>\n<p>&nbsp;<\/p>\n<p>&nbsp;<\/p>\n<p>&nbsp;<\/p>\n<p>&nbsp;<\/p>\n<p>&nbsp;<\/p>\n<p>&nbsp;<\/p>\n<p>&nbsp;<\/p>\n<p>&nbsp;<\/p>\n<p>&nbsp;<\/p>\n<p>&nbsp;<\/p>\n<p>&nbsp;<\/p>\n<p>&nbsp;<\/p>\n<p>&nbsp;<\/p>\n<p>&nbsp;<\/p>\n<p>&nbsp;<\/p>\n<p>&nbsp;<\/p>\n<p>&nbsp;<\/p>\n<p>&nbsp;<\/p>\n<p>&nbsp;<\/p>\n<p>&nbsp;<\/p>\n<p>&nbsp;<\/p>\n<p>&nbsp;<\/p>\n<p>&nbsp;<\/p>\n<p>&nbsp;<\/p>\n<p>&nbsp;<\/p>\n<p>&nbsp;<\/p>\n<p>&nbsp;<\/p>\n<p>&nbsp;<\/p>\n<p>&nbsp;<\/p>\n<p>&nbsp;<\/p>\n<p>&nbsp;<\/p>\n<p>&nbsp;<\/p>\n<p>&nbsp;<\/p>\n<p>&nbsp;<\/p>\n<p>&nbsp;<\/p>\n<p>&nbsp;<\/p>\n<p>&nbsp;<\/p>\n<p>&nbsp;<\/p>\n<p>&nbsp;<\/p>\n<p>&nbsp;<\/p>\n<p>&nbsp;<\/p>\n<p>&nbsp;<\/p>\n<p>&nbsp;<\/p>\n<p>&nbsp;<\/p>\n<p>&nbsp;<\/p>\n<p>&nbsp;<\/p>\n<p>&nbsp;<\/p>\n<p>&nbsp;<\/p>\n<p>&nbsp;<\/p>\n<p>&nbsp;<\/p>\n<p>&nbsp;<\/p>\n<p>&nbsp;<\/p>\n<p>&nbsp;<\/p>\n<p>&nbsp;<\/p>\n<p>&nbsp;<\/p>\n<p>&nbsp;<\/p>\n<p>&nbsp;<\/p>\n<p>&nbsp;<\/p>\n<p>&nbsp;<\/p>\n<p>&nbsp;<\/p>\n<p>&nbsp;<\/p>\n<p>&nbsp;<\/p>\n<p>&nbsp;<\/p>\n<p>&nbsp;<\/p>\n<p>&nbsp;<\/p>\n<p>&nbsp;<\/p>\n<p>&nbsp;<\/p>\n<p>&nbsp;<\/p>\n<p>&nbsp;<\/p>\n<p>&nbsp;<\/p>\n<p>&nbsp;<\/p>\n<p>&nbsp;<\/p>\n<p>&nbsp;<\/p>\n<p>&nbsp;<\/p>\n<p>&nbsp;<\/p>\n<p>&nbsp;<\/p>\n<p>&nbsp;<\/p>\n<p>&nbsp;<\/p>\n<p>&nbsp;<\/p>\n<p>&nbsp;<\/p>\n<p>&nbsp;<\/p>\n<p>&nbsp;<\/p>\n<p>&nbsp;<\/p>\n<p>&nbsp;<\/p>\n<p>&nbsp;<\/p>\n<p>&nbsp;<\/p>\n<p>&nbsp;<\/p>\n<p>&nbsp;<\/p>\n<p>&nbsp;<\/p>\n<p>&nbsp;<\/p>\n<p>&nbsp;<\/p>\n<p>&nbsp;<\/p>\n<p>&nbsp;<\/p>\n<p>&nbsp;<\/p>\n<p>&nbsp;<\/p>\n<p>&nbsp;<\/p>\n<p>&nbsp;<\/p>\n<p>&nbsp;<\/p>\n<p>&nbsp;<\/p>\n<p>&nbsp;<\/p>\n<p>&nbsp;<\/p>\n<p>&nbsp;<\/p>\n<p>&nbsp;<\/p>\n<p>&nbsp;<\/p>\n<p>&nbsp;<\/p>\n<p>&nbsp;<\/p>\n<p>&nbsp;<\/p>\n<p>&nbsp;<\/p>\n<p>&nbsp;<\/p>\n<p>&nbsp;<\/p>\n<p>&nbsp;<\/p>\n<p>&nbsp;<\/p>\n<p>&nbsp;<\/p>\n<p>&nbsp;<\/p>\n<p>&nbsp;<\/p>\n<p>&nbsp;<\/p>\n<p>&nbsp;<\/p>\n<p>&nbsp;<\/p>\n<p>&nbsp;<\/p>\n<p>&nbsp;<\/p>\n<p>&nbsp;<\/p>\n<p>&nbsp;<\/p>\n<p>&nbsp;<\/p>\n<p>&nbsp;<\/p>\n<p>&nbsp;<\/p>\n<p>&nbsp;<\/p>\n<p>&nbsp;<\/p>\n<p>&nbsp;<\/p>\n<p>&nbsp;<\/p>\n<p>&nbsp;<\/p>\n<p>&nbsp;<\/p>\n<p>&nbsp;<\/p>\n<p>&nbsp;<\/p>\n<p>&nbsp;<\/p>\n<p>&nbsp;<\/p>\n<p>&nbsp;<\/p>\n<p>&nbsp;<\/p>\n<p>&nbsp;<\/p>\n<p>&nbsp;<\/p>\n<p>&nbsp;<\/p>\n<p>&nbsp;<\/p>\n<p>&nbsp;<\/p>\n<p>&nbsp;<\/p>\n<p>&nbsp;<\/p>\n<p>&nbsp;<\/p>\n<p>&nbsp;<\/p>\n<p>&nbsp;<\/p>\n<p>&nbsp;<\/p>\n<p>&nbsp;<\/p>\n<p>&nbsp;<\/p>\n<p>&nbsp;<\/p>\n<p>&nbsp;<\/p>\n<p>&nbsp;<\/p>\n<p>&nbsp;<\/p>\n<p>&nbsp;<\/p>\n<p>&nbsp;<\/p>\n<p>&nbsp;<\/p>\n<p>&nbsp;<\/p>\n<p>&nbsp;<\/p>\n<p>&nbsp;<\/p>\n<p>&nbsp;<\/p>\n<p>&nbsp;<\/p>\n<p>&nbsp;<\/p>\n<p>&nbsp;<\/p>\n<p>&nbsp;<\/p>\n<p>&nbsp;<\/p>\n<p>&nbsp;<\/p>\n<p>&nbsp;<\/p>\n<p>&nbsp;<\/p>\n<p>&nbsp;<\/p>\n<p>&nbsp;<\/p>\n<p>&nbsp;<\/p>\n<p>&nbsp;<\/p>\n<p>&nbsp;<\/p>\n<p>&nbsp;<\/p>\n<p>&nbsp;<\/p>\n<p>&nbsp;<\/p>\n<p>&nbsp;<\/p>\n<p>&nbsp;<\/p>\n<p>&nbsp;<\/p>\n<p>&nbsp;<\/p>\n<p>&nbsp;<\/p>\n<p>&nbsp;<\/p>\n<p>&nbsp;<\/p>\n<p>&nbsp;<\/p>\n<p>&nbsp;<\/p>\n<p>&nbsp;<\/p>\n<p>&nbsp;<\/p>\n<p>&nbsp;<\/p>\n<p>&nbsp;<\/p>\n<p>&nbsp;<\/p>\n<p>&nbsp;<\/p>\n<p>&nbsp;<\/p>\n<p>&nbsp;<\/p>\n<p>&nbsp;<\/p>\n<p>&nbsp;<\/p>\n<p>&nbsp;<\/p>\n<p>&nbsp;<\/p>\n<p>&nbsp;<\/p>\n<p>&nbsp;<\/p>\n<p>&nbsp;<\/p>\n<p>&nbsp;<\/p>\n<p>&nbsp;<\/p>\n<p>&nbsp;<\/p>\n<p>&nbsp;<\/p>\n<p>&nbsp;<\/p>\n<p>&nbsp;<\/p>\n<p>&nbsp;<\/p>\n<p>&nbsp;<\/p>\n<p>&nbsp;<\/p>\n<p>&nbsp;<\/p>\n<p>&nbsp;<\/p>\n<p>&nbsp;<\/p>\n<p>&nbsp;<\/p>\n<p>&nbsp;<\/p>\n<p>&nbsp;<\/p>\n<p>&nbsp;<\/p>\n<p>&nbsp;<\/p>\n","protected":false},"excerpt":{"rendered":"<p>Est\u00e1 autorizada pela Funda\u00e7\u00e3o Estadual de Meio Ambiente a constru\u00e7\u00e3o de duas plantas industriais em Rio Grande: um terminal para processar g\u00e1s importado e uma usina t\u00e9rmica que vai gerar energia el\u00e9trica a partir do g\u00e1s. O investimento total supera os R$ bilh\u00f5es, segundo o governo do Estado, que nesta ter\u00e7a-feir, 15 anunciou a aprova\u00e7\u00e3o [&hellip;]<\/p>\n","protected":false},"author":5,"featured_media":0,"comment_status":"open","ping_status":"open","sticky":false,"template":"","format":"standard","meta":{"jetpack_post_was_ever_published":false,"_jetpack_newsletter_access":"","_jetpack_dont_email_post_to_subs":false,"_jetpack_newsletter_tier_id":0,"_jetpack_memberships_contains_paywalled_content":false,"_jetpack_memberships_contains_paid_content":false,"footnotes":"","jetpack_publicize_message":"","jetpack_publicize_feature_enabled":true,"jetpack_social_post_already_shared":true,"jetpack_social_options":{"image_generator_settings":{"template":"highway","default_image_id":0,"font":"","enabled":false},"version":2}},"categories":[2],"tags":[87,216,238,212,345,236,283,342,355,356,447,120,142,488,479,149,95],"class_list":["post-91778","post","type-post","status-publish","format-standard","hentry","category-geral","tag-ari","tag-atrasos","tag-brasil","tag-energia","tag-fepam","tag-governo","tag-governo-do-estado","tag-industria","tag-meio-ambiente","tag-mel","tag-ministerio-publico","tag-obras","tag-porto-de-rio-grande","tag-projeto","tag-red","tag-sc","tag-sp"],"aioseo_notices":[],"jetpack_publicize_connections":[],"jetpack_featured_media_url":"","jetpack_shortlink":"https:\/\/wp.me\/pbKhrD-nSi","jetpack-related-posts":[{"id":100336,"url":"https:\/\/www.jornalja.com.br\/geral\/pl-da-devastacao-em-retaliacao-ao-governo-oposicao-pode-derrubar-vetos-de-lula\/","url_meta":{"origin":91778,"position":0},"title":"Em retalia\u00e7\u00e3o ao governo, oposi\u00e7\u00e3o derruba vetos de Lula e restabelece o &#8220;PL da Devasta\u00e7\u00e3o&#8221;.","author":"da Reda\u00e7\u00e3o","date":"2 de novembro de 2025","format":false,"excerpt":"Em vota\u00e7\u00e3o conjunta no Congresso Nacional, na quinta-feira (27), foram derrubados\u00a0 os vetos do presidente Lula \u00e0 Lei Geral do Licenciamento Ambiental (Lei n\u00ba 15.190\/2025),\u00a0 o chamado\u00a0 \u201cPL da Devasta\u00e7\u00e3o\u201d. Aconteceu o que as organiza\u00e7\u00f5es de defesa ambiental temiam: a reabilita\u00e7\u00e3o dos dispositivos que autorizam autolicenciamento amplo, emiss\u00e3o autom\u00e1tica de\u2026","rel":"","context":"Em &quot;Geral-MAT\u00c9RIA&quot;","block_context":{"text":"Geral-MAT\u00c9RIA","link":"https:\/\/www.jornalja.com.br\/geral\/category\/geral\/"},"img":{"alt_text":"","src":"https:\/\/i0.wp.com\/www.jornalja.com.br\/geral\/wp-content\/uploads\/sites\/4\/2025\/11\/iotti-pl-devastaccao-scaled.jpg?resize=350%2C200&ssl=1","width":350,"height":200,"srcset":"https:\/\/i0.wp.com\/www.jornalja.com.br\/geral\/wp-content\/uploads\/sites\/4\/2025\/11\/iotti-pl-devastaccao-scaled.jpg?resize=350%2C200&ssl=1 1x, https:\/\/i0.wp.com\/www.jornalja.com.br\/geral\/wp-content\/uploads\/sites\/4\/2025\/11\/iotti-pl-devastaccao-scaled.jpg?resize=525%2C300&ssl=1 1.5x, https:\/\/i0.wp.com\/www.jornalja.com.br\/geral\/wp-content\/uploads\/sites\/4\/2025\/11\/iotti-pl-devastaccao-scaled.jpg?resize=700%2C400&ssl=1 2x, https:\/\/i0.wp.com\/www.jornalja.com.br\/geral\/wp-content\/uploads\/sites\/4\/2025\/11\/iotti-pl-devastaccao-scaled.jpg?resize=1050%2C600&ssl=1 3x, https:\/\/i0.wp.com\/www.jornalja.com.br\/geral\/wp-content\/uploads\/sites\/4\/2025\/11\/iotti-pl-devastaccao-scaled.jpg?resize=1400%2C800&ssl=1 4x"},"classes":[]},{"id":78013,"url":"https:\/\/www.jornalja.com.br\/geral\/chineses-construirao-terceira-termeletrica-no-rs-em-pedras-altas\/","url_meta":{"origin":91778,"position":1},"title":"Chineses construir\u00e3o terceira termel\u00e9trica no RS, em Pedras Altas","author":"da Reda\u00e7\u00e3o","date":"2 de outubro de 2019","format":false,"excerpt":"CLEBER DIONI TENTARDINI O munic\u00edpio de Pedras Altas ter\u00e1 sua primeira usina t\u00e9rmica a carv\u00e3o. \u00c9 a UTE Ouro Negro, com duas unidades de 300 MW de pot\u00eancia cada. A chinesa Sepco1 ficou respons\u00e1vel pela constru\u00e7\u00e3o da usina termel\u00e9trica, com investimento de cerca de 970 milh\u00f5es de d\u00f3lares e gera\u00e7\u00e3o\u2026","rel":"","context":"Em &quot;Geral-MAT\u00c9RIA&quot;","block_context":{"text":"Geral-MAT\u00c9RIA","link":"https:\/\/www.jornalja.com.br\/geral\/category\/geral\/"},"img":{"alt_text":"","src":"https:\/\/i0.wp.com\/www.jornalja.com.br\/wp-content\/uploads\/2019\/10\/Mat%C3%A9ria-Ouro-negro_Contrato-para-engenharia-compras-e-constru%C3%A7%C3%A3o-foi-firmado-em-Porto-Alegre_foto-divulga%C3%A7%C3%A3o-450x338.jpeg?resize=350%2C200&ssl=1","width":350,"height":200},"classes":[]},{"id":81257,"url":"https:\/\/www.jornalja.com.br\/geral\/greve-dos-petroleiros-entra-na-terceira-semana-e-pode-afetar-abastecimento\/","url_meta":{"origin":91778,"position":2},"title":"Greve dos petroleiros entra na terceira semana e pode afetar abastecimento","author":"da Reda\u00e7\u00e3o","date":"17 de fevereiro de 2020","format":false,"excerpt":"A greve dos petroleiros iniciada dia 1\u00ba de fevereiro, tem sido ignorada pelos principais jornais e sites noticiosos. Mas, ao entrar na sua terceira semana, ela tende a se tornar uma s\u00e9ria dor de cabe\u00e7a para o governo e ser\u00e1 inevit\u00e1vel que chegue \u00e0s manchetes. A\u00a0 \u00a0possibilidade de faltar combust\u00edveis\u2026","rel":"","context":"Em &quot;Geral-MAT\u00c9RIA&quot;","block_context":{"text":"Geral-MAT\u00c9RIA","link":"https:\/\/www.jornalja.com.br\/geral\/category\/geral\/"},"img":{"alt_text":"","src":"https:\/\/i0.wp.com\/www.jornalja.com.br\/geral\/wp-content\/uploads\/sites\/4\/2020\/02\/Greve-dos-petroleiros-1.jpeg?resize=350%2C200&ssl=1","width":350,"height":200,"srcset":"https:\/\/i0.wp.com\/www.jornalja.com.br\/geral\/wp-content\/uploads\/sites\/4\/2020\/02\/Greve-dos-petroleiros-1.jpeg?resize=350%2C200&ssl=1 1x, https:\/\/i0.wp.com\/www.jornalja.com.br\/geral\/wp-content\/uploads\/sites\/4\/2020\/02\/Greve-dos-petroleiros-1.jpeg?resize=525%2C300&ssl=1 1.5x, https:\/\/i0.wp.com\/www.jornalja.com.br\/geral\/wp-content\/uploads\/sites\/4\/2020\/02\/Greve-dos-petroleiros-1.jpeg?resize=700%2C400&ssl=1 2x"},"classes":[]},{"id":74733,"url":"https:\/\/www.jornalja.com.br\/geral\/deputados-visitam-minas-de-carvao-preparando-audiencia-publica\/","url_meta":{"origin":91778,"position":3},"title":"Deputados visitam minas de carv\u00e3o preparando audi\u00eancia p\u00fablica","author":"Elmar Bones","date":"6 de junho de 2019","format":false,"excerpt":"Oito deputados, sete deles integrantes da Comiss\u00e3o de Sa\u00fade e Meio Ambiente da Assembl\u00e9ia Legislativa, inclusive a presidente, Zil\u00e1 Breitenbach, participaram da \u201cvisita t\u00e9cnica\u201d ao local onde a Copelmi pretende instalar a mina Guaiba, para extrair carv\u00e3o a c\u00e9u aberto de uma jazida, a 70 quil\u00f4metros de Porto Alegre. Na\u2026","rel":"","context":"Em &quot;Geral-MAT\u00c9RIA&quot;","block_context":{"text":"Geral-MAT\u00c9RIA","link":"https:\/\/www.jornalja.com.br\/geral\/category\/geral\/"},"img":{"alt_text":"","src":"https:\/\/i0.wp.com\/www.jornalja.com.br\/wp-content\/uploads\/2019\/06\/IMG_20190605_104133_1-450x253.jpg?resize=350%2C200&ssl=1","width":350,"height":200},"classes":[]},{"id":88338,"url":"https:\/\/www.jornalja.com.br\/geral\/privatizacao-da-eletrobras-senado-acrescenta-seus-jabutis-e-aprova-projeto-de-bolsonaro\/","url_meta":{"origin":91778,"position":4},"title":"Privatiza\u00e7\u00e3o da Eletrobr\u00e1s: Senado acrescenta seus &#8220;jabutis&#8221; e aprova projeto de Bolsonaro","author":"da Reda\u00e7\u00e3o","date":"17 de junho de 2021","format":false,"excerpt":"O Plen\u00e1rio do Senado aprovou nesta quinta-feira (17) a medida provis\u00f3ria que permite a desestatiza\u00e7\u00e3o da Eletrobras \u2014 MP 1.031\/2021, que, devido \u00e0s altera\u00e7\u00f5es feitas pelos parlamentares, est\u00e1 tramitando no Congresso sob a forma de um projeto de lei de convers\u00e3o: o PLV 7\/2021. Essa medida provis\u00f3ria j\u00e1 havia sido\u2026","rel":"","context":"Em &quot;Geral-MAT\u00c9RIA&quot;","block_context":{"text":"Geral-MAT\u00c9RIA","link":"https:\/\/www.jornalja.com.br\/geral\/category\/geral\/"},"img":{"alt_text":"","src":"https:\/\/i0.wp.com\/www.jornalja.com.br\/geral\/wp-content\/uploads\/sites\/4\/2021\/06\/senado-aprova-mp.jpg?resize=350%2C200&ssl=1","width":350,"height":200,"srcset":"https:\/\/i0.wp.com\/www.jornalja.com.br\/geral\/wp-content\/uploads\/sites\/4\/2021\/06\/senado-aprova-mp.jpg?resize=350%2C200&ssl=1 1x, https:\/\/i0.wp.com\/www.jornalja.com.br\/geral\/wp-content\/uploads\/sites\/4\/2021\/06\/senado-aprova-mp.jpg?resize=525%2C300&ssl=1 1.5x, https:\/\/i0.wp.com\/www.jornalja.com.br\/geral\/wp-content\/uploads\/sites\/4\/2021\/06\/senado-aprova-mp.jpg?resize=700%2C400&ssl=1 2x"},"classes":[]},{"id":88144,"url":"https:\/\/www.jornalja.com.br\/geral\/consumidores-pagam-por-energia-que-as-termicas-nao-estao-produzindo\/","url_meta":{"origin":91778,"position":5},"title":"Consumidores pagam por energia que as t\u00e9rmicas n\u00e3o est\u00e3o produzindo","author":"da Reda\u00e7\u00e3o","date":"1 de junho de 2021","format":false,"excerpt":"Os brasileiros podem estar pagando R$ 8,7 bilh\u00f5es por ano pela energia de usinas t\u00e9rmicas que n\u00e3o est\u00e3o entregando os volumes contratados. A estimativa \u00e9 do Instituto Brasileiro de Defesa do Consumidor (Idec), que identificou 33 usinas que n\u00e3o estariam cumprindo as condi\u00e7\u00f5es de desempenho estipuladas nos contratos de fornecimento\u2026","rel":"","context":"Em &quot;Geral-NOTAS&quot;","block_context":{"text":"Geral-NOTAS","link":"https:\/\/www.jornalja.com.br\/geral\/category\/geral-notas\/"},"img":{"alt_text":"","src":"","width":0,"height":0},"classes":[]}],"jetpack_sharing_enabled":true,"_links":{"self":[{"href":"https:\/\/www.jornalja.com.br\/geral\/wp-json\/wp\/v2\/posts\/91778","targetHints":{"allow":["GET"]}}],"collection":[{"href":"https:\/\/www.jornalja.com.br\/geral\/wp-json\/wp\/v2\/posts"}],"about":[{"href":"https:\/\/www.jornalja.com.br\/geral\/wp-json\/wp\/v2\/types\/post"}],"author":[{"embeddable":true,"href":"https:\/\/www.jornalja.com.br\/geral\/wp-json\/wp\/v2\/users\/5"}],"replies":[{"embeddable":true,"href":"https:\/\/www.jornalja.com.br\/geral\/wp-json\/wp\/v2\/comments?post=91778"}],"version-history":[{"count":2,"href":"https:\/\/www.jornalja.com.br\/geral\/wp-json\/wp\/v2\/posts\/91778\/revisions"}],"predecessor-version":[{"id":91780,"href":"https:\/\/www.jornalja.com.br\/geral\/wp-json\/wp\/v2\/posts\/91778\/revisions\/91780"}],"wp:attachment":[{"href":"https:\/\/www.jornalja.com.br\/geral\/wp-json\/wp\/v2\/media?parent=91778"}],"wp:term":[{"taxonomy":"category","embeddable":true,"href":"https:\/\/www.jornalja.com.br\/geral\/wp-json\/wp\/v2\/categories?post=91778"},{"taxonomy":"post_tag","embeddable":true,"href":"https:\/\/www.jornalja.com.br\/geral\/wp-json\/wp\/v2\/tags?post=91778"}],"curies":[{"name":"wp","href":"https:\/\/api.w.org\/{rel}","templated":true}]}}