{"id":91888,"date":"2022-03-20T14:20:40","date_gmt":"2022-03-20T17:20:40","guid":{"rendered":"https:\/\/www.jornalja.com.br\/geral\/?p=91888"},"modified":"2022-03-31T21:08:25","modified_gmt":"2022-04-01T00:08:25","slug":"sindicato-denuncia-o-desmonte-do-ipe-saude-e-defende-independencia-administrativa","status":"publish","type":"post","link":"https:\/\/www.jornalja.com.br\/geral\/sindicato-denuncia-o-desmonte-do-ipe-saude-e-defende-independencia-administrativa\/","title":{"rendered":"Sindicato denuncia o desmonte do IPE Sa\u00fade e defende independ\u00eancia administrativa"},"content":{"rendered":"<p>O IPE Sa\u00fade divulgou na quinta-feira, 17, nota de esclarecimento em resposta \u00e0 amea\u00e7a de suspens\u00e3o de credenciamento pela Federa\u00e7\u00e3o das Santas Casas e Hospitais Filantr\u00f3picos do Rio Grande do Sul e a Federa\u00e7\u00e3o dos Hospitais e Estabelecimentos de Sa\u00fade do Rio Grande do Sul (FEHOSUL). Os hospitais reclamam do atraso de pagamento dos servi\u00e7os.<\/p>\n<p>Segundo Sindicato dos Servidores de N\u00edvel Superior do RS (Sintergs), a medida faz parte do &#8220;desmonte do IPE Sa\u00fade,\u00a0 que faz parte da pol\u00edtica de desmonte de Eduardo Leite e de outros governadores&#8221;.<\/p>\n<p>&#8220;Deixa evidente o total descaso com o servidor p\u00fablico, com a sa\u00fade dos trabalhadores e com a sa\u00fade p\u00fablica&#8221;.<\/p>\n<p>Desmantelar o maior prestador de servi\u00e7o de sa\u00fade do Rio Grande do Sul, que atende a quase um milh\u00e3o de pessoas, \u00e9 gerar sobrecarga ao sistema p\u00fablico.<\/p>\n<p>O Sindicato dos Servidores de N\u00edvel Superior do RS (Sintergs) vem se articulando com outros sindicatos e entidades pelo fortalecimento do IPE Sa\u00fade.<\/p>\n<p>Defende a cobran\u00e7a dos devedores do Instituto, cujo passivo ultrapassa R$ 3,4 bilh\u00f5es (levantamento de 2013) e a amplia\u00e7\u00e3o da receita, com a reposi\u00e7\u00e3o da infla\u00e7\u00e3o do sal\u00e1rio dos servidores.<\/p>\n<p>O sindicato tamb\u00e9m cobra a devolu\u00e7\u00e3o ou o pagamento dos 214 im\u00f3veis que serviam de fundo de reserva, apropriados pelo governo Eduardo Leite.<\/p>\n<p>&#8220;\u00c9 preciso garantir a independ\u00eancia administrativa e financeira, com aplica\u00e7\u00e3o de todos os recursos de usu\u00e1rios e por parte do Estado no IPE Sa\u00fade. Chega de desmonte, chega de retrocesso, chega de ataque \u00e0 sa\u00fade p\u00fablica&#8221;.<\/p>\n<p>&nbsp;<\/p>\n<p>(Com informa\u00e7\u00f5es de Assessoria de Comunica\u00e7\u00e3o SINTERGS)<\/p>\n<p>&nbsp;<\/p>\n","protected":false},"excerpt":{"rendered":"<p>O IPE Sa\u00fade divulgou na quinta-feira, 17, nota de esclarecimento em resposta \u00e0 amea\u00e7a de suspens\u00e3o de credenciamento pela Federa\u00e7\u00e3o das Santas Casas e Hospitais Filantr\u00f3picos do Rio Grande do Sul e a Federa\u00e7\u00e3o dos Hospitais e Estabelecimentos de Sa\u00fade do Rio Grande do Sul (FEHOSUL). Os hospitais reclamam do atraso de pagamento dos servi\u00e7os. [&hellip;]<\/p>\n","protected":false},"author":4,"featured_media":0,"comment_status":"open","ping_status":"open","sticky":false,"template":"","format":"standard","meta":{"jetpack_post_was_ever_published":false,"_jetpack_newsletter_access":"","_jetpack_dont_email_post_to_subs":false,"_jetpack_newsletter_tier_id":0,"_jetpack_memberships_contains_paywalled_content":false,"_jetpack_memberships_contains_paid_content":false,"footnotes":"","jetpack_publicize_message":"","jetpack_publicize_feature_enabled":true,"jetpack_social_post_already_shared":true,"jetpack_social_options":{"image_generator_settings":{"template":"highway","default_image_id":0,"font":"","enabled":false},"version":2}},"categories":[2],"tags":[32,236,247,479,14,15,38,149,525,95,20],"class_list":["post-91888","post","type-post","status-publish","format-standard","hentry","category-geral","tag-eduardo-leite","tag-governo","tag-politica","tag-red","tag-rio-grande-do-sul","tag-rs","tag-saude","tag-sc","tag-sintergs","tag-sp","tag-sus"],"aioseo_notices":[],"jetpack_publicize_connections":[],"jetpack_featured_media_url":"","jetpack_shortlink":"https:\/\/wp.me\/pbKhrD-nU4","jetpack-related-posts":[{"id":101159,"url":"https:\/\/www.jornalja.com.br\/geral\/governo-federal-libera-recursos-para-construcao-de-28-unidades-de-saude-no-rs\/","url_meta":{"origin":91888,"position":0},"title":"Governo Federal libera recursos para constru\u00e7\u00e3o de 28 unidades de sa\u00fade no RS","author":"da Reda\u00e7\u00e3o","date":"24 de abril de 2026","format":false,"excerpt":"Nesta sexta feira (24), \u00e0s 14h, o Governo Federal realiza a emiss\u00e3o de ordem de servi\u00e7o para in\u00edcio da constru\u00e7\u00e3o de 28 unidades de sa\u00fade no Rio Grande do Sul, sendo quatro Centros de Aten\u00e7\u00e3o Psicossocial (CAPS) e 24 Unidades B\u00e1sicas de Sa\u00fade (UBS). A iniciativa marca a maior libera\u00e7\u00e3o\u2026","rel":"","context":"Em &quot;Geral-NOTAS&quot;","block_context":{"text":"Geral-NOTAS","link":"https:\/\/www.jornalja.com.br\/geral\/category\/geral-notas\/"},"img":{"alt_text":"","src":"","width":0,"height":0},"classes":[]},{"id":95603,"url":"https:\/\/www.jornalja.com.br\/geral\/contribuicao-ao-ipe-saude-simulador-do-sintergs-mostra-quanto\/","url_meta":{"origin":91888,"position":1},"title":"Contribui\u00e7\u00e3o ao IPE Sa\u00fade: simulador do Sintergs mostra quanto o servidor pagar\u00e1","author":"da Reda\u00e7\u00e3o","date":"16 de junho de 2023","format":false,"excerpt":"O Sintergs lan\u00e7ou um simulador da contribui\u00e7\u00e3o ao IPE Sa\u00fade. A ferramenta calcula quanto os servidores e pensionistas v\u00e3o pagar caso a proposta do governo seja aprovada, e quanto se houver recomposi\u00e7\u00e3o dos sal\u00e1rios. Link para a calculadora:\u00a0https:\/\/sintergs.org.br\/calculadora A calculadora permite ao segurado verificar individualmente quanto pagar\u00e1 a mais por\u2026","rel":"","context":"Em &quot;Geral-NOTAS&quot;","block_context":{"text":"Geral-NOTAS","link":"https:\/\/www.jornalja.com.br\/geral\/category\/geral-notas\/"},"img":{"alt_text":"","src":"","width":0,"height":0},"classes":[]},{"id":100511,"url":"https:\/\/www.jornalja.com.br\/geral\/concurso-seleciona-medicos-para-hospitais-universitarios-salarios-de-ate-r-191-mil\/","url_meta":{"origin":91888,"position":2},"title":"Concurso seleciona m\u00e9dicos para hospitais universit\u00e1rios; sal\u00e1rios de at\u00e9 R$ 19,1 mil","author":"da Reda\u00e7\u00e3o","date":"6 de janeiro de 2026","format":false,"excerpt":"A Empresa Brasileira de Servi\u00e7os Hospitalares (Ebserh) abriu, nesta segunda-feira (5), o per\u00edodo de inscri\u00e7\u00f5es para o concurso p\u00fablico para a \u00e1rea m\u00e9dica que se estende at\u00e9 as 23h59 de 30 de janeiro. Os interessados devem se inscrever no\u00a0site da Funda\u00e7\u00e3o Getulio Vargas (FGV), a banca examinadora contratada para fazer\u2026","rel":"","context":"Em &quot;Geral-MAT\u00c9RIA&quot;","block_context":{"text":"Geral-MAT\u00c9RIA","link":"https:\/\/www.jornalja.com.br\/geral\/category\/geral\/"},"img":{"alt_text":"","src":"https:\/\/i0.wp.com\/www.jornalja.com.br\/geral\/wp-content\/uploads\/sites\/4\/2026\/01\/hospitais-universitarios-concurso.png?resize=350%2C200&ssl=1","width":350,"height":200,"srcset":"https:\/\/i0.wp.com\/www.jornalja.com.br\/geral\/wp-content\/uploads\/sites\/4\/2026\/01\/hospitais-universitarios-concurso.png?resize=350%2C200&ssl=1 1x, https:\/\/i0.wp.com\/www.jornalja.com.br\/geral\/wp-content\/uploads\/sites\/4\/2026\/01\/hospitais-universitarios-concurso.png?resize=525%2C300&ssl=1 1.5x"},"classes":[]},{"id":91820,"url":"https:\/\/www.jornalja.com.br\/geral\/cai-70-o-numero-de-candidatos-em-concursos-para-saude-e-agricultura-no-rs\/","url_meta":{"origin":91888,"position":3},"title":"Cai 70% o n\u00famero de candidatos em concursos para Sa\u00fade e Agricultura no RS","author":"da Reda\u00e7\u00e3o","date":"2 de mar\u00e7o de 2022","format":false,"excerpt":"As inscri\u00e7\u00f5es nos concursos p\u00fablicos do governo do Estado do Rio Grande do Sul para as secretarias da Sa\u00fade e da Agricultura registraram redu\u00e7\u00e3o expressiva na compara\u00e7\u00e3o com os certames realizados h\u00e1 oito anos. Na Sa\u00fade, o n\u00famero de inscritos chegou a 59.940 em 2014. Para as provas deste ano,\u2026","rel":"","context":"Em &quot;Geral-MAT\u00c9RIA&quot;","block_context":{"text":"Geral-MAT\u00c9RIA","link":"https:\/\/www.jornalja.com.br\/geral\/category\/geral\/"},"img":{"alt_text":"","src":"https:\/\/i0.wp.com\/www.jornalja.com.br\/geral\/wp-content\/uploads\/sites\/4\/2022\/03\/concursos-opeacao-pescado.jpg?resize=350%2C200&ssl=1","width":350,"height":200,"srcset":"https:\/\/i0.wp.com\/www.jornalja.com.br\/geral\/wp-content\/uploads\/sites\/4\/2022\/03\/concursos-opeacao-pescado.jpg?resize=350%2C200&ssl=1 1x, https:\/\/i0.wp.com\/www.jornalja.com.br\/geral\/wp-content\/uploads\/sites\/4\/2022\/03\/concursos-opeacao-pescado.jpg?resize=525%2C300&ssl=1 1.5x, https:\/\/i0.wp.com\/www.jornalja.com.br\/geral\/wp-content\/uploads\/sites\/4\/2022\/03\/concursos-opeacao-pescado.jpg?resize=700%2C400&ssl=1 2x"},"classes":[]},{"id":100198,"url":"https:\/\/www.jornalja.com.br\/geral\/tornado-deixou-seis-mortos-no-parana-32-pessoas-seguem-internadas\/","url_meta":{"origin":91888,"position":4},"title":"Tornado deixou seis mortos no Paran\u00e1; 32 pessoas seguem internadas","author":"Elmar Bones","date":"10 de novembro de 2025","format":false,"excerpt":"Ainda n\u00e3o h\u00e1 um balan\u00e7o dos preju\u00edzos causados em Rio Bonito do Igua\u00e7u (PR), a mais afetada entre as 11 cidades de regi\u00e3o centro-sul paranaense, atingidas por um tornado na madrugada da \u00faltima sexta-feira, 7\/11. De acordo com a Defesa Civil, 90% da \u00e1rea urbana de Rio Bonito do Igua\u00e7u\u2026","rel":"","context":"Em &quot;Geral-MAT\u00c9RIA&quot;","block_context":{"text":"Geral-MAT\u00c9RIA","link":"https:\/\/www.jornalja.com.br\/geral\/category\/geral\/"},"img":{"alt_text":"","src":"https:\/\/i0.wp.com\/www.jornalja.com.br\/geral\/wp-content\/uploads\/sites\/4\/2025\/11\/tornado-1.png?resize=350%2C200&ssl=1","width":350,"height":200,"srcset":"https:\/\/i0.wp.com\/www.jornalja.com.br\/geral\/wp-content\/uploads\/sites\/4\/2025\/11\/tornado-1.png?resize=350%2C200&ssl=1 1x, https:\/\/i0.wp.com\/www.jornalja.com.br\/geral\/wp-content\/uploads\/sites\/4\/2025\/11\/tornado-1.png?resize=525%2C300&ssl=1 1.5x"},"classes":[]},{"id":100399,"url":"https:\/\/www.jornalja.com.br\/geral\/pt-e-pp-terao-maioria-na-cpi-dos-pedagios-leite-diz-que-governo-nao-se-acovardara\/","url_meta":{"origin":91888,"position":5},"title":"PT e PP ter\u00e3o maioria na CPI dos Ped\u00e1gios; Leite diz que governo &#8220;n\u00e3o se acovardar\u00e1&#8221;","author":"da Reda\u00e7\u00e3o","date":"15 de dezembro de 2025","format":false,"excerpt":"Ser\u00e1 instalada nesta ter\u00e7a-feira,\u00a0 CPI dos Ped\u00e1gios, para investigar os contratos de concess\u00e3o de rodovias pelo governo do Estado do Rio Grande do Sul. O in\u00edcio efetivo das atividades ser\u00e1 na sexta-feira (19), quando os titulares se re\u00fanem pela primeira vez para definir o relator, o vice-presidente e o plano\u2026","rel":"","context":"Em &quot;Geral-MAT\u00c9RIA&quot;","block_context":{"text":"Geral-MAT\u00c9RIA","link":"https:\/\/www.jornalja.com.br\/geral\/category\/geral\/"},"img":{"alt_text":"","src":"https:\/\/i0.wp.com\/www.jornalja.com.br\/geral\/wp-content\/uploads\/sites\/4\/2025\/12\/eduardo-leite-pedagios.jpeg?resize=350%2C200&ssl=1","width":350,"height":200,"srcset":"https:\/\/i0.wp.com\/www.jornalja.com.br\/geral\/wp-content\/uploads\/sites\/4\/2025\/12\/eduardo-leite-pedagios.jpeg?resize=350%2C200&ssl=1 1x, https:\/\/i0.wp.com\/www.jornalja.com.br\/geral\/wp-content\/uploads\/sites\/4\/2025\/12\/eduardo-leite-pedagios.jpeg?resize=525%2C300&ssl=1 1.5x, https:\/\/i0.wp.com\/www.jornalja.com.br\/geral\/wp-content\/uploads\/sites\/4\/2025\/12\/eduardo-leite-pedagios.jpeg?resize=700%2C400&ssl=1 2x"},"classes":[]}],"jetpack_sharing_enabled":true,"_links":{"self":[{"href":"https:\/\/www.jornalja.com.br\/geral\/wp-json\/wp\/v2\/posts\/91888","targetHints":{"allow":["GET"]}}],"collection":[{"href":"https:\/\/www.jornalja.com.br\/geral\/wp-json\/wp\/v2\/posts"}],"about":[{"href":"https:\/\/www.jornalja.com.br\/geral\/wp-json\/wp\/v2\/types\/post"}],"author":[{"embeddable":true,"href":"https:\/\/www.jornalja.com.br\/geral\/wp-json\/wp\/v2\/users\/4"}],"replies":[{"embeddable":true,"href":"https:\/\/www.jornalja.com.br\/geral\/wp-json\/wp\/v2\/comments?post=91888"}],"version-history":[{"count":1,"href":"https:\/\/www.jornalja.com.br\/geral\/wp-json\/wp\/v2\/posts\/91888\/revisions"}],"predecessor-version":[{"id":91889,"href":"https:\/\/www.jornalja.com.br\/geral\/wp-json\/wp\/v2\/posts\/91888\/revisions\/91889"}],"wp:attachment":[{"href":"https:\/\/www.jornalja.com.br\/geral\/wp-json\/wp\/v2\/media?parent=91888"}],"wp:term":[{"taxonomy":"category","embeddable":true,"href":"https:\/\/www.jornalja.com.br\/geral\/wp-json\/wp\/v2\/categories?post=91888"},{"taxonomy":"post_tag","embeddable":true,"href":"https:\/\/www.jornalja.com.br\/geral\/wp-json\/wp\/v2\/tags?post=91888"}],"curies":[{"name":"wp","href":"https:\/\/api.w.org\/{rel}","templated":true}]}}