{"id":91925,"date":"2022-03-22T15:46:17","date_gmt":"2022-03-22T18:46:17","guid":{"rendered":"https:\/\/www.jornalja.com.br\/geral\/?p=91925"},"modified":"2022-03-22T15:46:17","modified_gmt":"2022-03-22T18:46:17","slug":"ex-prefeitos-serao-homenageados-nesta-sexta-feira-no-paco-municipal","status":"publish","type":"post","link":"https:\/\/www.jornalja.com.br\/geral\/ex-prefeitos-serao-homenageados-nesta-sexta-feira-no-paco-municipal\/","title":{"rendered":"Ex-prefeitos ser\u00e3o homenageados nesta sexta-feira no Pa\u00e7o Municipal"},"content":{"rendered":"<p>Nove ex-prefeitos da Capital foram convidados para uma\u00a0 solenidade de homenagem que ir\u00e1 ocorrer na pr\u00f3xima sexta-feira, 25 \u00e0s 10h30 no Pa\u00e7o Municipal.<\/p>\n<p>Sebasti\u00e3o Melo ligou pessoalmente para os ex-gestores para fazer o convite. \u201cCom todo o respeito, pensamos no ato como forma de exaltar a hist\u00f3ria e reconhecer a contribui\u00e7\u00e3o dos gestores que deixaram sua marca e ajudaram a construir a Porto Alegre dos 250 anos\u201d.<\/p>\n<p>Ser\u00e3o agraciados Guilherme Socias Villela, Jo\u00e3o Dib, Alceu Collares, Ol\u00edvio Dutra, Raul Pont, Tarso Genro, Jos\u00e9 Foga\u00e7a, Jos\u00e9 Fortunati e Nelson Marchezan J\u00fanior.<\/p>\n","protected":false},"excerpt":{"rendered":"<p>Nove ex-prefeitos da Capital foram convidados para uma\u00a0 solenidade de homenagem que ir\u00e1 ocorrer na pr\u00f3xima sexta-feira, 25 \u00e0s 10h30 no Pa\u00e7o Municipal. Sebasti\u00e3o Melo ligou pessoalmente para os ex-gestores para fazer o convite. \u201cCom todo o respeito, pensamos no ato como forma de exaltar a hist\u00f3ria e reconhecer a contribui\u00e7\u00e3o dos gestores que deixaram [&hellip;]<\/p>\n","protected":false},"author":5,"featured_media":91926,"comment_status":"open","ping_status":"open","sticky":false,"template":"","format":"standard","meta":{"jetpack_post_was_ever_published":false,"_jetpack_newsletter_access":"","_jetpack_dont_email_post_to_subs":false,"_jetpack_newsletter_tier_id":0,"_jetpack_memberships_contains_paywalled_content":false,"_jetpack_memberships_contains_paid_content":false,"footnotes":"","jetpack_publicize_message":"","jetpack_publicize_feature_enabled":true,"jetpack_social_post_already_shared":true,"jetpack_social_options":{"image_generator_settings":{"template":"highway","default_image_id":0,"font":"","enabled":false},"version":2}},"categories":[2],"tags":[137,200,344,356,489,132,15,95],"class_list":["post-91925","post","type-post","status-publish","format-standard","has-post-thumbnail","hentry","category-geral","tag-alceu-collares","tag-efeitos","tag-marchezan","tag-mel","tag-melo","tag-porto-alegre","tag-rs","tag-sp"],"aioseo_notices":[],"jetpack_publicize_connections":[],"jetpack_featured_media_url":"https:\/\/www.jornalja.com.br\/geral\/wp-content\/uploads\/sites\/4\/2022\/03\/181207-alex-rocha-pmpa-06.jpg","jetpack_shortlink":"https:\/\/wp.me\/pbKhrD-nUF","jetpack-related-posts":[{"id":100843,"url":"https:\/\/www.jornalja.com.br\/geral\/policia-civil-indicia-34-pessoas-por-suspeitas-de-fraudes-milionarias-na-educacao-em-porto-alegre\/","url_meta":{"origin":91925,"position":0},"title":"Pol\u00edcia Civil indicia 34 pessoas por suspeitas de fraudes milion\u00e1rias na Educa\u00e7\u00e3o em Porto Alegre","author":"da Reda\u00e7\u00e3o","date":"19 de fevereiro de 2026","format":false,"excerpt":"Nesta quinta-feira, 19 de fevereiro de 2026, a Pol\u00edcia Civil ga\u00facha finalizou o conjunto de inqu\u00e9ritos da Opera\u00e7\u00e3o Capa Dura, no total foram 34 pessoas indiciadas. O esquema pode ter movimentado mais de R$ 58 milh\u00f5es e funcionou dentro da Secretaria Municipal de Educa\u00e7\u00e3o de Porto Alegre (Smed) entre 2021\u2026","rel":"","context":"Em &quot;Geral-MAT\u00c9RIA&quot;","block_context":{"text":"Geral-MAT\u00c9RIA","link":"https:\/\/www.jornalja.com.br\/geral\/category\/geral\/"},"img":{"alt_text":"","src":"https:\/\/i0.wp.com\/www.jornalja.com.br\/geral\/wp-content\/uploads\/sites\/4\/2026\/02\/12100524-515394-gdo.jpeg?resize=350%2C200&ssl=1","width":350,"height":200,"srcset":"https:\/\/i0.wp.com\/www.jornalja.com.br\/geral\/wp-content\/uploads\/sites\/4\/2026\/02\/12100524-515394-gdo.jpeg?resize=350%2C200&ssl=1 1x, https:\/\/i0.wp.com\/www.jornalja.com.br\/geral\/wp-content\/uploads\/sites\/4\/2026\/02\/12100524-515394-gdo.jpeg?resize=525%2C300&ssl=1 1.5x, https:\/\/i0.wp.com\/www.jornalja.com.br\/geral\/wp-content\/uploads\/sites\/4\/2026\/02\/12100524-515394-gdo.jpeg?resize=700%2C400&ssl=1 2x"},"classes":[]},{"id":85662,"url":"https:\/\/www.jornalja.com.br\/geral\/coligacao-do-mdb-e-mais-seis-partidos-confirma-melo-como-candidato-a-prefeitura-de-porto-alegre\/","url_meta":{"origin":91925,"position":1},"title":"Coliga\u00e7\u00e3o do MDB e mais seis partidos confirma Melo como candidato \u00e0 prefeitura de Porto Alegre","author":"da Reda\u00e7\u00e3o","date":"14 de setembro de 2020","format":false,"excerpt":"Foi oficializada nesta segunda-feira, 14\/09, a candidatura do deputado estadual e ex-vice prefeito Sebasti\u00e3o Melo \u00e0 prefeitura de Porto Alegre. A conven\u00e7\u00e3o municipal do MDB da capital foi realizada de forma virtual e confirmou a coliga\u00e7\u00e3o \u201cEstamos Juntos Porto Alegre\u201d com os partidos: MDB, Democratas, Cidadania, Solidariedade, PRTB, PTC e\u2026","rel":"","context":"Em &quot;Geral-ELEI\u00c7\u00d5ES2020&quot;","block_context":{"text":"Geral-ELEI\u00c7\u00d5ES2020","link":"https:\/\/www.jornalja.com.br\/geral\/category\/eleicoes2020\/"},"img":{"alt_text":"","src":"https:\/\/i0.wp.com\/www.jornalja.com.br\/geral\/wp-content\/uploads\/sites\/4\/2020\/09\/gg-int-img-24404.jpg?resize=350%2C200&ssl=1","width":350,"height":200,"srcset":"https:\/\/i0.wp.com\/www.jornalja.com.br\/geral\/wp-content\/uploads\/sites\/4\/2020\/09\/gg-int-img-24404.jpg?resize=350%2C200&ssl=1 1x, https:\/\/i0.wp.com\/www.jornalja.com.br\/geral\/wp-content\/uploads\/sites\/4\/2020\/09\/gg-int-img-24404.jpg?resize=525%2C300&ssl=1 1.5x, https:\/\/i0.wp.com\/www.jornalja.com.br\/geral\/wp-content\/uploads\/sites\/4\/2020\/09\/gg-int-img-24404.jpg?resize=700%2C400&ssl=1 2x, https:\/\/i0.wp.com\/www.jornalja.com.br\/geral\/wp-content\/uploads\/sites\/4\/2020\/09\/gg-int-img-24404.jpg?resize=1050%2C600&ssl=1 3x"},"classes":[]},{"id":100243,"url":"https:\/\/www.jornalja.com.br\/geral\/governo-federal-financia-compra-de-100-onibus-eletricos-para-porto-alegre\/","url_meta":{"origin":91925,"position":2},"title":"Governo federal financia compra de 100 \u00f4nibus el\u00e9tricos para Porto Alegre","author":"Elmar Bones","date":"18 de novembro de 2025","format":false,"excerpt":"O Banco Nacional de Desenvolvimento Econ\u00f4mico vai financiar a compra de 100 \u00f4nibus el\u00e9tricos para o transporte coletivo de Porto Alegre. A C\u00e2mara Municipal autorizou nesta segunda-feira o prefeito Sebasti\u00e3o Melo a contratar o financiamento no valor de R$ 447 milh\u00f5es com o banco estatal. O financiamento integra o programa\u2026","rel":"","context":"Em &quot;Geral-MAT\u00c9RIA&quot;","block_context":{"text":"Geral-MAT\u00c9RIA","link":"https:\/\/www.jornalja.com.br\/geral\/category\/geral\/"},"img":{"alt_text":"","src":"","width":0,"height":0},"classes":[]},{"id":97494,"url":"https:\/\/www.jornalja.com.br\/geral\/eleicoes-2024-cenario-pos-enchente-favorece-frente-de-esquerda-em-porto-alegre-2\/","url_meta":{"origin":91925,"position":3},"title":"Elei\u00e7\u00f5es 2024: cen\u00e1rio p\u00f3s enchente favorece frente de esquerda em Porto Alegre","author":"da Reda\u00e7\u00e3o","date":"8 de julho de 2024","format":false,"excerpt":"Em abril, quando confirmou sua candidatura \u00e0 reelei\u00e7\u00e3o, o prefeito Sebasti\u00e3o Melo era considerado imbat\u00edvel, at\u00e9 por alguns de seus mais severos cr\u00edticos. Com apoio expl\u00edcito da m\u00eddia local, executando um programa dos sonhos do empresariado - com privatiza\u00e7\u00f5es, terceiriza\u00e7\u00f5es e incentivos \u00e0 constru\u00e7\u00e3o civil - Melo era t\u00e3o favorito,\u2026","rel":"","context":"Em &quot;Geral-MAT\u00c9RIA&quot;","block_context":{"text":"Geral-MAT\u00c9RIA","link":"https:\/\/www.jornalja.com.br\/geral\/category\/geral\/"},"img":{"alt_text":"","src":"https:\/\/i0.wp.com\/www.jornalja.com.br\/geral\/wp-content\/uploads\/sites\/4\/2024\/07\/eleicoes-em-porto-alegre-melo-com-leite.jpeg?resize=350%2C200&ssl=1","width":350,"height":200,"srcset":"https:\/\/i0.wp.com\/www.jornalja.com.br\/geral\/wp-content\/uploads\/sites\/4\/2024\/07\/eleicoes-em-porto-alegre-melo-com-leite.jpeg?resize=350%2C200&ssl=1 1x, https:\/\/i0.wp.com\/www.jornalja.com.br\/geral\/wp-content\/uploads\/sites\/4\/2024\/07\/eleicoes-em-porto-alegre-melo-com-leite.jpeg?resize=525%2C300&ssl=1 1.5x, https:\/\/i0.wp.com\/www.jornalja.com.br\/geral\/wp-content\/uploads\/sites\/4\/2024\/07\/eleicoes-em-porto-alegre-melo-com-leite.jpeg?resize=700%2C400&ssl=1 2x"},"classes":[]},{"id":97607,"url":"https:\/\/www.jornalja.com.br\/geral\/eleicoes-2024-em-semana-de-convencoes-22-partidos-definem-seus-candidatos-e-seus-aliados\/","url_meta":{"origin":91925,"position":4},"title":"Elei\u00e7\u00f5es 2024: em semana de conven\u00e7\u00f5es, 22 partidos definem seus candidatos e seus aliados","author":"Patr\u00edcia Marini","date":"22 de julho de 2024","format":false,"excerpt":"Com a defini\u00e7\u00e3o do Podemos, no s\u00e1bado, foi aberta a temporada de conven\u00e7\u00f5es partid\u00e1rias para formalizar as candidaturas a prefeito e vereadores para a elei\u00e7\u00e3o de\u00a0 6 de outubro em Porto Alegre. S\u00e3o 22 partidos com conven\u00e7\u00f5es marcadas para esta semana e os primeiros dias de agosto. Outros oito partidos\u2026","rel":"","context":"Em &quot;Geral-MAT\u00c9RIA&quot;","block_context":{"text":"Geral-MAT\u00c9RIA","link":"https:\/\/www.jornalja.com.br\/geral\/category\/geral\/"},"img":{"alt_text":"","src":"https:\/\/i0.wp.com\/www.jornalja.com.br\/geral\/wp-content\/uploads\/sites\/4\/2024\/07\/eleicoes-2024-convenccao-do-podemos-apoia-melo.png?resize=350%2C200&ssl=1","width":350,"height":200,"srcset":"https:\/\/i0.wp.com\/www.jornalja.com.br\/geral\/wp-content\/uploads\/sites\/4\/2024\/07\/eleicoes-2024-convenccao-do-podemos-apoia-melo.png?resize=350%2C200&ssl=1 1x, https:\/\/i0.wp.com\/www.jornalja.com.br\/geral\/wp-content\/uploads\/sites\/4\/2024\/07\/eleicoes-2024-convenccao-do-podemos-apoia-melo.png?resize=525%2C300&ssl=1 1.5x"},"classes":[]},{"id":86437,"url":"https:\/\/www.jornalja.com.br\/geral\/renuncia-de-fortunati-a-quatro-dias-da-eleicao-pode-ser-fatal-para-marchezan\/","url_meta":{"origin":91925,"position":5},"title":"Ren\u00fancia de Fortunati a quatro dias da elei\u00e7\u00e3o pode ser fatal para Marchezan","author":"da Reda\u00e7\u00e3o","date":"11 de novembro de 2020","format":false,"excerpt":"O jogo pol\u00edtico em Porto Alegre teve uma cartada inusitada na \u00faltima semana da elei\u00e7\u00e3o. A candidatura do ex-prefeito Jos\u00e9 Fortunati implodiu a quatro dias da elei\u00e7\u00e3o municipal, que ocorre no pr\u00f3ximo domingo. Com um v\u00eddeo no Facebook, na manh\u00e3 desta quarta-feira, 11\/11, o ex-prefeito Jos\u00e9 Fortunti (PTB) avisou que\u2026","rel":"","context":"Em &quot;Geral-ELEI\u00c7\u00d5ES2020&quot;","block_context":{"text":"Geral-ELEI\u00c7\u00d5ES2020","link":"https:\/\/www.jornalja.com.br\/geral\/category\/eleicoes2020\/"},"img":{"alt_text":"","src":"https:\/\/i0.wp.com\/www.jornalja.com.br\/geral\/wp-content\/uploads\/sites\/4\/2020\/11\/live-renuncia-fortunati.jpg?resize=350%2C200&ssl=1","width":350,"height":200,"srcset":"https:\/\/i0.wp.com\/www.jornalja.com.br\/geral\/wp-content\/uploads\/sites\/4\/2020\/11\/live-renuncia-fortunati.jpg?resize=350%2C200&ssl=1 1x, https:\/\/i0.wp.com\/www.jornalja.com.br\/geral\/wp-content\/uploads\/sites\/4\/2020\/11\/live-renuncia-fortunati.jpg?resize=525%2C300&ssl=1 1.5x, https:\/\/i0.wp.com\/www.jornalja.com.br\/geral\/wp-content\/uploads\/sites\/4\/2020\/11\/live-renuncia-fortunati.jpg?resize=700%2C400&ssl=1 2x, https:\/\/i0.wp.com\/www.jornalja.com.br\/geral\/wp-content\/uploads\/sites\/4\/2020\/11\/live-renuncia-fortunati.jpg?resize=1050%2C600&ssl=1 3x"},"classes":[]}],"jetpack_sharing_enabled":true,"_links":{"self":[{"href":"https:\/\/www.jornalja.com.br\/geral\/wp-json\/wp\/v2\/posts\/91925","targetHints":{"allow":["GET"]}}],"collection":[{"href":"https:\/\/www.jornalja.com.br\/geral\/wp-json\/wp\/v2\/posts"}],"about":[{"href":"https:\/\/www.jornalja.com.br\/geral\/wp-json\/wp\/v2\/types\/post"}],"author":[{"embeddable":true,"href":"https:\/\/www.jornalja.com.br\/geral\/wp-json\/wp\/v2\/users\/5"}],"replies":[{"embeddable":true,"href":"https:\/\/www.jornalja.com.br\/geral\/wp-json\/wp\/v2\/comments?post=91925"}],"version-history":[{"count":2,"href":"https:\/\/www.jornalja.com.br\/geral\/wp-json\/wp\/v2\/posts\/91925\/revisions"}],"predecessor-version":[{"id":91928,"href":"https:\/\/www.jornalja.com.br\/geral\/wp-json\/wp\/v2\/posts\/91925\/revisions\/91928"}],"wp:featuredmedia":[{"embeddable":true,"href":"https:\/\/www.jornalja.com.br\/geral\/wp-json\/wp\/v2\/media\/91926"}],"wp:attachment":[{"href":"https:\/\/www.jornalja.com.br\/geral\/wp-json\/wp\/v2\/media?parent=91925"}],"wp:term":[{"taxonomy":"category","embeddable":true,"href":"https:\/\/www.jornalja.com.br\/geral\/wp-json\/wp\/v2\/categories?post=91925"},{"taxonomy":"post_tag","embeddable":true,"href":"https:\/\/www.jornalja.com.br\/geral\/wp-json\/wp\/v2\/tags?post=91925"}],"curies":[{"name":"wp","href":"https:\/\/api.w.org\/{rel}","templated":true}]}}