{"id":92148,"date":"2022-04-06T22:59:55","date_gmt":"2022-04-07T01:59:55","guid":{"rendered":"https:\/\/www.jornalja.com.br\/geral\/?p=92148"},"modified":"2022-04-11T13:08:07","modified_gmt":"2022-04-11T16:08:07","slug":"surto-da-dengue-em-porto-alegre-alta-infestacao-ja-e-registrada-em-34-bairros","status":"publish","type":"post","link":"https:\/\/www.jornalja.com.br\/geral\/surto-da-dengue-em-porto-alegre-alta-infestacao-ja-e-registrada-em-34-bairros\/","title":{"rendered":"Surto de dengue em Porto Alegre: &#8220;alta infesta\u00e7\u00e3o&#8221; j\u00e1 \u00e9 registrada em 34 bairros"},"content":{"rendered":"<p>A detec\u00e7\u00e3o de mosquitos em armadilhas espalhadas na cidade mostra que 34 bairros de Porto Alegre apresentam alta infesta\u00e7\u00e3o de Aedes aegypti, transmissor da dengue, sendo que seis est\u00e3o em situa\u00e7\u00e3o de alerta e cinco com infesta\u00e7\u00e3o moderada de mosquitos detectados.<\/p>\n<p>A informa\u00e7\u00e3o consta no boletim epidemiol\u00f3gico semanal arboviroses,\u00a0 divulgado pela Secretaria Municipal de Sa\u00fade (SMS) nesta quarta-feira, 6.<\/p>\n<p>De 2 de janeiro a 2 de abril, foram notificados 1.131 casos suspeitos da doen\u00e7a entre moradores de Porto Alegre, com 640 confirma\u00e7\u00f5es, sendo 624 casos contra\u00eddos na cidade.<\/p>\n<p>\u201cO engajamento das pessoas \u00e9 fundamental para revisar p\u00e1tios e resid\u00eancias, evitando manter objetos\u00a0que possam acumular \u00e1gua, transformando-se em criadouros do mosquito transmissor da dengue\u201d, alerta a diretora de Vigil\u00e2ncia em Sa\u00fade, Fernanda Fernandes.<\/p>\n<p>Os casos s\u00e3o registrados em todas as regi\u00f5es da cidade, com preval\u00eancia nos bairros Jardim Carvalho, Vila Nova e Bom Jesus, localizados nos distritos sanit\u00e1rios Leste e Centro Sul, com 381 e 78 confirma\u00e7\u00f5es, respectivamente.<\/p>\n<p>O documento mostra que o pico de casos contra\u00eddos na cidade, at\u00e9 o momento, ocorreu na semana que vai de 13 a 19 de mar\u00e7o. Eram 95 na semana do dia 12, passando para 296, 502 e 624 nas tr\u00eas semanas seguintes.<\/p>\n<p>Em fun\u00e7\u00e3o disso, a prefeitura criou uma for\u00e7a-tarefa para enfrentar o problema, e a participa\u00e7\u00e3o da popula\u00e7\u00e3o \u00e9 muito importante.<\/p>\n<p>No \u00faltimo s\u00e1bado, 2, foram visitadas 1.080 resid\u00eancias em 32 bairros no Dia D contra a Dengue.<\/p>\n<p>Com a circula\u00e7\u00e3o viral, agentes de combate a endemias da Diretoria de Vigil\u00e2ncia em Sa\u00fade orientam a popula\u00e7\u00e3o, fazendo busca ativa de outros casos suspeitos da doen\u00e7a ou de pessoas com sintomas compat\u00edveis com a dengue, al\u00e9m da remo\u00e7\u00e3o mec\u00e2nica de criadouros de mosquitos.s.<\/p>\n","protected":false},"excerpt":{"rendered":"<p>A detec\u00e7\u00e3o de mosquitos em armadilhas espalhadas na cidade mostra que 34 bairros de Porto Alegre apresentam alta infesta\u00e7\u00e3o de Aedes aegypti, transmissor da dengue, sendo que seis est\u00e3o em situa\u00e7\u00e3o de alerta e cinco com infesta\u00e7\u00e3o moderada de mosquitos detectados. A informa\u00e7\u00e3o consta no boletim epidemiol\u00f3gico semanal arboviroses,\u00a0 divulgado pela Secretaria Municipal de Sa\u00fade [&hellip;]<\/p>\n","protected":false},"author":4,"featured_media":92149,"comment_status":"open","ping_status":"open","sticky":false,"template":"","format":"standard","meta":{"jetpack_post_was_ever_published":false,"_jetpack_newsletter_access":"","_jetpack_dont_email_post_to_subs":false,"_jetpack_newsletter_tier_id":0,"_jetpack_memberships_contains_paywalled_content":false,"_jetpack_memberships_contains_paid_content":false,"footnotes":"","jetpack_publicize_message":"","jetpack_publicize_feature_enabled":true,"jetpack_social_post_already_shared":true,"jetpack_social_options":{"image_generator_settings":{"template":"highway","default_image_id":0,"font":"","enabled":false},"version":2}},"categories":[2],"tags":[87,63,132,300,161,38,149,95,20],"class_list":["post-92148","post","type-post","status-publish","format-standard","has-post-thumbnail","hentry","category-geral","tag-ari","tag-jesus","tag-porto-alegre","tag-prefeitura","tag-pt","tag-saude","tag-sc","tag-sp","tag-sus"],"aioseo_notices":[],"jetpack_publicize_connections":[],"jetpack_featured_media_url":"https:\/\/www.jornalja.com.br\/geral\/wp-content\/uploads\/sites\/4\/2022\/04\/dengue-em-porto-alegre.jpg","jetpack_shortlink":"https:\/\/wp.me\/pbKhrD-nYg","jetpack-related-posts":[{"id":95216,"url":"https:\/\/www.jornalja.com.br\/geral\/mosquito-da-dengue-43-bairros-de-porto-alegre-com-alto-indice-de-infestacao\/","url_meta":{"origin":92148,"position":0},"title":"Mosquito da dengue: 43 bairros de Porto Alegre com alto \u00edndice de infesta\u00e7\u00e3o","author":"da Reda\u00e7\u00e3o","date":"18 de abril de 2023","format":false,"excerpt":"Dados do Boletim Informativo semanal da dengue divulgado pela Secretaria Municipal de Sa\u00fade (SMS) nesta ter\u00e7a-feira, 18, indicam a manuten\u00e7\u00e3o da transmiss\u00e3o do v\u00edrus na Regi\u00e3o Leste da cidade. De acordo com a publica\u00e7\u00e3o, at\u00e9 esta ter\u00e7a est\u00e3o confirmados 607 casos da doen\u00e7a, sendo 574 aut\u00f3ctones \u2013 contra\u00eddos na Capital.\u2026","rel":"","context":"Em &quot;Geral-NOTAS&quot;","block_context":{"text":"Geral-NOTAS","link":"https:\/\/www.jornalja.com.br\/geral\/category\/geral-notas\/"},"img":{"alt_text":"","src":"","width":0,"height":0},"classes":[]},{"id":97023,"url":"https:\/\/www.jornalja.com.br\/geral\/mosquito-da-dengue-infesta-39-bairros-em-porto-alegre-no-pais-75-dos-municipios-registram-surtos\/","url_meta":{"origin":92148,"position":1},"title":"Mosquito da dengue infesta 39 bairros em Porto Alegre; no pa\u00eds, 75% dos munic\u00edpios registram surtos","author":"Elmar Bones","date":"5 de fevereiro de 2024","format":false,"excerpt":"A dengue vem pipocando no notici\u00e1rio, mas ainda n\u00e3o foi dada a devida aten\u00e7\u00e3o para a dimens\u00e3o e gravidade do problema. Estamos diante de uma situa\u00e7\u00e3o que h\u00e1 anos vem se acumulando e vai se tornando um tremendo desafio ao Sistema de Sa\u00fade P\u00fablica. Em Porto Alegre, dos 46 bairros\u2026","rel":"","context":"Em &quot;Geral-MAT\u00c9RIA&quot;","block_context":{"text":"Geral-MAT\u00c9RIA","link":"https:\/\/www.jornalja.com.br\/geral\/category\/geral\/"},"img":{"alt_text":"","src":"https:\/\/i0.wp.com\/www.jornalja.com.br\/geral\/wp-content\/uploads\/sites\/4\/2024\/02\/dengue-1.png?resize=350%2C200&ssl=1","width":350,"height":200,"srcset":"https:\/\/i0.wp.com\/www.jornalja.com.br\/geral\/wp-content\/uploads\/sites\/4\/2024\/02\/dengue-1.png?resize=350%2C200&ssl=1 1x, https:\/\/i0.wp.com\/www.jornalja.com.br\/geral\/wp-content\/uploads\/sites\/4\/2024\/02\/dengue-1.png?resize=525%2C300&ssl=1 1.5x"},"classes":[]},{"id":92512,"url":"https:\/\/www.jornalja.com.br\/geral\/dengue-em-porto-alegre-surto-perde-ritmo-mas-ainda-cresce-com-dez-bairros-em-alerta\/","url_meta":{"origin":92148,"position":2},"title":"Dengue em Porto Alegre: surto perde ritmo mas ainda cresce; dez bairros seguem em alerta","author":"da Reda\u00e7\u00e3o","date":"4 de maio de 2022","format":false,"excerpt":"O Boletim Semanal sobre Dengue,\u00a0 desta ter\u00e7a-feira, 3,\u00a0 informa a confirma\u00e7\u00e3o de 1.627 casos aut\u00f3ctones da doen\u00e7a em Porto Alegre em 2022, um aumento de 2,5% no n\u00famero de casos em rela\u00e7\u00e3o \u00e0 semana anterior. No total, foram notificadas para a Vigil\u00e2ncia Epidemiol\u00f3gica da SMS 2.559 suspeitas de dengue entre\u2026","rel":"","context":"Em &quot;Geral-MAT\u00c9RIA&quot;","block_context":{"text":"Geral-MAT\u00c9RIA","link":"https:\/\/www.jornalja.com.br\/geral\/category\/geral\/"},"img":{"alt_text":"","src":"https:\/\/i0.wp.com\/www.jornalja.com.br\/geral\/wp-content\/uploads\/sites\/4\/2022\/05\/dengue-em-porto-alegre-mapa.jpg?resize=350%2C200&ssl=1","width":350,"height":200},"classes":[]},{"id":92364,"url":"https:\/\/www.jornalja.com.br\/geral\/dengue-em-porto-alegre-quase-30-de-novos-casos-em-uma-semana\/","url_meta":{"origin":92148,"position":3},"title":"Dengue em Porto Alegre:  quase 30% de novos casos em uma semana","author":"da Reda\u00e7\u00e3o","date":"27 de abril de 2022","format":false,"excerpt":"O Boletim Semanal sobre Dengue divulgado na ter\u00e7a-feira, 26, pela Secretaria Municipal de Sa\u00fade confirma 1.586 casos aut\u00f3ctones da doen\u00e7a em Porto Alegre em 2022. O dado reflete a manuten\u00e7\u00e3o do percentual de aumento de casos em uma semana: 28,3% em rela\u00e7\u00e3o ao Boletim de 19\/4. No total, foram notificadas\u2026","rel":"","context":"Em &quot;Geral-MAT\u00c9RIA&quot;","block_context":{"text":"Geral-MAT\u00c9RIA","link":"https:\/\/www.jornalja.com.br\/geral\/category\/geral\/"},"img":{"alt_text":"","src":"https:\/\/i0.wp.com\/www.jornalja.com.br\/geral\/wp-content\/uploads\/sites\/4\/2022\/04\/dengue-atualizada.jpg?resize=350%2C200&ssl=1","width":350,"height":200},"classes":[]},{"id":97424,"url":"https:\/\/www.jornalja.com.br\/geral\/dengue-chega-a-8-mil-casos-em-porto-alegre-este-ano-33-mil-suspeitas-em-observacao\/","url_meta":{"origin":92148,"position":4},"title":"Dengue chega a 8 mil casos em Porto Alegre este ano; 33 mil suspeitas em observa\u00e7\u00e3o","author":"da Reda\u00e7\u00e3o","date":"19 de junho de 2024","format":false,"excerpt":"Porto Alegre tem 7.933 casos confirmados de dengue em 2024 at\u00e9 o dia 15 de junho. Do total, 7.452 foram contra\u00eddos na cidade (aut\u00f3ctones), 309 s\u00e3o importados (infec\u00e7\u00e3o fora da cidade) e 172 t\u00eam local de infec\u00e7\u00e3o indeterminado. O total de ocorr\u00eancias suspeitas notificadas \u00e0 Equipe de Vigil\u00e2ncia de Doen\u00e7as\u2026","rel":"","context":"Em &quot;Geral-MAT\u00c9RIA&quot;","block_context":{"text":"Geral-MAT\u00c9RIA","link":"https:\/\/www.jornalja.com.br\/geral\/category\/geral\/"},"img":{"alt_text":"","src":"https:\/\/i0.wp.com\/www.jornalja.com.br\/geral\/wp-content\/uploads\/sites\/4\/2022\/04\/dengue-atualizada.jpg?resize=350%2C200&ssl=1","width":350,"height":200},"classes":[]},{"id":97549,"url":"https:\/\/www.jornalja.com.br\/geral\/dengue-chega-aos-10-mil-casos-em-porto-alegre-ja-sao-nove-mortes\/","url_meta":{"origin":92148,"position":5},"title":"Dengue chega aos 10 mil casos em Porto Alegre. J\u00e1 s\u00e3o nove mortes","author":"da Reda\u00e7\u00e3o","date":"16 de julho de 2024","format":false,"excerpt":"Porto Alegre tem 9.888 casos confirmados de dengue em 2024 at\u00e9 13 de julho. Do total, 9.188 foram contra\u00eddos na cidade (aut\u00f3ctones), 392 s\u00e3o importados (infec\u00e7\u00e3o fora da cidade) e 308 t\u00eam local de infec\u00e7\u00e3o indeterminado. O total de ocorr\u00eancias suspeitas notificadas \u00e0 Equipe de Vigil\u00e2ncia de Doen\u00e7as Transmiss\u00edveis da\u2026","rel":"","context":"Em &quot;Geral-MAT\u00c9RIA&quot;","block_context":{"text":"Geral-MAT\u00c9RIA","link":"https:\/\/www.jornalja.com.br\/geral\/category\/geral\/"},"img":{"alt_text":"","src":"https:\/\/i0.wp.com\/www.jornalja.com.br\/geral\/wp-content\/uploads\/sites\/4\/2022\/04\/dengue-em-porto-alegre.jpg?resize=350%2C200&ssl=1","width":350,"height":200},"classes":[]}],"jetpack_sharing_enabled":true,"_links":{"self":[{"href":"https:\/\/www.jornalja.com.br\/geral\/wp-json\/wp\/v2\/posts\/92148","targetHints":{"allow":["GET"]}}],"collection":[{"href":"https:\/\/www.jornalja.com.br\/geral\/wp-json\/wp\/v2\/posts"}],"about":[{"href":"https:\/\/www.jornalja.com.br\/geral\/wp-json\/wp\/v2\/types\/post"}],"author":[{"embeddable":true,"href":"https:\/\/www.jornalja.com.br\/geral\/wp-json\/wp\/v2\/users\/4"}],"replies":[{"embeddable":true,"href":"https:\/\/www.jornalja.com.br\/geral\/wp-json\/wp\/v2\/comments?post=92148"}],"version-history":[{"count":2,"href":"https:\/\/www.jornalja.com.br\/geral\/wp-json\/wp\/v2\/posts\/92148\/revisions"}],"predecessor-version":[{"id":92152,"href":"https:\/\/www.jornalja.com.br\/geral\/wp-json\/wp\/v2\/posts\/92148\/revisions\/92152"}],"wp:featuredmedia":[{"embeddable":true,"href":"https:\/\/www.jornalja.com.br\/geral\/wp-json\/wp\/v2\/media\/92149"}],"wp:attachment":[{"href":"https:\/\/www.jornalja.com.br\/geral\/wp-json\/wp\/v2\/media?parent=92148"}],"wp:term":[{"taxonomy":"category","embeddable":true,"href":"https:\/\/www.jornalja.com.br\/geral\/wp-json\/wp\/v2\/categories?post=92148"},{"taxonomy":"post_tag","embeddable":true,"href":"https:\/\/www.jornalja.com.br\/geral\/wp-json\/wp\/v2\/tags?post=92148"}],"curies":[{"name":"wp","href":"https:\/\/api.w.org\/{rel}","templated":true}]}}