{"id":92179,"date":"2022-04-11T13:07:17","date_gmt":"2022-04-11T16:07:17","guid":{"rendered":"https:\/\/www.jornalja.com.br\/geral\/?p=92179"},"modified":"2022-07-04T02:22:07","modified_gmt":"2022-07-04T05:22:07","slug":"plano-para-o-4o-distrito-sera-apresentado-em-audienciapublica-virtual-nesta-segunda","status":"publish","type":"post","link":"https:\/\/www.jornalja.com.br\/geral\/plano-para-o-4o-distrito-sera-apresentado-em-audienciapublica-virtual-nesta-segunda\/","title":{"rendered":"Plano para o 4\u00ba Distrito ser\u00e1 apresentado em audi\u00eancia p\u00fablica virtual nesta segunda"},"content":{"rendered":"<p>A prefeitura\u00a0 promove audi\u00eancia p\u00fablica virtual nesta segunda-feira, 11, para apresenta\u00e7\u00e3o do Programa Urban\u00edstico +4D,\u00a0 de revitaliza\u00e7\u00e3o do 4\u00ba Distrito, antiga zona industrial de Porto Alegre,\u00a0 que engloba os bairros Floresta, S\u00e3o Geraldo, Navegantes, Humait\u00e1 e Farrapos.<\/p>\n<p>A audi\u00eancia antecede o envio do projeto de lei \u00e0 C\u00e2mara Municipal.<\/p>\n<p>\u201cAquela regi\u00e3o da cidade vem sendo estudada\u00a0ao longo dos anos. Nos sentimos maduros para trabalhar um programa espec\u00edfico para o 4\u00ba Distrito, alinhado com o Plano Diretor\u00a0e aberto \u00e0s contribui\u00e7\u00f5es da comunidade para qualificarmos ainda mais a proposta\u201d, enfatiza o secret\u00e1rio da Smamus, Germano Bremm.<\/p>\n<p>A audi\u00eancia ocorre a partir das 19h e ser\u00e1 virtual, realizada na plataforma Zoom.<\/p>\n<p>A manifesta\u00e7\u00e3o dos interessados ocorrer\u00e1 de acordo com a inscri\u00e7\u00e3o em campo pr\u00f3prio na plataforma. O acesso \u00e0 audi\u00eancia p\u00fablica deve ser feito\u00a0neste link.<\/p>\n<p>A reuni\u00e3o tamb\u00e9m ser\u00e1 transmitida ao vivo pelo canal da Smamus no\u00a0Youtube, onde pode ser acompanhada sem direito \u00e0 manifesta\u00e7\u00e3o.<\/p>\n<p>\u201cAs participa\u00e7\u00f5es nas reuni\u00f5es e as contribui\u00e7\u00f5es feitas pela consulta p\u00fablica on-line s\u00e3o nosso ponto de partida para as revis\u00f5es das estrat\u00e9gias. Vamos continuar monitorando e coletando dados at\u00e9 o fim do projeto\u201d, explica a\u00a0diretora de Planejamento Urbano e Sustent\u00e1vel da Smamus,\u00a0Patr\u00edcia Tschoepke.<\/p>\n<p><strong>Confira as principais propostas do Programa +4D:<\/strong><\/p>\n<p>&#8211; Prioridade para empreendimentos focados na preserva\u00e7\u00e3o do patrim\u00f4nio hist\u00f3rico, pr\u00e1ticas sustent\u00e1veis e valoriza\u00e7\u00e3o da paisagem urbana<\/p>\n<p>&#8211; Descontos de at\u00e9 75% a 100% do valor de compra do solo criado;<\/p>\n<p>&#8211; Possibilidade de isen\u00e7\u00e3o de IPTU ou ITBI para empreendimentos que aderirem ao programa nos primeiros anos;<\/p>\n<p>&#8211; Sem limite de altura para determinadas regi\u00f5es do 4\u00ba Distrito<\/p>\n<p>&#8211; Incentivo \u00e0 diversidade arquitet\u00f4nica, \u00e0 qualifica\u00e7\u00e3o das esquinas e ao uso misto dos empreendimentos (residencial e n\u00e3o residencial);<\/p>\n<p>&#8211; Melhorias e obras vi\u00e1rias, de drenagem e saneamento, al\u00e9m de amplia\u00e7\u00e3o da seguran\u00e7a p\u00fablica.<\/p>\n<p>Para mais informa\u00e7\u00f5es e contribui\u00e7\u00f5es envie e-mail para\u00a0planodiretor@portoalegre.rs.gov.br<\/p>\n<p>Servi\u00e7o:<\/p>\n<p>Para participar da audi\u00eancia acesse o\u00a0link<br \/>\nID da reuni\u00e3o: 844 2158 0081 e Senha de acesso: 856733<\/p>\n<p>Para acompanhar a audi\u00eancia pelo canal da Smamus no Youtube, como espectador e sem direito \u00e0 manifesta\u00e7\u00e3o, acesse\u00a0aqui.<\/p>\n","protected":false},"excerpt":{"rendered":"<p>A prefeitura\u00a0 promove audi\u00eancia p\u00fablica virtual nesta segunda-feira, 11, para apresenta\u00e7\u00e3o do Programa Urban\u00edstico +4D,\u00a0 de revitaliza\u00e7\u00e3o do 4\u00ba Distrito, antiga zona industrial de Porto Alegre,\u00a0 que engloba os bairros Floresta, S\u00e3o Geraldo, Navegantes, Humait\u00e1 e Farrapos. A audi\u00eancia antecede o envio do projeto de lei \u00e0 C\u00e2mara Municipal. \u201cAquela regi\u00e3o da cidade vem sendo [&hellip;]<\/p>\n","protected":false},"author":4,"featured_media":92180,"comment_status":"open","ping_status":"open","sticky":false,"template":"","format":"standard","meta":{"jetpack_post_was_ever_published":false,"_jetpack_newsletter_access":"","_jetpack_dont_email_post_to_subs":false,"_jetpack_newsletter_tier_id":0,"_jetpack_memberships_contains_paywalled_content":false,"_jetpack_memberships_contains_paid_content":false,"footnotes":"","jetpack_publicize_message":"","jetpack_publicize_feature_enabled":true,"jetpack_social_post_already_shared":true,"jetpack_social_options":{"image_generator_settings":{"template":"highway","default_image_id":0,"font":"","enabled":false},"version":2}},"categories":[2],"tags":[240,265,342,151,356,120,498,132,300,488,255,161,15,374,149,361,95,530,20,509],"class_list":["post-92179","post","type-post","status-publish","format-standard","has-post-thumbnail","hentry","category-geral","tag-camara","tag-diversidade","tag-industria","tag-iptu","tag-mel","tag-obras","tag-obras-viarias","tag-porto-alegre","tag-prefeitura","tag-projeto","tag-projeto-de-lei","tag-pt","tag-rs","tag-saneamento","tag-sc","tag-seguranca","tag-sp","tag-stu","tag-sus","tag-uniao"],"aioseo_notices":[],"jetpack_publicize_connections":[],"jetpack_featured_media_url":"https:\/\/www.jornalja.com.br\/geral\/wp-content\/uploads\/sites\/4\/2022\/04\/quarto-distrito-revitalizacao.jpg","jetpack_shortlink":"https:\/\/wp.me\/pbKhrD-nYL","jetpack-related-posts":[{"id":100965,"url":"https:\/\/www.jornalja.com.br\/geral\/debate-o-novo-plano-diretor-respeita-o-direito-a-cidade\/","url_meta":{"origin":92179,"position":0},"title":"Debate: &#8220;O Novo Plano Diretor Respeita o Direito \u00e0 Cidade?&#8221;","author":"da Reda\u00e7\u00e3o","date":"30 de mar\u00e7o de 2026","format":false,"excerpt":"Sul21, Brasil de Fato e IAB-RS promovem um debate sobre o Plano Diretor de Porto Alegre, no dia 30 de mar\u00e7o. O evento \u201cO Novo Plano Diretor Respeita o Direito \u00e0 Cidade?\u201d ser\u00e1 realizado a partir das 19h30, no solar do IAB, que fica na Rua General Canabarro, n\u00ba 363,\u2026","rel":"","context":"Em &quot;Geral-MAT\u00c9RIA&quot;","block_context":{"text":"Geral-MAT\u00c9RIA","link":"https:\/\/www.jornalja.com.br\/geral\/category\/geral\/"},"img":{"alt_text":"","src":"https:\/\/i0.wp.com\/www.jornalja.com.br\/geral\/wp-content\/uploads\/sites\/4\/2026\/03\/ede-8942.jpg?resize=350%2C200&ssl=1","width":350,"height":200,"srcset":"https:\/\/i0.wp.com\/www.jornalja.com.br\/geral\/wp-content\/uploads\/sites\/4\/2026\/03\/ede-8942.jpg?resize=350%2C200&ssl=1 1x, https:\/\/i0.wp.com\/www.jornalja.com.br\/geral\/wp-content\/uploads\/sites\/4\/2026\/03\/ede-8942.jpg?resize=525%2C300&ssl=1 1.5x, https:\/\/i0.wp.com\/www.jornalja.com.br\/geral\/wp-content\/uploads\/sites\/4\/2026\/03\/ede-8942.jpg?resize=700%2C400&ssl=1 2x, https:\/\/i0.wp.com\/www.jornalja.com.br\/geral\/wp-content\/uploads\/sites\/4\/2026\/03\/ede-8942.jpg?resize=1050%2C600&ssl=1 3x, https:\/\/i0.wp.com\/www.jornalja.com.br\/geral\/wp-content\/uploads\/sites\/4\/2026\/03\/ede-8942.jpg?resize=1400%2C800&ssl=1 4x"},"classes":[]},{"id":100689,"url":"https:\/\/www.jornalja.com.br\/geral\/nova-ipiranga-megaprojeto-vai-impactar-186-mil-moradores-em-11-bairros\/","url_meta":{"origin":92179,"position":1},"title":"Nova Ipiranga: megaprojeto vai impactar 186 mil moradores em 11 bairros","author":"da Reda\u00e7\u00e3o","date":"3 de fevereiro de 2026","format":false,"excerpt":"Come\u00e7ou, com uma audi\u00eancia p\u00fablica na quarta-feira, 28\/01, a discuss\u00e3o do projeto de reurbaniza\u00e7\u00e3o do entorno da avenida Ipiranga,\u00a0 um dos eixos vi\u00e1rios de Porto Alegre. O projeto, no formato de uma Opera\u00e7\u00e3o Urbana Consorciada, \u00e9 presentado como \"um instrumento urban\u00edstico que busca despoluir o Arroio Dil\u00favio por meio de\u2026","rel":"","context":"Em &quot;Geral-MAT\u00c9RIA&quot;","block_context":{"text":"Geral-MAT\u00c9RIA","link":"https:\/\/www.jornalja.com.br\/geral\/category\/geral\/"},"img":{"alt_text":"","src":"https:\/\/i0.wp.com\/www.jornalja.com.br\/geral\/wp-content\/uploads\/sites\/4\/2026\/02\/ipiranga-espigoes.png?resize=350%2C200&ssl=1","width":350,"height":200,"srcset":"https:\/\/i0.wp.com\/www.jornalja.com.br\/geral\/wp-content\/uploads\/sites\/4\/2026\/02\/ipiranga-espigoes.png?resize=350%2C200&ssl=1 1x, https:\/\/i0.wp.com\/www.jornalja.com.br\/geral\/wp-content\/uploads\/sites\/4\/2026\/02\/ipiranga-espigoes.png?resize=525%2C300&ssl=1 1.5x, https:\/\/i0.wp.com\/www.jornalja.com.br\/geral\/wp-content\/uploads\/sites\/4\/2026\/02\/ipiranga-espigoes.png?resize=700%2C400&ssl=1 2x"},"classes":[]},{"id":100366,"url":"https:\/\/www.jornalja.com.br\/geral\/camara-comeca-a-votar-o-novo-plano-diretor-de-porto-alegre-vai-destruir-os-nossos-bairros\/","url_meta":{"origin":92179,"position":2},"title":"C\u00e2mara come\u00e7a  a votar o novo Plano Diretor de Porto Alegre: &#8220;Vai destruir os nossos bairros&#8221;","author":"Elmar Bones","date":"9 de dezembro de 2025","format":false,"excerpt":"A C\u00e2mara de Vereadores vota nesta quarta-feira, 10\/12 o relat\u00f3rio da Comiss\u00e3o Especial que analisou o projeto de revis\u00e3o do Plano Diretor de Porto Alegre. \u00c9 o primeiro passo para a valida\u00e7\u00e3o do plano, que o prefeito Sebasti\u00e3o Melo quer ver aprovado\u00a0 ainda este ano. Na verdade, n\u00e3o \u00e9 uma\u2026","rel":"","context":"Em &quot;Geral-MAT\u00c9RIA&quot;","block_context":{"text":"Geral-MAT\u00c9RIA","link":"https:\/\/www.jornalja.com.br\/geral\/category\/geral\/"},"img":{"alt_text":"","src":"","width":0,"height":0},"classes":[]},{"id":100660,"url":"https:\/\/www.jornalja.com.br\/geral\/audiencia-publica-sobre-maior-projeto-agro-industrial-do-rs-nao-e-noticia\/","url_meta":{"origin":92179,"position":3},"title":"Audi\u00eancia p\u00fablica sobre maior projeto agro-industrial do RS n\u00e3o \u00e9 not\u00edcia?","author":"Elmar Bones","date":"29 de janeiro de 2026","format":false,"excerpt":"N\u00e3o mereceu manchete nos jornais tradicionais de Porto Alegre a audi\u00eancia p\u00fablica sobre a nova f\u00e1brica de celulose da CMPC em Barra do Ribeiro, que ocorre neste 29 de janeiro de 2026, \u00e0s 16h, no Parque Municipal Nen\u00ea Naibert. A reuni\u00e3o aborda o Projeto Natureza, com investimentos de R$ 24\u2026","rel":"","context":"Em &quot;MANCHETE do Site&quot;","block_context":{"text":"MANCHETE do Site","link":"https:\/\/www.jornalja.com.br\/geral\/category\/manchete-do-site\/"},"img":{"alt_text":"","src":"https:\/\/i0.wp.com\/www.jornalja.com.br\/geral\/wp-content\/uploads\/sites\/4\/2026\/01\/cmpc-protesto-pede-mais-audiencias.jpeg?resize=350%2C200&ssl=1","width":350,"height":200,"srcset":"https:\/\/i0.wp.com\/www.jornalja.com.br\/geral\/wp-content\/uploads\/sites\/4\/2026\/01\/cmpc-protesto-pede-mais-audiencias.jpeg?resize=350%2C200&ssl=1 1x, https:\/\/i0.wp.com\/www.jornalja.com.br\/geral\/wp-content\/uploads\/sites\/4\/2026\/01\/cmpc-protesto-pede-mais-audiencias.jpeg?resize=525%2C300&ssl=1 1.5x, https:\/\/i0.wp.com\/www.jornalja.com.br\/geral\/wp-content\/uploads\/sites\/4\/2026\/01\/cmpc-protesto-pede-mais-audiencias.jpeg?resize=700%2C400&ssl=1 2x"},"classes":[]},{"id":101090,"url":"https:\/\/www.jornalja.com.br\/geral\/camara-de-porto-alegre-anuncia-votacao-de-plano-diretor-para-o-dia-23-de-abril\/","url_meta":{"origin":92179,"position":4},"title":"C\u00e2mara de Porto Alegre anuncia vota\u00e7\u00e3o de Plano Diretor para o dia 23 de abril","author":"da Reda\u00e7\u00e3o","date":"16 de abril de 2026","format":false,"excerpt":"A C\u00e2mara Municipal de Porto Alegre definiu que a vota\u00e7\u00e3o final do Plano Diretor Urbano Sustent\u00e1vel (PDUS) ocorrer\u00e1 no pr\u00f3ximo dia 23 de abril. O encerramento da an\u00e1lise das emendas est\u00e1 previsto para a sess\u00e3o do dia 22, conforme acordo firmado entre l\u00edderes da base governista e da oposi\u00e7\u00e3o, antecipando\u2026","rel":"","context":"Em &quot;Geral-MAT\u00c9RIA&quot;","block_context":{"text":"Geral-MAT\u00c9RIA","link":"https:\/\/www.jornalja.com.br\/geral\/category\/geral\/"},"img":{"alt_text":"","src":"https:\/\/i0.wp.com\/www.jornalja.com.br\/geral\/wp-content\/uploads\/sites\/4\/2026\/04\/ede-5907-foto-ederson-nunescmpa.jpg?resize=350%2C200&ssl=1","width":350,"height":200,"srcset":"https:\/\/i0.wp.com\/www.jornalja.com.br\/geral\/wp-content\/uploads\/sites\/4\/2026\/04\/ede-5907-foto-ederson-nunescmpa.jpg?resize=350%2C200&ssl=1 1x, https:\/\/i0.wp.com\/www.jornalja.com.br\/geral\/wp-content\/uploads\/sites\/4\/2026\/04\/ede-5907-foto-ederson-nunescmpa.jpg?resize=525%2C300&ssl=1 1.5x, https:\/\/i0.wp.com\/www.jornalja.com.br\/geral\/wp-content\/uploads\/sites\/4\/2026\/04\/ede-5907-foto-ederson-nunescmpa.jpg?resize=700%2C400&ssl=1 2x, https:\/\/i0.wp.com\/www.jornalja.com.br\/geral\/wp-content\/uploads\/sites\/4\/2026\/04\/ede-5907-foto-ederson-nunescmpa.jpg?resize=1050%2C600&ssl=1 3x, https:\/\/i0.wp.com\/www.jornalja.com.br\/geral\/wp-content\/uploads\/sites\/4\/2026\/04\/ede-5907-foto-ederson-nunescmpa.jpg?resize=1400%2C800&ssl=1 4x"},"classes":[]},{"id":100403,"url":"https:\/\/www.jornalja.com.br\/geral\/plano-diretor-de-porto-alegre-mpc-pede-suspensao-do-projeto-em-votacao-na-camara\/","url_meta":{"origin":92179,"position":5},"title":"Plano Diretor de Porto Alegre: MPC pede suspens\u00e3o da vota\u00e7\u00e3o do projeto","author":"da Reda\u00e7\u00e3o","date":"17 de dezembro de 2025","format":false,"excerpt":"O Minist\u00e9rio P\u00fablico de Contas (MPC) pediu a suspens\u00e3o do projeto de lei que revisa o Plano Diretor de Porto Alegre, em tramita\u00e7\u00e3o na C\u00e2mara de Vereadores.. Ind\u00edcios de irregularidades na elei\u00e7\u00e3o do Conselho Municipal de Desenvolvimento Urbano e Ambiental (CMDUA) justificam o pedido. Na representa\u00e7\u00e3o, protocolada na sexta, 12\/12,\u2026","rel":"","context":"Em &quot;Geral-MAT\u00c9RIA&quot;","block_context":{"text":"Geral-MAT\u00c9RIA","link":"https:\/\/www.jornalja.com.br\/geral\/category\/geral\/"},"img":{"alt_text":"","src":"https:\/\/i0.wp.com\/www.jornalja.com.br\/geral\/wp-content\/uploads\/sites\/4\/2025\/12\/plano-diretor-forum.jpg?resize=350%2C200&ssl=1","width":350,"height":200,"srcset":"https:\/\/i0.wp.com\/www.jornalja.com.br\/geral\/wp-content\/uploads\/sites\/4\/2025\/12\/plano-diretor-forum.jpg?resize=350%2C200&ssl=1 1x, https:\/\/i0.wp.com\/www.jornalja.com.br\/geral\/wp-content\/uploads\/sites\/4\/2025\/12\/plano-diretor-forum.jpg?resize=525%2C300&ssl=1 1.5x"},"classes":[]}],"jetpack_sharing_enabled":true,"_links":{"self":[{"href":"https:\/\/www.jornalja.com.br\/geral\/wp-json\/wp\/v2\/posts\/92179","targetHints":{"allow":["GET"]}}],"collection":[{"href":"https:\/\/www.jornalja.com.br\/geral\/wp-json\/wp\/v2\/posts"}],"about":[{"href":"https:\/\/www.jornalja.com.br\/geral\/wp-json\/wp\/v2\/types\/post"}],"author":[{"embeddable":true,"href":"https:\/\/www.jornalja.com.br\/geral\/wp-json\/wp\/v2\/users\/4"}],"replies":[{"embeddable":true,"href":"https:\/\/www.jornalja.com.br\/geral\/wp-json\/wp\/v2\/comments?post=92179"}],"version-history":[{"count":2,"href":"https:\/\/www.jornalja.com.br\/geral\/wp-json\/wp\/v2\/posts\/92179\/revisions"}],"predecessor-version":[{"id":92187,"href":"https:\/\/www.jornalja.com.br\/geral\/wp-json\/wp\/v2\/posts\/92179\/revisions\/92187"}],"wp:featuredmedia":[{"embeddable":true,"href":"https:\/\/www.jornalja.com.br\/geral\/wp-json\/wp\/v2\/media\/92180"}],"wp:attachment":[{"href":"https:\/\/www.jornalja.com.br\/geral\/wp-json\/wp\/v2\/media?parent=92179"}],"wp:term":[{"taxonomy":"category","embeddable":true,"href":"https:\/\/www.jornalja.com.br\/geral\/wp-json\/wp\/v2\/categories?post=92179"},{"taxonomy":"post_tag","embeddable":true,"href":"https:\/\/www.jornalja.com.br\/geral\/wp-json\/wp\/v2\/tags?post=92179"}],"curies":[{"name":"wp","href":"https:\/\/api.w.org\/{rel}","templated":true}]}}