{"id":92251,"date":"2022-04-25T07:46:33","date_gmt":"2022-04-25T10:46:33","guid":{"rendered":"https:\/\/www.jornalja.com.br\/geral\/?p=92251"},"modified":"2022-04-25T07:46:33","modified_gmt":"2022-04-25T10:46:33","slug":"porto-alegre-ja-tem-93-pracas-com-prefeitos-voluntarios","status":"publish","type":"post","link":"https:\/\/www.jornalja.com.br\/geral\/porto-alegre-ja-tem-93-pracas-com-prefeitos-voluntarios\/","title":{"rendered":"Porto Alegre j\u00e1 tem 93 pra\u00e7as com &#8220;prefeitos volunt\u00e1rios&#8221;"},"content":{"rendered":"<p>O prefeito Sebasti\u00e3o Melo oficializou a nomea\u00e7\u00e3o de mais 15 moradores e l\u00edderes comunit\u00e1rios das regi\u00f5es Noroeste e Centro para auxiliar o poder p\u00fablico nos cuidados com a preserva\u00e7\u00e3o ambiental e manuten\u00e7\u00e3o dos parques e pra\u00e7as da Capital.<\/p>\n<p>Os eventos ocorreram na Pra\u00e7a Bartolomeu de Gusm\u00e3o (av. Farrapos, bairro Floresta) e\u00a0na Pra\u00e7a Jap\u00e3o (rua Alameda Sebasti\u00e3o de Brito, 123, bairro Boa Vista). Agora a Capital conta agora com 93 prefeitos volunt\u00e1rios.<\/p>\n<p>Al\u00e9m da entrega do crach\u00e1 e certificado aos prefeitos nomeados, foi assinado o Pacto de Governan\u00e7a entre a comunidade e os gestores da prefeitura, com objetivo de estabelecer a corresponsabilidade no cuidado com os espa\u00e7os p\u00fablicos.<\/p>\n<p>Para o prefeito Sebasti\u00e3o Melo, o despertar do voluntariado e o pacto de governan\u00e7a entre poder p\u00fablico e popula\u00e7\u00e3o s\u00e3o os grandes valores de uma cidade.<\/p>\n<p>\u201cN\u00e3o nos cansamos de agradecer \u00e0 sociedade pelo apoio fundamental na preserva\u00e7\u00e3o de parques e pra\u00e7as. Sozinha a prefeitura n\u00e3o consegue dar conta de tudo. Esta alian\u00e7a do bem mobiliza nossa Capital a ser um lugar melhor de se viver\u201d. disse Melo.<\/p>\n<p>O secret\u00e1rio municipal de Sa\u00fade, Mauro Sparta, ressaltou a import\u00e2ncia dos cuidados para a preven\u00e7\u00e3o \u00e0 dengue. J\u00e1 o secret\u00e1rio municipal de Governan\u00e7a Local e Coordena\u00e7\u00e3o Pol\u00edtica, Cassio Trogildo, falou sobre a corresponsabilidade selada na assinatura do Pacto de Governan\u00e7a.<\/p>\n<p>&#8220;Estamos estabelecendo aqui uma importante rela\u00e7\u00e3o de cuidado compartilhado entre a prefeitura e a comunidade para a preserva\u00e7\u00e3o dos espa\u00e7os p\u00fablicos.&#8221;<\/p>\n<p>De acordo com o secret\u00e1rio adjunto de Parcerias, Jorge Murgas, a uni\u00e3o entre o poder p\u00fablico, a iniciativa privada e a sociedade \u00e9 o melhor caminho para oferecer servi\u00e7os p\u00fablicos de qualidade \u00e0 popula\u00e7\u00e3o. \u201cA nomea\u00e7\u00e3o dos prefeitos de pra\u00e7a representa\u00a0este cuidado e melhoria das nossas \u00e1reas verdes&#8221;, pontua.<\/p>\n<p><strong>Volunt\u00e1rios\u00a0&#8211;\u00a0<\/strong>O cargo\u00a0tem publica\u00e7\u00e3o legal no Di\u00e1rio Oficial de Porto Alegre e \u00e9 concedido \u00e0 cidad\u00e3 ou ao cidad\u00e3o que ser\u00e1 respons\u00e1vel por cuidar dos equipamentos p\u00fablicos, acompanhar os servi\u00e7os de manuten\u00e7\u00e3o e comunicar problemas e ocorr\u00eancias para que a prefeitura ou o adotante possa realizar a interven\u00e7\u00e3o necess\u00e1ria. Das 685 pra\u00e7as de Porto Alegre, 100 foram revitalizadas em 2021 e 135\u00a0devem receber melhorias neste ano pela prefeitura.<\/p>\n<p>J\u00e1 o secret\u00e1rio de Servi\u00e7os Urbanos, Marcos Felipi, parabenizou os novos prefeitos de pra\u00e7a que v\u00e3o\u00a0ajudar a manter as melhorias e organizar as demandas necess\u00e1rias. A zeladoria da cidade \u00e9 uma prioridade e as pra\u00e7as precisam n\u00e3o apenas da aten\u00e7\u00e3o do poder p\u00fablico, mas tamb\u00e9m dos cuidados da comunidade.<\/p>\n<p>Conhe\u00e7a os prefeitos de pra\u00e7as nomeados neste s\u00e1bado:<\/p>\n<p>Pra\u00e7a Parque Ararigb\u00f3ia &#8211; Prefeita: Maria Placedina de Souza Luz<\/p>\n<p>Pra\u00e7a Marselhesa &#8211; Prefeita: Simone Martins da Silva<\/p>\n<p>Pra\u00e7a Raimundo Scherer &#8211; Prefeita: Cleonice Fontoura Andrade<\/p>\n<p>Pra\u00e7a Berta Starosta &#8211; Prefeito: Gabriel Wolkind<\/p>\n<p>Pra\u00e7a Memorial dos Eucaliptos \u2013 Prefeito: Henrique Coromberk<\/p>\n<p>Pra\u00e7a Cinquenten\u00e1rio da R\u00e1dio Ga\u00facha \u2013 Prefeito: J\u00falio C\u00e9sar Ribeiro<\/p>\n<p>Pra\u00e7a Tamandar\u00e9 \u2013 Prefeito: Gabriel Sim\u00f5es Lisb\u00f4a<\/p>\n<p>Pra\u00e7a Bartolomeu de Gusm\u00e3o &#8211; Prefeita: D\u00e9bora Wellausem Chaves<\/p>\n<p>Pra\u00e7a Breno Vignoli \u2013 Prefeito: Paulo Roberto Neutzling<\/p>\n<p>Pra\u00e7a Estado de Israel &#8211; Prefeita: Eluze Gavi\u00e3o<\/p>\n<p>Pra\u00e7a Major Joaquim de Queiroz- Prefeita: Marta Rocha<\/p>\n<p>Pra\u00e7a Garibaldi \u2013 Prefeito: Vin\u00edcius Pimentel \u00c1vila<\/p>\n<p>Pra\u00e7a Leopoldo Bernardo Boeck &#8211; Prefeito: Rog\u00e9rio Rodrigues<\/p>\n<p>Pra\u00e7a Jap\u00e3o \u2013 Prefeito: Luiz Felipe Ranzolin Irigaray<\/p>\n<p>Pra\u00e7a Alfred Sehbe \u2013 Prefeito: Gilberto Goltz<\/p>\n<p><strong>(Com informa\u00e7\u00f5es da Assessoria de Imprensa)\u00a0<\/strong><\/p>\n","protected":false},"excerpt":{"rendered":"<p>O prefeito Sebasti\u00e3o Melo oficializou a nomea\u00e7\u00e3o de mais 15 moradores e l\u00edderes comunit\u00e1rios das regi\u00f5es Noroeste e Centro para auxiliar o poder p\u00fablico nos cuidados com a preserva\u00e7\u00e3o ambiental e manuten\u00e7\u00e3o dos parques e pra\u00e7as da Capital. Os eventos ocorreram na Pra\u00e7a Bartolomeu de Gusm\u00e3o (av. Farrapos, bairro Floresta) e\u00a0na Pra\u00e7a Jap\u00e3o (rua Alameda [&hellip;]<\/p>\n","protected":false},"author":4,"featured_media":92274,"comment_status":"open","ping_status":"open","sticky":false,"template":"","format":"standard","meta":{"jetpack_post_was_ever_published":false,"_jetpack_newsletter_access":"","_jetpack_dont_email_post_to_subs":false,"_jetpack_newsletter_tier_id":0,"_jetpack_memberships_contains_paywalled_content":false,"_jetpack_memberships_contains_paid_content":false,"footnotes":"","jetpack_publicize_message":"","jetpack_publicize_feature_enabled":true,"jetpack_social_post_already_shared":true,"jetpack_social_options":{"image_generator_settings":{"template":"highway","default_image_id":0,"font":"","enabled":false},"version":2}},"categories":[2],"tags":[87,490,146,424,200,4,277,356,489,247,132,300,161,446,479,15,38,149,95,509],"class_list":["post-92251","post","type-post","status-publish","format-standard","has-post-thumbnail","hentry","category-geral","tag-ari","tag-cassio-trogildo","tag-cinquentenario","tag-diario-oficial","tag-efeitos","tag-imprensa","tag-japao","tag-mel","tag-melo","tag-politica","tag-porto-alegre","tag-prefeitura","tag-pt","tag-queiroz","tag-red","tag-rs","tag-saude","tag-sc","tag-sp","tag-uniao"],"aioseo_notices":[],"jetpack_publicize_connections":[],"jetpack_featured_media_url":"https:\/\/www.jornalja.com.br\/geral\/wp-content\/uploads\/sites\/4\/2022\/04\/prefeito-da-praca.jpg","jetpack_shortlink":"https:\/\/wp.me\/pbKhrD-nZV","jetpack-related-posts":[{"id":100366,"url":"https:\/\/www.jornalja.com.br\/geral\/camara-comeca-a-votar-o-novo-plano-diretor-de-porto-alegre-vai-destruir-os-nossos-bairros\/","url_meta":{"origin":92251,"position":0},"title":"C\u00e2mara come\u00e7a  a votar o novo Plano Diretor de Porto Alegre: &#8220;Vai destruir os nossos bairros&#8221;","author":"Elmar Bones","date":"9 de dezembro de 2025","format":false,"excerpt":"A C\u00e2mara de Vereadores vota nesta quarta-feira, 10\/12 o relat\u00f3rio da Comiss\u00e3o Especial que analisou o projeto de revis\u00e3o do Plano Diretor de Porto Alegre. \u00c9 o primeiro passo para a valida\u00e7\u00e3o do plano, que o prefeito Sebasti\u00e3o Melo quer ver aprovado\u00a0 ainda este ano. Na verdade, n\u00e3o \u00e9 uma\u2026","rel":"","context":"Em &quot;Geral-MAT\u00c9RIA&quot;","block_context":{"text":"Geral-MAT\u00c9RIA","link":"https:\/\/www.jornalja.com.br\/geral\/category\/geral\/"},"img":{"alt_text":"","src":"","width":0,"height":0},"classes":[]},{"id":101014,"url":"https:\/\/www.jornalja.com.br\/geral\/porto-alegre-avanca-na-votacao-do-plano-diretor-sob-criticas-de-fatiamento-e-riscos-climaticos\/","url_meta":{"origin":92251,"position":1},"title":"Porto Alegre avan\u00e7a na vota\u00e7\u00e3o do Plano Diretor sob cr\u00edticas de \u201cfatiamento\u201d e riscos clim\u00e1ticos","author":"da Reda\u00e7\u00e3o","date":"5 de abril de 2026","format":false,"excerpt":"A C\u00e2mara Municipal de Porto Alegre entrou na fase final da revis\u00e3o do Plano Diretor. Ap\u00f3s meses de impasse, um acordo entre a base do prefeito Sebasti\u00e3o Melo (MDB) e a oposi\u00e7\u00e3o acelerou a vota\u00e7\u00e3o de mais de 200 emendas. A expectativa \u00e9 que o texto final seja apreciado ainda\u2026","rel":"","context":"Em &quot;Geral-MAT\u00c9RIA&quot;","block_context":{"text":"Geral-MAT\u00c9RIA","link":"https:\/\/www.jornalja.com.br\/geral\/category\/geral\/"},"img":{"alt_text":"","src":"https:\/\/i0.wp.com\/www.jornalja.com.br\/geral\/wp-content\/uploads\/sites\/4\/2026\/04\/ede-5907-foto-ederson-nunescmpa.jpg?resize=350%2C200&ssl=1","width":350,"height":200,"srcset":"https:\/\/i0.wp.com\/www.jornalja.com.br\/geral\/wp-content\/uploads\/sites\/4\/2026\/04\/ede-5907-foto-ederson-nunescmpa.jpg?resize=350%2C200&ssl=1 1x, https:\/\/i0.wp.com\/www.jornalja.com.br\/geral\/wp-content\/uploads\/sites\/4\/2026\/04\/ede-5907-foto-ederson-nunescmpa.jpg?resize=525%2C300&ssl=1 1.5x, https:\/\/i0.wp.com\/www.jornalja.com.br\/geral\/wp-content\/uploads\/sites\/4\/2026\/04\/ede-5907-foto-ederson-nunescmpa.jpg?resize=700%2C400&ssl=1 2x, https:\/\/i0.wp.com\/www.jornalja.com.br\/geral\/wp-content\/uploads\/sites\/4\/2026\/04\/ede-5907-foto-ederson-nunescmpa.jpg?resize=1050%2C600&ssl=1 3x, https:\/\/i0.wp.com\/www.jornalja.com.br\/geral\/wp-content\/uploads\/sites\/4\/2026\/04\/ede-5907-foto-ederson-nunescmpa.jpg?resize=1400%2C800&ssl=1 4x"},"classes":[]},{"id":100843,"url":"https:\/\/www.jornalja.com.br\/geral\/policia-civil-indicia-34-pessoas-por-suspeitas-de-fraudes-milionarias-na-educacao-em-porto-alegre\/","url_meta":{"origin":92251,"position":2},"title":"Pol\u00edcia Civil indicia 34 pessoas por suspeitas de fraudes milion\u00e1rias na Educa\u00e7\u00e3o em Porto Alegre","author":"da Reda\u00e7\u00e3o","date":"19 de fevereiro de 2026","format":false,"excerpt":"Nesta quinta-feira, 19 de fevereiro de 2026, a Pol\u00edcia Civil ga\u00facha finalizou o conjunto de inqu\u00e9ritos da Opera\u00e7\u00e3o Capa Dura, no total foram 34 pessoas indiciadas. O esquema pode ter movimentado mais de R$ 58 milh\u00f5es e funcionou dentro da Secretaria Municipal de Educa\u00e7\u00e3o de Porto Alegre (Smed) entre 2021\u2026","rel":"","context":"Em &quot;Geral-MAT\u00c9RIA&quot;","block_context":{"text":"Geral-MAT\u00c9RIA","link":"https:\/\/www.jornalja.com.br\/geral\/category\/geral\/"},"img":{"alt_text":"","src":"https:\/\/i0.wp.com\/www.jornalja.com.br\/geral\/wp-content\/uploads\/sites\/4\/2026\/02\/12100524-515394-gdo.jpeg?resize=350%2C200&ssl=1","width":350,"height":200,"srcset":"https:\/\/i0.wp.com\/www.jornalja.com.br\/geral\/wp-content\/uploads\/sites\/4\/2026\/02\/12100524-515394-gdo.jpeg?resize=350%2C200&ssl=1 1x, https:\/\/i0.wp.com\/www.jornalja.com.br\/geral\/wp-content\/uploads\/sites\/4\/2026\/02\/12100524-515394-gdo.jpeg?resize=525%2C300&ssl=1 1.5x, https:\/\/i0.wp.com\/www.jornalja.com.br\/geral\/wp-content\/uploads\/sites\/4\/2026\/02\/12100524-515394-gdo.jpeg?resize=700%2C400&ssl=1 2x"},"classes":[]},{"id":101113,"url":"https:\/\/www.jornalja.com.br\/geral\/chefe-do-mp-rs-plano-diretor-de-porto-alegre-e-mais-voltado-para-construcao-que-para-prevenir-enchentes\/","url_meta":{"origin":92251,"position":3},"title":"Chefe do MP-RS: \u201cPlano Diretor de Porto Alegre \u00e9 mais voltado para constru\u00e7\u00e3o que para prevenir enchentes&#8221;","author":"da Reda\u00e7\u00e3o","date":"21 de abril de 2026","format":false,"excerpt":"O projeto do novo Plano Diretor de Porto Alegre, que tramita h\u00e1 mais de ano e est\u00e1 em fase final de vota\u00e7\u00e3o na C\u00e2mara Municipal, tem indicativos de aprova\u00e7\u00e3o, pela for\u00e7a da maioria que o prefeito Sebasti\u00e3o Melo tem no legislativo. J\u00e1, estudos do Minist\u00e9rio P\u00fablico apontam \"falhas jur\u00eddicas\" no\u2026","rel":"","context":"Em &quot;Geral-MAT\u00c9RIA&quot;","block_context":{"text":"Geral-MAT\u00c9RIA","link":"https:\/\/www.jornalja.com.br\/geral\/category\/geral\/"},"img":{"alt_text":"","src":"https:\/\/i0.wp.com\/www.jornalja.com.br\/geral\/wp-content\/uploads\/sites\/4\/2026\/04\/whatsapp-image-2026-04-01-at-164602-1536x1023-1.jpeg?resize=350%2C200&ssl=1","width":350,"height":200,"srcset":"https:\/\/i0.wp.com\/www.jornalja.com.br\/geral\/wp-content\/uploads\/sites\/4\/2026\/04\/whatsapp-image-2026-04-01-at-164602-1536x1023-1.jpeg?resize=350%2C200&ssl=1 1x, https:\/\/i0.wp.com\/www.jornalja.com.br\/geral\/wp-content\/uploads\/sites\/4\/2026\/04\/whatsapp-image-2026-04-01-at-164602-1536x1023-1.jpeg?resize=525%2C300&ssl=1 1.5x, https:\/\/i0.wp.com\/www.jornalja.com.br\/geral\/wp-content\/uploads\/sites\/4\/2026\/04\/whatsapp-image-2026-04-01-at-164602-1536x1023-1.jpeg?resize=700%2C400&ssl=1 2x, https:\/\/i0.wp.com\/www.jornalja.com.br\/geral\/wp-content\/uploads\/sites\/4\/2026\/04\/whatsapp-image-2026-04-01-at-164602-1536x1023-1.jpeg?resize=1050%2C600&ssl=1 3x, https:\/\/i0.wp.com\/www.jornalja.com.br\/geral\/wp-content\/uploads\/sites\/4\/2026\/04\/whatsapp-image-2026-04-01-at-164602-1536x1023-1.jpeg?resize=1400%2C800&ssl=1 4x"},"classes":[]},{"id":100403,"url":"https:\/\/www.jornalja.com.br\/geral\/plano-diretor-de-porto-alegre-mpc-pede-suspensao-do-projeto-em-votacao-na-camara\/","url_meta":{"origin":92251,"position":4},"title":"Plano Diretor de Porto Alegre: MPC pede suspens\u00e3o da vota\u00e7\u00e3o do projeto","author":"da Reda\u00e7\u00e3o","date":"17 de dezembro de 2025","format":false,"excerpt":"O Minist\u00e9rio P\u00fablico de Contas (MPC) pediu a suspens\u00e3o do projeto de lei que revisa o Plano Diretor de Porto Alegre, em tramita\u00e7\u00e3o na C\u00e2mara de Vereadores.. Ind\u00edcios de irregularidades na elei\u00e7\u00e3o do Conselho Municipal de Desenvolvimento Urbano e Ambiental (CMDUA) justificam o pedido. Na representa\u00e7\u00e3o, protocolada na sexta, 12\/12,\u2026","rel":"","context":"Em &quot;Geral-MAT\u00c9RIA&quot;","block_context":{"text":"Geral-MAT\u00c9RIA","link":"https:\/\/www.jornalja.com.br\/geral\/category\/geral\/"},"img":{"alt_text":"","src":"https:\/\/i0.wp.com\/www.jornalja.com.br\/geral\/wp-content\/uploads\/sites\/4\/2025\/12\/plano-diretor-forum.jpg?resize=350%2C200&ssl=1","width":350,"height":200,"srcset":"https:\/\/i0.wp.com\/www.jornalja.com.br\/geral\/wp-content\/uploads\/sites\/4\/2025\/12\/plano-diretor-forum.jpg?resize=350%2C200&ssl=1 1x, https:\/\/i0.wp.com\/www.jornalja.com.br\/geral\/wp-content\/uploads\/sites\/4\/2025\/12\/plano-diretor-forum.jpg?resize=525%2C300&ssl=1 1.5x"},"classes":[]},{"id":100243,"url":"https:\/\/www.jornalja.com.br\/geral\/governo-federal-financia-compra-de-100-onibus-eletricos-para-porto-alegre\/","url_meta":{"origin":92251,"position":5},"title":"Governo federal financia compra de 100 \u00f4nibus el\u00e9tricos para Porto Alegre","author":"Elmar Bones","date":"18 de novembro de 2025","format":false,"excerpt":"O Banco Nacional de Desenvolvimento Econ\u00f4mico vai financiar a compra de 100 \u00f4nibus el\u00e9tricos para o transporte coletivo de Porto Alegre. A C\u00e2mara Municipal autorizou nesta segunda-feira o prefeito Sebasti\u00e3o Melo a contratar o financiamento no valor de R$ 447 milh\u00f5es com o banco estatal. O financiamento integra o programa\u2026","rel":"","context":"Em &quot;Geral-MAT\u00c9RIA&quot;","block_context":{"text":"Geral-MAT\u00c9RIA","link":"https:\/\/www.jornalja.com.br\/geral\/category\/geral\/"},"img":{"alt_text":"","src":"","width":0,"height":0},"classes":[]}],"jetpack_sharing_enabled":true,"_links":{"self":[{"href":"https:\/\/www.jornalja.com.br\/geral\/wp-json\/wp\/v2\/posts\/92251","targetHints":{"allow":["GET"]}}],"collection":[{"href":"https:\/\/www.jornalja.com.br\/geral\/wp-json\/wp\/v2\/posts"}],"about":[{"href":"https:\/\/www.jornalja.com.br\/geral\/wp-json\/wp\/v2\/types\/post"}],"author":[{"embeddable":true,"href":"https:\/\/www.jornalja.com.br\/geral\/wp-json\/wp\/v2\/users\/4"}],"replies":[{"embeddable":true,"href":"https:\/\/www.jornalja.com.br\/geral\/wp-json\/wp\/v2\/comments?post=92251"}],"version-history":[{"count":2,"href":"https:\/\/www.jornalja.com.br\/geral\/wp-json\/wp\/v2\/posts\/92251\/revisions"}],"predecessor-version":[{"id":92275,"href":"https:\/\/www.jornalja.com.br\/geral\/wp-json\/wp\/v2\/posts\/92251\/revisions\/92275"}],"wp:featuredmedia":[{"embeddable":true,"href":"https:\/\/www.jornalja.com.br\/geral\/wp-json\/wp\/v2\/media\/92274"}],"wp:attachment":[{"href":"https:\/\/www.jornalja.com.br\/geral\/wp-json\/wp\/v2\/media?parent=92251"}],"wp:term":[{"taxonomy":"category","embeddable":true,"href":"https:\/\/www.jornalja.com.br\/geral\/wp-json\/wp\/v2\/categories?post=92251"},{"taxonomy":"post_tag","embeddable":true,"href":"https:\/\/www.jornalja.com.br\/geral\/wp-json\/wp\/v2\/tags?post=92251"}],"curies":[{"name":"wp","href":"https:\/\/api.w.org\/{rel}","templated":true}]}}