{"id":92317,"date":"2022-04-27T09:32:29","date_gmt":"2022-04-27T12:32:29","guid":{"rendered":"https:\/\/www.jornalja.com.br\/geral\/?p=92317"},"modified":"2022-04-27T11:26:12","modified_gmt":"2022-04-27T14:26:12","slug":"tragedia-em-condominio-de-luxo-homem-mata-mae-pai-filho-mulher-e-se-suicida","status":"publish","type":"post","link":"https:\/\/www.jornalja.com.br\/geral\/tragedia-em-condominio-de-luxo-homem-mata-mae-pai-filho-mulher-e-se-suicida\/","title":{"rendered":"Trag\u00e9dia em condominio de luxo: empres\u00e1rio mata cinco pessoas da familia e se suicida"},"content":{"rendered":"<p>Os nomes ainda n\u00e3o foram divulgados.<\/p>\n<p>A trag\u00e9dia aconteceu num condom\u00ednio de luxo com vista para o Guaiba, no bairro Santa Teresa,\u00a0 em Porto Alegre.<\/p>\n<p>A pol\u00edcia foi\u00a0 chamada no in\u00edcio desta manh\u00e3 de quarta-feira, 27, e\u00a0 confirmou as cinco mortes por arma de fogo.<\/p>\n<p>O homem, um empres\u00e1rio, matou a m\u00e3e, o pai, o filho de 14 anos, a esposa e a sogra e se suicidou,<\/p>\n<p>Duas armas &#8211; uma espingarda calibre 12, a arma do crime, e uma pistola &#8211; foram encontradas no local.<\/p>\n<p>&nbsp;<\/p>\n<p>&nbsp;<\/p>\n<p>&nbsp;<\/p>\n","protected":false},"excerpt":{"rendered":"<p>Os nomes ainda n\u00e3o foram divulgados. A trag\u00e9dia aconteceu num condom\u00ednio de luxo com vista para o Guaiba, no bairro Santa Teresa,\u00a0 em Porto Alegre. A pol\u00edcia foi\u00a0 chamada no in\u00edcio desta manh\u00e3 de quarta-feira, 27, e\u00a0 confirmou as cinco mortes por arma de fogo. O homem, um empres\u00e1rio, matou a m\u00e3e, o pai, o [&hellip;]<\/p>\n","protected":false},"author":4,"featured_media":0,"comment_status":"open","ping_status":"open","sticky":false,"template":"","format":"standard","meta":{"jetpack_post_was_ever_published":false,"_jetpack_newsletter_access":"","_jetpack_dont_email_post_to_subs":false,"_jetpack_newsletter_tier_id":0,"_jetpack_memberships_contains_paywalled_content":false,"_jetpack_memberships_contains_paid_content":false,"footnotes":"","jetpack_publicize_message":"","jetpack_publicize_feature_enabled":true,"jetpack_social_post_already_shared":true,"jetpack_social_options":{"image_generator_settings":{"template":"highway","default_image_id":0,"font":"","enabled":false},"version":2}},"categories":[28],"tags":[439,132,95],"class_list":["post-92317","post","type-post","status-publish","format-standard","hentry","category-geral-notas","tag-policia","tag-porto-alegre","tag-sp"],"aioseo_notices":[],"jetpack_publicize_connections":[],"jetpack_featured_media_url":"","jetpack_shortlink":"https:\/\/wp.me\/pbKhrD-o0Z","jetpack-related-posts":[{"id":77802,"url":"https:\/\/www.jornalja.com.br\/geral\/chefe-da-milicia-morava-em-condominio-de-luxo-na-barra-da-tijuca\/","url_meta":{"origin":92317,"position":0},"title":"Chefe da mil\u00edcia preso em condom\u00ednio de luxo na Barra da Tijuca","author":"da Reda\u00e7\u00e3o","date":"27 de setembro de 2019","format":false,"excerpt":"A pol\u00edcia do Rio prendeu, nesta sexta-feira, Marcos Vin\u00edcius Gomes Dias, o Panelada, apontado como chefe de uma\u00a0mil\u00edcia\u00a0que controla as comunidades\u00a0Beira Rio\u00a0,\u00a0Novo Rio\u00a0e\u00a0Terreir\u00e3o\u00a0, no\u00a0Recreio dos Bandeirantes\u00a0, na\u00a0Zona Oeste\u00a0da capital. Ele foi capturado numa casa de luxo num condom\u00ednio na Barra da Tijuca, tamb\u00e9m na Zona Oeste. Contra Marcos era procurado\u2026","rel":"","context":"Em &quot;Geral-MAT\u00c9RIA&quot;","block_context":{"text":"Geral-MAT\u00c9RIA","link":"https:\/\/www.jornalja.com.br\/geral\/category\/geral\/"},"img":{"alt_text":"","src":"","width":0,"height":0},"classes":[]},{"id":100843,"url":"https:\/\/www.jornalja.com.br\/geral\/policia-civil-indicia-34-pessoas-por-suspeitas-de-fraudes-milionarias-na-educacao-em-porto-alegre\/","url_meta":{"origin":92317,"position":1},"title":"Pol\u00edcia Civil indicia 34 pessoas por suspeitas de fraudes milion\u00e1rias na Educa\u00e7\u00e3o em Porto Alegre","author":"da Reda\u00e7\u00e3o","date":"19 de fevereiro de 2026","format":false,"excerpt":"Nesta quinta-feira, 19 de fevereiro de 2026, a Pol\u00edcia Civil ga\u00facha finalizou o conjunto de inqu\u00e9ritos da Opera\u00e7\u00e3o Capa Dura, no total foram 34 pessoas indiciadas. O esquema pode ter movimentado mais de R$ 58 milh\u00f5es e funcionou dentro da Secretaria Municipal de Educa\u00e7\u00e3o de Porto Alegre (Smed) entre 2021\u2026","rel":"","context":"Em &quot;Geral-MAT\u00c9RIA&quot;","block_context":{"text":"Geral-MAT\u00c9RIA","link":"https:\/\/www.jornalja.com.br\/geral\/category\/geral\/"},"img":{"alt_text":"","src":"https:\/\/i0.wp.com\/www.jornalja.com.br\/geral\/wp-content\/uploads\/sites\/4\/2026\/02\/12100524-515394-gdo.jpeg?resize=350%2C200&ssl=1","width":350,"height":200,"srcset":"https:\/\/i0.wp.com\/www.jornalja.com.br\/geral\/wp-content\/uploads\/sites\/4\/2026\/02\/12100524-515394-gdo.jpeg?resize=350%2C200&ssl=1 1x, https:\/\/i0.wp.com\/www.jornalja.com.br\/geral\/wp-content\/uploads\/sites\/4\/2026\/02\/12100524-515394-gdo.jpeg?resize=525%2C300&ssl=1 1.5x, https:\/\/i0.wp.com\/www.jornalja.com.br\/geral\/wp-content\/uploads\/sites\/4\/2026\/02\/12100524-515394-gdo.jpeg?resize=700%2C400&ssl=1 2x"},"classes":[]},{"id":72609,"url":"https:\/\/www.jornalja.com.br\/geral\/policia-do-ceara-diz-que-desmantelou-tribunal-do-crime\/","url_meta":{"origin":92317,"position":2},"title":"Pol\u00edcia do Cear\u00e1 diz que desmantelou &quot;Tribunal do crime&quot;","author":"da Reda\u00e7\u00e3o","date":"7 de fevereiro de 2019","format":false,"excerpt":"Um agente penintenci\u00e1rio foi preso e outras cinco\u00a0pessoas capturadas numa opera\u00e7\u00e3o da\u00a0Pol\u00edcia\u00a0Civil e com o apoio de outras for\u00e7as de seguran\u00e7a que desarticulou um \"tribunal do crime\" num condom\u00ednio de Horizonte, na Regi\u00e3o Metropolitana de Fortaleza, na manh\u00e3 desta quinta-feira (7). O agente,\u00a0identificado como Paulo Rodrigues da Silva, foi detido\u2026","rel":"","context":"Em &quot;Geral-MAT\u00c9RIA&quot;","block_context":{"text":"Geral-MAT\u00c9RIA","link":"https:\/\/www.jornalja.com.br\/geral\/category\/geral\/"},"img":{"alt_text":"","src":"","width":0,"height":0},"classes":[]},{"id":100246,"url":"https:\/\/www.jornalja.com.br\/geral\/mjdh-pede-novo-inquerito-sobre-homem-morto-por-policiais-ha-evidencias-de-que-foi-uma-execucao\/","url_meta":{"origin":92317,"position":3},"title":"MJDH pede novo inqu\u00e9rito sobre homem morto por policiais: &#8220;H\u00e1 evid\u00eancias de que foi uma execu\u00e7\u00e3o&#8221;","author":"da Reda\u00e7\u00e3o","date":"19 de novembro de 2025","format":false,"excerpt":"O presidente do Movimento de Justi\u00e7a e Direitos Humanos, Jair Krischke, de 86 anos, fez quest\u00e3o de ir pessoalmente \u00e0 sede do Minist\u00e9rio P\u00fablico Estadual na tarde desta ter\u00e7a-feira, 18\/11. Acompanhado do presidente da Comiss\u00e3o de Direitos Humanos da C\u00e2mara Municipal, vereador Pedro Ruas, ele protocolou uma representa\u00e7\u00e3o, pedindo novas\u2026","rel":"","context":"Em &quot;Geral-MAT\u00c9RIA&quot;","block_context":{"text":"Geral-MAT\u00c9RIA","link":"https:\/\/www.jornalja.com.br\/geral\/category\/geral\/"},"img":{"alt_text":"","src":"https:\/\/i0.wp.com\/www.jornalja.com.br\/geral\/wp-content\/uploads\/sites\/4\/2025\/11\/direitos-humanos-caso-herick.png?resize=350%2C200&ssl=1","width":350,"height":200,"srcset":"https:\/\/i0.wp.com\/www.jornalja.com.br\/geral\/wp-content\/uploads\/sites\/4\/2025\/11\/direitos-humanos-caso-herick.png?resize=350%2C200&ssl=1 1x, https:\/\/i0.wp.com\/www.jornalja.com.br\/geral\/wp-content\/uploads\/sites\/4\/2025\/11\/direitos-humanos-caso-herick.png?resize=525%2C300&ssl=1 1.5x"},"classes":[]},{"id":77146,"url":"https:\/\/www.jornalja.com.br\/geral\/quadrilha-com-metodos-milicianos-extorquia-comerciantes-no-centro-de-porto-alegre\/","url_meta":{"origin":92317,"position":4},"title":"Mil\u00edcia desarticulada pela pol\u00edcia agia h\u00e1 dois anos no centro de Porto Alegre","author":"da Reda\u00e7\u00e3o","date":"6 de setembro de 2019","format":false,"excerpt":"Oito pessoas foram presas, al\u00e9m de armas, drogas e ve\u00edculos de luxo, na Opera\u00e7\u00e3o Toll deflagrada pela Policia Civil na\u00a0 manh\u00e3 desta sexta-feira no centro de Porto Alegre. Segundo nota da pol\u00edcia, eles integram uma organiza\u00e7\u00e3o criminosa que atua extorquindo comerciantes informais, garotas de programa e comerciantes da regi\u00e3o central\u2026","rel":"","context":"Em &quot;Geral-MAT\u00c9RIA&quot;","block_context":{"text":"Geral-MAT\u00c9RIA","link":"https:\/\/www.jornalja.com.br\/geral\/category\/geral\/"},"img":{"alt_text":"","src":"","width":0,"height":0},"classes":[]},{"id":101178,"url":"https:\/\/www.jornalja.com.br\/geral\/dois-anos-do-incendio-na-pousada-garoa-11-vitimas-ainda-sem-justica\/","url_meta":{"origin":92317,"position":5},"title":"Dois anos do inc\u00eandio na Pousada Garoa: 11 v\u00edtimas ainda sem justi\u00e7a","author":"da Reda\u00e7\u00e3o","date":"27 de abril de 2026","format":false,"excerpt":"Um ato simb\u00f3lico marcou, neste domingo, 26\/04, os dois anos do inc\u00eandio na Pousada Garoa, albergue conveniado com a prefeitura de Porto Alegre, na avenida Farrapos. Na trag\u00e9dia, 11 pessoas morreram queimadas e, ao menos, outras 15 sofreram ferimentos. \u201cO que houve aqui, h\u00e1 dois anos, independentemente da origem do\u2026","rel":"","context":"Em &quot;MANCHETE do Site&quot;","block_context":{"text":"MANCHETE do Site","link":"https:\/\/www.jornalja.com.br\/geral\/category\/manchete-do-site\/"},"img":{"alt_text":"","src":"https:\/\/i0.wp.com\/www.jornalja.com.br\/geral\/wp-content\/uploads\/sites\/4\/2026\/04\/pousada-garoa-2-anos-2-scaled.jpg?resize=350%2C200&ssl=1","width":350,"height":200,"srcset":"https:\/\/i0.wp.com\/www.jornalja.com.br\/geral\/wp-content\/uploads\/sites\/4\/2026\/04\/pousada-garoa-2-anos-2-scaled.jpg?resize=350%2C200&ssl=1 1x, https:\/\/i0.wp.com\/www.jornalja.com.br\/geral\/wp-content\/uploads\/sites\/4\/2026\/04\/pousada-garoa-2-anos-2-scaled.jpg?resize=525%2C300&ssl=1 1.5x, https:\/\/i0.wp.com\/www.jornalja.com.br\/geral\/wp-content\/uploads\/sites\/4\/2026\/04\/pousada-garoa-2-anos-2-scaled.jpg?resize=700%2C400&ssl=1 2x, https:\/\/i0.wp.com\/www.jornalja.com.br\/geral\/wp-content\/uploads\/sites\/4\/2026\/04\/pousada-garoa-2-anos-2-scaled.jpg?resize=1050%2C600&ssl=1 3x, https:\/\/i0.wp.com\/www.jornalja.com.br\/geral\/wp-content\/uploads\/sites\/4\/2026\/04\/pousada-garoa-2-anos-2-scaled.jpg?resize=1400%2C800&ssl=1 4x"},"classes":[]}],"jetpack_sharing_enabled":true,"_links":{"self":[{"href":"https:\/\/www.jornalja.com.br\/geral\/wp-json\/wp\/v2\/posts\/92317","targetHints":{"allow":["GET"]}}],"collection":[{"href":"https:\/\/www.jornalja.com.br\/geral\/wp-json\/wp\/v2\/posts"}],"about":[{"href":"https:\/\/www.jornalja.com.br\/geral\/wp-json\/wp\/v2\/types\/post"}],"author":[{"embeddable":true,"href":"https:\/\/www.jornalja.com.br\/geral\/wp-json\/wp\/v2\/users\/4"}],"replies":[{"embeddable":true,"href":"https:\/\/www.jornalja.com.br\/geral\/wp-json\/wp\/v2\/comments?post=92317"}],"version-history":[{"count":5,"href":"https:\/\/www.jornalja.com.br\/geral\/wp-json\/wp\/v2\/posts\/92317\/revisions"}],"predecessor-version":[{"id":92347,"href":"https:\/\/www.jornalja.com.br\/geral\/wp-json\/wp\/v2\/posts\/92317\/revisions\/92347"}],"wp:attachment":[{"href":"https:\/\/www.jornalja.com.br\/geral\/wp-json\/wp\/v2\/media?parent=92317"}],"wp:term":[{"taxonomy":"category","embeddable":true,"href":"https:\/\/www.jornalja.com.br\/geral\/wp-json\/wp\/v2\/categories?post=92317"},{"taxonomy":"post_tag","embeddable":true,"href":"https:\/\/www.jornalja.com.br\/geral\/wp-json\/wp\/v2\/tags?post=92317"}],"curies":[{"name":"wp","href":"https:\/\/api.w.org\/{rel}","templated":true}]}}