{"id":92361,"date":"2022-04-27T16:39:34","date_gmt":"2022-04-27T19:39:34","guid":{"rendered":"https:\/\/www.jornalja.com.br\/geral\/?p=92361"},"modified":"2022-04-27T16:39:34","modified_gmt":"2022-04-27T19:39:34","slug":"passe-livre-para-dia-d-da-vacinacao-contra-sarampo-e-gripe-em-porto-alegre","status":"publish","type":"post","link":"https:\/\/www.jornalja.com.br\/geral\/passe-livre-para-dia-d-da-vacinacao-contra-sarampo-e-gripe-em-porto-alegre\/","title":{"rendered":"Passe livre para dia D da vacina\u00e7\u00e3o contra sarampo e gripe em Porto Alegre"},"content":{"rendered":"<p>A prefeitura de Porto Alegre promove no s\u00e1bado, 30, o Dia D da vacina\u00e7\u00e3o contra o sarampo e gripe (influenza).<\/p>\n<p>A atividade ir\u00e1 acontecer em 108 unidades de sa\u00fade, das 8h \u00e0s 17h (confira aqui:<\/p>\n<p>http:\/\/lproweb.procempa.com.br\/pmpa\/prefpoa\/cs\/usu_doc\/unidades_saude_dia_d.pdf.<\/p>\n<p>Tamb\u00e9m ser\u00e3o oferecidas primeira e segunda doses de vacinas contra a Covid-19 para crian\u00e7as, em 34 unidades de sa\u00fade. Para facilitar o deslocamento, haver\u00e1 passe livre nos \u00f4nibus da Capital.<\/p>\n<p>Para o sarampo, o p\u00fablico-alvo ser\u00e3o crian\u00e7as de seis meses a menores de cinco anos (quatro anos, 11 meses e 29 dias) e os trabalhadores de sa\u00fade com atualiza\u00e7\u00e3o da caderneta vacinal.<\/p>\n<p>J\u00e1 para a gripe (Influenza), o p\u00fablico-alvo s\u00e3o idosos, acima de 60 anos, trabalhadores de sa\u00fade e crian\u00e7as da mesma faixa et\u00e1ria do sarampo.<\/p>\n<p>Segundo o informe do Minist\u00e9rio da Sa\u00fade, tanto a vacina da gripe quanto a do sarampo podem ser administradas no mesmo dia.<\/p>\n<p>A \u00fanica exce\u00e7\u00e3o para esta regra \u00e9 a vacina contra a Covid-19 em crian\u00e7as de 5 a 11 anos de idade que devem aguardar 15 dias para receber qualquer vacina, inclusive sarampo e gripe.<\/p>\n<p>Para receber a imuniza\u00e7\u00e3o contra a gripe ou sarampo, trabalhadores da sa\u00fade devem apresentar contracheque ou outro documento que demonstre o v\u00ednculo empregat\u00edcio.<\/p>\n<p>Para as crian\u00e7as, \u00e9 solicitada a apresenta\u00e7\u00e3o da caderneta de vacina\u00e7\u00e3o. Idosos devem apresentar documento oficial com foto, que comprove a idade.<\/p>\n<p>J\u00e1 para imuniza\u00e7\u00e3o contra a Covid-19 \u00e9 preciso levar documento de identidade do acompanhante e da crian\u00e7a. Os pais ou respons\u00e1veis legais devem estar presentes no momento da vacina\u00e7\u00e3o, ou a pessoa que estiver acompanhando a crian\u00e7a no momento da vacina\u00e7\u00e3o deve apresentar autoriza\u00e7\u00e3o por escrito.<\/p>\n<p><strong>Covid: 34 mil crian\u00e7as n\u00e3o fizeram segunda dose<\/strong><\/p>\n<p>Conforme levantamento da SMS, mais de\u00a034 mil crian\u00e7as\u00a0est\u00e3o com a segunda dose da vacina contra a Covid-19 em atraso.<\/p>\n<p>\u201c\u00c9 importante que os pais levem seus filhos para vacinar, uma vez em que h\u00e1 um aumento expressivo de procura por atendimento de sa\u00fade dos servi\u00e7os pedi\u00e1tricos, especialmente por problemas respirat\u00f3rios.<\/p>\n<p><strong>Dia D de vacina\u00e7\u00e3o contra o sarampo e gripe (influenza):<\/strong><\/p>\n<p>30 (s\u00e1bado), das 8h \u00e0s 17h:<\/p>\n<p>Sarampo (tr\u00edplice viral):\u00a0crian\u00e7as de seis meses a menores de cinco anos (quatro anos, 11 meses e 29 dias) e os trabalhadores de sa\u00fade.<\/p>\n<p>Gripe (influenza):\u00a0crian\u00e7as de seis meses a menores de cinco anos (quatro anos, 11 meses e 29 dias), trabalhadores de sa\u00fade e idosos acima de 60 anos.<\/p>\n<p><strong>Covid-19<\/strong>:\u00a0crian\u00e7as de 5 a 11 anos de idade. A primeira dose de Coronavac \u00e9 oferecida a todas as crian\u00e7as de 6 a 11 anos, exceto as imunocomprometidas, e a segunda dose, para crian\u00e7as vacinadas h\u00e1 28 dias. J\u00e1 a primeira dose da vacina pedi\u00e1trica da Pfizer \u00e9 oferecida para todas as crian\u00e7as de 5 a 11 anos, e a segunda dose, 8 semanas ap\u00f3s a primeira dose.<\/p>\n<p>Os locais de vacina\u00e7\u00e3o contra a Covid-19 em adultos ser\u00e3o divulgados posteriormente pela SMS.<\/p>\n","protected":false},"excerpt":{"rendered":"<p>A prefeitura de Porto Alegre promove no s\u00e1bado, 30, o Dia D da vacina\u00e7\u00e3o contra o sarampo e gripe (influenza). A atividade ir\u00e1 acontecer em 108 unidades de sa\u00fade, das 8h \u00e0s 17h (confira aqui: http:\/\/lproweb.procempa.com.br\/pmpa\/prefpoa\/cs\/usu_doc\/unidades_saude_dia_d.pdf. Tamb\u00e9m ser\u00e3o oferecidas primeira e segunda doses de vacinas contra a Covid-19 para crian\u00e7as, em 34 unidades de sa\u00fade. [&hellip;]<\/p>\n","protected":false},"author":4,"featured_media":0,"comment_status":"open","ping_status":"open","sticky":false,"template":"","format":"standard","meta":{"jetpack_post_was_ever_published":false,"_jetpack_newsletter_access":"","_jetpack_dont_email_post_to_subs":false,"_jetpack_newsletter_tier_id":0,"_jetpack_memberships_contains_paywalled_content":false,"_jetpack_memberships_contains_paid_content":false,"footnotes":"","jetpack_publicize_message":"","jetpack_publicize_feature_enabled":true,"jetpack_social_post_already_shared":true,"jetpack_social_options":{"image_generator_settings":{"template":"highway","default_image_id":0,"font":"","enabled":false},"version":2}},"categories":[28],"tags":[462,91,502,460,170,132,300,267,38,149,95],"class_list":["post-92361","post","type-post","status-publish","format-standard","hentry","category-geral-notas","tag-covid","tag-covid-19","tag-imunizacao","tag-ovid","tag-pmpa","tag-porto-alegre","tag-prefeitura","tag-prefeitura-de-porto-alegre","tag-saude","tag-sc","tag-sp"],"aioseo_notices":[],"jetpack_publicize_connections":[],"jetpack_featured_media_url":"","jetpack_shortlink":"https:\/\/wp.me\/pbKhrD-o1H","jetpack-related-posts":[{"id":76042,"url":"https:\/\/www.jornalja.com.br\/geral\/casos-de-sarampo-alteram-recomendacao-para-vacinacao-de-criancas\/","url_meta":{"origin":92361,"position":0},"title":"Casos de sarampo alteram recomenda\u00e7\u00e3o para vacina\u00e7\u00e3o de crian\u00e7as","author":"Carlos Matsubara","date":"7 de agosto de 2019","format":false,"excerpt":"Beb\u00eas de seis meses a menos de um ano que forem viajar para algum dos 39 munic\u00edpios de S\u00e3o Paulo (SP), Rio de Janeiro (RJ) e Par\u00e1 (PA) com surto ativo de sarampo devem tomar uma dose extra da vacina tr\u00edplice viral, pelo menos 15 dias antes da viagem. A\u2026","rel":"","context":"Em &quot;Geral-MAT\u00c9RIA&quot;","block_context":{"text":"Geral-MAT\u00c9RIA","link":"https:\/\/www.jornalja.com.br\/geral\/category\/geral\/"},"img":{"alt_text":"","src":"https:\/\/i0.wp.com\/www.jornalja.com.br\/wp-content\/uploads\/2019\/08\/vacinacao-450x300.jpg?resize=350%2C200&ssl=1","width":350,"height":200},"classes":[]},{"id":99063,"url":"https:\/\/www.jornalja.com.br\/geral\/secretaria-da-saude-alerta-para-o-baixo-indice-de-vacinacao-contra-gripe-em-criancas-e-idosos\/","url_meta":{"origin":92361,"position":1},"title":"Secret\u00e1ria da Sa\u00fade alerta para o baixo indice de vacina\u00e7\u00e3o contra gripe em crian\u00e7as e idosos","author":"da Reda\u00e7\u00e3o","date":"26 de maio de 2025","format":false,"excerpt":"Na reuni\u00e3o com os prefeitos da Regi\u00e3o Metropolitana de Porto Alegre, na sexta-feira 23\/05, a Secret\u00e1ria\u00a0 da\u00a0 Sa\u00fade do RS,\u00a0 Arita Bergman fez um apelo para que os munic\u00edpios intensifiquem a vacina\u00e7\u00e3o contra a gripe. A secret\u00e1ria disse que at\u00e9 o momento, apenas 35% dos grupos priorit\u00e1rios se vacinaram no\u2026","rel":"","context":"Em &quot;Geral-MAT\u00c9RIA&quot;","block_context":{"text":"Geral-MAT\u00c9RIA","link":"https:\/\/www.jornalja.com.br\/geral\/category\/geral\/"},"img":{"alt_text":"","src":"","width":0,"height":0},"classes":[]},{"id":95205,"url":"https:\/\/www.jornalja.com.br\/geral\/gripe-vacina-por-enquanto-so-para-idosos-profissionais-da-saude-e-indigenas\/","url_meta":{"origin":92361,"position":2},"title":"Gripe: vacina por enquanto s\u00f3 para idosos, profissionais da sa\u00fade e ind\u00edgenas","author":"da Reda\u00e7\u00e3o","date":"16 de abril de 2023","format":false,"excerpt":"A vacina\u00e7\u00e3o contra a gripe (Influenza) segue dispon\u00edvel nas unidades de sa\u00fade de Porto Alegre para idosos com 60 anos ou mais, profissionais de sa\u00fade e ind\u00edgenas. A campanha de imuniza\u00e7\u00e3o teve in\u00edcio em todo o pa\u00eds no \u00faltimo dia 10. A meta \u00e9 atingir 90% de cada grupo at\u00e9\u2026","rel":"","context":"Em &quot;Geral-NOTAS&quot;","block_context":{"text":"Geral-NOTAS","link":"https:\/\/www.jornalja.com.br\/geral\/category\/geral-notas\/"},"img":{"alt_text":"","src":"","width":0,"height":0},"classes":[]},{"id":78071,"url":"https:\/\/www.jornalja.com.br\/geral\/vacinacao-contra-o-sarampo-comeca-na-segunda-feira\/","url_meta":{"origin":92361,"position":3},"title":"Vacina\u00e7\u00e3o contra o sarampo come\u00e7a na segunda feira","author":"da Reda\u00e7\u00e3o","date":"5 de outubro de 2019","format":false,"excerpt":"Segunda-feira (7), come\u00e7a a Campanha Nacional de Vacina\u00e7\u00e3o contra o Sarampo. Na primeira fase, que vai at\u00e9 o dia 25 de outubro, o p\u00fablico-alvo ser\u00e3o as crian\u00e7as com idade entre 6 meses e 4 anos e 29 dias. A segunda etapa, de 18 a 30 de novembro, ter\u00e1 foco na\u2026","rel":"","context":"Em &quot;Geral-MAT\u00c9RIA&quot;","block_context":{"text":"Geral-MAT\u00c9RIA","link":"https:\/\/www.jornalja.com.br\/geral\/category\/geral\/"},"img":{"alt_text":"","src":"","width":0,"height":0},"classes":[]},{"id":79235,"url":"https:\/\/www.jornalja.com.br\/geral\/porto-alegre-ja-tem-12-casos-confirmados-de-sarampo\/","url_meta":{"origin":92361,"position":4},"title":"Porto Alegre j\u00e1 tem 12 casos de sarampo confirmados","author":"da Reda\u00e7\u00e3o","date":"15 de novembro de 2019","format":false,"excerpt":"Jovens entre 20 e 29 anos comp\u00f5em o p\u00fablico-alvo da nova etapa da campanha de imuniza\u00e7\u00e3o contra o sarampo, que come\u00e7a nesta segunda-feira, 18. A campanha \u00e9 nacional e se estende at\u00e9 o dia 30. Nesta nova etapa, o grupo foi escolhido em fun\u00e7\u00e3o da situa\u00e7\u00e3o epidemiol\u00f3gica do pa\u00eds, com\u2026","rel":"","context":"Em &quot;Geral-MAT\u00c9RIA&quot;","block_context":{"text":"Geral-MAT\u00c9RIA","link":"https:\/\/www.jornalja.com.br\/geral\/category\/geral\/"},"img":{"alt_text":"","src":"","width":0,"height":0},"classes":[]},{"id":94555,"url":"https:\/\/www.jornalja.com.br\/geral\/covid-em-porto-alegre-confira-a-vacinacao-em-criancas-e-adultos\/","url_meta":{"origin":92361,"position":5},"title":"Covid em Porto Alegre: confira a vacina\u00e7\u00e3o em crian\u00e7as e adultos","author":"da Reda\u00e7\u00e3o","date":"18 de dezembro de 2022","format":false,"excerpt":"A Secretaria Municipal de Sa\u00fade (SMS) prossegue nesta segunda-feira, 19, com a vacina\u00e7\u00e3o contra Covid-19 de beb\u00eas a partir de seis meses at\u00e9 menores de 3 anos com comorbidades. A vacina pedi\u00e1trica Pfizer baby estar\u00e1 dispon\u00edvel em dez unidades de sa\u00fade (Santa Marta, Tristeza, Primeiro de Maio, \u00c1lvaro Difini, Navegantes,\u2026","rel":"","context":"Em &quot;Geral-NOTAS&quot;","block_context":{"text":"Geral-NOTAS","link":"https:\/\/www.jornalja.com.br\/geral\/category\/geral-notas\/"},"img":{"alt_text":"","src":"","width":0,"height":0},"classes":[]}],"jetpack_sharing_enabled":true,"_links":{"self":[{"href":"https:\/\/www.jornalja.com.br\/geral\/wp-json\/wp\/v2\/posts\/92361","targetHints":{"allow":["GET"]}}],"collection":[{"href":"https:\/\/www.jornalja.com.br\/geral\/wp-json\/wp\/v2\/posts"}],"about":[{"href":"https:\/\/www.jornalja.com.br\/geral\/wp-json\/wp\/v2\/types\/post"}],"author":[{"embeddable":true,"href":"https:\/\/www.jornalja.com.br\/geral\/wp-json\/wp\/v2\/users\/4"}],"replies":[{"embeddable":true,"href":"https:\/\/www.jornalja.com.br\/geral\/wp-json\/wp\/v2\/comments?post=92361"}],"version-history":[{"count":1,"href":"https:\/\/www.jornalja.com.br\/geral\/wp-json\/wp\/v2\/posts\/92361\/revisions"}],"predecessor-version":[{"id":92362,"href":"https:\/\/www.jornalja.com.br\/geral\/wp-json\/wp\/v2\/posts\/92361\/revisions\/92362"}],"wp:attachment":[{"href":"https:\/\/www.jornalja.com.br\/geral\/wp-json\/wp\/v2\/media?parent=92361"}],"wp:term":[{"taxonomy":"category","embeddable":true,"href":"https:\/\/www.jornalja.com.br\/geral\/wp-json\/wp\/v2\/categories?post=92361"},{"taxonomy":"post_tag","embeddable":true,"href":"https:\/\/www.jornalja.com.br\/geral\/wp-json\/wp\/v2\/tags?post=92361"}],"curies":[{"name":"wp","href":"https:\/\/api.w.org\/{rel}","templated":true}]}}