{"id":92364,"date":"2022-04-27T16:53:11","date_gmt":"2022-04-27T19:53:11","guid":{"rendered":"https:\/\/www.jornalja.com.br\/geral\/?p=92364"},"modified":"2022-04-27T16:53:11","modified_gmt":"2022-04-27T19:53:11","slug":"dengue-em-porto-alegre-quase-30-de-novos-casos-em-uma-semana","status":"publish","type":"post","link":"https:\/\/www.jornalja.com.br\/geral\/dengue-em-porto-alegre-quase-30-de-novos-casos-em-uma-semana\/","title":{"rendered":"Dengue em Porto Alegre:  quase 30% de novos casos em uma semana"},"content":{"rendered":"<p>O Boletim Semanal sobre Dengue divulgado na ter\u00e7a-feira, 26, pela Secretaria Municipal de Sa\u00fade confirma 1.586 casos aut\u00f3ctones da doen\u00e7a em Porto Alegre em 2022.<\/p>\n<p>O dado reflete a manuten\u00e7\u00e3o do percentual de aumento de casos em uma semana: 28,3% em rela\u00e7\u00e3o ao Boletim de 19\/4.<\/p>\n<p>No total, foram notificadas para a Vigil\u00e2ncia Epidemiol\u00f3gica da SMS 2.304 suspeitas de dengue entre moradores da Capital, das quais 1.650 (71,6%) foram confirmadas.<\/p>\n<p>Do total de casos confirmados, 64 foram importados (infec\u00e7\u00f5es contra\u00eddas fora de Porto Alegre) e 1.586 contamina\u00e7\u00f5es na cidade.<\/p>\n<p>Em rela\u00e7\u00e3o \u00e0 chikungunya e zika, o panorama permanece o mesmo da semana anterior. Seis notifica\u00e7\u00f5es de suspeita de chikungunya, com quatro descartadas, um caso importado confirmado e um em investiga\u00e7\u00e3o laboratorial.<\/p>\n<p>De zika, foram duas notifica\u00e7\u00f5es de suspeita, ambas descartadas em exames laboratoriais.<\/p>\n<p>Al\u00e9m da confirma\u00e7\u00e3o dos casos, o Boletim da Semana Epidemiol\u00f3gica 16, o sexto editado em 2022,\u00a0 traz dados sobre a infesta\u00e7\u00e3o do mosquito Aedes aegypti, resultantes do monitoramento do Aedes feito pela prefeitura.<\/p>\n<p>Nesta semana,\u00a025 bairros apresentam alta infesta\u00e7\u00e3o do vetor, oito est\u00e3o em situa\u00e7\u00e3o de alerta, quatro bairros apresentaram infesta\u00e7\u00e3o moderada e tr\u00eas, infesta\u00e7\u00e3o baixa.<\/p>\n<p>Os casos da doen\u00e7a s\u00e3o registrados em todas as regi\u00f5es da cidade, com preval\u00eancia para os bairros Vila Nova, Bom Jesus e Jardim Carvalho, seguidos por Partenon, Vila S\u00e3o Jos\u00e9 e Vila Jardim.<\/p>\n<p>A prefeitura segue realizando a\u00e7\u00f5es e visitas em diversas regi\u00f5es da cidade.<\/p>\n<p>Confira os cuidados em p\u00e1tios e im\u00f3veis, al\u00e9m de cuidados individuais, no site\u00a0<strong>Onde est\u00e1 o Aedes.<\/strong><\/p>\n<p>(<strong>Com\u00a0 informa\u00e7\u00f5es da Assessoria de Imprensa)<\/strong><\/p>\n<p>&nbsp;<\/p>\n","protected":false},"excerpt":{"rendered":"<p>O Boletim Semanal sobre Dengue divulgado na ter\u00e7a-feira, 26, pela Secretaria Municipal de Sa\u00fade confirma 1.586 casos aut\u00f3ctones da doen\u00e7a em Porto Alegre em 2022. O dado reflete a manuten\u00e7\u00e3o do percentual de aumento de casos em uma semana: 28,3% em rela\u00e7\u00e3o ao Boletim de 19\/4. No total, foram notificadas para a Vigil\u00e2ncia Epidemiol\u00f3gica da [&hellip;]<\/p>\n","protected":false},"author":4,"featured_media":92365,"comment_status":"open","ping_status":"open","sticky":false,"template":"","format":"standard","meta":{"jetpack_post_was_ever_published":false,"_jetpack_newsletter_access":"","_jetpack_dont_email_post_to_subs":false,"_jetpack_newsletter_tier_id":0,"_jetpack_memberships_contains_paywalled_content":false,"_jetpack_memberships_contains_paid_content":false,"footnotes":"","jetpack_publicize_message":"","jetpack_publicize_feature_enabled":true,"jetpack_social_post_already_shared":true,"jetpack_social_options":{"image_generator_settings":{"template":"highway","default_image_id":0,"font":"","enabled":false},"version":2}},"categories":[2],"tags":[87,4,63,132,300,161,15,38,149,95,20],"class_list":["post-92364","post","type-post","status-publish","format-standard","has-post-thumbnail","hentry","category-geral","tag-ari","tag-imprensa","tag-jesus","tag-porto-alegre","tag-prefeitura","tag-pt","tag-rs","tag-saude","tag-sc","tag-sp","tag-sus"],"aioseo_notices":[],"jetpack_publicize_connections":[],"jetpack_featured_media_url":"https:\/\/www.jornalja.com.br\/geral\/wp-content\/uploads\/sites\/4\/2022\/04\/dengue-atualizada.jpg","jetpack_shortlink":"https:\/\/wp.me\/pbKhrD-o1K","jetpack-related-posts":[{"id":92512,"url":"https:\/\/www.jornalja.com.br\/geral\/dengue-em-porto-alegre-surto-perde-ritmo-mas-ainda-cresce-com-dez-bairros-em-alerta\/","url_meta":{"origin":92364,"position":0},"title":"Dengue em Porto Alegre: surto perde ritmo mas ainda cresce; dez bairros seguem em alerta","author":"da Reda\u00e7\u00e3o","date":"4 de maio de 2022","format":false,"excerpt":"O Boletim Semanal sobre Dengue,\u00a0 desta ter\u00e7a-feira, 3,\u00a0 informa a confirma\u00e7\u00e3o de 1.627 casos aut\u00f3ctones da doen\u00e7a em Porto Alegre em 2022, um aumento de 2,5% no n\u00famero de casos em rela\u00e7\u00e3o \u00e0 semana anterior. No total, foram notificadas para a Vigil\u00e2ncia Epidemiol\u00f3gica da SMS 2.559 suspeitas de dengue entre\u2026","rel":"","context":"Em &quot;Geral-MAT\u00c9RIA&quot;","block_context":{"text":"Geral-MAT\u00c9RIA","link":"https:\/\/www.jornalja.com.br\/geral\/category\/geral\/"},"img":{"alt_text":"","src":"https:\/\/i0.wp.com\/www.jornalja.com.br\/geral\/wp-content\/uploads\/sites\/4\/2022\/05\/dengue-em-porto-alegre-mapa.jpg?resize=350%2C200&ssl=1","width":350,"height":200},"classes":[]},{"id":97424,"url":"https:\/\/www.jornalja.com.br\/geral\/dengue-chega-a-8-mil-casos-em-porto-alegre-este-ano-33-mil-suspeitas-em-observacao\/","url_meta":{"origin":92364,"position":1},"title":"Dengue chega a 8 mil casos em Porto Alegre este ano; 33 mil suspeitas em observa\u00e7\u00e3o","author":"da Reda\u00e7\u00e3o","date":"19 de junho de 2024","format":false,"excerpt":"Porto Alegre tem 7.933 casos confirmados de dengue em 2024 at\u00e9 o dia 15 de junho. Do total, 7.452 foram contra\u00eddos na cidade (aut\u00f3ctones), 309 s\u00e3o importados (infec\u00e7\u00e3o fora da cidade) e 172 t\u00eam local de infec\u00e7\u00e3o indeterminado. O total de ocorr\u00eancias suspeitas notificadas \u00e0 Equipe de Vigil\u00e2ncia de Doen\u00e7as\u2026","rel":"","context":"Em &quot;Geral-MAT\u00c9RIA&quot;","block_context":{"text":"Geral-MAT\u00c9RIA","link":"https:\/\/www.jornalja.com.br\/geral\/category\/geral\/"},"img":{"alt_text":"","src":"https:\/\/i0.wp.com\/www.jornalja.com.br\/geral\/wp-content\/uploads\/sites\/4\/2022\/04\/dengue-atualizada.jpg?resize=350%2C200&ssl=1","width":350,"height":200},"classes":[]},{"id":97549,"url":"https:\/\/www.jornalja.com.br\/geral\/dengue-chega-aos-10-mil-casos-em-porto-alegre-ja-sao-nove-mortes\/","url_meta":{"origin":92364,"position":2},"title":"Dengue chega aos 10 mil casos em Porto Alegre. J\u00e1 s\u00e3o nove mortes","author":"da Reda\u00e7\u00e3o","date":"16 de julho de 2024","format":false,"excerpt":"Porto Alegre tem 9.888 casos confirmados de dengue em 2024 at\u00e9 13 de julho. Do total, 9.188 foram contra\u00eddos na cidade (aut\u00f3ctones), 392 s\u00e3o importados (infec\u00e7\u00e3o fora da cidade) e 308 t\u00eam local de infec\u00e7\u00e3o indeterminado. O total de ocorr\u00eancias suspeitas notificadas \u00e0 Equipe de Vigil\u00e2ncia de Doen\u00e7as Transmiss\u00edveis da\u2026","rel":"","context":"Em &quot;Geral-MAT\u00c9RIA&quot;","block_context":{"text":"Geral-MAT\u00c9RIA","link":"https:\/\/www.jornalja.com.br\/geral\/category\/geral\/"},"img":{"alt_text":"","src":"https:\/\/i0.wp.com\/www.jornalja.com.br\/geral\/wp-content\/uploads\/sites\/4\/2022\/04\/dengue-em-porto-alegre.jpg?resize=350%2C200&ssl=1","width":350,"height":200},"classes":[]},{"id":74809,"url":"https:\/\/www.jornalja.com.br\/geral\/escalada-da-dengue-em-porto-alegre-14-casos-em-abril-360-em-junho\/","url_meta":{"origin":92364,"position":3},"title":"Escalada da dengue em Porto Alegre: 14 casos em abril, 360 em junho","author":"Elmar Bones","date":"15 de junho de 2019","format":false,"excerpt":"Neste ano, at\u00e9 8 de junho, o n\u00famero de pacientes com confirma\u00e7\u00e3o de infec\u00e7\u00e3o por v\u00edrus da dengue em Porto Alegre \u00e9 de 360. Do total, 345 s\u00e3o aut\u00f3ctones (contra\u00eddos na cidade) e 15, importados.. No in\u00edcio de abril, o boletim epidemiol\u00f3gico registrava 14 casos de dengue\u00a0 na cidade. Os\u2026","rel":"","context":"Em &quot;Geral-MAT\u00c9RIA&quot;","block_context":{"text":"Geral-MAT\u00c9RIA","link":"https:\/\/www.jornalja.com.br\/geral\/category\/geral\/"},"img":{"alt_text":"","src":"https:\/\/i0.wp.com\/www.jornalja.com.br\/wp-content\/uploads\/2019\/06\/Dengue-em-Porto-Alegre-aedes-1-450x330.jpg?resize=350%2C200&ssl=1","width":350,"height":200},"classes":[]},{"id":97775,"url":"https:\/\/www.jornalja.com.br\/geral\/dengue-porto-alegre-dez-mil-casos-este-ano-e-um-alerta-para-o-proximo-verao\/","url_meta":{"origin":92364,"position":4},"title":"Dengue Porto Alegre: dez mil casos este ano e um alerta para o pr\u00f3ximo ver\u00e3o","author":"da Reda\u00e7\u00e3o","date":"6 de setembro de 2024","format":false,"excerpt":"Nas \u00faltimas quatro semanas, as equipes da vigil\u00e2ncia sanit\u00e1ria registram queda no n\u00famero m\u00e9dio de f\u00eameas adultas do aedes egipty capturadas nas armadilhas do sistema de controle da dengue em Porto Alegre. Isso faz prever uma redu\u00e7\u00e3o nos casos de dengue na cidade,\u00a0 mas a situa\u00e7\u00e3o \"ainda exige cuidados estrat\u00e9gicos\",\u2026","rel":"","context":"Em &quot;Geral-MAT\u00c9RIA&quot;","block_context":{"text":"Geral-MAT\u00c9RIA","link":"https:\/\/www.jornalja.com.br\/geral\/category\/geral\/"},"img":{"alt_text":"","src":"https:\/\/i0.wp.com\/www.jornalja.com.br\/geral\/wp-content\/uploads\/sites\/4\/2024\/09\/dengue-1.png?resize=350%2C200&ssl=1","width":350,"height":200,"srcset":"https:\/\/i0.wp.com\/www.jornalja.com.br\/geral\/wp-content\/uploads\/sites\/4\/2024\/09\/dengue-1.png?resize=350%2C200&ssl=1 1x, https:\/\/i0.wp.com\/www.jornalja.com.br\/geral\/wp-content\/uploads\/sites\/4\/2024\/09\/dengue-1.png?resize=525%2C300&ssl=1 1.5x"},"classes":[]},{"id":95216,"url":"https:\/\/www.jornalja.com.br\/geral\/mosquito-da-dengue-43-bairros-de-porto-alegre-com-alto-indice-de-infestacao\/","url_meta":{"origin":92364,"position":5},"title":"Mosquito da dengue: 43 bairros de Porto Alegre com alto \u00edndice de infesta\u00e7\u00e3o","author":"da Reda\u00e7\u00e3o","date":"18 de abril de 2023","format":false,"excerpt":"Dados do Boletim Informativo semanal da dengue divulgado pela Secretaria Municipal de Sa\u00fade (SMS) nesta ter\u00e7a-feira, 18, indicam a manuten\u00e7\u00e3o da transmiss\u00e3o do v\u00edrus na Regi\u00e3o Leste da cidade. De acordo com a publica\u00e7\u00e3o, at\u00e9 esta ter\u00e7a est\u00e3o confirmados 607 casos da doen\u00e7a, sendo 574 aut\u00f3ctones \u2013 contra\u00eddos na Capital.\u2026","rel":"","context":"Em &quot;Geral-NOTAS&quot;","block_context":{"text":"Geral-NOTAS","link":"https:\/\/www.jornalja.com.br\/geral\/category\/geral-notas\/"},"img":{"alt_text":"","src":"","width":0,"height":0},"classes":[]}],"jetpack_sharing_enabled":true,"_links":{"self":[{"href":"https:\/\/www.jornalja.com.br\/geral\/wp-json\/wp\/v2\/posts\/92364","targetHints":{"allow":["GET"]}}],"collection":[{"href":"https:\/\/www.jornalja.com.br\/geral\/wp-json\/wp\/v2\/posts"}],"about":[{"href":"https:\/\/www.jornalja.com.br\/geral\/wp-json\/wp\/v2\/types\/post"}],"author":[{"embeddable":true,"href":"https:\/\/www.jornalja.com.br\/geral\/wp-json\/wp\/v2\/users\/4"}],"replies":[{"embeddable":true,"href":"https:\/\/www.jornalja.com.br\/geral\/wp-json\/wp\/v2\/comments?post=92364"}],"version-history":[{"count":1,"href":"https:\/\/www.jornalja.com.br\/geral\/wp-json\/wp\/v2\/posts\/92364\/revisions"}],"predecessor-version":[{"id":92366,"href":"https:\/\/www.jornalja.com.br\/geral\/wp-json\/wp\/v2\/posts\/92364\/revisions\/92366"}],"wp:featuredmedia":[{"embeddable":true,"href":"https:\/\/www.jornalja.com.br\/geral\/wp-json\/wp\/v2\/media\/92365"}],"wp:attachment":[{"href":"https:\/\/www.jornalja.com.br\/geral\/wp-json\/wp\/v2\/media?parent=92364"}],"wp:term":[{"taxonomy":"category","embeddable":true,"href":"https:\/\/www.jornalja.com.br\/geral\/wp-json\/wp\/v2\/categories?post=92364"},{"taxonomy":"post_tag","embeddable":true,"href":"https:\/\/www.jornalja.com.br\/geral\/wp-json\/wp\/v2\/tags?post=92364"}],"curies":[{"name":"wp","href":"https:\/\/api.w.org\/{rel}","templated":true}]}}