{"id":92368,"date":"2022-04-28T14:04:49","date_gmt":"2022-04-28T17:04:49","guid":{"rendered":"https:\/\/www.jornalja.com.br\/geral\/?p=92368"},"modified":"2022-07-04T02:16:32","modified_gmt":"2022-07-04T05:16:32","slug":"empresarios-defendem-politicas-publicas-e-projeto-para-crescimento-sustentavel","status":"publish","type":"post","link":"https:\/\/www.jornalja.com.br\/geral\/empresarios-defendem-politicas-publicas-e-projeto-para-crescimento-sustentavel\/","title":{"rendered":"Empres\u00e1rios defendem pol\u00edticas p\u00fablicas e projeto para crescimento sustent\u00e1vel"},"content":{"rendered":"<p>O presidente da Confedera\u00e7\u00e3o Nacional da Ind\u00fastria, Robson Braga de Andrade, disse\u00a0 que o Brasil precisa de um plano de desenvolvimento para\u00a0 superar a crise e construir um ciclo de crescimento com sustentabilidade ambiental.<\/p>\n<p>&#8220;O Brasil tem todas as condi\u00e7\u00f5es de liderar o mundo em energia limpa, mas precisa de uma pol\u00edtica de m\u00e9dio e longo prazo para atrair investimentos&#8221;, afirmou..<\/p>\n<p>Robson Andrade conduziu o segundo debate da s\u00e9rie que a CNI est\u00e1 promovendo para celebrar os 200 anos de Independ\u00eancia do Brasil. O evento foi conjunto com a Federa\u00e7\u00e3o das Ind\u00fastrias do Estado de S\u00e3o Paulo (FIESP), em S\u00e3o Paulo.<\/p>\n<p>\u201cTemos todas as condi\u00e7\u00f5es de liderar nas tecnologias verdes, com energia e\u00f3lica, solar, hidrog\u00eanio verde. Mas, sem previsibilidade, n\u00e3o vamos ter investimentos. Pode-se gostar ou n\u00e3o da sustentabilidade, mas esse tema \u00e9 obrigat\u00f3rio. Sem esse compromisso, as nossas empresas n\u00e3o conseguem competir no mercado mundial, porque a sociedade exige, o mercado exige&#8221; disse.<\/p>\n<p><strong>Pol\u00edticas P\u00fablicas<\/strong><\/p>\n<p>Robson Andrade afirmou que est\u00e1 na hora de debater pol\u00edticas p\u00fablicas, pois o Brasil n\u00e3o tem planejamento nem para os pr\u00f3ximos cinco anos. \u201cSe n\u00e3o educarmos o brasileiro, n\u00e3o ser\u00e1 poss\u00edvel transformar a economia. O Brasil deixou de planejar. N\u00e3o temos uma pol\u00edtica industrial de m\u00e9dio e longo prazos. \u00c9 preciso pensar, programar e trabalhar em uma agenda para que possamos nos desenvolver nos pr\u00f3ximos anos. N\u00e3o conseguiremos fazer isso sem pol\u00edticas p\u00fablicas adequadas\u201d, explica.<\/p>\n<p>O presidente da FIESP, Josu\u00e9 Gomes da Silva, afirmou que sua primeira, segunda e terceira prioridades s\u00e3o a educa\u00e7\u00e3o. No entanto, para ele, o pa\u00eds est\u00e1 desperdi\u00e7ando a chance de protagonizar a migra\u00e7\u00e3o para a economia verde no mundo. \u201c\u00c9 uma pena que o Brasil esteja perdendo a oportunidade de liderar o mundo na descarboniza\u00e7\u00e3o da economia.<\/p>\n<p>O Brasil tem condi\u00e7\u00f5es de ser l\u00edder na economia verde. N\u00e3o pode ter medo, tem que abra\u00e7ar essa causa. Podemos exportar muitos produtos com alto valor agregado para reindustrializar a nossa economia\u201d, defendeu.<\/p>\n<p><strong>Combate a pobreza<\/strong><\/p>\n<p>Josu\u00e9 Gomes lembrou que\u00a0 nas \u00faltimas quatro d\u00e9cadas, a ind\u00fastria de transforma\u00e7\u00e3o do Brasil encolheu.<\/p>\n<p>A participa\u00e7\u00e3o da ind\u00fastria no Produto Interno Bruto caiu de 25% para 11% em quatro d\u00e9cadas. \u201cA cada real produzido na ind\u00fastria, ela gera mais de R$ 2 na economia&#8221;.<\/p>\n<p>Al\u00e9m disso, a produtividade da ind\u00fastria tamb\u00e9m caiu na \u00faltima d\u00e9cada e, se antes era 50% da produtividade dos Estados Unidos, atualmente \u00e9 de apenas 26%. \u201cN\u00e3o \u00e0 toa estamos patinando\u201d, avalia. Segundo ele, sem recuperar a produtividade, que passa pela educa\u00e7\u00e3o, o Brasil dificilmente evoluir\u00e1 no combate \u00e0 pobreza. \u201cO investimento em educa\u00e7\u00e3o \u00e9 uma emerg\u00eancia nacional&#8221;.<\/p>\n<p><strong>Economia de baixo carbono<\/strong><\/p>\n<p>Robson de Andrade disse que &#8220;a CNI defende um projeto nacional que consolide a economia de baixo carbono, baseada em quatro pilares: transi\u00e7\u00e3o energ\u00e9tica, precifica\u00e7\u00e3o do carbono, economia circular e conserva\u00e7\u00e3o das florestas&#8221;.<\/p>\n<p>&nbsp;<\/p>\n","protected":false},"excerpt":{"rendered":"<p>O presidente da Confedera\u00e7\u00e3o Nacional da Ind\u00fastria, Robson Braga de Andrade, disse\u00a0 que o Brasil precisa de um plano de desenvolvimento para\u00a0 superar a crise e construir um ciclo de crescimento com sustentabilidade ambiental. &#8220;O Brasil tem todas as condi\u00e7\u00f5es de liderar o mundo em energia limpa, mas precisa de uma pol\u00edtica de m\u00e9dio e [&hellip;]<\/p>\n","protected":false},"author":4,"featured_media":92422,"comment_status":"open","ping_status":"open","sticky":false,"template":"","format":"standard","meta":{"jetpack_post_was_ever_published":false,"_jetpack_newsletter_access":"","_jetpack_dont_email_post_to_subs":false,"_jetpack_newsletter_tier_id":0,"_jetpack_memberships_contains_paywalled_content":false,"_jetpack_memberships_contains_paid_content":false,"footnotes":"","jetpack_publicize_message":"","jetpack_publicize_feature_enabled":true,"jetpack_social_post_already_shared":true,"jetpack_social_options":{"image_generator_settings":{"template":"highway","default_image_id":0,"font":"","enabled":false},"version":2}},"categories":[2],"tags":[238,256,7,45,169,212,500,342,247,488,186,149,95,20,271],"class_list":["post-92368","post","type-post","status-publish","format-standard","has-post-thumbnail","hentry","category-geral","tag-brasil","tag-desenvolvimento","tag-economia","tag-educacao","tag-encol","tag-energia","tag-etica","tag-industria","tag-politica","tag-projeto","tag-sao-paulo","tag-sc","tag-sp","tag-sus","tag-sustentabilidade"],"aioseo_notices":[],"jetpack_publicize_connections":[],"jetpack_featured_media_url":"https:\/\/www.jornalja.com.br\/geral\/wp-content\/uploads\/sites\/4\/2022\/04\/empresarios-defendem-politicas-publicas.jpg","jetpack_shortlink":"https:\/\/wp.me\/pbKhrD-o1O","jetpack-related-posts":[{"id":96554,"url":"https:\/\/www.jornalja.com.br\/geral\/inovacao-e-sustentabilidade-tema-do-congresso-brasil-alemanha-em-sao-paulo\/","url_meta":{"origin":92368,"position":0},"title":"Inova\u00e7\u00e3o e sustentabilidade, tema do congresso Brasil-Alemanha em S\u00e3o Paulo","author":"da Reda\u00e7\u00e3o","date":"30 de outubro de 2023","format":false,"excerpt":"A C\u00e2mara Brasil-Alemanha de S\u00e3o Paulo\u00a0 reunir\u00e1 especialistas em inova\u00e7\u00e3o e sustentabilidade no audit\u00f3rio do Cubo Ita\u00fa para debater as principais tend\u00eancias que impactam os neg\u00f3cios. Sob o tema\u00a0Ampliando os Horizontes da Transi\u00e7\u00e3o Verde e Digital, a programa\u00e7\u00e3o do Congresso abordar\u00e1 os potenciais da uni\u00e3o entre a Inova\u00e7\u00e3o e a\u2026","rel":"","context":"Em &quot;Geral-NOTAS&quot;","block_context":{"text":"Geral-NOTAS","link":"https:\/\/www.jornalja.com.br\/geral\/category\/geral-notas\/"},"img":{"alt_text":"","src":"","width":0,"height":0},"classes":[]},{"id":77597,"url":"https:\/\/www.jornalja.com.br\/geral\/confianca-de-empresarios-alemaes-no-brasil-cai-sob-bolsonaro\/","url_meta":{"origin":92368,"position":1},"title":"Confian\u00e7a de empres\u00e1rios alem\u00e3es no Brasil cai sob Bolsonaro","author":"da Reda\u00e7\u00e3o","date":"19 de setembro de 2019","format":false,"excerpt":"A confian\u00e7a dos empres\u00e1rios alem\u00e3es na economia e no ambiente de neg\u00f3cios do Brasil caiu nos oito primeiros meses no governo do presidente Jair Bolsonaro (PSL). A conclus\u00e3o \u00e9 da pesquisa de conjuntura realizada pela C\u00e2mara de Com\u00e9rcio e Ind\u00fastria Brasil-Alemanha, divulgada esta semana durante a realiza\u00e7\u00e3o do Encontro Econ\u00f4mico\u2026","rel":"","context":"Em &quot;Geral-MAT\u00c9RIA&quot;","block_context":{"text":"Geral-MAT\u00c9RIA","link":"https:\/\/www.jornalja.com.br\/geral\/category\/geral\/"},"img":{"alt_text":"","src":"","width":0,"height":0},"classes":[]},{"id":95268,"url":"https:\/\/www.jornalja.com.br\/geral\/ex-presidente-da-eletrobras-defende-ppps-para-evitar-apagao-no-setor-eletrico\/","url_meta":{"origin":92368,"position":2},"title":"Ex-presidente da Eletrobr\u00e1s defende PPPs para evitar apag\u00e3o no setor el\u00e9trico","author":"da Reda\u00e7\u00e3o","date":"28 de abril de 2023","format":false,"excerpt":"O ex-presidente da Eletrobras, Valter Cardeal, defende as parceiras p\u00fablico privadas (PPP) como sa\u00edda para acelerar os investimentos do setor el\u00e9trico e garantir a energia para a retomada do crescimento da economia. As proje\u00e7\u00f5es, segundo Cardeal,\u00a0 indicam um consumo de energia bem acima do percentual de crescimento do Produto Interno\u2026","rel":"","context":"Em &quot;Geral-MAT\u00c9RIA&quot;","block_context":{"text":"Geral-MAT\u00c9RIA","link":"https:\/\/www.jornalja.com.br\/geral\/category\/geral\/"},"img":{"alt_text":"","src":"","width":0,"height":0},"classes":[]},{"id":82281,"url":"https:\/\/www.jornalja.com.br\/geral\/governo-contaminado\/","url_meta":{"origin":92368,"position":3},"title":"Governo contaminado","author":"da Reda\u00e7\u00e3o","date":"20 de mar\u00e7o de 2020","format":false,"excerpt":"Assessor Especial da Presid\u00eancia, despachando da sala 315 no terceiro andar do Pal\u00e1cio do Planalto, ao lado do gabinete presidencial, o olavista Filipe G. Martins \u00e9 o 22\u00ba membro da comitiva que viajou com Jair Bolsonaro aos Estados Unidos infectado pelo coronav\u00edrus. Com as confirma\u00e7\u00f5es nesta quinta-feira (19) dos casos\u2026","rel":"","context":"Em &quot;Geral-NOTAS&quot;","block_context":{"text":"Geral-NOTAS","link":"https:\/\/www.jornalja.com.br\/geral\/category\/geral-notas\/"},"img":{"alt_text":"","src":"","width":0,"height":0},"classes":[]},{"id":100519,"url":"https:\/\/www.jornalja.com.br\/geral\/brasil-recebeu-92-milhoes-de-turistas-estrangeiros-em-2025-record-historico-foi-noticia-ate-na-china\/","url_meta":{"origin":92368,"position":4},"title":"Brasil recebeu 9,2 milh\u00f5es de turistas estrangeiros em 2025; record hist\u00f3rico foi not\u00edcia at\u00e9 na China","author":"da Reda\u00e7\u00e3o","date":"7 de janeiro de 2026","format":false,"excerpt":"S\u00e3o Paulo, Rio de Janeiro e Rio Grande do Sul concentraram os principais pontos de entrada de turistas. Argentina, Chile e Estados Unidos foram os maiores pa\u00edses de origem dos visitantes. A ag\u00eancia estatal chinesa Xinhua destacou o fato.\u00a0 O Brasil registrou a entrada 9.287.196 turistas estrangeiros no pais em\u2026","rel":"","context":"Em &quot;Geral-MAT\u00c9RIA&quot;","block_context":{"text":"Geral-MAT\u00c9RIA","link":"https:\/\/www.jornalja.com.br\/geral\/category\/geral\/"},"img":{"alt_text":"","src":"https:\/\/i0.wp.com\/www.jornalja.com.br\/geral\/wp-content\/uploads\/sites\/4\/2026\/01\/turismo.png?resize=350%2C200&ssl=1","width":350,"height":200,"srcset":"https:\/\/i0.wp.com\/www.jornalja.com.br\/geral\/wp-content\/uploads\/sites\/4\/2026\/01\/turismo.png?resize=350%2C200&ssl=1 1x, https:\/\/i0.wp.com\/www.jornalja.com.br\/geral\/wp-content\/uploads\/sites\/4\/2026\/01\/turismo.png?resize=525%2C300&ssl=1 1.5x, https:\/\/i0.wp.com\/www.jornalja.com.br\/geral\/wp-content\/uploads\/sites\/4\/2026\/01\/turismo.png?resize=700%2C400&ssl=1 2x"},"classes":[]},{"id":100627,"url":"https:\/\/www.jornalja.com.br\/geral\/fiergs-preve-expansao-do-pib-e-do-emprego-com-acordo-mercosul-uniao-europeia\/","url_meta":{"origin":92368,"position":5},"title":"Fiergs prev\u00ea expans\u00e3o do PIB e do emprego com acordo Mercosul-Uni\u00e3o Europeia","author":"da Reda\u00e7\u00e3o","date":"19 de janeiro de 2026","format":false,"excerpt":"Presidente Claudio Bier aposta no aumento no fluxo de com\u00e9rcio entre as duas regi\u00f5es; entidade estima alta de 4,6% do PIB ga\u00facho em 15 anos e gera\u00e7\u00e3o de 31 mil empregos. O acordo entre Mercosul e Uni\u00e3o Europeia, assinado neste s\u00e1bado (17), no Paraguai, \u00e9 \"um avan\u00e7o importante\", segundo a\u2026","rel":"","context":"Em &quot;Geral-MAT\u00c9RIA&quot;","block_context":{"text":"Geral-MAT\u00c9RIA","link":"https:\/\/www.jornalja.com.br\/geral\/category\/geral\/"},"img":{"alt_text":"","src":"https:\/\/i0.wp.com\/www.jornalja.com.br\/geral\/wp-content\/uploads\/sites\/4\/2026\/01\/fiergs.jpg?resize=350%2C200&ssl=1","width":350,"height":200,"srcset":"https:\/\/i0.wp.com\/www.jornalja.com.br\/geral\/wp-content\/uploads\/sites\/4\/2026\/01\/fiergs.jpg?resize=350%2C200&ssl=1 1x, https:\/\/i0.wp.com\/www.jornalja.com.br\/geral\/wp-content\/uploads\/sites\/4\/2026\/01\/fiergs.jpg?resize=525%2C300&ssl=1 1.5x, https:\/\/i0.wp.com\/www.jornalja.com.br\/geral\/wp-content\/uploads\/sites\/4\/2026\/01\/fiergs.jpg?resize=700%2C400&ssl=1 2x"},"classes":[]}],"jetpack_sharing_enabled":true,"_links":{"self":[{"href":"https:\/\/www.jornalja.com.br\/geral\/wp-json\/wp\/v2\/posts\/92368","targetHints":{"allow":["GET"]}}],"collection":[{"href":"https:\/\/www.jornalja.com.br\/geral\/wp-json\/wp\/v2\/posts"}],"about":[{"href":"https:\/\/www.jornalja.com.br\/geral\/wp-json\/wp\/v2\/types\/post"}],"author":[{"embeddable":true,"href":"https:\/\/www.jornalja.com.br\/geral\/wp-json\/wp\/v2\/users\/4"}],"replies":[{"embeddable":true,"href":"https:\/\/www.jornalja.com.br\/geral\/wp-json\/wp\/v2\/comments?post=92368"}],"version-history":[{"count":3,"href":"https:\/\/www.jornalja.com.br\/geral\/wp-json\/wp\/v2\/posts\/92368\/revisions"}],"predecessor-version":[{"id":92423,"href":"https:\/\/www.jornalja.com.br\/geral\/wp-json\/wp\/v2\/posts\/92368\/revisions\/92423"}],"wp:featuredmedia":[{"embeddable":true,"href":"https:\/\/www.jornalja.com.br\/geral\/wp-json\/wp\/v2\/media\/92422"}],"wp:attachment":[{"href":"https:\/\/www.jornalja.com.br\/geral\/wp-json\/wp\/v2\/media?parent=92368"}],"wp:term":[{"taxonomy":"category","embeddable":true,"href":"https:\/\/www.jornalja.com.br\/geral\/wp-json\/wp\/v2\/categories?post=92368"},{"taxonomy":"post_tag","embeddable":true,"href":"https:\/\/www.jornalja.com.br\/geral\/wp-json\/wp\/v2\/tags?post=92368"}],"curies":[{"name":"wp","href":"https:\/\/api.w.org\/{rel}","templated":true}]}}