{"id":92396,"date":"2022-04-28T08:08:06","date_gmt":"2022-04-28T11:08:06","guid":{"rendered":"https:\/\/www.jornalja.com.br\/geral\/?p=92396"},"modified":"2022-04-28T13:18:31","modified_gmt":"2022-04-28T16:18:31","slug":"forum-socialdireito-e-mercadoria-cara-comprada-por-quem-tem-poder","status":"publish","type":"post","link":"https:\/\/www.jornalja.com.br\/geral\/forum-socialdireito-e-mercadoria-cara-comprada-por-quem-tem-poder\/","title":{"rendered":"F\u00f3rum Social: &#8220;Direito \u00e9 mercadoria cara, comprada por quem tem poder&#8221;"},"content":{"rendered":"<p>&#8220;O direito no Brasil \u00e9 mercadoria cara, comprada por quem tem poder&#8221;, disse Ana Paula Oliveira, l\u00edder do movimento &#8220;M\u00e3es de Manguinhos&#8221; formado por mulheres da favela que tiveram seus filhos assassinados pela pol\u00edcia militar, no Rio de Janeiro.<\/p>\n<p>Seu depoimento abriu o painel &#8220;V\u00edtimas do Sistema de Justi\u00e7a&#8221; no audit\u00f3rio da Assembleia Legislativa do RS, na noite desta quarta-feira, 27. promovido pelo F\u00f3rum Justi\u00e7a e Democracia, dentro da programa\u00e7\u00e3o preparat\u00f3ria para o F\u00f3rum Social Mundial, marcado para maio, no M\u00e9xico.<\/p>\n<p>O F\u00f3rum Justi\u00e7a e Democracia \u00e9 formado por v\u00e1rios coletivos de operadores do direito (ju\u00edzes, promotores, advogados, defensores p\u00fablicos) que defendem uma reforma no sistema de justi\u00e7a do Brasil, considerado elitista e excludente.<\/p>\n<p>Ana Paula teve seu filho Jonatan, de 19 anos, morto com um tiro nas costas por um policial militar em 2014. &#8220;Agora em maio, completa oito anos e o homem que matou meu filho continua solto, mesmo sendo acusado de outras tr\u00eas mortes&#8221;, afirmou, chorando. &#8220;N\u00e3o \u00e9 f\u00e1cil falar dessa dor, mas eu sei que \u00e9 necess\u00e1rio&#8221;.<\/p>\n<p>Ela lembrou a &#8220;chacina do Jacarezinho&#8221;, favela ao lado de Manguinhos, na Zona Norte do Rio, onde 28 jovens foram assassinados numa opera\u00e7\u00e3o policial. &#8220;Desses 28 crimes, 15 j\u00e1 foram arquivados e a mensagem que essa impunidade passa \u00e9 de que, tratando-se de pretos e pobres, a pol\u00edcia pode matar&#8221;, disse Ana Paula.<\/p>\n<p>&#8220;Esse sistema de Justi\u00e7a n\u00e3o \u00e9 para n\u00f3s&#8221;, completou Marineti da Silva, m\u00e3e da vereadora Marielle Franco, assassinada numa emboscada em mar\u00e7o de 2018 no Rio de Janeiro, junto com o motorista Anderson Gomes. &#8220;A investiga\u00e7\u00e3o do crime j\u00e1 passou por cinco delegados e at\u00e9 agora n\u00e3o se esclareceu. Minha fam\u00edlia \u00e9 amea\u00e7ada todos os dias, at\u00e9 as crian\u00e7as s\u00e3o amea\u00e7adas&#8221;.<\/p>\n<p>O jornalista Luis Nassif, do jornal GGN, \u00fanico homem da mesa, lembrou a outra face da Justi\u00e7a, a que assedia e condena aqueles denunciam as impunidades. Al\u00e9m de enfrentar v\u00e1rios processos por dano moral,\u00a0 seu jornal est\u00e1 com tr\u00eas mat\u00e9rias sob censura.<\/p>\n<p>O audit\u00f3rio riu quando Nassif contou que foi condenado &#8220;por difamar Eduardo Cunha&#8221;, o ex-presidente da C\u00e2mara, que est\u00e1 preso por corrup\u00e7\u00e3o. Ele citou tamb\u00e9m o caso do governador de S\u00e3o Paulo que o processou por danos morais. &#8220;D\u00f3ria pediu 50 mil de indeniza\u00e7\u00e3o e o juiz aumentou para 100 mil.&#8221; Para Nassif, os grandes\u00a0 ve\u00edculos de imprensa s\u00e3o coniventes com a censura aos jornalistas independentes, silenciando mesmo diante dos fatos mais escabrosos.<\/p>\n<p>A l\u00edder ind\u00edgena Fernanda Kaingang fez o depoimento mais candente. Ela \u00e9 a primeira da etnia kaigang a se formar em Direito e disse se considerar uma refugiada por conta das amea\u00e7as que sofre em sua terra. &#8220;Os ind\u00edgenas est\u00e3o sendo exterminados. Eram mais de mil povos, hoje n\u00e3o passam de 300. As terras ind\u00edgenas est\u00e3o tomadas pelas madei.eiras, pelos garimpeiros e pelas planta\u00e7\u00f5es de soja transg\u00eanica, tudo com a chancela do governo&#8221;.<\/p>\n<p>A ex-presidente Dilma Rousseff foi a \u00faltima a falar. Recebida com aclama\u00e7\u00e3o (&#8220;Dilma guerreira\/do povo brasileiro&#8221;) disse que casos como o assassinato de Marielle Franco s\u00e3o &#8220;revoltantes&#8221;. &#8220;Est\u00e3o escancaradas as raz\u00f5es desse crime, os mandantes s\u00e3o conhecidos, mas n\u00e3o se esclarece.&#8221;<\/p>\n<p>Disse que a &#8220;vergonhosa desigualdade no Brasil tem car\u00e1ter estrutural&#8221; e est\u00e1 ligada a dois fatores hist\u00f3ricos que marcam at\u00e9 hoje a realidade do Pa\u00eds: a escravid\u00e3o e o colonialismo. &#8220;Todo esse sistema de injusti\u00e7as deriva da\u00ed.&#8221;\u00a0 Falou que uma das raz\u00f5es da situa\u00e7\u00e3o atual decorre da maneira como se deu a transi\u00e7\u00e3o ao fim da ditadura de 1964. &#8220;Perdemos o trem da hist\u00f3ria ao n\u00e3o fazer justi\u00e7a na hora devida. Tentamos fazer justi\u00e7a atrasada e agora pagamos o pre\u00e7o&#8221;, disse, referindo-se \u00e0 Comiss\u00e3o da Verdade, instalada em seu governo, mais de 20 anos depois da queda dos militares. &#8220;Uma Justi\u00e7a que tarda, \u00e9 uma Justi\u00e7a que falha.&#8221;<\/p>\n<p>Afirmou que o impeachment que a derrubou foi um &#8220;ataque \u00e0 Constitui\u00e7\u00e3o&#8221; e &#8220;um crime contra uma presidente eleita&#8221;.<\/p>\n<p><a href=\"https:\/\/www.jornalja.com.br\/geral\/dilma-diz-que-foi-alvo-de-crime-e-que-justica-escondeu-o-cadaver\/\">Leia mais<\/a><\/p>\n<p>~<\/p>\n","protected":false},"excerpt":{"rendered":"<p>&#8220;O direito no Brasil \u00e9 mercadoria cara, comprada por quem tem poder&#8221;, disse Ana Paula Oliveira, l\u00edder do movimento &#8220;M\u00e3es de Manguinhos&#8221; formado por mulheres da favela que tiveram seus filhos assassinados pela pol\u00edcia militar, no Rio de Janeiro. Seu depoimento abriu o painel &#8220;V\u00edtimas do Sistema de Justi\u00e7a&#8221; no audit\u00f3rio da Assembleia Legislativa do [&hellip;]<\/p>\n","protected":false},"author":4,"featured_media":92400,"comment_status":"open","ping_status":"open","sticky":false,"template":"","format":"standard","meta":{"jetpack_post_was_ever_published":false,"_jetpack_newsletter_access":"","_jetpack_dont_email_post_to_subs":false,"_jetpack_newsletter_tier_id":0,"_jetpack_memberships_contains_paywalled_content":false,"_jetpack_memberships_contains_paid_content":false,"footnotes":"","jetpack_publicize_message":"","jetpack_publicize_feature_enabled":true,"jetpack_social_post_already_shared":true,"jetpack_social_options":{"image_generator_settings":{"template":"highway","default_image_id":0,"font":"","enabled":false},"version":2}},"categories":[2],"tags":[388,96,87,238,240,285,272,274,351,478,229,430,249,322,236,25,4,6,434,460,439,329,308,15,186,149],"class_list":["post-92396","post","type-post","status-publish","format-standard","has-post-thumbnail","hentry","category-geral","tag-388","tag-ameacas","tag-ari","tag-brasil","tag-camara","tag-censura","tag-comissao-da-verdade","tag-corrupcao","tag-crimes","tag-democracia","tag-desigualdade","tag-dilma","tag-ditadura","tag-escravidao","tag-governo","tag-impeachment","tag-imprensa","tag-jornalistas","tag-militares","tag-ovid","tag-policia","tag-policia-militar","tag-rio-de-janeiro","tag-rs","tag-sao-paulo","tag-sc"],"aioseo_notices":[],"jetpack_publicize_connections":[],"jetpack_featured_media_url":"https:\/\/www.jornalja.com.br\/geral\/wp-content\/uploads\/sites\/4\/2022\/04\/forum-justica.jpg","jetpack_shortlink":"https:\/\/wp.me\/pbKhrD-o2g","jetpack-related-posts":[{"id":100981,"url":"https:\/\/www.jornalja.com.br\/geral\/carta-de-porto-alegre-propoe-frente-global-em-defesa-da-democracia\/","url_meta":{"origin":92396,"position":0},"title":"&#8220;Carta de Porto Alegre&#8221; prop\u00f5e frente global em defesa da democracia","author":"da Reda\u00e7\u00e3o","date":"31 de mar\u00e7o de 2026","format":false,"excerpt":"Na quinta-feira, Ol\u00edvio Dutra foi o primeiro a falar. Disse que a luta contra o fascismo \u00e9, essencialmente, uma luta contra governos que n\u00e3o colocam a vida humana como prioridade central das pol\u00edticas p\u00fablicas. \u201cA democracia deve ser social e participativa, e n\u00e3o um instrumento controlado por minorias ou pelo\u2026","rel":"","context":"Em &quot;Geral-MAT\u00c9RIA&quot;","block_context":{"text":"Geral-MAT\u00c9RIA","link":"https:\/\/www.jornalja.com.br\/geral\/category\/geral\/"},"img":{"alt_text":"","src":"https:\/\/i0.wp.com\/www.jornalja.com.br\/geral\/wp-content\/uploads\/sites\/4\/2026\/03\/systemuploadsnews36af8a82acdf9331cdd-700x460xfit-0aec1.jpg?resize=350%2C200&ssl=1","width":350,"height":200,"srcset":"https:\/\/i0.wp.com\/www.jornalja.com.br\/geral\/wp-content\/uploads\/sites\/4\/2026\/03\/systemuploadsnews36af8a82acdf9331cdd-700x460xfit-0aec1.jpg?resize=350%2C200&ssl=1 1x, https:\/\/i0.wp.com\/www.jornalja.com.br\/geral\/wp-content\/uploads\/sites\/4\/2026\/03\/systemuploadsnews36af8a82acdf9331cdd-700x460xfit-0aec1.jpg?resize=525%2C300&ssl=1 1.5x, https:\/\/i0.wp.com\/www.jornalja.com.br\/geral\/wp-content\/uploads\/sites\/4\/2026\/03\/systemuploadsnews36af8a82acdf9331cdd-700x460xfit-0aec1.jpg?resize=700%2C400&ssl=1 2x"},"classes":[]},{"id":100124,"url":"https:\/\/www.jornalja.com.br\/geral\/guerra-do-rio-64-mortos-81-presos-e-93-fuzis-apreendidos\/","url_meta":{"origin":92396,"position":1},"title":"Guerra do Rio: 64 mortos, 81 presos, 93 fuzis apreendidos","author":"da Reda\u00e7\u00e3o","date":"28 de outubro de 2025","format":false,"excerpt":"Barricadas, fogo nas ruas, vias bloqueadas, impactos nos transportes, escolas, universidades e unidades de sa\u00fade. O Rio de Janeiro viveu um dia de terror nesta ter\u00e7a-feira, 28\/10. Dois mil e quinhentos policiais civis e militares participaram da Opera\u00e7\u00e3o Conten\u00e7\u00e3o contra a fac\u00e7\u00e3o criminosa Comando Vermelho, nos complexos do Alem\u00e3o e\u2026","rel":"","context":"Em &quot;Geral-MAT\u00c9RIA&quot;","block_context":{"text":"Geral-MAT\u00c9RIA","link":"https:\/\/www.jornalja.com.br\/geral\/category\/geral\/"},"img":{"alt_text":"","src":"https:\/\/i0.wp.com\/www.jornalja.com.br\/geral\/wp-content\/uploads\/sites\/4\/2025\/10\/rio-guerra-ao-trafico.png?resize=350%2C200&ssl=1","width":350,"height":200,"srcset":"https:\/\/i0.wp.com\/www.jornalja.com.br\/geral\/wp-content\/uploads\/sites\/4\/2025\/10\/rio-guerra-ao-trafico.png?resize=350%2C200&ssl=1 1x, https:\/\/i0.wp.com\/www.jornalja.com.br\/geral\/wp-content\/uploads\/sites\/4\/2025\/10\/rio-guerra-ao-trafico.png?resize=525%2C300&ssl=1 1.5x"},"classes":[]},{"id":100532,"url":"https:\/\/www.jornalja.com.br\/geral\/veto-a-dosimetria-manifestacoess-contra-anistia-a-golpistas-pesaram-na-decisao-de-lula\/","url_meta":{"origin":92396,"position":2},"title":"Veto \u00e0 dosimetria: manifesta\u00e7\u00f5es contra anistia a golpistas pesaram na decis\u00e3o de Lula","author":"Elmar Bones","date":"9 de janeiro de 2026","format":false,"excerpt":"Tr\u00eas anos depois do ataque golpista \u00e0 democracia em 2023, o dia 08 de janeiro \u00e9 marcado por manifesta\u00e7\u00f5es populares em todo o pa\u00eds em defesa da soberania do Brasil e que tamb\u00e9m exigiram o cumprimento da pena dos condenados pela tentativa de golpe de Estado, tentativa de aboli\u00e7\u00e3o violenta\u2026","rel":"","context":"Em &quot;Geral-MAT\u00c9RIA&quot;","block_context":{"text":"Geral-MAT\u00c9RIA","link":"https:\/\/www.jornalja.com.br\/geral\/category\/geral\/"},"img":{"alt_text":"","src":"https:\/\/i0.wp.com\/www.jornalja.com.br\/geral\/wp-content\/uploads\/sites\/4\/2026\/01\/dosimetria-fora-bozo.png?resize=350%2C200&ssl=1","width":350,"height":200,"srcset":"https:\/\/i0.wp.com\/www.jornalja.com.br\/geral\/wp-content\/uploads\/sites\/4\/2026\/01\/dosimetria-fora-bozo.png?resize=350%2C200&ssl=1 1x, https:\/\/i0.wp.com\/www.jornalja.com.br\/geral\/wp-content\/uploads\/sites\/4\/2026\/01\/dosimetria-fora-bozo.png?resize=525%2C300&ssl=1 1.5x"},"classes":[]},{"id":100378,"url":"https:\/\/www.jornalja.com.br\/geral\/pacto-pela-democracia-200-entidades-pedem-ao-senado-que-rejeite-pec-que-reduz-pena-de-golpistas\/","url_meta":{"origin":92396,"position":3},"title":"Pacto pela Democracia: 200 entidades pedem ao Senado que rejeite projeto que reduz pena de golpistas","author":"da Reda\u00e7\u00e3o","date":"12 de dezembro de 2025","format":false,"excerpt":"O Pacto pela Democracia, coaliz\u00e3o que re\u00fane mais de 200 organiza\u00e7\u00f5es da sociedade civil, encaminhou nesta quinta-feira (11) uma carta ao Senado Federal criticando a tramita\u00e7\u00e3o do chamado Projeto da Dosimetria (PL 2.162\/2023). O documento alerta para os riscos pol\u00edticos e institucionais que a proposta representa para a democracia brasileira\u2026","rel":"","context":"Em &quot;Geral-MAT\u00c9RIA&quot;","block_context":{"text":"Geral-MAT\u00c9RIA","link":"https:\/\/www.jornalja.com.br\/geral\/category\/geral\/"},"img":{"alt_text":"","src":"https:\/\/i0.wp.com\/www.jornalja.com.br\/geral\/wp-content\/uploads\/sites\/4\/2025\/12\/constituicao-ameacada.png?resize=350%2C200&ssl=1","width":350,"height":200,"srcset":"https:\/\/i0.wp.com\/www.jornalja.com.br\/geral\/wp-content\/uploads\/sites\/4\/2025\/12\/constituicao-ameacada.png?resize=350%2C200&ssl=1 1x, https:\/\/i0.wp.com\/www.jornalja.com.br\/geral\/wp-content\/uploads\/sites\/4\/2025\/12\/constituicao-ameacada.png?resize=525%2C300&ssl=1 1.5x"},"classes":[]},{"id":92279,"url":"https:\/\/www.jornalja.com.br\/geral\/esquerda-volta-as-ruas-para-resgatar-o-espirito-do-forum-social-mundial-em-porto-alegre\/","url_meta":{"origin":92396,"position":4},"title":"Esquerda volta \u00e0s ruas para resgatar o esp\u00edrito do F\u00f3rum Social Mundial em Porto Alegre","author":"da Reda\u00e7\u00e3o","date":"26 de abril de 2022","format":false,"excerpt":"Dois movimentos oriundos do F\u00f3rum Social Mundial - F\u00f3rum Social das Resist\u00eancias e F\u00f3rum Social\u00a0 Justi\u00e7a e Democracia - promovem em Porto Alegre uma s\u00e9rie de eventos e debates esta semana. A programa\u00e7\u00e3o come\u00e7a com a \"Marcha da Abertura\", a partir das 17 horas desta ter\u00e7a-feira, 26,\u00a0 com concentra\u00e7\u00e3o no\u2026","rel":"","context":"Em &quot;Geral-MAT\u00c9RIA&quot;","block_context":{"text":"Geral-MAT\u00c9RIA","link":"https:\/\/www.jornalja.com.br\/geral\/category\/geral\/"},"img":{"alt_text":"","src":"https:\/\/i0.wp.com\/www.jornalja.com.br\/geral\/wp-content\/uploads\/sites\/4\/2022\/04\/forum-abertura-26-04-22-scaled.jpg?resize=350%2C200&ssl=1","width":350,"height":200,"srcset":"https:\/\/i0.wp.com\/www.jornalja.com.br\/geral\/wp-content\/uploads\/sites\/4\/2022\/04\/forum-abertura-26-04-22-scaled.jpg?resize=350%2C200&ssl=1 1x, https:\/\/i0.wp.com\/www.jornalja.com.br\/geral\/wp-content\/uploads\/sites\/4\/2022\/04\/forum-abertura-26-04-22-scaled.jpg?resize=525%2C300&ssl=1 1.5x, https:\/\/i0.wp.com\/www.jornalja.com.br\/geral\/wp-content\/uploads\/sites\/4\/2022\/04\/forum-abertura-26-04-22-scaled.jpg?resize=700%2C400&ssl=1 2x, https:\/\/i0.wp.com\/www.jornalja.com.br\/geral\/wp-content\/uploads\/sites\/4\/2022\/04\/forum-abertura-26-04-22-scaled.jpg?resize=1050%2C600&ssl=1 3x, https:\/\/i0.wp.com\/www.jornalja.com.br\/geral\/wp-content\/uploads\/sites\/4\/2022\/04\/forum-abertura-26-04-22-scaled.jpg?resize=1400%2C800&ssl=1 4x"},"classes":[]},{"id":94868,"url":"https:\/\/www.jornalja.com.br\/geral\/uniao-em-torno-de-lula-para-combater-o-movimento-golpista\/","url_meta":{"origin":92396,"position":5},"title":"Todo apoio a Lula contra os golpistas: &#8220;Vamos encontrar quem financiou&#8221;","author":"da Reda\u00e7\u00e3o","date":"10 de janeiro de 2023","format":false,"excerpt":"Um dia depois dos ataques terroristas ao Congresso Nacional, ao Pal\u00e1cio do Planalto e ao Supremo Tribunal Federal (STF), o presidente Lula recebeu irrestrito apoio para combater o movimento golpista que questiona o resultado da elei\u00e7\u00e3o de 2022. Em \"ato de desagravo aos poderes constitu\u00eddos\", no Pal\u00e1cio do Planalto nesta\u2026","rel":"","context":"Em &quot;Geral-MAT\u00c9RIA&quot;","block_context":{"text":"Geral-MAT\u00c9RIA","link":"https:\/\/www.jornalja.com.br\/geral\/category\/geral\/"},"img":{"alt_text":"","src":"https:\/\/i0.wp.com\/www.jornalja.com.br\/geral\/wp-content\/uploads\/sites\/4\/2023\/01\/lula-na-reuniao-com-governadores.png?resize=350%2C200&ssl=1","width":350,"height":200},"classes":[]}],"jetpack_sharing_enabled":true,"_links":{"self":[{"href":"https:\/\/www.jornalja.com.br\/geral\/wp-json\/wp\/v2\/posts\/92396","targetHints":{"allow":["GET"]}}],"collection":[{"href":"https:\/\/www.jornalja.com.br\/geral\/wp-json\/wp\/v2\/posts"}],"about":[{"href":"https:\/\/www.jornalja.com.br\/geral\/wp-json\/wp\/v2\/types\/post"}],"author":[{"embeddable":true,"href":"https:\/\/www.jornalja.com.br\/geral\/wp-json\/wp\/v2\/users\/4"}],"replies":[{"embeddable":true,"href":"https:\/\/www.jornalja.com.br\/geral\/wp-json\/wp\/v2\/comments?post=92396"}],"version-history":[{"count":5,"href":"https:\/\/www.jornalja.com.br\/geral\/wp-json\/wp\/v2\/posts\/92396\/revisions"}],"predecessor-version":[{"id":92420,"href":"https:\/\/www.jornalja.com.br\/geral\/wp-json\/wp\/v2\/posts\/92396\/revisions\/92420"}],"wp:featuredmedia":[{"embeddable":true,"href":"https:\/\/www.jornalja.com.br\/geral\/wp-json\/wp\/v2\/media\/92400"}],"wp:attachment":[{"href":"https:\/\/www.jornalja.com.br\/geral\/wp-json\/wp\/v2\/media?parent=92396"}],"wp:term":[{"taxonomy":"category","embeddable":true,"href":"https:\/\/www.jornalja.com.br\/geral\/wp-json\/wp\/v2\/categories?post=92396"},{"taxonomy":"post_tag","embeddable":true,"href":"https:\/\/www.jornalja.com.br\/geral\/wp-json\/wp\/v2\/tags?post=92396"}],"curies":[{"name":"wp","href":"https:\/\/api.w.org\/{rel}","templated":true}]}}