{"id":92415,"date":"2022-04-28T14:38:57","date_gmt":"2022-04-28T17:38:57","guid":{"rendered":"https:\/\/www.jornalja.com.br\/geral\/?p=92415"},"modified":"2022-04-29T10:49:35","modified_gmt":"2022-04-29T13:49:35","slug":"governo-do-estado-apresenta-seu-projeto-para-o-cais-maua","status":"publish","type":"post","link":"https:\/\/www.jornalja.com.br\/geral\/governo-do-estado-apresenta-seu-projeto-para-o-cais-maua\/","title":{"rendered":"Governo do Estado apresenta seu projeto para o Cais Mau\u00e1"},"content":{"rendered":"<p>O governo estadual promove nesta quinta-feira (28\/04) audi\u00eancia p\u00fablica para apresenta\u00e7\u00e3o e exposi\u00e7\u00e3o t\u00e9cnica do projeto de revitaliza\u00e7\u00e3o do Cais Mau\u00e1, de Porto Alegre.<\/p>\n<p>Ser\u00e1 no Audit\u00f3rio do Centro Administrativo Fernando Ferrari CAFF (Av. Borges de Medeiros, 1501, t\u00e9rreo) &#8211; Porto Alegre\/RS), a partir das 18h, com limite at\u00e9 \u00e0s 22h, em modalidade presencial com transmiss\u00e3o simult\u00e2nea do evento tamb\u00e9m pelo site.<\/p>\n<p>O projeto, feito em parceria com o BNDES e o Cons\u00f3rcio Revitaliza, \u00e9 pioneiro na estrutura\u00e7\u00e3o de imobili\u00e1rio em modelo de (PPP), com foco no desenvolvimento sustent\u00e1vel e no resgate da rela\u00e7\u00e3o hist\u00f3rica do Cais com o Gua\u00edba.<\/p>\n<p>Local: Centro Administrativo (CAF)<\/p>\n<p>Hor\u00e1rio: 18h<\/p>\n","protected":false},"excerpt":{"rendered":"<p>O governo estadual promove nesta quinta-feira (28\/04) audi\u00eancia p\u00fablica para apresenta\u00e7\u00e3o e exposi\u00e7\u00e3o t\u00e9cnica do projeto de revitaliza\u00e7\u00e3o do Cais Mau\u00e1, de Porto Alegre. Ser\u00e1 no Audit\u00f3rio do Centro Administrativo Fernando Ferrari CAFF (Av. Borges de Medeiros, 1501, t\u00e9rreo) &#8211; Porto Alegre\/RS), a partir das 18h, com limite at\u00e9 \u00e0s 22h, em modalidade presencial com [&hellip;]<\/p>\n","protected":false},"author":4,"featured_media":88379,"comment_status":"open","ping_status":"open","sticky":false,"template":"","format":"standard","meta":{"jetpack_post_was_ever_published":false,"_jetpack_newsletter_access":"","_jetpack_dont_email_post_to_subs":false,"_jetpack_newsletter_tier_id":0,"_jetpack_memberships_contains_paywalled_content":false,"_jetpack_memberships_contains_paid_content":false,"footnotes":"","jetpack_publicize_message":"","jetpack_publicize_feature_enabled":true,"jetpack_social_post_already_shared":true,"jetpack_social_options":{"image_generator_settings":{"template":"highway","default_image_id":0,"font":"","enabled":false},"version":2}},"categories":[28],"tags":[87,108,256,236,283,312,270,132,488,15,20],"class_list":["post-92415","post","type-post","status-publish","format-standard","has-post-thumbnail","hentry","category-geral-notas","tag-ari","tag-cais-maua","tag-desenvolvimento","tag-governo","tag-governo-do-estado","tag-governo-estadual","tag-moda","tag-porto-alegre","tag-projeto","tag-rs","tag-sus"],"aioseo_notices":[],"jetpack_publicize_connections":[],"jetpack_featured_media_url":"https:\/\/www.jornalja.com.br\/geral\/wp-content\/uploads\/sites\/4\/2021\/06\/cais-maua-derrubar-o-muro.jpg","jetpack_shortlink":"https:\/\/wp.me\/pbKhrD-o2z","jetpack-related-posts":[{"id":100941,"url":"https:\/\/www.jornalja.com.br\/geral\/concessao-do-cais-maua-trava-de-novo\/","url_meta":{"origin":92415,"position":0},"title":"Concess\u00e3o do Cais Mau\u00e1 trava, de novo","author":"da Reda\u00e7\u00e3o","date":"12 de mar\u00e7o de 2026","format":false,"excerpt":"A concess\u00e3o do Cais Mau\u00e1 vive um novo impasse. O cons\u00f3rcio\u00a0Pulsa RS, vencedor da licita\u00e7\u00e3o, solicitou ao governo ga\u00facho a prorroga\u00e7\u00e3o do prazo para a assinatura final do contrato, prevista para quarta-feira, 11 de mar\u00e7o. Com isso, o grupo fica dispensado, por ora, do pagamento de mais de R$ 11\u2026","rel":"","context":"Em &quot;Geral-MAT\u00c9RIA&quot;","block_context":{"text":"Geral-MAT\u00c9RIA","link":"https:\/\/www.jornalja.com.br\/geral\/category\/geral\/"},"img":{"alt_text":"","src":"https:\/\/i0.wp.com\/www.jornalja.com.br\/geral\/wp-content\/uploads\/sites\/4\/2026\/02\/cais-armazens2-scaled-1.jpeg?resize=350%2C200&ssl=1","width":350,"height":200,"srcset":"https:\/\/i0.wp.com\/www.jornalja.com.br\/geral\/wp-content\/uploads\/sites\/4\/2026\/02\/cais-armazens2-scaled-1.jpeg?resize=350%2C200&ssl=1 1x, https:\/\/i0.wp.com\/www.jornalja.com.br\/geral\/wp-content\/uploads\/sites\/4\/2026\/02\/cais-armazens2-scaled-1.jpeg?resize=525%2C300&ssl=1 1.5x, https:\/\/i0.wp.com\/www.jornalja.com.br\/geral\/wp-content\/uploads\/sites\/4\/2026\/02\/cais-armazens2-scaled-1.jpeg?resize=700%2C400&ssl=1 2x"},"classes":[]},{"id":100773,"url":"https:\/\/www.jornalja.com.br\/geral\/cais-maua-dois-anos-depois-da-concessao-e-incerto-futuro-do-projeto\/","url_meta":{"origin":92415,"position":1},"title":"Cais Mau\u00e1: dois anos depois da concess\u00e3o, \u00e9 incerto futuro do projeto","author":"Elmar Bones","date":"18 de fevereiro de 2026","format":false,"excerpt":"Dois anos depois da concess\u00e3o do Cais Mau\u00e1 a um cons\u00f3rcio privado, \u00e9 incerto o futuro do projeto para devolver \u00e0 popula\u00e7\u00e3o aquela \u00e1rea simb\u00f3lica de Porto Alegre, abandonada h\u00e1 mais de 30 anos. Come\u00e7a que o contrato que formaliza a concess\u00e3o ainda n\u00e3o foi assinado. Em entrevista ao Jornal\u2026","rel":"","context":"Em &quot;Geral-MAT\u00c9RIA&quot;","block_context":{"text":"Geral-MAT\u00c9RIA","link":"https:\/\/www.jornalja.com.br\/geral\/category\/geral\/"},"img":{"alt_text":"","src":"https:\/\/i0.wp.com\/www.jornalja.com.br\/geral\/wp-content\/uploads\/sites\/4\/2026\/02\/cais-armazens2-scaled-1.jpeg?resize=350%2C200&ssl=1","width":350,"height":200,"srcset":"https:\/\/i0.wp.com\/www.jornalja.com.br\/geral\/wp-content\/uploads\/sites\/4\/2026\/02\/cais-armazens2-scaled-1.jpeg?resize=350%2C200&ssl=1 1x, https:\/\/i0.wp.com\/www.jornalja.com.br\/geral\/wp-content\/uploads\/sites\/4\/2026\/02\/cais-armazens2-scaled-1.jpeg?resize=525%2C300&ssl=1 1.5x, https:\/\/i0.wp.com\/www.jornalja.com.br\/geral\/wp-content\/uploads\/sites\/4\/2026\/02\/cais-armazens2-scaled-1.jpeg?resize=700%2C400&ssl=1 2x"},"classes":[]},{"id":100898,"url":"https:\/\/www.jornalja.com.br\/geral\/porto-alegre-grupo-de-santa-catarina-arremata-por-r-10-mil-o-que-resta-do-porto\/","url_meta":{"origin":92415,"position":2},"title":"Porto Alegre: grupo de Santa Catarina arremata por R$ 10 mil o que resta do porto","author":"Elmar Bones","date":"1 de mar\u00e7o de 2026","format":false,"excerpt":"O Cais Navegantes, o \u00faltimo dos terminais portu\u00e1rios de Porto Alegre capaz de receber embarca\u00e7\u00f5es de grande porte, foi arrematado em leil\u00e3o na Bolsa de Valores de S\u00e3o Paulo, nesta sexta-feira, 27 de fevereiro de 2026. Com um lance de R$ 10 mil, o\u00a0Cons\u00f3rcio Portos do Sul, de Santa Catarina,\u2026","rel":"","context":"Em &quot;Geral-MAT\u00c9RIA&quot;","block_context":{"text":"Geral-MAT\u00c9RIA","link":"https:\/\/www.jornalja.com.br\/geral\/category\/geral\/"},"img":{"alt_text":"","src":"https:\/\/i0.wp.com\/www.jornalja.com.br\/geral\/wp-content\/uploads\/sites\/4\/2026\/03\/porto-porto-alegre.jpeg?resize=350%2C200&ssl=1","width":350,"height":200,"srcset":"https:\/\/i0.wp.com\/www.jornalja.com.br\/geral\/wp-content\/uploads\/sites\/4\/2026\/03\/porto-porto-alegre.jpeg?resize=350%2C200&ssl=1 1x, https:\/\/i0.wp.com\/www.jornalja.com.br\/geral\/wp-content\/uploads\/sites\/4\/2026\/03\/porto-porto-alegre.jpeg?resize=525%2C300&ssl=1 1.5x, https:\/\/i0.wp.com\/www.jornalja.com.br\/geral\/wp-content\/uploads\/sites\/4\/2026\/03\/porto-porto-alegre.jpeg?resize=700%2C400&ssl=1 2x"},"classes":[]},{"id":100606,"url":"https:\/\/www.jornalja.com.br\/geral\/financeira-ligada-ao-master-administrou-fundo-do-cais-maua-de-onde-sumiram-r-130-milhoes\/","url_meta":{"origin":92415,"position":3},"title":"Financeira ligada ao Master administrou Fundo do Cais Mau\u00e1 de onde sumiram R$ 130 milh\u00f5es","author":"Elmar Bones","date":"17 de janeiro de 2026","format":false,"excerpt":"A REAG Investimentos, que teve sua liquida\u00e7\u00e3o decretada pelo Banco Central esta semana, deixou um rastro de milh\u00f5es no Rio Grande do Sul. Em mar\u00e7o de 2018, ela assumiu a gest\u00e3o do Fundo de Investimentos em Participa\u00e7\u00f5es do Cais Mau\u00e1, o principal cais de Porto Alegre, desativado e, desde 2010,\u2026","rel":"","context":"Em &quot;Geral-MAT\u00c9RIA&quot;","block_context":{"text":"Geral-MAT\u00c9RIA","link":"https:\/\/www.jornalja.com.br\/geral\/category\/geral\/"},"img":{"alt_text":"","src":"https:\/\/i0.wp.com\/www.jornalja.com.br\/geral\/wp-content\/uploads\/sites\/4\/2026\/01\/cais-maua-portico-com-logo.jpg?resize=350%2C200&ssl=1","width":350,"height":200,"srcset":"https:\/\/i0.wp.com\/www.jornalja.com.br\/geral\/wp-content\/uploads\/sites\/4\/2026\/01\/cais-maua-portico-com-logo.jpg?resize=350%2C200&ssl=1 1x, https:\/\/i0.wp.com\/www.jornalja.com.br\/geral\/wp-content\/uploads\/sites\/4\/2026\/01\/cais-maua-portico-com-logo.jpg?resize=525%2C300&ssl=1 1.5x, https:\/\/i0.wp.com\/www.jornalja.com.br\/geral\/wp-content\/uploads\/sites\/4\/2026\/01\/cais-maua-portico-com-logo.jpg?resize=700%2C400&ssl=1 2x, https:\/\/i0.wp.com\/www.jornalja.com.br\/geral\/wp-content\/uploads\/sites\/4\/2026\/01\/cais-maua-portico-com-logo.jpg?resize=1050%2C600&ssl=1 3x"},"classes":[]},{"id":100314,"url":"https:\/\/www.jornalja.com.br\/geral\/projeto-premiado-na-bienal-internacional-de-arquitetura-propoe-passeio-elevado-sobre-o-muro-da-maua\/","url_meta":{"origin":92415,"position":4},"title":"Projeto premiado na Bienal Internacional de Arquitetura prop\u00f5e passeio elevado sobre o Muro da Mau\u00e1","author":"da Reda\u00e7\u00e3o","date":"1 de dezembro de 2025","format":false,"excerpt":"Um passeio ajardinado, com ciclovias e recantos para contempla\u00e7\u00e3o, correndo por cima do muro que separa o Cais Mau\u00e1 do centro hist\u00f3rico de Porto Alegre. Esse \u00e9 o projeto que quatro alunos da Faculdade de Arquitetura da UFRGS apresentaram \u00e0 14a. Bienal Internacional de Arquitetura, que se realizou em S\u00e3o\u2026","rel":"","context":"Em &quot;Geral-MAT\u00c9RIA&quot;","block_context":{"text":"Geral-MAT\u00c9RIA","link":"https:\/\/www.jornalja.com.br\/geral\/category\/geral\/"},"img":{"alt_text":"","src":"https:\/\/i0.wp.com\/www.jornalja.com.br\/geral\/wp-content\/uploads\/sites\/4\/2025\/11\/porto-alegre-muro-passeio.png?resize=350%2C200&ssl=1","width":350,"height":200},"classes":[]},{"id":100707,"url":"https:\/\/www.jornalja.com.br\/geral\/caso-master-cais-maua-foi-laboratorio-do-esquema-que-lesou-100-fundos-de-previdencia\/","url_meta":{"origin":92415,"position":5},"title":"Caso Master: Cais Mau\u00e1 foi laborat\u00f3rio do esquema que lesou 100 fundos de previd\u00eancia","author":"Elmar Bones","date":"9 de fevereiro de 2026","format":false,"excerpt":"As investiga\u00e7\u00f5es da\u00a0Pol\u00edcia Federal\u00a0que levaram \u00e0 pris\u00e3o do empres\u00e1rio Jo\u00e3o Carlos Mansur, indicam que o\u00a0Fundo Cais Mau\u00e1\u00a0foi um ensaio do esquema fraudulento que carreou R$ 17 bilh\u00f5es dos fundos de previd\u00eancia para os pap\u00e9is podres do banco Master. Segundo a Pol\u00edcia Federal, mais de 100 fundos colocaram dinheiro em carteiras\u2026","rel":"","context":"Em &quot;Geral-MAT\u00c9RIA&quot;","block_context":{"text":"Geral-MAT\u00c9RIA","link":"https:\/\/www.jornalja.com.br\/geral\/category\/geral\/"},"img":{"alt_text":"","src":"https:\/\/i0.wp.com\/www.jornalja.com.br\/geral\/wp-content\/uploads\/sites\/4\/2026\/01\/cais-maua-portico-com-logo.jpg?resize=350%2C200&ssl=1","width":350,"height":200,"srcset":"https:\/\/i0.wp.com\/www.jornalja.com.br\/geral\/wp-content\/uploads\/sites\/4\/2026\/01\/cais-maua-portico-com-logo.jpg?resize=350%2C200&ssl=1 1x, https:\/\/i0.wp.com\/www.jornalja.com.br\/geral\/wp-content\/uploads\/sites\/4\/2026\/01\/cais-maua-portico-com-logo.jpg?resize=525%2C300&ssl=1 1.5x, https:\/\/i0.wp.com\/www.jornalja.com.br\/geral\/wp-content\/uploads\/sites\/4\/2026\/01\/cais-maua-portico-com-logo.jpg?resize=700%2C400&ssl=1 2x, https:\/\/i0.wp.com\/www.jornalja.com.br\/geral\/wp-content\/uploads\/sites\/4\/2026\/01\/cais-maua-portico-com-logo.jpg?resize=1050%2C600&ssl=1 3x"},"classes":[]}],"jetpack_sharing_enabled":true,"_links":{"self":[{"href":"https:\/\/www.jornalja.com.br\/geral\/wp-json\/wp\/v2\/posts\/92415","targetHints":{"allow":["GET"]}}],"collection":[{"href":"https:\/\/www.jornalja.com.br\/geral\/wp-json\/wp\/v2\/posts"}],"about":[{"href":"https:\/\/www.jornalja.com.br\/geral\/wp-json\/wp\/v2\/types\/post"}],"author":[{"embeddable":true,"href":"https:\/\/www.jornalja.com.br\/geral\/wp-json\/wp\/v2\/users\/4"}],"replies":[{"embeddable":true,"href":"https:\/\/www.jornalja.com.br\/geral\/wp-json\/wp\/v2\/comments?post=92415"}],"version-history":[{"count":5,"href":"https:\/\/www.jornalja.com.br\/geral\/wp-json\/wp\/v2\/posts\/92415\/revisions"}],"predecessor-version":[{"id":92439,"href":"https:\/\/www.jornalja.com.br\/geral\/wp-json\/wp\/v2\/posts\/92415\/revisions\/92439"}],"wp:featuredmedia":[{"embeddable":true,"href":"https:\/\/www.jornalja.com.br\/geral\/wp-json\/wp\/v2\/media\/88379"}],"wp:attachment":[{"href":"https:\/\/www.jornalja.com.br\/geral\/wp-json\/wp\/v2\/media?parent=92415"}],"wp:term":[{"taxonomy":"category","embeddable":true,"href":"https:\/\/www.jornalja.com.br\/geral\/wp-json\/wp\/v2\/categories?post=92415"},{"taxonomy":"post_tag","embeddable":true,"href":"https:\/\/www.jornalja.com.br\/geral\/wp-json\/wp\/v2\/tags?post=92415"}],"curies":[{"name":"wp","href":"https:\/\/api.w.org\/{rel}","templated":true}]}}