{"id":92557,"date":"2022-05-09T11:10:12","date_gmt":"2022-05-09T14:10:12","guid":{"rendered":"https:\/\/www.jornalja.com.br\/geral\/?p=92557"},"modified":"2022-07-04T02:15:54","modified_gmt":"2022-07-04T05:15:54","slug":"governo-chines-isola-bairros-em-pequim-para-conter-novo-surto-de-covid-19","status":"publish","type":"post","link":"https:\/\/www.jornalja.com.br\/geral\/governo-chines-isola-bairros-em-pequim-para-conter-novo-surto-de-covid-19\/","title":{"rendered":"Governo chin\u00eas isola bairros em Pequim para conter novo surto de Covid-19"},"content":{"rendered":"<p>O governo chin\u00eas intensificou as medidas de preven\u00e7\u00e3o e controle para conter o mais recente ressurgimento do COVID-19 em dois distritos de\u00a0 \u00a0Pequim \u2013 Chaoyang e Shunvi, onde vivem mais de 5 milh\u00f5es de pessoas.<\/p>\n<p>Parques amanheceram fechados nesta segunda-feira, 9. Casas de entretenimento, academias, sal\u00f5es de beleza, bibliotecas, museus, escolas e shopping centers tiveram que suspender temporariamente os neg\u00f3cios.<\/p>\n<p>Mercados e outros neg\u00f3cios que garantem a subsist\u00eancia das pessoas permanecem abertos, e os restaurantes podem continuar recebendo pedidos online nos dois distritos.<\/p>\n<p>Foram registradas na regi\u00e3o 49 infec\u00e7\u00f5es nas \u00faltimas 24 horas, incluindo 16 casos assintom\u00e1ticos, elevando o total da atual onda para pouco mais de 700 casos.<\/p>\n<p>O governo chin\u00eas mant\u00e9m sua pol\u00edtica de \u201czero casos de Covid\u201d, com o isolamento de bairros ou cidades inteiras, sempre que um surto \u00e9 detetado.<\/p>\n<p>Os dois distritos da captal onde surgiram as \u00faltimas infec\u00e7\u00f5es\u00a0 est\u00e3o paralisados. Os moradores foram instru\u00eddos a ficar em casa e os habitantes de outras \u00e1reas da cidade proibidos de entrar nas zonas afetadas.<\/p>\n<p>Todos os servi\u00e7os de transporte p\u00fablico em Chaoyang \u00a0foram interrompidos, e os funcion\u00e1rios de escrit\u00f3rio est\u00e3o trabalhando\u00a0em\u00a0casa.<\/p>\n<p>Os moradores de Pequim passaram por tr\u00eas rodadas de testes em massa desde o in\u00edcio do surto, juntamente com outras medidas de precau\u00e7\u00e3o, para impedir a propaga\u00e7\u00e3o da doen\u00e7a.<\/p>\n<p><strong>(Com informa\u00e7\u00f5es da Ag\u00eancia Xinhua )<\/strong><\/p>\n","protected":false},"excerpt":{"rendered":"<p>O governo chin\u00eas intensificou as medidas de preven\u00e7\u00e3o e controle para conter o mais recente ressurgimento do COVID-19 em dois distritos de\u00a0 \u00a0Pequim \u2013 Chaoyang e Shunvi, onde vivem mais de 5 milh\u00f5es de pessoas. Parques amanheceram fechados nesta segunda-feira, 9. Casas de entretenimento, academias, sal\u00f5es de beleza, bibliotecas, museus, escolas e shopping centers tiveram [&hellip;]<\/p>\n","protected":false},"author":4,"featured_media":92558,"comment_status":"open","ping_status":"open","sticky":false,"template":"","format":"standard","meta":{"jetpack_post_was_ever_published":false,"_jetpack_newsletter_access":"","_jetpack_dont_email_post_to_subs":false,"_jetpack_newsletter_tier_id":0,"_jetpack_memberships_contains_paywalled_content":false,"_jetpack_memberships_contains_paid_content":false,"footnotes":"","jetpack_publicize_message":"","jetpack_publicize_feature_enabled":true,"jetpack_social_post_already_shared":true,"jetpack_social_options":{"image_generator_settings":{"template":"highway","default_image_id":0,"font":"","enabled":false},"version":2}},"categories":[2],"tags":[87,462,91,298,236,460,247,161,15,149,95,20,510],"class_list":["post-92557","post","type-post","status-publish","format-standard","has-post-thumbnail","hentry","category-geral","tag-ari","tag-covid","tag-covid-19","tag-escolas","tag-governo","tag-ovid","tag-politica","tag-pt","tag-rs","tag-sc","tag-sp","tag-sus","tag-transporte-publico"],"aioseo_notices":[],"jetpack_publicize_connections":[],"jetpack_featured_media_url":"https:\/\/www.jornalja.com.br\/geral\/wp-content\/uploads\/sites\/4\/2022\/05\/covid-volta-acrescer-na-china-2.png","jetpack_shortlink":"https:\/\/wp.me\/pbKhrD-o4R","jetpack-related-posts":[{"id":91843,"url":"https:\/\/www.jornalja.com.br\/geral\/china-volta-a-adotar-confinamentos-para-conter-novos-surtos-de-covid\/","url_meta":{"origin":92557,"position":0},"title":"China volta a adotar confinamentos para conter novos surtos de Covid","author":"da Reda\u00e7\u00e3o","date":"13 de mar\u00e7o de 2022","format":false,"excerpt":"A vice-premi\u00ea chinesa, Sun Chunlan, pediu neste s\u00e1bado que as regi\u00f5es que est\u00e3o sofrendo com graves surtos epid\u00eamicos zerem os casos de Covid-19 o mais r\u00e1pido poss\u00edvel. Sun, tamb\u00e9m membro do Bir\u00f4 Pol\u00edtico do Comit\u00ea Central do Partido Comunista da China, fez o pedido em uma teleconfer\u00eancia nacional do mecanismo\u2026","rel":"","context":"Em &quot;Geral-MAT\u00c9RIA&quot;","block_context":{"text":"Geral-MAT\u00c9RIA","link":"https:\/\/www.jornalja.com.br\/geral\/category\/geral\/"},"img":{"alt_text":"","src":"https:\/\/i0.wp.com\/www.jornalja.com.br\/geral\/wp-content\/uploads\/sites\/4\/2022\/03\/china-covid.jpg?resize=350%2C200&ssl=1","width":350,"height":200,"srcset":"https:\/\/i0.wp.com\/www.jornalja.com.br\/geral\/wp-content\/uploads\/sites\/4\/2022\/03\/china-covid.jpg?resize=350%2C200&ssl=1 1x, https:\/\/i0.wp.com\/www.jornalja.com.br\/geral\/wp-content\/uploads\/sites\/4\/2022\/03\/china-covid.jpg?resize=525%2C300&ssl=1 1.5x, https:\/\/i0.wp.com\/www.jornalja.com.br\/geral\/wp-content\/uploads\/sites\/4\/2022\/03\/china-covid.jpg?resize=700%2C400&ssl=1 2x"},"classes":[]},{"id":100437,"url":"https:\/\/www.jornalja.com.br\/geral\/com-7-500-lojas-mcdonalds-esta-presente-em-todas-as-provincias-da-china-o-governo-comemora\/","url_meta":{"origin":92557,"position":1},"title":"Com 7.500 lojas, McDonald&#8217;s est\u00e1 presente em todas as provincias da China; o governo comunista comemora","author":"da Reda\u00e7\u00e3o","date":"23 de dezembro de 2025","format":false,"excerpt":"Da\u00a0 Ag\u00eancia Estatal da China (Xinhua) O gigante do fast-food McDonald's abriu seus primeiros restaurantes na Regi\u00e3o Aut\u00f4noma da Etnia Hui de Ningxia e na Prov\u00edncia de Qinghai, no noroeste da China, no \u00faltimo fim de semana, estendendo a presen\u00e7a da marca para todas as prov\u00edncias na parte continental da\u2026","rel":"","context":"Em &quot;Geral-MAT\u00c9RIA&quot;","block_context":{"text":"Geral-MAT\u00c9RIA","link":"https:\/\/www.jornalja.com.br\/geral\/category\/geral\/"},"img":{"alt_text":"","src":"https:\/\/i0.wp.com\/www.jornalja.com.br\/geral\/wp-content\/uploads\/sites\/4\/2025\/12\/china-mcdonalds.jpeg?resize=350%2C200&ssl=1","width":350,"height":200,"srcset":"https:\/\/i0.wp.com\/www.jornalja.com.br\/geral\/wp-content\/uploads\/sites\/4\/2025\/12\/china-mcdonalds.jpeg?resize=350%2C200&ssl=1 1x, https:\/\/i0.wp.com\/www.jornalja.com.br\/geral\/wp-content\/uploads\/sites\/4\/2025\/12\/china-mcdonalds.jpeg?resize=525%2C300&ssl=1 1.5x, https:\/\/i0.wp.com\/www.jornalja.com.br\/geral\/wp-content\/uploads\/sites\/4\/2025\/12\/china-mcdonalds.jpeg?resize=700%2C400&ssl=1 2x"},"classes":[]},{"id":82326,"url":"https:\/\/www.jornalja.com.br\/geral\/enquanto-eua-tornam-se-o-novo-epicentro-da-covid-19-china-assume-lideranca-mundial-no-combate-a-epidemia\/","url_meta":{"origin":92557,"position":2},"title":"Enquanto EUA tornam-se o novo epicentro da Covid-19, China assume lideran\u00e7a mundial no combate \u00e0 epidemia","author":"Elmar Bones","date":"24 de mar\u00e7o de 2020","format":false,"excerpt":"Com pelo menos tr\u00eas meses de vantagem sobre todos os demais pa\u00edses, a China d\u00e1 sinais de que n\u00e3o pretende perder a oportunidade de expandir sua influ\u00eancia em todos os continentes. Na segunda-feira, o porta voz do Minist\u00e9rio das Rela\u00e7\u00f5es Exteriores, Geng Shuang, informou que \"a China pediu aos Estados\u2026","rel":"","context":"Em &quot;Geral-MAT\u00c9RIA&quot;","block_context":{"text":"Geral-MAT\u00c9RIA","link":"https:\/\/www.jornalja.com.br\/geral\/category\/geral\/"},"img":{"alt_text":"","src":"https:\/\/i0.wp.com\/www.jornalja.com.br\/geral\/wp-content\/uploads\/sites\/4\/2020\/03\/coronavi-china-e-a-lideran%C3%A7a.jpg?resize=350%2C200&ssl=1","width":350,"height":200,"srcset":"https:\/\/i0.wp.com\/www.jornalja.com.br\/geral\/wp-content\/uploads\/sites\/4\/2020\/03\/coronavi-china-e-a-lideran%C3%A7a.jpg?resize=350%2C200&ssl=1 1x, https:\/\/i0.wp.com\/www.jornalja.com.br\/geral\/wp-content\/uploads\/sites\/4\/2020\/03\/coronavi-china-e-a-lideran%C3%A7a.jpg?resize=525%2C300&ssl=1 1.5x"},"classes":[]},{"id":84086,"url":"https:\/\/www.jornalja.com.br\/geral\/volta-as-aulas-pode-agravar-a-situacao-nos-estados-unidos\/","url_meta":{"origin":92557,"position":3},"title":"Volta \u00e0s aulas pode agravar a situa\u00e7\u00e3o nos Estados Unidos","author":"da Reda\u00e7\u00e3o","date":"16 de junho de 2020","format":false,"excerpt":"A situa\u00e7\u00e3o dos Estados Unidos com a pandemia tende a se agravar \u00e0 medida que os estados come\u00e7aram a reabrir e as escolas retomar\u00e3o as aulas presenciais em breve, segundo epidemiologistas. \"Temo que n\u00e3o veremos um ponto de virada por um ano\", disse Stanley Perlman, professor de microbiologia e imunologia\u2026","rel":"","context":"Em &quot;Geral-NOTAS&quot;","block_context":{"text":"Geral-NOTAS","link":"https:\/\/www.jornalja.com.br\/geral\/category\/geral-notas\/"},"img":{"alt_text":"","src":"","width":0,"height":0},"classes":[]},{"id":82136,"url":"https:\/\/www.jornalja.com.br\/geral\/china-segue-registrando-queda-no-numero-de-novos-casos\/","url_meta":{"origin":92557,"position":4},"title":"China segue registrando queda no n\u00famero de novos casos","author":"da Reda\u00e7\u00e3o","date":"15 de mar\u00e7o de 2020","format":false,"excerpt":"Os n\u00fameros de casos confirmados e suspeitos da doen\u00e7a do novo coronav\u00edrus\u00a0 na parte continental da China v\u00eam caindo h\u00e1 quase uma semana, segundo a Comiss\u00e3o Nacional de Sa\u00fade. Mais de 70% dos pacientes com COVID-19 em Wuhan, capital da Prov\u00edncia de Hubei e tamb\u00e9m o epicentro do surto, receberam\u2026","rel":"","context":"Em &quot;Geral-NOTAS&quot;","block_context":{"text":"Geral-NOTAS","link":"https:\/\/www.jornalja.com.br\/geral\/category\/geral-notas\/"},"img":{"alt_text":"","src":"","width":0,"height":0},"classes":[]},{"id":82966,"url":"https:\/\/www.jornalja.com.br\/geral\/apesar-do-sucesso-inicial-alemanha-nao-garante-controle-da-pandemia\/","url_meta":{"origin":92557,"position":5},"title":"Apesar do sucesso inicial, Alemanha n\u00e3o garante controle da Pandemia","author":"Cleber Dioni Tentardini","date":"23 de abril de 2020","format":false,"excerpt":"Mariano Senna, de Berlim\/Alemanha Ap\u00f3s 40 dias fechados, estabelecimentos de at\u00e9 800 metros quadrados reabriram na quarta-feira (22\/04) na Alemanha. Tamb\u00e9m ind\u00fastrias, como a de autom\u00f3veis, retomaram as atividades com ocupa\u00e7\u00e3o reduzida. Tudo seguindo as novas regras de higiene e preven\u00e7\u00e3o, incluindo a dist\u00e2ncia m\u00ednima, luvas e m\u00e1scaras. No caso\u2026","rel":"","context":"Em &quot;Geral-MAT\u00c9RIA&quot;","block_context":{"text":"Geral-MAT\u00c9RIA","link":"https:\/\/www.jornalja.com.br\/geral\/category\/geral\/"},"img":{"alt_text":"","src":"https:\/\/i0.wp.com\/www.jornalja.com.br\/geral\/wp-content\/uploads\/sites\/4\/2020\/04\/DorstenlinksbyVolkerLannert-UniBonn.jpg?resize=350%2C200&ssl=1","width":350,"height":200,"srcset":"https:\/\/i0.wp.com\/www.jornalja.com.br\/geral\/wp-content\/uploads\/sites\/4\/2020\/04\/DorstenlinksbyVolkerLannert-UniBonn.jpg?resize=350%2C200&ssl=1 1x, https:\/\/i0.wp.com\/www.jornalja.com.br\/geral\/wp-content\/uploads\/sites\/4\/2020\/04\/DorstenlinksbyVolkerLannert-UniBonn.jpg?resize=525%2C300&ssl=1 1.5x"},"classes":[]}],"jetpack_sharing_enabled":true,"_links":{"self":[{"href":"https:\/\/www.jornalja.com.br\/geral\/wp-json\/wp\/v2\/posts\/92557","targetHints":{"allow":["GET"]}}],"collection":[{"href":"https:\/\/www.jornalja.com.br\/geral\/wp-json\/wp\/v2\/posts"}],"about":[{"href":"https:\/\/www.jornalja.com.br\/geral\/wp-json\/wp\/v2\/types\/post"}],"author":[{"embeddable":true,"href":"https:\/\/www.jornalja.com.br\/geral\/wp-json\/wp\/v2\/users\/4"}],"replies":[{"embeddable":true,"href":"https:\/\/www.jornalja.com.br\/geral\/wp-json\/wp\/v2\/comments?post=92557"}],"version-history":[{"count":1,"href":"https:\/\/www.jornalja.com.br\/geral\/wp-json\/wp\/v2\/posts\/92557\/revisions"}],"predecessor-version":[{"id":92559,"href":"https:\/\/www.jornalja.com.br\/geral\/wp-json\/wp\/v2\/posts\/92557\/revisions\/92559"}],"wp:featuredmedia":[{"embeddable":true,"href":"https:\/\/www.jornalja.com.br\/geral\/wp-json\/wp\/v2\/media\/92558"}],"wp:attachment":[{"href":"https:\/\/www.jornalja.com.br\/geral\/wp-json\/wp\/v2\/media?parent=92557"}],"wp:term":[{"taxonomy":"category","embeddable":true,"href":"https:\/\/www.jornalja.com.br\/geral\/wp-json\/wp\/v2\/categories?post=92557"},{"taxonomy":"post_tag","embeddable":true,"href":"https:\/\/www.jornalja.com.br\/geral\/wp-json\/wp\/v2\/tags?post=92557"}],"curies":[{"name":"wp","href":"https:\/\/api.w.org\/{rel}","templated":true}]}}